{"id":32982,"date":"2025-06-11T18:40:55","date_gmt":"2025-06-11T21:40:55","guid":{"rendered":"https:\/\/redept.org\/blogosfera\/novo-presidente-da-coreia-do-sul-suspende-propagandas-anti-pyongyang-restaurar-relacoes\/"},"modified":"2025-06-11T18:40:55","modified_gmt":"2025-06-11T21:40:55","slug":"novo-presidente-da-coreia-do-sul-suspende-propagandas-anti-pyongyang-restaurar-relacoes","status":"publish","type":"post","link":"https:\/\/redept.com.br\/blogosfera\/novo-presidente-da-coreia-do-sul-suspende-propagandas-anti-pyongyang-restaurar-relacoes\/","title":{"rendered":"Novo presidente da Coreia do Sul suspende propagandas anti-Pyongyang: \u2018restaurar rela\u00e7\u00f5es\u2019"},"content":{"rendered":"<p>O governo da Coreia do Sul anunciou nesta quarta-feira (11\/06) a suspens\u00e3o completa de suas <a href=\"https:\/\/operamundi.uol.com.br\/politica-e-economia\/k-pop-em-briga-de-baloes-coreia-do-sul-usa-tatica-da-guerra-fria-para-provocar-kim-jong-un-entenda\/\">transmiss\u00f5es de propaganda anti-Coreia do Norte<\/a>, em alto-falantes e panfletos, em um movimento liderado pela nova gest\u00e3o presidencial do progressista<a href=\"https:\/\/operamundi.uol.com.br\/politica-e-economia\/opositor-lee-jae-myung-e-eleito-presidente-na-coreia-do-sul\/\"> Lee Jae Myung<\/a>, do Partido Democr\u00e1tico da Coreia (DPK, na sigla em ingl\u00eas), para aproxima\u00e7\u00e3o com Pyongyang.<\/p>\n<p><span>De acordo com o Estado-Maior Conjunto sul-coreano, a medida foi tomada como parte do \u201cesfor\u00e7os para cumprir a promessa com o povo de restaurar a confian\u00e7a nas rela\u00e7\u00f5es intercoreanas e alcan\u00e7ar a paz na Pen\u00ednsula Coreana\u201d.<\/span><\/p>\n<p><span>Em junho passado, os militares sul-coreanos foram ordenados a retomar, depois de seis anos, a transmiss\u00e3o de materiais propagandistas cr\u00edticos ao governo norte-coreano na fronteira, no \u00e2mbito da gest\u00e3o de extrema direita do <a href=\"https:\/\/operamundi.uol.com.br\/politica-e-economia\/em-nova-acusacao-justica-sul-coreana-indicia-yoon-suk-yeol-por-abuso-de-poder\/\">ex-mandat\u00e1rio Yoon Suk Yeol<\/a>. Na ocasi\u00e3o, a gest\u00e3o conservadora alegou que se tratava de uma retalia\u00e7\u00e3o ao lan\u00e7amento de bal\u00f5es de lixo por parte do pa\u00eds de Kim Jong Un.<\/span><\/p>\n<p><span>Vale lembrar que o pol\u00edtico, deposto do cargo em abril ap\u00f3s decretar a lei marcial e desestabilizar a na\u00e7\u00e3o, assumiu pol\u00edticas hostis e proferiu discursos provocativos ao longo de seu mandato, aprofundando a crise entre as Coreias, que atualmente vivem sob acordo de armist\u00edcio.<\/span><\/p>\n<figure aria-describedby=\"caption-attachment-221942\"><img fetchpriority=\"high\" decoding=\"async\"src=\"https:\/\/redept.org\/blogosfera\/wp-content\/uploads\/2025\/06\/ssc_20240610015951_o2jpg.webp\" alt=\"\" width=\"730\" height=\"547\" srcset=\"https:\/\/redept.org\/blogosfera\/wp-content\/uploads\/2025\/06\/ssc_20240610015951_o2jpg.webp 730w, https:\/\/operamundi.uol.com.br\/wp-content\/uploads\/2025\/06\/ssc_20240610015951_o2.jpg-300x225.webp 300w, https:\/\/operamundi.uol.com.br\/wp-content\/uploads\/2025\/06\/ssc_20240610015951_o2.jpg-150x112.webp 150w\" sizes=\"(max-width: 730px) 100vw, 730px\"><figcaption>Equipamento de alto-falante sendo verificado pelo ex\u00e9rcito sul-coreano antes de transmitir para a Coreia do Norte <br \/>Gabinete P\u00fablico do Estado-Maior Conjunto<\/figcaption><\/figure>\n<p><span>Entre os materiais enviados pelo Sul, inclu\u00edam-se panfletos que criticavam a pol\u00edtica norte-coreana, notas no valor de um d\u00f3lar, at\u00e9 pen drives contendo m\u00fasicas do g\u00eanero K-pop e epis\u00f3dios de K-dramas.<\/span><\/p>\n<p><span>Segundo o porta-voz do Minist\u00e9rio da Unifica\u00e7\u00e3o, Koo Byung San, \u201ctais a\u00e7\u00f5es amea\u00e7am aumentar as tens\u00f5es na Pen\u00ednsula Coreana e colocar em risco a vida e a seguran\u00e7a dos residentes nas \u00e1reas de fronteira.\u201d<\/span><\/p>\n<p><span>A nova decis\u00e3o tomada pelo governo de Lee Jae Myung v\u00e3o em conformidade com a pol\u00edtica prometida durante a sua campanha eleitoral e \u00e9 tida como um passo inicial no esfor\u00e7o do governo para melhorar os la\u00e7os com o Norte.<\/span><\/p>\n<p>O post <a href=\"https:\/\/operamundi.uol.com.br\/politica-e-economia\/novo-presidente-da-coreia-do-sul-suspende-propagandas-anti-pyongyang\/\">Novo presidente da Coreia do Sul suspende propagandas anti-Pyongyang: \u2018restaurar rela\u00e7\u00f5es\u2019<\/a> apareceu primeiro em <a href=\"https:\/\/operamundi.uol.com.br\/\">Opera Mundi<\/a>.<\/p>\n<!-- Begin Yuzo --><div class='yuzo_related_post style-1'  data-version='5.12.89'><!-- without result --><div class='yuzo_clearfixed yuzo__title yuzo__title'><h3>Related Post<\/h3><\/div>\n\t\t\t\t\t\t  <div class=\"relatedthumb \" style=\"width:125px;float:left;overflow:hidden;\">  \n\t\t\t\t\t\t\t  \n\t\t\t\t\t\t\t  <a  href=\"https:\/\/redept.com.br\/blogosfera\/camara-aprova-urgencia-para-pl-que-proibe-desconto-automatico-no-inss\/\"  >\n\t\t\t\t\t\t\t\t\t  <div class=\"yuzo-img-wrap \" style=\"width: 125px;height:90px;\">\n\t\t\t\t\t\t\t\t\t\t\n\t\t\t\t\t\t\t\t\t\t<div class=\"yuzo-img\" style=\"background:url('https:\/\/redept.org\/blogosfera\/wp-content\/plugins\/yuzo-related-post\/assets\/images\/default.png') 50% 50% no-repeat;width: 125px;height:90px;margin-bottom: 5px;background-size: cover; \"><\/div>\n\t\t\t\t\t\t\t\t\t  <\/div>\n\t\t\t\t\t\t\t\t\t  \n\t\t\t\t\t\t\t\t   <span class=\"yuzo__text--title\" style=\"font-size:13px;\">C\u00e2mara aprova urg\u00eancia para PL que pro\u00edbe desconto...<\/span>\n\t\t\t\t\t\t\t  \n\t\t\t\t\t\t\t  \n\t\t\t\t\t\t\t  <\/a>\n\n\t\t\t\t\t\t  <\/div>\n\t\t\t\t\t\t  <div class=\"relatedthumb \" style=\"width:125px;float:left;overflow:hidden;\">  \n\t\t\t\t\t\t\t  \n\t\t\t\t\t\t\t  <a  href=\"https:\/\/redept.com.br\/blogosfera\/deficit-zero-alcancado-em-2024-comprova-a-responsabilidade-fiscal-do-governo-lula-afirmam-petistas\/\"  >\n\t\t\t\t\t\t\t\t\t  <div class=\"yuzo-img-wrap \" style=\"width: 125px;height:90px;\">\n\t\t\t\t\t\t\t\t\t\t\n\t\t\t\t\t\t\t\t\t\t<div class=\"yuzo-img\" style=\"background:url('https:\/\/redept.com.br\/blogosfera\/wp-content\/uploads\/2025\/01\/WhatsApp-Image-2024-08-15-at-16.09.34-300x185-1-150x150.jpeg') 50% 50% no-repeat;width: 125px;height:90px;margin-bottom: 5px;background-size: cover; \"><\/div>\n\t\t\t\t\t\t\t\t\t  <\/div>\n\t\t\t\t\t\t\t\t\t  \n\t\t\t\t\t\t\t\t   <span class=\"yuzo__text--title\" style=\"font-size:13px;\">D\u00e9ficit zero alcan\u00e7ado em 2024 comprova a responsa...<\/span>\n\t\t\t\t\t\t\t  \n\t\t\t\t\t\t\t  \n\t\t\t\t\t\t\t  <\/a>\n\n\t\t\t\t\t\t  <\/div>\n\t\t\t\t\t\t  <div class=\"relatedthumb \" style=\"width:125px;float:left;overflow:hidden;\">  \n\t\t\t\t\t\t\t  \n\t\t\t\t\t\t\t  <a  href=\"https:\/\/sul21.com.br\/noticias\/saude\/2025\/10\/brasil-lidera-desinformacao-sobre-vacinas-na-america-latina-diz-estudo\/\"  >\n\t\t\t\t\t\t\t\t\t  <div class=\"yuzo-img-wrap \" style=\"width: 125px;height:90px;\">\n\t\t\t\t\t\t\t\t\t\t\n\t\t\t\t\t\t\t\t\t\t<div class=\"yuzo-img\" style=\"background:url('https:\/\/agenciabrasil.ebc.com.br\/ebc.png?id=1663329&amp;o=node') 50% 50% no-repeat;width: 125px;height:90px;margin-bottom: 5px;background-size: cover; \"><\/div>\n\t\t\t\t\t\t\t\t\t  <\/div>\n\t\t\t\t\t\t\t\t\t  \n\t\t\t\t\t\t\t\t   <span class=\"yuzo__text--title\" style=\"font-size:13px;\">Brasil lidera desinforma\u00e7\u00e3o sobre vacinas na Am\u00e9ri...<\/span>\n\t\t\t\t\t\t\t  \n\t\t\t\t\t\t\t  \n\t\t\t\t\t\t\t  <\/a>\n\n\t\t\t\t\t\t  <\/div>\n\t\t\t\t\t\t  <div class=\"relatedthumb \" style=\"width:125px;float:left;overflow:hidden;\">  \n\t\t\t\t\t\t\t  \n\t\t\t\t\t\t\t  <a  href=\"https:\/\/redept.com.br\/blogosfera\/fazendeiro-diz-ter-mantido-selo-starbucks-mesmo-apos-caso-de-trabalho-escravo\/\"  >\n\t\t\t\t\t\t\t\t\t  <div class=\"yuzo-img-wrap \" style=\"width: 125px;height:90px;\">\n\t\t\t\t\t\t\t\t\t\t\n\t\t\t\t\t\t\t\t\t\t<div class=\"yuzo-img\" style=\"background:url('https:\/\/redept.com.br\/blogosfera\/wp-content\/uploads\/2025\/10\/trabalho-escravo-150x150.jpg') 50% 50% no-repeat;width: 125px;height:90px;margin-bottom: 5px;background-size: cover; \"><\/div>\n\t\t\t\t\t\t\t\t\t  <\/div>\n\t\t\t\t\t\t\t\t\t  \n\t\t\t\t\t\t\t\t   <span class=\"yuzo__text--title\" style=\"font-size:13px;\">Fazendeiro diz ter mantido \u2018selo Starbucks\u2019 mesmo ...<\/span>\n\t\t\t\t\t\t\t  \n\t\t\t\t\t\t\t  \n\t\t\t\t\t\t\t  <\/a>\n\n\t\t\t\t\t\t  <\/div>\n<\/div> <script>\n\t\t\t\t\t\t  jQuery(document).ready(function( $ ){\n\t\t\t\t\t\t\t\/\/jQuery('.yuzo_related_post').equalizer({ overflow : 'relatedthumb' });\n\t\t\t\t\t\t\tjQuery('.yuzo_related_post .yuzo_wraps').equalizer({ columns : '> div' });\n\t\t\t\t\t\t   })\n\t\t\t\t\t\t  <\/script> <!-- End Yuzo :) -->","protected":false},"excerpt":{"rendered":"<p>O governo da Coreia do Sul anunciou nesta quarta-feira (11\/06) a suspens\u00e3o completa de suas transmiss\u00f5es de propaganda anti-Coreia do Norte, em alto-falantes e panfletos, em um movimento liderado pela nova gest\u00e3o presidencial do progressista Lee Jae Myung, do Partido Democr\u00e1tico da Coreia (DPK, na sigla em ingl\u00eas), para aproxima\u00e7\u00e3o com Pyongyang. De acordo com [&hellip;]<\/p>\n","protected":false},"author":2,"featured_media":0,"comment_status":"closed","ping_status":"closed","sticky":false,"template":"","format":"standard","meta":{"fifu_image_url":"","fifu_image_alt":"","footnotes":""},"categories":[8093,1236,1120,3507,7269,8094,5518,4644,3509,8095,3190],"tags":[],"class_list":["post-32982","post","type-post","status-publish","format-standard","hentry","category-alto-falante","category-coreia-do-norte","category-coreia-do-sul","category-kim-jong-un","category-lee-jae-myung","category-panfleto","category-politica-e-economia","category-propaganda","category-pyongyang","category-transmissao","category-yoon-suk-yeol"],"_links":{"self":[{"href":"https:\/\/redept.com.br\/blogosfera\/wp-json\/wp\/v2\/posts\/32982","targetHints":{"allow":["GET"]}}],"collection":[{"href":"https:\/\/redept.com.br\/blogosfera\/wp-json\/wp\/v2\/posts"}],"about":[{"href":"https:\/\/redept.com.br\/blogosfera\/wp-json\/wp\/v2\/types\/post"}],"author":[{"embeddable":true,"href":"https:\/\/redept.com.br\/blogosfera\/wp-json\/wp\/v2\/users\/2"}],"replies":[{"embeddable":true,"href":"https:\/\/redept.com.br\/blogosfera\/wp-json\/wp\/v2\/comments?post=32982"}],"version-history":[{"count":0,"href":"https:\/\/redept.com.br\/blogosfera\/wp-json\/wp\/v2\/posts\/32982\/revisions"}],"wp:attachment":[{"href":"https:\/\/redept.com.br\/blogosfera\/wp-json\/wp\/v2\/media?parent=32982"}],"wp:term":[{"taxonomy":"category","embeddable":true,"href":"https:\/\/redept.com.br\/blogosfera\/wp-json\/wp\/v2\/categories?post=32982"},{"taxonomy":"post_tag","embeddable":true,"href":"https:\/\/redept.com.br\/blogosfera\/wp-json\/wp\/v2\/tags?post=32982"}],"curies":[{"name":"wp","href":"https:\/\/api.w.org\/{rel}","templated":true}]}}