{"id":32996,"date":"2025-06-11T21:33:11","date_gmt":"2025-06-12T00:33:11","guid":{"rendered":"https:\/\/redept.org\/blogosfera\/comeca-a-estacao-de-caca-ao-cla-e-nikolas-toma-o-lugar-de-eduardo-no-coracao-dos-parlamentares-bolsonaristas\/"},"modified":"2025-06-11T21:33:11","modified_gmt":"2025-06-12T00:33:11","slug":"comeca-a-estacao-de-caca-ao-cla-e-nikolas-toma-o-lugar-de-eduardo-no-coracao-dos-parlamentares-bolsonaristas","status":"publish","type":"post","link":"https:\/\/redept.com.br\/blogosfera\/comeca-a-estacao-de-caca-ao-cla-e-nikolas-toma-o-lugar-de-eduardo-no-coracao-dos-parlamentares-bolsonaristas\/","title":{"rendered":"Come\u00e7a a esta\u00e7\u00e3o de ca\u00e7a ao cl\u00e3 e Nikolas toma o lugar de Eduardo no cora\u00e7\u00e3o dos parlamentares bolsonaristas"},"content":{"rendered":"<p>A desculpa para os deputados catapultados pelo cl\u00e3 Bolsonaro \u00e9 a de que Eduardo abandonou o posto de comandante da tropa no Congresso.<\/p>\n<p>Na verdade, o efeito domin\u00f3 j\u00e1 tinha come\u00e7ado e nesta ter\u00e7a (10), com o suic\u00eddio pol\u00edtico de Bolsonaro no STF, rastejando aos p\u00e9s de Moraes, ficou sacramentado que essa fam\u00edlia j\u00e1 n\u00e3o manda mais em nada.<\/p>\n<p>Ao menos esse \u00e9 o papo que rola no mundo reacion\u00e1rio e Eduardo Bolsonaro j\u00e1 est\u00e1 correndo atr\u00e1s dos deputados que trocaram seu nome pelo de Nikolas em coment\u00e1rios em seus perfis nas redes sociais.<\/p>\n<p>Claro que n\u00e3o \u00e9 o autoex\u00edlio de Eduardo que mudou o rumo dos ventos dos bolsonaristas de ocasi\u00e3o. Dada como pedra cantada, a pris\u00e3o de Bolsonaro transformar\u00e1 o PL em terra arrasada e o que vai sobrar do bolsonarismo nem tem gra\u00e7a comentar.<\/p>\n<hr>\n<h5>Apoie o Antropofagista com qualquer valor<br \/>\nPIX: 45013993768<br \/>\nAgradecemos imensamente<\/h5>\n<hr>\n<p><strong>Siga-nos no Whatsapp:<\/strong> <a href=\"https:\/\/chat.whatsapp.com\/HlpAeWDAUrD8Qq1AjWiCK5\">https:\/\/chat.whatsapp.com\/HlpAeWDAUrD8Qq1AjWiCK5<\/a><\/p>\n<p><strong>Siga-nos no Facebook:<\/strong> <a href=\"https:\/\/www.facebook.com\/profile.php?id=100070790366110\">https:\/\/www.facebook.com\/profile.php?id=100070790366110<\/a><\/p>\n<p><strong>Siga-nos no X:<\/strong><a href=\"https:\/\/x.com\/Antropofagista1\"> https:\/\/x.com\/Antropofagista1<\/a><\/p>\n<p><strong>Siga-nos no Instagram:<\/strong> <a href=\"https:\/\/www.instagram.com\/blogantropofagista?igsh=YzljYTk1ODg3Zg==\">https:\/\/www.instagram.com\/blogantropofagista?igsh=YzljYTk1ODg3Zg==<\/a><\/p>\n<p>The post <a href=\"https:\/\/antropofagista.com.br\/2025\/06\/11\/comeca-a-estacao-de-caca-ao-cla-e-nikolas-toma-o-lugar-de-eduardo-no-coracao-dos-parlamentares-bolsonaristas\/\">Come\u00e7a a esta\u00e7\u00e3o de ca\u00e7a ao cl\u00e3 e Nikolas toma o lugar de Eduardo no cora\u00e7\u00e3o dos parlamentares bolsonaristas<\/a> first appeared on <a href=\"https:\/\/antropofagista.com.br\/\">Antropofagista<\/a>.<\/p>\n<!-- Begin Yuzo --><div class='yuzo_related_post style-1'  data-version='5.12.89'><!-- without result --><div class='yuzo_clearfixed yuzo__title yuzo__title'><h3>Related Post<\/h3><\/div>\n\t\t\t\t\t\t  <div class=\"relatedthumb \" style=\"width:125px;float:left;overflow:hidden;\">  \n\t\t\t\t\t\t\t  \n\t\t\t\t\t\t\t  <a  href=\"https:\/\/redept.com.br\/blogosfera\/putin-diz-a-trump-que-russia-nao-recuara-dos-seus-objetivos-na-ucrania\/\"  >\n\t\t\t\t\t\t\t\t\t  <div class=\"yuzo-img-wrap \" style=\"width: 125px;height:90px;\">\n\t\t\t\t\t\t\t\t\t\t\n\t\t\t\t\t\t\t\t\t\t<div class=\"yuzo-img\" style=\"background:url('https:\/\/redept.org\/blogosfera\/wp-content\/plugins\/yuzo-related-post\/assets\/images\/default.png') 50% 50% no-repeat;width: 125px;height:90px;margin-bottom: 5px;background-size: cover; \"><\/div>\n\t\t\t\t\t\t\t\t\t  <\/div>\n\t\t\t\t\t\t\t\t\t  \n\t\t\t\t\t\t\t\t   <span class=\"yuzo__text--title\" style=\"font-size:13px;\">Putin diz a Trump que R\u00fassia \u2018n\u00e3o recuar\u00e1 dos seus...<\/span>\n\t\t\t\t\t\t\t  \n\t\t\t\t\t\t\t  \n\t\t\t\t\t\t\t  <\/a>\n\n\t\t\t\t\t\t  <\/div>\n\t\t\t\t\t\t  <div class=\"relatedthumb \" style=\"width:125px;float:left;overflow:hidden;\">  \n\t\t\t\t\t\t\t  \n\t\t\t\t\t\t\t  <a  href=\"https:\/\/redept.com.br\/blogosfera\/pane-eletrica-no-espaco-aereo-de-sao-paulo-voos-sao-liberados\/\"  >\n\t\t\t\t\t\t\t\t\t  <div class=\"yuzo-img-wrap \" style=\"width: 125px;height:90px;\">\n\t\t\t\t\t\t\t\t\t\t\n\t\t\t\t\t\t\t\t\t\t<div class=\"yuzo-img\" style=\"background:url('https:\/\/redept.org\/blogosfera\/wp-content\/plugins\/yuzo-related-post\/assets\/images\/default.png') 50% 50% no-repeat;width: 125px;height:90px;margin-bottom: 5px;background-size: cover; \"><\/div>\n\t\t\t\t\t\t\t\t\t  <\/div>\n\t\t\t\t\t\t\t\t\t  \n\t\t\t\t\t\t\t\t   <span class=\"yuzo__text--title\" style=\"font-size:13px;\">Pane el\u00e9trica no espa\u00e7o a\u00e9reo de S\u00e3o Paulo; voos s...<\/span>\n\t\t\t\t\t\t\t  \n\t\t\t\t\t\t\t  \n\t\t\t\t\t\t\t  <\/a>\n\n\t\t\t\t\t\t  <\/div>\n\t\t\t\t\t\t  <div class=\"relatedthumb \" style=\"width:125px;float:left;overflow:hidden;\">  \n\t\t\t\t\t\t\t  \n\t\t\t\t\t\t\t  <a  href=\"https:\/\/redept.com.br\/blogosfera\/criticado-por-movimentos-no-brasil-e-na-europa-acordo-comercial-ue-mercosul-e-anunciado\/\"  >\n\t\t\t\t\t\t\t\t\t  <div class=\"yuzo-img-wrap \" style=\"width: 125px;height:90px;\">\n\t\t\t\t\t\t\t\t\t\t\n\t\t\t\t\t\t\t\t\t\t<div class=\"yuzo-img\" style=\"background:url('https:\/\/redept.org\/blogosfera\/wp-content\/plugins\/yuzo-related-post\/assets\/images\/default.png') 50% 50% no-repeat;width: 125px;height:90px;margin-bottom: 5px;background-size: cover; \"><\/div>\n\t\t\t\t\t\t\t\t\t  <\/div>\n\t\t\t\t\t\t\t\t\t  \n\t\t\t\t\t\t\t\t   <span class=\"yuzo__text--title\" style=\"font-size:13px;\">Criticado por movimentos no Brasil e na Europa, ac...<\/span>\n\t\t\t\t\t\t\t  \n\t\t\t\t\t\t\t  \n\t\t\t\t\t\t\t  <\/a>\n\n\t\t\t\t\t\t  <\/div>\n\t\t\t\t\t\t  <div class=\"relatedthumb \" style=\"width:125px;float:left;overflow:hidden;\">  \n\t\t\t\t\t\t\t  \n\t\t\t\t\t\t\t  <a  href=\"https:\/\/redept.com.br\/blogosfera\/como-a-privatizacao-agravou-a-crise-hidrica-paulista\/\"  >\n\t\t\t\t\t\t\t\t\t  <div class=\"yuzo-img-wrap \" style=\"width: 125px;height:90px;\">\n\t\t\t\t\t\t\t\t\t\t\n\t\t\t\t\t\t\t\t\t\t<div class=\"yuzo-img\" style=\"background:url('https:\/\/redept.com.br\/blogosfera\/wp-content\/uploads\/2026\/01\/photo_5168233851107609864_y-150x150.jpg') 50% 50% no-repeat;width: 125px;height:90px;margin-bottom: 5px;background-size: cover; \"><\/div>\n\t\t\t\t\t\t\t\t\t  <\/div>\n\t\t\t\t\t\t\t\t\t  \n\t\t\t\t\t\t\t\t   <span class=\"yuzo__text--title\" style=\"font-size:13px;\">Como a privatiza\u00e7\u00e3o agravou a crise h\u00eddrica paulis...<\/span>\n\t\t\t\t\t\t\t  \n\t\t\t\t\t\t\t  \n\t\t\t\t\t\t\t  <\/a>\n\n\t\t\t\t\t\t  <\/div>\n<\/div> <script>\n\t\t\t\t\t\t  jQuery(document).ready(function( $ ){\n\t\t\t\t\t\t\t\/\/jQuery('.yuzo_related_post').equalizer({ overflow : 'relatedthumb' });\n\t\t\t\t\t\t\tjQuery('.yuzo_related_post .yuzo_wraps').equalizer({ columns : '> div' });\n\t\t\t\t\t\t   })\n\t\t\t\t\t\t  <\/script> <!-- End Yuzo :) -->","protected":false},"excerpt":{"rendered":"<p>A desculpa para os deputados catapultados pelo cl\u00e3 Bolsonaro \u00e9 a de que Eduardo abandonou o posto de comandante da tropa no Congresso. Na verdade, o efeito domin\u00f3 j\u00e1 tinha come\u00e7ado e nesta ter\u00e7a (10), com o suic\u00eddio pol\u00edtico de Bolsonaro no STF, rastejando aos p\u00e9s de Moraes, ficou sacramentado que essa fam\u00edlia j\u00e1 n\u00e3o [&hellip;]<\/p>\n","protected":false},"author":2,"featured_media":0,"comment_status":"open","ping_status":"closed","sticky":false,"template":"","format":"standard","meta":{"fifu_image_url":"","fifu_image_alt":"","footnotes":""},"categories":[1390,3375,2143,6750,132],"tags":[],"class_list":["post-32996","post","type-post","status-publish","format-standard","hentry","category-bolsonaro","category-eduardo-bolsonaro","category-moraes","category-nikolas","category-politica"],"_links":{"self":[{"href":"https:\/\/redept.com.br\/blogosfera\/wp-json\/wp\/v2\/posts\/32996","targetHints":{"allow":["GET"]}}],"collection":[{"href":"https:\/\/redept.com.br\/blogosfera\/wp-json\/wp\/v2\/posts"}],"about":[{"href":"https:\/\/redept.com.br\/blogosfera\/wp-json\/wp\/v2\/types\/post"}],"author":[{"embeddable":true,"href":"https:\/\/redept.com.br\/blogosfera\/wp-json\/wp\/v2\/users\/2"}],"replies":[{"embeddable":true,"href":"https:\/\/redept.com.br\/blogosfera\/wp-json\/wp\/v2\/comments?post=32996"}],"version-history":[{"count":0,"href":"https:\/\/redept.com.br\/blogosfera\/wp-json\/wp\/v2\/posts\/32996\/revisions"}],"wp:attachment":[{"href":"https:\/\/redept.com.br\/blogosfera\/wp-json\/wp\/v2\/media?parent=32996"}],"wp:term":[{"taxonomy":"category","embeddable":true,"href":"https:\/\/redept.com.br\/blogosfera\/wp-json\/wp\/v2\/categories?post=32996"},{"taxonomy":"post_tag","embeddable":true,"href":"https:\/\/redept.com.br\/blogosfera\/wp-json\/wp\/v2\/tags?post=32996"}],"curies":[{"name":"wp","href":"https:\/\/api.w.org\/{rel}","templated":true}]}}