{"id":33101,"date":"2025-06-12T17:15:18","date_gmt":"2025-06-12T20:15:18","guid":{"rendered":"https:\/\/redept.org\/blogosfera\/nota-do-mst-sobre-ataques-a-jornada-universitaria-em-defesa-da-reforma-agraria\/"},"modified":"2025-06-12T17:15:18","modified_gmt":"2025-06-12T20:15:18","slug":"nota-do-mst-sobre-ataques-a-jornada-universitaria-em-defesa-da-reforma-agraria","status":"publish","type":"post","link":"https:\/\/redept.com.br\/blogosfera\/nota-do-mst-sobre-ataques-a-jornada-universitaria-em-defesa-da-reforma-agraria\/","title":{"rendered":"Nota do MST sobre ataques \u00e0 Jornada Universit\u00e1ria em Defesa da Reforma Agr\u00e1ria"},"content":{"rendered":"<figure><img fetchpriority=\"high\" fetchpriority=\"high\" decoding=\"async\" width=\"1024\" height=\"692\"src=\"https:\/\/redept.org\/blogosfera\/wp-content\/uploads\/2025\/06\/f592d4e2-acad-4952-9738-685adb443218-1.jpeg\" alt=\"\" srcset=\"https:\/\/mst.org.br\/wp-content\/uploads\/2025\/06\/f592d4e2-acad-4952-9738-685adb443218-1-1024x692.jpeg 1024w, https:\/\/mst.org.br\/wp-content\/uploads\/2025\/06\/f592d4e2-acad-4952-9738-685adb443218-1-300x203.jpeg 300w, https:\/\/mst.org.br\/wp-content\/uploads\/2025\/06\/f592d4e2-acad-4952-9738-685adb443218-1-768x519.jpeg 768w, https:\/\/redept.org\/blogosfera\/wp-content\/uploads\/2025\/06\/f592d4e2-acad-4952-9738-685adb443218-1.jpeg 1224w\" sizes=\"(max-width: 1024px) 100vw, 1024px\"><figcaption><em>Foto: Wellington Lenon<\/em><\/figcaption><\/figure>\n<p><em>Da P\u00e1gina do MS<\/em>T<\/p>\n<p>A organiza\u00e7\u00e3o da 4\u00aa Edi\u00e7\u00e3o da Jornada Universit\u00e1ria em Defesa da Reforma Agr\u00e1ria (JURA) da Universidade Estadual de Maring\u00e1 (UEM) recebeu com indigna\u00e7\u00e3o, questionamentos acerca da express\u00e3o \u201cCombater o Agroneg\u00f3cio\u201d, presente no tema do evento deste ano.<\/p>\n<p>Diante disso, apresentamos esta nota de esclarecimento sobre o car\u00e1ter da JURA e o significado deste termo no contexto da proposta pol\u00edtica que fundamenta a iniciativa.<\/p>\n<p><em><strong>Confira nota na \u00edntegra:<\/strong><\/em><\/p>\n<p>A Jornada Universit\u00e1ria em Defesa da Reforma Agr\u00e1ria (JURA) \u00e9 um evento de car\u00e1ter nacional, realizado desde 2013, em diversos campi universit\u00e1rios brasileiros. Seu objetivo \u00e9 integrar estudantes, professores, t\u00e9cnicos, representantes de movimentos sociais e do poder p\u00fablico no debate e promo\u00e7\u00e3o da Reforma Agr\u00e1ria Popular no Brasil, al\u00e9m de fomentar formas de produ\u00e7\u00e3o no campo que sejam sustent\u00e1veis, justas e baseadas em princ\u00edpios agroecol\u00f3gicos.<\/p>\n<p>Na UEM, esta ser\u00e1 a 4\u00aa edi\u00e7\u00e3o da JURA. O evento \u00e9 institucional, aprovado pelos conselhos competentes, e organizado coletivamente por docentes, estudantes e t\u00e9cnicos de diferentes departamentos da Universidade Estadual de Maring\u00e1 \u2014 entre eles, Educa\u00e7\u00e3o, Geografia, Hist\u00f3ria e o Mestrado em Agroecologia \u2014, al\u00e9m do Centro de Ci\u00eancias Humanas (CCH) e da Pr\u00f3-Reitoria de Ensino (PEN). Conta tamb\u00e9m com o apoio de entidades externas, como a Se\u00e7\u00e3o Sindical dos Docentes da UEM (Sesduem), o Sindicato Nacional dos Docentes das Institui\u00e7\u00f5es de Ensino Superior (Andes-SN), o Movimento dos Trabalhadores Rurais Sem Terra (MST) e a Escola Milton Santos de Agroecologia.<\/p>\n<p>O tema nacional da JURA de 2025 \u2014 \u201cDefender a Vida, combater o Agroneg\u00f3cio\u201d \u2014 foi promovido em diversas universidades, como USP, Unicamp, Unesp, UERJ e UFPA. Ele representa uma cr\u00edtica ao modelo dominante de produ\u00e7\u00e3o agr\u00edcola no Brasil, que tem gerado impactos sociais e ambientais. A escolha do tema reflete o direito \u00e0 livre express\u00e3o e ao debate acad\u00eamico, pilares fundamentais do ambiente universit\u00e1rio. Esclarecemos que essa cr\u00edtica n\u00e3o se dirige ao agricultor familiar, ao pequeno produtor ou ao setor agr\u00edcola como um todo, mas sim ao modelo do agroneg\u00f3cio baseado na concentra\u00e7\u00e3o de terras, no uso indiscriminado de agrot\u00f3xicos, no envenenamento do solo, da \u00e1gua e dos alimentos, na destrui\u00e7\u00e3o ambiental e nas amea\u00e7as \u00e0s formas de vida no campo.<\/p>\n<p>A JURA, como iniciativa universit\u00e1ria comprometida com a transforma\u00e7\u00e3o social, busca justamente alertar a sociedade para os impactos sociais, ambientais e econ\u00f4micos desse modelo e, ao mesmo tempo, apresentar e fortalecer alternativas baseadas na Reforma Agr\u00e1ria Popular, na agroecologia e na soberania alimentar.<\/p>\n<p>Na UEM, reconhecemos que existem pesquisas vinculadas ao agroneg\u00f3cio, mas destacamos que h\u00e1 tamb\u00e9m uma produ\u00e7\u00e3o acad\u00eamica significativa, desenvolvida por docentes de diversas \u00e1reas, que questiona essa l\u00f3gica e contribui ativamente para a constru\u00e7\u00e3o de alternativas mais justas, sustent\u00e1veis e solid\u00e1rias.<\/p>\n<p>Reafirmamos, portanto, que a JURA \u00e9 uma a\u00e7\u00e3o constru\u00edda com base em uma concep\u00e7\u00e3o pol\u00edtica clara, que convoca a universidade, em di\u00e1logo com os movimentos sociais e camponeses, a se comprometer com a constru\u00e7\u00e3o de um projeto de produ\u00e7\u00e3o no campo que defenda a vida em todas as suas dimens\u00f5es, enfrente as desigualdades hist\u00f3ricas e promova a justi\u00e7a social e ambiental.<\/p>\n<p><em>Organiza\u00e7\u00e3o da 4\u00aa Jornada Universit\u00e1ria em Defesa da Reforma Agr\u00e1ria<br \/>Defender a Vida, Combater o Agroneg\u00f3cio<\/em><\/p>\n<p>O post <a href=\"https:\/\/mst.org.br\/2025\/06\/12\/nota-do-mst-sobre-ataques-a-jornada-universitaria-em-defesa-da-reforma-agraria\/\">Nota do MST sobre ataques \u00e0 Jornada Universit\u00e1ria em Defesa da Reforma Agr\u00e1ria<\/a> apareceu primeiro em <a href=\"https:\/\/mst.org.br\/\">MST<\/a>.<\/p>\n<!-- Begin Yuzo --><div class='yuzo_related_post style-1'  data-version='5.12.89'><!-- without result --><div class='yuzo_clearfixed yuzo__title yuzo__title'><h3>Related Post<\/h3><\/div>\n\t\t\t\t\t\t  <div class=\"relatedthumb \" style=\"width:125px;float:left;overflow:hidden;\">  \n\t\t\t\t\t\t\t  \n\t\t\t\t\t\t\t  <a  href=\"https:\/\/redept.com.br\/blogosfera\/haiti-anuncia-eleicoes-presidenciais-para-2026-com-objetivo-de-frear-crises\/\"  >\n\t\t\t\t\t\t\t\t\t  <div class=\"yuzo-img-wrap \" style=\"width: 125px;height:90px;\">\n\t\t\t\t\t\t\t\t\t\t\n\t\t\t\t\t\t\t\t\t\t<div class=\"yuzo-img\" style=\"background:url('https:\/\/redept.org\/blogosfera\/wp-content\/plugins\/yuzo-related-post\/assets\/images\/default.png') 50% 50% no-repeat;width: 125px;height:90px;margin-bottom: 5px;background-size: cover; \"><\/div>\n\t\t\t\t\t\t\t\t\t  <\/div>\n\t\t\t\t\t\t\t\t\t  \n\t\t\t\t\t\t\t\t   <span class=\"yuzo__text--title\" style=\"font-size:13px;\">Haiti anuncia elei\u00e7\u00f5es presidenciais para 2026 com...<\/span>\n\t\t\t\t\t\t\t  \n\t\t\t\t\t\t\t  \n\t\t\t\t\t\t\t  <\/a>\n\n\t\t\t\t\t\t  <\/div>\n\t\t\t\t\t\t  <div class=\"relatedthumb \" style=\"width:125px;float:left;overflow:hidden;\">  \n\t\t\t\t\t\t\t  \n\t\t\t\t\t\t\t  <a  href=\"https:\/\/redept.com.br\/blogosfera\/pedido-de-vista-adia-votacao-de-relatorio-sobre-acordo-mercosul-uniao-europeia\/\"  >\n\t\t\t\t\t\t\t\t\t  <div class=\"yuzo-img-wrap \" style=\"width: 125px;height:90px;\">\n\t\t\t\t\t\t\t\t\t\t\n\t\t\t\t\t\t\t\t\t\t<div class=\"yuzo-img\" style=\"background:url('https:\/\/redept.org\/blogosfera\/wp-content\/plugins\/yuzo-related-post\/assets\/images\/default.png') 50% 50% no-repeat;width: 125px;height:90px;margin-bottom: 5px;background-size: cover; \"><\/div>\n\t\t\t\t\t\t\t\t\t  <\/div>\n\t\t\t\t\t\t\t\t\t  \n\t\t\t\t\t\t\t\t   <span class=\"yuzo__text--title\" style=\"font-size:13px;\">Pedido de vista adia vota\u00e7\u00e3o de relat\u00f3rio sobre ac...<\/span>\n\t\t\t\t\t\t\t  \n\t\t\t\t\t\t\t  \n\t\t\t\t\t\t\t  <\/a>\n\n\t\t\t\t\t\t  <\/div>\n\t\t\t\t\t\t  <div class=\"relatedthumb \" style=\"width:125px;float:left;overflow:hidden;\">  \n\t\t\t\t\t\t\t  \n\t\t\t\t\t\t\t  <a  href=\"https:\/\/redept.com.br\/blogosfera\/inscricoes-para-o-cnu-2025-estao-abertas\/\"  >\n\t\t\t\t\t\t\t\t\t  <div class=\"yuzo-img-wrap \" style=\"width: 125px;height:90px;\">\n\t\t\t\t\t\t\t\t\t\t\n\t\t\t\t\t\t\t\t\t\t<div class=\"yuzo-img\" style=\"background:url('https:\/\/redept.org\/blogosfera\/wp-content\/plugins\/yuzo-related-post\/assets\/images\/default.png') 50% 50% no-repeat;width: 125px;height:90px;margin-bottom: 5px;background-size: cover; \"><\/div>\n\t\t\t\t\t\t\t\t\t  <\/div>\n\t\t\t\t\t\t\t\t\t  \n\t\t\t\t\t\t\t\t   <span class=\"yuzo__text--title\" style=\"font-size:13px;\">Inscri\u00e7\u00f5es para o CNU 2025 est\u00e3o abertas<\/span>\n\t\t\t\t\t\t\t  \n\t\t\t\t\t\t\t  \n\t\t\t\t\t\t\t  <\/a>\n\n\t\t\t\t\t\t  <\/div>\n\t\t\t\t\t\t  <div class=\"relatedthumb \" style=\"width:125px;float:left;overflow:hidden;\">  \n\t\t\t\t\t\t\t  \n\t\t\t\t\t\t\t  <a  href=\"https:\/\/redept.com.br\/blogosfera\/mundial-de-volei-feminino-brasil-encerra-campanha-com-medalha-de-bronze\/\"  >\n\t\t\t\t\t\t\t\t\t  <div class=\"yuzo-img-wrap \" style=\"width: 125px;height:90px;\">\n\t\t\t\t\t\t\t\t\t\t\n\t\t\t\t\t\t\t\t\t\t<div class=\"yuzo-img\" style=\"background:url('https:\/\/redept.org\/blogosfera\/wp-content\/plugins\/yuzo-related-post\/assets\/images\/default.png') 50% 50% no-repeat;width: 125px;height:90px;margin-bottom: 5px;background-size: cover; \"><\/div>\n\t\t\t\t\t\t\t\t\t  <\/div>\n\t\t\t\t\t\t\t\t\t  \n\t\t\t\t\t\t\t\t   <span class=\"yuzo__text--title\" style=\"font-size:13px;\">Mundial de V\u00f4lei feminino: Brasil encerra campanha...<\/span>\n\t\t\t\t\t\t\t  \n\t\t\t\t\t\t\t  \n\t\t\t\t\t\t\t  <\/a>\n\n\t\t\t\t\t\t  <\/div>\n<\/div> <script>\n\t\t\t\t\t\t  jQuery(document).ready(function( $ ){\n\t\t\t\t\t\t\t\/\/jQuery('.yuzo_related_post').equalizer({ overflow : 'relatedthumb' });\n\t\t\t\t\t\t\tjQuery('.yuzo_related_post .yuzo_wraps').equalizer({ columns : '> div' });\n\t\t\t\t\t\t   })\n\t\t\t\t\t\t  <\/script> <!-- End Yuzo :) -->","protected":false},"excerpt":{"rendered":"<p>Foto: Wellington Lenon Da P\u00e1gina do MST A organiza\u00e7\u00e3o da 4\u00aa Edi\u00e7\u00e3o da Jornada Universit\u00e1ria em Defesa da Reforma Agr\u00e1ria (JURA) da Universidade Estadual de Maring\u00e1 (UEM) recebeu com indigna\u00e7\u00e3o, questionamentos acerca da express\u00e3o \u201cCombater o Agroneg\u00f3cio\u201d, presente no tema do evento deste ano. Diante disso, apresentamos esta nota de esclarecimento sobre o car\u00e1ter da [&hellip;]<\/p>\n","protected":false},"author":2,"featured_media":0,"comment_status":"open","ping_status":"closed","sticky":false,"template":"","format":"standard","meta":{"fifu_image_url":"","fifu_image_alt":"","footnotes":""},"categories":[117,8146,321,191,319,5179],"tags":[],"class_list":["post-33101","post","type-post","status-publish","format-standard","hentry","category-agronegocio","category-jura-2025","category-notas","category-noticias","category-parana","category-uem"],"_links":{"self":[{"href":"https:\/\/redept.com.br\/blogosfera\/wp-json\/wp\/v2\/posts\/33101","targetHints":{"allow":["GET"]}}],"collection":[{"href":"https:\/\/redept.com.br\/blogosfera\/wp-json\/wp\/v2\/posts"}],"about":[{"href":"https:\/\/redept.com.br\/blogosfera\/wp-json\/wp\/v2\/types\/post"}],"author":[{"embeddable":true,"href":"https:\/\/redept.com.br\/blogosfera\/wp-json\/wp\/v2\/users\/2"}],"replies":[{"embeddable":true,"href":"https:\/\/redept.com.br\/blogosfera\/wp-json\/wp\/v2\/comments?post=33101"}],"version-history":[{"count":0,"href":"https:\/\/redept.com.br\/blogosfera\/wp-json\/wp\/v2\/posts\/33101\/revisions"}],"wp:attachment":[{"href":"https:\/\/redept.com.br\/blogosfera\/wp-json\/wp\/v2\/media?parent=33101"}],"wp:term":[{"taxonomy":"category","embeddable":true,"href":"https:\/\/redept.com.br\/blogosfera\/wp-json\/wp\/v2\/categories?post=33101"},{"taxonomy":"post_tag","embeddable":true,"href":"https:\/\/redept.com.br\/blogosfera\/wp-json\/wp\/v2\/tags?post=33101"}],"curies":[{"name":"wp","href":"https:\/\/api.w.org\/{rel}","templated":true}]}}