{"id":33186,"date":"2025-06-12T18:40:21","date_gmt":"2025-06-12T21:40:21","guid":{"rendered":"https:\/\/redept.org\/blogosfera\/coreia-do-norte-interrompe-propaganda-anti-sul-na-fronteira-diz-seul\/"},"modified":"2025-06-12T18:40:21","modified_gmt":"2025-06-12T21:40:21","slug":"coreia-do-norte-interrompe-propaganda-anti-sul-na-fronteira-diz-seul","status":"publish","type":"post","link":"https:\/\/redept.com.br\/blogosfera\/coreia-do-norte-interrompe-propaganda-anti-sul-na-fronteira-diz-seul\/","title":{"rendered":"Coreia do Norte interrompe propaganda anti-Sul na fronteira, diz Seul"},"content":{"rendered":"<p><span>A Coreia do Sul informou nesta quinta-feira (12\/06) n\u00e3o ter identificado qualquer sinal de propaganda anti-Seul por parte de Pyongyang na fronteira entre os pa\u00edses. O an\u00fancio ocorre um dia ap\u00f3s a gest\u00e3o do novo presidente <a href=\"https:\/\/operamundi.uol.com.br\/politica-e-economia\/opositor-lee-jae-myung-e-eleito-presidente-na-coreia-do-sul\/\">Lee Jae Myung<\/a>, do Partido Democr\u00e1tico da Coreia (DPK, por sua sigla em ingl\u00eas) ter determinado a <a href=\"https:\/\/operamundi.uol.com.br\/politica-e-economia\/novo-presidente-da-coreia-do-sul-suspende-propagandas-anti-pyongyang\/\">suspens\u00e3o completa do envio de materiais provocativos<\/a> por parte de sua na\u00e7\u00e3o.<\/span><\/p>\n<p><span>\u201cN\u00e3o houve \u00e1reas hoje onde tenham sido ouvidas quaisquer <a href=\"https:\/\/operamundi.uol.com.br\/politica-e-economia\/k-pop-em-briga-de-baloes-coreia-do-sul-usa-tatica-da-guerra-fria-para-provocar-kim-jong-un-entenda\/\">transmiss\u00f5es norte-coreanas via alto-falantes<\/a>\u201c, relatou o Estado-Maior Conjunto sul-coreano, acrescentando que o governo segue \u201cobservando de perto as tend\u00eancias relacionadas \u00e0 Coreia do Norte\u201d.<\/span><\/p>\n<p><span>Na quarta-feira (11\/06), o mandat\u00e1rio sul-coreano ordenou a interrup\u00e7\u00e3o de todas as transmiss\u00f5es de propaganda anti-Coreia do Norte ao longo da zona fronteiri\u00e7a, incluindo \u00e1udios depreciativos e panfletos, em uma tentativa de aproxima\u00e7\u00e3o com o regime de Kim Jong Un.<\/span><\/p>\n<p><span>A porta-voz presidencial Kang Yoo Jeong explicou que a ordem do presidente Lee foi \u201cfeita de acordo com a vontade do governo de restaurar a confian\u00e7a nas rela\u00e7\u00f5es Norte-Sul e estabelecer a paz na Pen\u00ednsula Coreana\u201d, al\u00e9m de ser \u201cuma medida pr\u00e1tica para aliviar o sofrimento dos residentes nas \u00e1reas fronteiri\u00e7as\u201d.<\/span><\/p>\n<figure aria-describedby=\"caption-attachment-222105\"><img fetchpriority=\"high\" decoding=\"async\"src=\"https:\/\/redept.org\/blogosfera\/wp-content\/uploads\/2025\/06\/1749714316add_thumb780.jpg\" alt=\"\" width=\"640\" height=\"458\" srcset=\"https:\/\/redept.org\/blogosfera\/wp-content\/uploads\/2025\/06\/1749714316add_thumb780.jpg 640w, https:\/\/operamundi.uol.com.br\/wp-content\/uploads\/2025\/06\/1749714316add_thumb780-300x215.jpg 300w, https:\/\/operamundi.uol.com.br\/wp-content\/uploads\/2025\/06\/1749714316add_thumb780-150x107.jpg 150w, https:\/\/operamundi.uol.com.br\/wp-content\/uploads\/2025\/06\/1749714316add_thumb780-120x86.jpg 120w, https:\/\/operamundi.uol.com.br\/wp-content\/uploads\/2025\/06\/1749714316add_thumb780-350x250.jpg 350w\" sizes=\"(max-width: 640px) 100vw, 640px\"><figcaption>Alto-falante sul-coreano instalado na fronteira com a Coreia do Norte <br \/>Reprodu\u00e7\u00e3o\/Yon Hap News Agency<\/figcaption><\/figure>\n<p><span>Em junho passado, os militares sul-coreanos foram ordenados a retomar, depois de seis anos, a transmiss\u00e3o de propagandas cr\u00edticas ao governo norte-coreano, no \u00e2mbito da gest\u00e3o de extrema direita do ex-mandat\u00e1rio Yoon Suk Yeol. Na ocasi\u00e3o, a gest\u00e3o conservadora alegou que se tratava de uma retalia\u00e7\u00e3o ao lan\u00e7amento de bal\u00f5es de lixo por parte do pa\u00eds de Kim Jong Un.<\/span><\/p>\n<p><span>O pol\u00edtico, deposto do cargo em abril ap\u00f3s decretar a lei marcial e desestabilizar a na\u00e7\u00e3o, assumiu pol\u00edticas hostis e proferiu discursos provocativos no decorrer de seu mandato, aprofundando a crise entre as Coreias, que atualmente vivem sob acordo de armist\u00edcio.<\/span><\/p>\n<p><span>Entre os materiais enviados pelo Sul, inclu\u00edam-se panfletos que debochavam da pol\u00edtica norte-coreana, notas no valor de um d\u00f3lar, at\u00e9 pen drives contendo m\u00fasicas do g\u00eanero K-pop e epis\u00f3dios de K-dramas.<\/span><\/p>\n<p>O post <a href=\"https:\/\/operamundi.uol.com.br\/politica-e-economia\/coreia-do-norte-interrompe-propaganda-anti-sul-na-fronteira-diz-seul\/\">Coreia do Norte interrompe propaganda anti-Sul na fronteira, diz Seul<\/a> apareceu primeiro em <a href=\"https:\/\/operamundi.uol.com.br\/\">Opera Mundi<\/a>.<\/p>\n<!-- Begin Yuzo --><div class='yuzo_related_post style-1'  data-version='5.12.89'><!-- without result --><div class='yuzo_clearfixed yuzo__title yuzo__title'><h3>Related Post<\/h3><\/div>\n\t\t\t\t\t\t  <div class=\"relatedthumb \" style=\"width:125px;float:left;overflow:hidden;\">  \n\t\t\t\t\t\t\t  \n\t\t\t\t\t\t\t  <a  href=\"https:\/\/redept.com.br\/blogosfera\/aguardando-extradicao-da-italia-zambelli-tem-condenacao-transitada-em-julgado-e-nao-cabe-mais-recurso\/\"  >\n\t\t\t\t\t\t\t\t\t  <div class=\"yuzo-img-wrap \" style=\"width: 125px;height:90px;\">\n\t\t\t\t\t\t\t\t\t\t\n\t\t\t\t\t\t\t\t\t\t<div class=\"yuzo-img\" style=\"background:url('https:\/\/redept.org\/blogosfera\/wp-content\/plugins\/yuzo-related-post\/assets\/images\/default.png') 50% 50% no-repeat;width: 125px;height:90px;margin-bottom: 5px;background-size: cover; \"><\/div>\n\t\t\t\t\t\t\t\t\t  <\/div>\n\t\t\t\t\t\t\t\t\t  \n\t\t\t\t\t\t\t\t   <span class=\"yuzo__text--title\" style=\"font-size:13px;\">Aguardando extradi\u00e7\u00e3o da It\u00e1lia, Zambelli tem cond...<\/span>\n\t\t\t\t\t\t\t  \n\t\t\t\t\t\t\t  \n\t\t\t\t\t\t\t  <\/a>\n\n\t\t\t\t\t\t  <\/div>\n\t\t\t\t\t\t  <div class=\"relatedthumb \" style=\"width:125px;float:left;overflow:hidden;\">  \n\t\t\t\t\t\t\t  \n\t\t\t\t\t\t\t  <a  href=\"https:\/\/redept.com.br\/blogosfera\/ousar-viver-historias-da-maria-sera-lancado-na-cinemateca-em-sao-paulo\/\"  >\n\t\t\t\t\t\t\t\t\t  <div class=\"yuzo-img-wrap \" style=\"width: 125px;height:90px;\">\n\t\t\t\t\t\t\t\t\t\t\n\t\t\t\t\t\t\t\t\t\t<div class=\"yuzo-img\" style=\"background:url('https:\/\/redept.com.br\/blogosfera\/wp-content\/uploads\/2024\/11\/Filme-150x150.jpg') 50% 50% no-repeat;width: 125px;height:90px;margin-bottom: 5px;background-size: cover; \"><\/div>\n\t\t\t\t\t\t\t\t\t  <\/div>\n\t\t\t\t\t\t\t\t\t  \n\t\t\t\t\t\t\t\t   <span class=\"yuzo__text--title\" style=\"font-size:13px;\">\u201cOusar Viver! Hist\u00f3rias da Maria\u201d ser\u00e1 lan\u00e7ado  na...<\/span>\n\t\t\t\t\t\t\t  \n\t\t\t\t\t\t\t  \n\t\t\t\t\t\t\t  <\/a>\n\n\t\t\t\t\t\t  <\/div>\n\t\t\t\t\t\t  <div class=\"relatedthumb \" style=\"width:125px;float:left;overflow:hidden;\">  \n\t\t\t\t\t\t\t  \n\t\t\t\t\t\t\t  <a  href=\"https:\/\/redept.com.br\/blogosfera\/noticias-do-dia-com-o-jornal-tvt-news-segunda-edicao-18-06\/\"  >\n\t\t\t\t\t\t\t\t\t  <div class=\"yuzo-img-wrap \" style=\"width: 125px;height:90px;\">\n\t\t\t\t\t\t\t\t\t\t\n\t\t\t\t\t\t\t\t\t\t<div class=\"yuzo-img\" style=\"background:url('https:\/\/redept.com.br\/blogosfera\/wp-content\/uploads\/2025\/06\/jornal_tvt_new-20-150x150.jpeg') 50% 50% no-repeat;width: 125px;height:90px;margin-bottom: 5px;background-size: cover; \"><\/div>\n\t\t\t\t\t\t\t\t\t  <\/div>\n\t\t\t\t\t\t\t\t\t  \n\t\t\t\t\t\t\t\t   <span class=\"yuzo__text--title\" style=\"font-size:13px;\">Not\u00edcias do dia com o Jornal TVT News Segunda Edi\u00e7...<\/span>\n\t\t\t\t\t\t\t  \n\t\t\t\t\t\t\t  \n\t\t\t\t\t\t\t  <\/a>\n\n\t\t\t\t\t\t  <\/div>\n\t\t\t\t\t\t  <div class=\"relatedthumb \" style=\"width:125px;float:left;overflow:hidden;\">  \n\t\t\t\t\t\t\t  \n\t\t\t\t\t\t\t  <a  href=\"https:\/\/redept.com.br\/blogosfera\/governo-eleva-imposto-do-cigarro-para-bancar-querosene-e-biodiesel\/\"  >\n\t\t\t\t\t\t\t\t\t  <div class=\"yuzo-img-wrap \" style=\"width: 125px;height:90px;\">\n\t\t\t\t\t\t\t\t\t\t\n\t\t\t\t\t\t\t\t\t\t<div class=\"yuzo-img\" style=\"background:url('https:\/\/redept.org\/blogosfera\/wp-content\/plugins\/yuzo-related-post\/assets\/images\/default.png') 50% 50% no-repeat;width: 125px;height:90px;margin-bottom: 5px;background-size: cover; \"><\/div>\n\t\t\t\t\t\t\t\t\t  <\/div>\n\t\t\t\t\t\t\t\t\t  \n\t\t\t\t\t\t\t\t   <span class=\"yuzo__text--title\" style=\"font-size:13px;\">Governo eleva imposto do cigarro para bancar quero...<\/span>\n\t\t\t\t\t\t\t  \n\t\t\t\t\t\t\t  \n\t\t\t\t\t\t\t  <\/a>\n\n\t\t\t\t\t\t  <\/div>\n<\/div> <script>\n\t\t\t\t\t\t  jQuery(document).ready(function( $ ){\n\t\t\t\t\t\t\t\/\/jQuery('.yuzo_related_post').equalizer({ overflow : 'relatedthumb' });\n\t\t\t\t\t\t\tjQuery('.yuzo_related_post .yuzo_wraps').equalizer({ columns : '> div' });\n\t\t\t\t\t\t   })\n\t\t\t\t\t\t  <\/script> <!-- End Yuzo :) -->","protected":false},"excerpt":{"rendered":"<p>A Coreia do Sul informou nesta quinta-feira (12\/06) n\u00e3o ter identificado qualquer sinal de propaganda anti-Seul por parte de Pyongyang na fronteira entre os pa\u00edses. O an\u00fancio ocorre um dia ap\u00f3s a gest\u00e3o do novo presidente Lee Jae Myung, do Partido Democr\u00e1tico da Coreia (DPK, por sua sigla em ingl\u00eas) ter determinado a suspens\u00e3o completa [&hellip;]<\/p>\n","protected":false},"author":2,"featured_media":0,"comment_status":"closed","ping_status":"closed","sticky":false,"template":"","format":"standard","meta":{"fifu_image_url":"","fifu_image_alt":"","footnotes":""},"categories":[8189,1236,1120,3507,7269,5518,4644,3509,8190,8095],"tags":[],"class_list":["post-33186","post","type-post","status-publish","format-standard","hentry","category-alto-falantes","category-coreia-do-norte","category-coreia-do-sul","category-kim-jong-un","category-lee-jae-myung","category-politica-e-economia","category-propaganda","category-pyongyang","category-seul","category-transmissao"],"_links":{"self":[{"href":"https:\/\/redept.com.br\/blogosfera\/wp-json\/wp\/v2\/posts\/33186","targetHints":{"allow":["GET"]}}],"collection":[{"href":"https:\/\/redept.com.br\/blogosfera\/wp-json\/wp\/v2\/posts"}],"about":[{"href":"https:\/\/redept.com.br\/blogosfera\/wp-json\/wp\/v2\/types\/post"}],"author":[{"embeddable":true,"href":"https:\/\/redept.com.br\/blogosfera\/wp-json\/wp\/v2\/users\/2"}],"replies":[{"embeddable":true,"href":"https:\/\/redept.com.br\/blogosfera\/wp-json\/wp\/v2\/comments?post=33186"}],"version-history":[{"count":0,"href":"https:\/\/redept.com.br\/blogosfera\/wp-json\/wp\/v2\/posts\/33186\/revisions"}],"wp:attachment":[{"href":"https:\/\/redept.com.br\/blogosfera\/wp-json\/wp\/v2\/media?parent=33186"}],"wp:term":[{"taxonomy":"category","embeddable":true,"href":"https:\/\/redept.com.br\/blogosfera\/wp-json\/wp\/v2\/categories?post=33186"},{"taxonomy":"post_tag","embeddable":true,"href":"https:\/\/redept.com.br\/blogosfera\/wp-json\/wp\/v2\/tags?post=33186"}],"curies":[{"name":"wp","href":"https:\/\/api.w.org\/{rel}","templated":true}]}}