{"id":33262,"date":"2025-06-13T12:58:18","date_gmt":"2025-06-13T15:58:18","guid":{"rendered":"https:\/\/redept.org\/blogosfera\/mtst-protesta-em-obras-do-minhocao-em-sp-contra-politica-de-nunes-e-mello-araujo-para-varrer-pobres-do-centro\/"},"modified":"2025-06-13T12:58:18","modified_gmt":"2025-06-13T15:58:18","slug":"mtst-protesta-em-obras-do-minhocao-em-sp-contra-politica-de-nunes-e-mello-araujo-para-varrer-pobres-do-centro","status":"publish","type":"post","link":"https:\/\/redept.com.br\/blogosfera\/mtst-protesta-em-obras-do-minhocao-em-sp-contra-politica-de-nunes-e-mello-araujo-para-varrer-pobres-do-centro\/","title":{"rendered":"MTST protesta em obras do Minhoc\u00e3o, em SP, contra pol\u00edtica de Nunes e Mello Ara\u00fajo \u2018para varrer pobres do centro\u2019"},"content":{"rendered":"<p>O Movimento dos Trabalhadores Sem Teto (<a href=\"https:\/\/www.brasildefato.com.br\/2025\/06\/12\/mtst-reforca-campanha-de-doacoes-para-manter-ocupacao-no-centro-do-rio\/\">MTST<\/a>) tomou o canteiro de obras do Minhoc\u00e3o, como \u00e9 conhecido o viaduto elevado presidente Jo\u00e3o Goulart, no centro de S\u00e3o Paulo (SP), na manh\u00e3 desta sexta-feira (13). O protesto acontece nas obras do chamado \u201cjardim de chuva\u201d, anunciado pela prefeitura de Ricardo Nunes (MDB) como parte de um plano de \u201crequalifica\u00e7\u00e3o\u201d da regi\u00e3o central da capital paulista.<\/p>\n<p>\u201cN\u00e3o \u00e9 revitaliza\u00e7\u00e3o, \u00e9 higieniza\u00e7\u00e3o\u201d e \u201cJardim do Nunes: florido por cima, desumano por baixo\u201d estampavam faixas do protesto dos sem-teto. \u201cS\u00f3 n\u00e3o v\u00ea quem fecha os olhos; ele [Nunes] e o governador Tarc\u00edsio est\u00e3o varrendo os pobres das regi\u00f5es que interessam \u00e0 <a href=\"https:\/\/www.brasildefato.com.br\/2025\/06\/11\/milhares-vao-as-ruas-em-ato-unificado-pela-suspensao-do-despejo-de-meio-milhao-de-pessoas-em-sp\/\">especula\u00e7\u00e3o imobili\u00e1ria<\/a>\u201d, ressalta Ana Paula Perles, da coordena\u00e7\u00e3o nacional do MTST.<\/p>\n<p>Os funcion\u00e1rios faziam um buraco no canteiro central da avenida Amaral Gurgel para a instala\u00e7\u00e3o do jardim quando foram surpreendidos pelo ato. Com os bra\u00e7os cruzados ao lado dos caminh\u00f5es da obra, observaram o protesto, que durou cerca de duas horas.\u00a0<\/p>\n<p>\u201cO MTST ocupou o canteiro de obras do \u2018jardim de chuva\u2019 que a prefeitura est\u00e1 fazendo para denunciar o processo intenso e violento que Tarc\u00edsio e Ricardo Nunes, de m\u00e3os dadas, v\u00eam promovendo de expuls\u00e3o das pessoas, sem alternativa habitacional digna\u201d, explica Beatriz Nowicki, coordenadora estadual do MTST. \u201cO problema gera uma f\u00e1brica de sem-tetos e expulsa as pessoas para cada vez mais para longe do centro, em nome da especula\u00e7\u00e3o imobili\u00e1ria\u201d, completa.\u00a0<\/p>\n<p>\u201cPara n\u00f3s, a prefeitura vem fazendo um balc\u00e3o de neg\u00f3cios com a cidade, com privatiza\u00e7\u00e3o e expuls\u00e3o das pessoas das \u00e1reas centrais e com muita trucul\u00eancia\u201d, avalia Nowicki.<\/p>\n<p>A manifesta\u00e7\u00e3o acontece no dia em que completa um m\u00eas desde que o fluxo da Cracol\u00e2ndia, local onde usu\u00e1rios e redutores de danos se juntavam na rua dos Gusm\u00f5es, foi esvaziado ap\u00f3s a\u00e7\u00f5es repressivas da Guarda Civil Metropolitana (GCM). Desde ent\u00e3o, pessoas em situa\u00e7\u00e3o de rua est\u00e3o pulverizadas pelo centro e denunciam a intensifica\u00e7\u00e3o da viol\u00eancia de Estado. \u00c9 neste contexto que uma massa de ar polar faz a capital paulista atingir o recorde de baixa temperatura no ano.\u00a0<\/p>\n<h4>Estacionamento e jardim no Minhoc\u00e3o<\/h4>\n<p>A obra alvo de protesto dos sem-teto come\u00e7ou no \u00faltimo s\u00e1bado (7), como uma rea\u00e7\u00e3o da gest\u00e3o Nunes \u00e0s cr\u00edticas feitas ao bols\u00e3o de vagas para estacionamento sob o viaduto. A ideia de colocar carros no local usado por pessoas em situa\u00e7\u00e3o de rua para se abrigar do frio e da chuva foi do vice-prefeito, o ex-comandante da Rota, coronel Mello Ara\u00fajo.\u00a0\u00a0<\/p>\n<p>Depois da m\u00e1 repercuss\u00e3o do estacionamento, a prefeitura come\u00e7ou o que chama de \u201csegunda fase de requalifica\u00e7\u00e3o\u201d ao longo de quatro quarteir\u00f5es da rua Amaral Gurgel, embaixo do elevado. Al\u00e9m do \u201cjardim de chuva\u201d, o plano \u00e9 fazer um bols\u00e3o para taxistas e um ponto de aluguel de bicicletas.<\/p>\n<p>Segundo a administra\u00e7\u00e3o municipal, os bols\u00f5es para carros e os jardins de chuva \u2013 instala\u00e7\u00f5es embaixo do viaduto com reservat\u00f3rios subterr\u00e2neos que armazenam \u00e1gua pluvial \u2013 v\u00e3o coexistir.\u00a0<\/p>\n<p>Procurada pelo <strong>Brasil de Fato<\/strong>, a gest\u00e3o Nunes afirmou que \u201ca revitaliza\u00e7\u00e3o de espa\u00e7os p\u00fablicos \u00e9 um ato cont\u00ednuo da administra\u00e7\u00e3o e que a requalifica\u00e7\u00e3o daquela \u00e1rea \u00e9 uma demanda da popula\u00e7\u00e3o\u201d.\u00a0<\/p>\n<p>\u201cA gest\u00e3o reitera que tem ampliado as ciclovias na cidade e a que est\u00e1 localizada sob o Minhoc\u00e3o ser\u00e1 mantida. Sobre a quest\u00e3o dos moradores de rua, a Prefeitura reitera que tem a maior rede socioassistencial do pa\u00eds, com 29 mil vagas para pessoas em situa\u00e7\u00e3o de rua\u201d, diz a nota da prefeitura.<\/p>\n<p>O urbanista e vereador Nabil Bonduki (PT) esteve no canteiro de obras na \u00faltima quinta-feira (12) e, em sua <a href=\"https:\/\/www.instagram.com\/reel\/DKx6ZZbva-P\/\">rede social<\/a>, afirma que o jardim \u201cn\u00e3o corresponde ao que vem sendo propagandeado\u201d.\u00a0\u00a0<\/p>\n<p>\u201cA come\u00e7ar pelo fato de que a chuva n\u00e3o cai ali, em um local coberto pela estrutura do elevado. Nem h\u00e1 incid\u00eancia de sol adequada para o desenvolvimento da vegeta\u00e7\u00e3o\u201d, avalia Bonduki.\u00a0<\/p>\n<p>\u201cTrata-se de um canteiro que vai receber a \u00e1gua drenada l\u00e1 de cima do Minhoc\u00e3o. Esse sistema de drenagem precisa ser muito bem feito para dar conta da grande quantidade de \u00e1gua nas chuvas fortes para n\u00e3o gerar inunda\u00e7\u00f5es na Amaral Gurgel\u201d, alerta o urbanista, que diz ter falado com os funcion\u00e1rios da obra. \u201cA situa\u00e7\u00e3o est\u00e1 t\u00e3o mal planejada que os trabalhadores n\u00e3o t\u00eam um exato conhecimento sobre o projeto\u201d, alega.<\/p>\n<p>\u201cA falta de planejamento e a improvisa\u00e7\u00e3o\u201d, conclui Bonduki, \u201csugerem que o objetivo principal continua sendo simplesmente desalojar a popula\u00e7\u00e3o em situa\u00e7\u00e3o de rua com mais uma obra de arquitetura hostil, o que \u00e9 proibido pela Lei Padre J\u00falio Lancellotti\u201d.<\/p>\n<p>O post <a href=\"https:\/\/www.brasildefato.com.br\/2025\/06\/13\/mtst-protesta-em-obras-do-minhocao-em-sp-contra-politica-de-nunes-e-mello-araujo-para-varrer-pobres-do-centro\/\">MTST protesta em obras do Minhoc\u00e3o, em SP, contra pol\u00edtica de Nunes e Mello Ara\u00fajo \u2018para varrer pobres do centro\u2019<\/a> apareceu primeiro em <a href=\"https:\/\/www.brasildefato.com.br\/\">Brasil de Fato<\/a>.<\/p>\n<!-- Begin Yuzo --><div class='yuzo_related_post style-1'  data-version='5.12.89'><!-- without result --><div class='yuzo_clearfixed yuzo__title yuzo__title'><h3>Related Post<\/h3><\/div>\n\t\t\t\t\t\t  <div class=\"relatedthumb \" style=\"width:125px;float:left;overflow:hidden;\">  \n\t\t\t\t\t\t\t  \n\t\t\t\t\t\t\t  <a  href=\"https:\/\/redept.com.br\/blogosfera\/lula-defende-reducao-de-emissoes-e-exalta-participacao-social-na-cop30\/\"  >\n\t\t\t\t\t\t\t\t\t  <div class=\"yuzo-img-wrap \" style=\"width: 125px;height:90px;\">\n\t\t\t\t\t\t\t\t\t\t\n\t\t\t\t\t\t\t\t\t\t<div class=\"yuzo-img\" style=\"background:url('https:\/\/redept.org\/blogosfera\/wp-content\/plugins\/yuzo-related-post\/assets\/images\/default.png') 50% 50% no-repeat;width: 125px;height:90px;margin-bottom: 5px;background-size: cover; \"><\/div>\n\t\t\t\t\t\t\t\t\t  <\/div>\n\t\t\t\t\t\t\t\t\t  \n\t\t\t\t\t\t\t\t   <span class=\"yuzo__text--title\" style=\"font-size:13px;\">Lula defende redu\u00e7\u00e3o de emiss\u00f5es e exalta particip...<\/span>\n\t\t\t\t\t\t\t  \n\t\t\t\t\t\t\t  \n\t\t\t\t\t\t\t  <\/a>\n\n\t\t\t\t\t\t  <\/div>\n\t\t\t\t\t\t  <div class=\"relatedthumb \" style=\"width:125px;float:left;overflow:hidden;\">  \n\t\t\t\t\t\t\t  \n\t\t\t\t\t\t\t  <a  href=\"https:\/\/redept.com.br\/blogosfera\/stf-definira-se-fim-da-saidinha-alcanca-quem-ja-cumpria-pena-antes-da-lei\/\"  >\n\t\t\t\t\t\t\t\t\t  <div class=\"yuzo-img-wrap \" style=\"width: 125px;height:90px;\">\n\t\t\t\t\t\t\t\t\t\t\n\t\t\t\t\t\t\t\t\t\t<div class=\"yuzo-img\" style=\"background:url('https:\/\/redept.com.br\/blogosfera\/wp-content\/uploads\/2025\/03\/Plnario-STF-1-150x150.jpg') 50% 50% no-repeat;width: 125px;height:90px;margin-bottom: 5px;background-size: cover; \"><\/div>\n\t\t\t\t\t\t\t\t\t  <\/div>\n\t\t\t\t\t\t\t\t\t  \n\t\t\t\t\t\t\t\t   <span class=\"yuzo__text--title\" style=\"font-size:13px;\">STF definir\u00e1 se fim da \u201csaidinha\u201d alcan\u00e7a quem j\u00e1 ...<\/span>\n\t\t\t\t\t\t\t  \n\t\t\t\t\t\t\t  \n\t\t\t\t\t\t\t  <\/a>\n\n\t\t\t\t\t\t  <\/div>\n\t\t\t\t\t\t  <div class=\"relatedthumb \" style=\"width:125px;float:left;overflow:hidden;\">  \n\t\t\t\t\t\t\t  \n\t\t\t\t\t\t\t  <a  href=\"https:\/\/redept.com.br\/blogosfera\/arte-em-grande-escala-da-voz-as-aguas-e-memorias-do-aglomerado-da-serra-em-bh\/\"  >\n\t\t\t\t\t\t\t\t\t  <div class=\"yuzo-img-wrap \" style=\"width: 125px;height:90px;\">\n\t\t\t\t\t\t\t\t\t\t\n\t\t\t\t\t\t\t\t\t\t<div class=\"yuzo-img\" style=\"background:url('https:\/\/redept.org\/blogosfera\/wp-content\/plugins\/yuzo-related-post\/assets\/images\/default.png') 50% 50% no-repeat;width: 125px;height:90px;margin-bottom: 5px;background-size: cover; \"><\/div>\n\t\t\t\t\t\t\t\t\t  <\/div>\n\t\t\t\t\t\t\t\t\t  \n\t\t\t\t\t\t\t\t   <span class=\"yuzo__text--title\" style=\"font-size:13px;\">Arte em grande escala d\u00e1 voz \u00e0s \u00e1guas e mem\u00f3rias d...<\/span>\n\t\t\t\t\t\t\t  \n\t\t\t\t\t\t\t  \n\t\t\t\t\t\t\t  <\/a>\n\n\t\t\t\t\t\t  <\/div>\n\t\t\t\t\t\t  <div class=\"relatedthumb \" style=\"width:125px;float:left;overflow:hidden;\">  \n\t\t\t\t\t\t\t  \n\t\t\t\t\t\t\t  <a  href=\"https:\/\/redept.com.br\/blogosfera\/filme-de-caco-ciocler-em-homenagem-a-pepe-mujica-ganha-sessao-gratuita-em-sao-paulo\/\"  >\n\t\t\t\t\t\t\t\t\t  <div class=\"yuzo-img-wrap \" style=\"width: 125px;height:90px;\">\n\t\t\t\t\t\t\t\t\t\t\n\t\t\t\t\t\t\t\t\t\t<div class=\"yuzo-img\" style=\"background:url('https:\/\/redept.com.br\/blogosfera\/wp-content\/uploads\/2025\/06\/fe84b53c-e1de-4181-8646-519349298ba0-150x150.jpeg') 50% 50% no-repeat;width: 125px;height:90px;margin-bottom: 5px;background-size: cover; \"><\/div>\n\t\t\t\t\t\t\t\t\t  <\/div>\n\t\t\t\t\t\t\t\t\t  \n\t\t\t\t\t\t\t\t   <span class=\"yuzo__text--title\" style=\"font-size:13px;\">Filme de Caco Ciocler em homenagem a Pepe Mujica g...<\/span>\n\t\t\t\t\t\t\t  \n\t\t\t\t\t\t\t  \n\t\t\t\t\t\t\t  <\/a>\n\n\t\t\t\t\t\t  <\/div>\n<\/div> <script>\n\t\t\t\t\t\t  jQuery(document).ready(function( $ ){\n\t\t\t\t\t\t\t\/\/jQuery('.yuzo_related_post').equalizer({ overflow : 'relatedthumb' });\n\t\t\t\t\t\t\tjQuery('.yuzo_related_post .yuzo_wraps').equalizer({ columns : '> div' });\n\t\t\t\t\t\t   })\n\t\t\t\t\t\t  <\/script> <!-- End Yuzo :) -->","protected":false},"excerpt":{"rendered":"<p>O Movimento dos Trabalhadores Sem Teto (MTST) tomou o canteiro de obras do Minhoc\u00e3o, como \u00e9 conhecido o viaduto elevado presidente Jo\u00e3o Goulart, no centro de S\u00e3o Paulo (SP), na manh\u00e3 desta sexta-feira (13). O protesto acontece nas obras do chamado \u201cjardim de chuva\u201d, anunciado pela prefeitura de Ricardo Nunes (MDB) como parte de um [&hellip;]<\/p>\n","protected":false},"author":2,"featured_media":0,"comment_status":"closed","ping_status":"closed","sticky":false,"template":"","format":"standard","meta":{"fifu_image_url":"","fifu_image_alt":"","footnotes":""},"categories":[1011,7926,494],"tags":[],"class_list":["post-33262","post","type-post","status-publish","format-standard","hentry","category-cidades","category-mtst","category-ricardo-nunes"],"_links":{"self":[{"href":"https:\/\/redept.com.br\/blogosfera\/wp-json\/wp\/v2\/posts\/33262","targetHints":{"allow":["GET"]}}],"collection":[{"href":"https:\/\/redept.com.br\/blogosfera\/wp-json\/wp\/v2\/posts"}],"about":[{"href":"https:\/\/redept.com.br\/blogosfera\/wp-json\/wp\/v2\/types\/post"}],"author":[{"embeddable":true,"href":"https:\/\/redept.com.br\/blogosfera\/wp-json\/wp\/v2\/users\/2"}],"replies":[{"embeddable":true,"href":"https:\/\/redept.com.br\/blogosfera\/wp-json\/wp\/v2\/comments?post=33262"}],"version-history":[{"count":0,"href":"https:\/\/redept.com.br\/blogosfera\/wp-json\/wp\/v2\/posts\/33262\/revisions"}],"wp:attachment":[{"href":"https:\/\/redept.com.br\/blogosfera\/wp-json\/wp\/v2\/media?parent=33262"}],"wp:term":[{"taxonomy":"category","embeddable":true,"href":"https:\/\/redept.com.br\/blogosfera\/wp-json\/wp\/v2\/categories?post=33262"},{"taxonomy":"post_tag","embeddable":true,"href":"https:\/\/redept.com.br\/blogosfera\/wp-json\/wp\/v2\/tags?post=33262"}],"curies":[{"name":"wp","href":"https:\/\/api.w.org\/{rel}","templated":true}]}}