{"id":33567,"date":"2025-06-15T11:20:27","date_gmt":"2025-06-15T14:20:27","guid":{"rendered":"https:\/\/redept.org\/blogosfera\/itamaraty-tenta-retirada-de-politicos-brasileiros-que-visitavam-israel-via-jordania\/"},"modified":"2025-06-15T11:20:27","modified_gmt":"2025-06-15T14:20:27","slug":"itamaraty-tenta-retirada-de-politicos-brasileiros-que-visitavam-israel-via-jordania","status":"publish","type":"post","link":"https:\/\/redept.com.br\/blogosfera\/itamaraty-tenta-retirada-de-politicos-brasileiros-que-visitavam-israel-via-jordania\/","title":{"rendered":"Itamaraty tenta retirada de pol\u00edticos brasileiros que visitavam Israel via Jord\u00e2nia"},"content":{"rendered":"<section>\n<div>\n<p><strong>Da Ag\u00eancia Brasil<\/strong><\/p>\n<p>O ministro das Rela\u00e7\u00f5es Exteriores, Mauro Vieira, conversou neste s\u00e1bado (14) com o ministro das Rela\u00e7\u00f5es Exteriores da Jord\u00e2nia, Ayman Safadi, para abrir uma rota de retirada das comitivas de pol\u00edticos brasileiros em Israel ap\u00f3s o in\u00edcio dos conflitos com o Ir\u00e3. Em nota, o Itamaraty afirmou que tenta uma viagem das autoridades estaduais e municipais por terra at\u00e9 a fronteira com a Jord\u00e2nia, assim que as condi\u00e7\u00f5es de seguran\u00e7a em Israel permitirem.<\/p>\n<p>\u201cO ministro das Rela\u00e7\u00f5es Exteriores manteve contato hoje [s\u00e1bado] com seu hom\u00f3logo da Jord\u00e2nia, com o objetivo de abrir uma alternativa de evacua\u00e7\u00e3o por aquele pa\u00eds, quando as condi\u00e7\u00f5es de seguran\u00e7a em Israel permitam um deslocamento por terra at\u00e9 a fronteira\u201d, informou o Itamaraty em comunicado.<\/p>\n<p>Segundo a pasta, o governo brasileiro tomou conhecimento da presen\u00e7a de duas comitivas de autoridades estaduais e municipais brasileiras em Israel, a convite do governo do pa\u00eds. O comunicado ressalta que as opera\u00e7\u00f5es do aeroporto Internacional de Tel Aviv est\u00e3o suspensas desde o in\u00edcio dos bombardeios como uma das consequ\u00eancias da crise, por causa da interdi\u00e7\u00e3o do espa\u00e7o a\u00e9reo em Israel, no Iraque e no Ir\u00e3.<\/p>\n<p>O Itamaraty tamb\u00e9m confirmou conversas com diplomatas israelenses. Segundo o minist\u00e9rio, a embaixada do Brasil em Tel Aviv est\u00e1 em contato com as delega\u00e7\u00f5es de pol\u00edticos brasileiros, e o Minist\u00e9rio das Rela\u00e7\u00f5es Exteriores contatou o Minist\u00e9rio de Rela\u00e7\u00f5es Exteriores de Israel para que duas comitivas tenham garantias de seguran\u00e7a e possam retornar ao Brasil assim que as condi\u00e7\u00f5es naquele pa\u00eds permitirem.<\/p>\n<p>\u201cO secret\u00e1rio de \u00c1frica e Oriente M\u00e9dio manteve contato telef\u00f4nico com seu hom\u00f3logo da chancelaria israelense, ocasi\u00e3o em que pediu tratamento priorit\u00e1rio \u00e0 sa\u00edda em seguran\u00e7a das delega\u00e7\u00f5es brasileiras. At\u00e9 o momento, autoridades israelenses t\u00eam aconselhado as comitivas estrangeiras a permanecerem no pa\u00eds, at\u00e9 que as condi\u00e7\u00f5es permitam qualquer deslocamento desses grupos por via a\u00e9rea ou terrestre\u201d, destacou o comunicado.<\/p>\n<\/p><\/div>\n<\/section>\n<section><\/section>\n<section>\n<div>\n        Feira de seguran\u00e7a    <\/div>\n<\/section>\n<section><\/section>\n<section>\n<div>\n<p>As comitivas de pol\u00edticos brasileiros estavam participando de uma feira de tecnologia e seguran\u00e7a em Israel quando foram surpreendidas pelo in\u00edcio do conflito entre o pa\u00eds e o Ir\u00e3. As delega\u00e7\u00f5es estaduais e municipais est\u00e3o abrigadas em bunkers subterr\u00e2neos para escapar das bombas e dos drones vindos do Ir\u00e3.<\/p>\n<p>Na sexta-feira (13), o presidente da C\u00e2mara dos Deputados, Hugo Motta, havia informado, por meio das redes sociais, que a C\u00e2mara est\u00e1 atenta para garantir a seguran\u00e7a e o retorno das autoridades que est\u00e3o em Israel . Entre os pol\u00edticos nos bunkers subterr\u00e2neos, est\u00e3o o prefeito de Belo Horizonte, \u00c1lvaro Dami\u00e3o (Uni\u00e3o Brasil), e de Jo\u00e3o Pessoa, C\u00edcero Lucena (Progressistas).<\/p>\n<\/p><\/div>\n<\/section>\n<p>O post <a href=\"https:\/\/sul21.com.br\/noticias\/internacional\/2025\/06\/itamaraty-tenta-retirada-de-politicos-brasileiros-que-visitavam-israel-via-jordania\/\">Itamaraty tenta retirada de pol\u00edticos brasileiros que visitavam Israel via Jord\u00e2nia<\/a> apareceu primeiro em <a href=\"https:\/\/sul21.com.br\/\">Sul 21<\/a>.<\/p>\n<!-- Begin Yuzo --><div class='yuzo_related_post style-1'  data-version='5.12.89'><!-- without result --><div class='yuzo_clearfixed yuzo__title yuzo__title'><h3>Related Post<\/h3><\/div>\n\t\t\t\t\t\t  <div class=\"relatedthumb \" style=\"width:125px;float:left;overflow:hidden;\">  \n\t\t\t\t\t\t\t  \n\t\t\t\t\t\t\t  <a  href=\"https:\/\/redept.com.br\/blogosfera\/pib-cresce-14-no-primeiro-trimestre-de-2025\/\"  >\n\t\t\t\t\t\t\t\t\t  <div class=\"yuzo-img-wrap \" style=\"width: 125px;height:90px;\">\n\t\t\t\t\t\t\t\t\t\t\n\t\t\t\t\t\t\t\t\t\t<div class=\"yuzo-img\" style=\"background:url('https:\/\/redept.org\/blogosfera\/wp-content\/plugins\/yuzo-related-post\/assets\/images\/default.png') 50% 50% no-repeat;width: 125px;height:90px;margin-bottom: 5px;background-size: cover; \"><\/div>\n\t\t\t\t\t\t\t\t\t  <\/div>\n\t\t\t\t\t\t\t\t\t  \n\t\t\t\t\t\t\t\t   <span class=\"yuzo__text--title\" style=\"font-size:13px;\">PIB cresce 1,4% no primeiro trimestre de 2025<\/span>\n\t\t\t\t\t\t\t  \n\t\t\t\t\t\t\t  \n\t\t\t\t\t\t\t  <\/a>\n\n\t\t\t\t\t\t  <\/div>\n\t\t\t\t\t\t  <div class=\"relatedthumb \" style=\"width:125px;float:left;overflow:hidden;\">  \n\t\t\t\t\t\t\t  \n\t\t\t\t\t\t\t  <a  href=\"https:\/\/redept.com.br\/blogosfera\/camara-fiscalizara-renuncia-fiscal-do-perse-que-se-aproxima-de-r-15-bilhoes\/\"  >\n\t\t\t\t\t\t\t\t\t  <div class=\"yuzo-img-wrap \" style=\"width: 125px;height:90px;\">\n\t\t\t\t\t\t\t\t\t\t\n\t\t\t\t\t\t\t\t\t\t<div class=\"yuzo-img\" style=\"background:url('https:\/\/redept.com.br\/blogosfera\/wp-content\/uploads\/2025\/07\/Daniel-Perse-150x150.jpg') 50% 50% no-repeat;width: 125px;height:90px;margin-bottom: 5px;background-size: cover; \"><\/div>\n\t\t\t\t\t\t\t\t\t  <\/div>\n\t\t\t\t\t\t\t\t\t  \n\t\t\t\t\t\t\t\t   <span class=\"yuzo__text--title\" style=\"font-size:13px;\">C\u00e2mara fiscalizar\u00e1 ren\u00fancia fiscal do Perse que se...<\/span>\n\t\t\t\t\t\t\t  \n\t\t\t\t\t\t\t  \n\t\t\t\t\t\t\t  <\/a>\n\n\t\t\t\t\t\t  <\/div>\n\t\t\t\t\t\t  <div class=\"relatedthumb \" style=\"width:125px;float:left;overflow:hidden;\">  \n\t\t\t\t\t\t\t  \n\t\t\t\t\t\t\t  <a  href=\"https:\/\/redept.com.br\/blogosfera\/comunicadores-organizam-acoes-para-amplificar-solidariedade-a-cuba\/\"  >\n\t\t\t\t\t\t\t\t\t  <div class=\"yuzo-img-wrap \" style=\"width: 125px;height:90px;\">\n\t\t\t\t\t\t\t\t\t\t\n\t\t\t\t\t\t\t\t\t\t<div class=\"yuzo-img\" style=\"background:url('https:\/\/redept.com.br\/blogosfera\/wp-content\/uploads\/2026\/03\/Captura-de-Tela-2026-03-14-as-173951-2048x1038-1-150x150.png') 50% 50% no-repeat;width: 125px;height:90px;margin-bottom: 5px;background-size: cover; \"><\/div>\n\t\t\t\t\t\t\t\t\t  <\/div>\n\t\t\t\t\t\t\t\t\t  \n\t\t\t\t\t\t\t\t   <span class=\"yuzo__text--title\" style=\"font-size:13px;\">Comunicadores organizam a\u00e7\u00f5es para amplificar soli...<\/span>\n\t\t\t\t\t\t\t  \n\t\t\t\t\t\t\t  \n\t\t\t\t\t\t\t  <\/a>\n\n\t\t\t\t\t\t  <\/div>\n\t\t\t\t\t\t  <div class=\"relatedthumb \" style=\"width:125px;float:left;overflow:hidden;\">  \n\t\t\t\t\t\t\t  \n\t\t\t\t\t\t\t  <a  href=\"https:\/\/redept.com.br\/blogosfera\/por-que-tantos-papas-escolhem-o-nome-leao\/\"  >\n\t\t\t\t\t\t\t\t\t  <div class=\"yuzo-img-wrap \" style=\"width: 125px;height:90px;\">\n\t\t\t\t\t\t\t\t\t\t\n\t\t\t\t\t\t\t\t\t\t<div class=\"yuzo-img\" style=\"background:url('https:\/\/redept.com.br\/blogosfera\/wp-content\/uploads\/2025\/05\/O-Encontro-de-Leao-Magno-e-Atila-Rafael-150x150.jpg') 50% 50% no-repeat;width: 125px;height:90px;margin-bottom: 5px;background-size: cover; \"><\/div>\n\t\t\t\t\t\t\t\t\t  <\/div>\n\t\t\t\t\t\t\t\t\t  \n\t\t\t\t\t\t\t\t   <span class=\"yuzo__text--title\" style=\"font-size:13px;\">Por que tantos papas escolhem o nome Le\u00e3o?<\/span>\n\t\t\t\t\t\t\t  \n\t\t\t\t\t\t\t  \n\t\t\t\t\t\t\t  <\/a>\n\n\t\t\t\t\t\t  <\/div>\n<\/div> <script>\n\t\t\t\t\t\t  jQuery(document).ready(function( $ ){\n\t\t\t\t\t\t\t\/\/jQuery('.yuzo_related_post').equalizer({ overflow : 'relatedthumb' });\n\t\t\t\t\t\t\tjQuery('.yuzo_related_post .yuzo_wraps').equalizer({ columns : '> div' });\n\t\t\t\t\t\t   })\n\t\t\t\t\t\t  <\/script> <!-- End Yuzo :) -->","protected":false},"excerpt":{"rendered":"<p>Da Ag\u00eancia Brasil O ministro das Rela\u00e7\u00f5es Exteriores, Mauro Vieira, conversou neste s\u00e1bado (14) com o ministro das Rela\u00e7\u00f5es Exteriores da Jord\u00e2nia, Ayman Safadi, para abrir uma rota de retirada das comitivas de pol\u00edticos brasileiros em Israel ap\u00f3s o in\u00edcio dos conflitos com o Ir\u00e3. Em nota, o Itamaraty afirmou que tenta uma viagem das [&hellip;]<\/p>\n","protected":false},"author":2,"featured_media":0,"comment_status":"closed","ping_status":"closed","sticky":false,"template":"","format":"standard","meta":{"fifu_image_url":"","fifu_image_alt":"","footnotes":""},"categories":[8327,8328,50,25],"tags":[],"class_list":["post-33567","post","type-post","status-publish","format-standard","hentry","category-autoridades","category-brasileiras","category-internacional","category-israel"],"_links":{"self":[{"href":"https:\/\/redept.com.br\/blogosfera\/wp-json\/wp\/v2\/posts\/33567","targetHints":{"allow":["GET"]}}],"collection":[{"href":"https:\/\/redept.com.br\/blogosfera\/wp-json\/wp\/v2\/posts"}],"about":[{"href":"https:\/\/redept.com.br\/blogosfera\/wp-json\/wp\/v2\/types\/post"}],"author":[{"embeddable":true,"href":"https:\/\/redept.com.br\/blogosfera\/wp-json\/wp\/v2\/users\/2"}],"replies":[{"embeddable":true,"href":"https:\/\/redept.com.br\/blogosfera\/wp-json\/wp\/v2\/comments?post=33567"}],"version-history":[{"count":0,"href":"https:\/\/redept.com.br\/blogosfera\/wp-json\/wp\/v2\/posts\/33567\/revisions"}],"wp:attachment":[{"href":"https:\/\/redept.com.br\/blogosfera\/wp-json\/wp\/v2\/media?parent=33567"}],"wp:term":[{"taxonomy":"category","embeddable":true,"href":"https:\/\/redept.com.br\/blogosfera\/wp-json\/wp\/v2\/categories?post=33567"},{"taxonomy":"post_tag","embeddable":true,"href":"https:\/\/redept.com.br\/blogosfera\/wp-json\/wp\/v2\/tags?post=33567"}],"curies":[{"name":"wp","href":"https:\/\/api.w.org\/{rel}","templated":true}]}}