{"id":33755,"date":"2025-06-16T18:59:27","date_gmt":"2025-06-16T21:59:27","guid":{"rendered":"https:\/\/redept.org\/blogosfera\/stedile-como-enfrentar-de-fato-a-crise-ambiental\/"},"modified":"2025-06-16T18:59:27","modified_gmt":"2025-06-16T21:59:27","slug":"stedile-como-enfrentar-de-fato-a-crise-ambiental","status":"publish","type":"post","link":"https:\/\/redept.com.br\/blogosfera\/stedile-como-enfrentar-de-fato-a-crise-ambiental\/","title":{"rendered":"Stedile: Como enfrentar de fato a crise ambiental?"},"content":{"rendered":"<figure><img loading=\"lazy\" loading=\"lazy\" decoding=\"async\" width=\"1280\" height=\"765\"src=\"https:\/\/redept.org\/blogosfera\/wp-content\/uploads\/2025\/06\/5080575995249012502.jpg\" alt=\"\" srcset=\"https:\/\/redept.org\/blogosfera\/wp-content\/uploads\/2025\/06\/5080575995249012502.jpg 1280w, https:\/\/outraspalavras.net\/wp-content\/uploads\/2025\/06\/5080575995249012502-300x179.jpg 300w, https:\/\/outraspalavras.net\/wp-content\/uploads\/2025\/06\/5080575995249012502-768x459.jpg 768w\" sizes=\"auto, (max-width: 1280px) 100vw, 1280px\"><\/figure>\n<div>\n<div>\n<div>\n<div>\n<div>\n<div>\n<div>\n<h4>Boletim Outras Palavras<\/h4>\n<p>Receba por email, diariamente, todas as publica\u00e7\u00f5es do site<\/p>\n<\/p><\/div>\n<div>\n<div>\n<div>\n<div>\n<div><\/div>\n<\/p><\/div>\n<\/p><\/div>\n<div>\n                <button type=\"submit\">Assinar<\/button><br \/>\n                <button disabled type=\"button\"> <\/p>\n<div><\/div>\n<p> <span>Loading&#8230;<\/span> <\/button>\n              <\/div>\n<\/p><\/div>\n<\/p><\/div>\n<div>\n            <button type=\"submit\">Assinar<\/button><br \/>\n            <button disabled type=\"button\"> <\/p>\n<div><\/div>\n<p> <span>Loading&#8230;<\/span> <\/button>\n          <\/div>\n<\/p><\/div>\n<div>\n<div>\n<h4>Agradecemos!<\/h4>\n<p>Voc\u00ea j\u00e1 est\u00e1 inscrito e come\u00e7ar\u00e1 a receber os boletins em breve. Boa leitura!<\/p>\n<\/p><\/div>\n<\/p><\/div>\n<\/p><\/div>\n<\/p><\/div>\n<\/div>\n<\/div>\n<\/div>\n<p>Todos os dias, os jornais noticiam crimes ambientais cometidos por empresas e pelo agroneg\u00f3cio, \u00e1vidos por lucro f\u00e1cil. A apropria\u00e7\u00e3o privada de bens da natureza \u2014 como terras, \u00e1gua, florestas, biodiversidade e min\u00e9rios \u2014 proporciona lucros extraordin\u00e1rios.<\/p>\n<p>O uso de agrot\u00f3xicos, por exemplo, mata a biodiversidade, desequilibra a natureza, contamina o solo, as \u00e1guas do len\u00e7ol fre\u00e1tico, os rios, os peixes e at\u00e9 as chuvas. Assim, prejudica toda a sociedade e provoca enfermidades comprovadas, como o c\u00e2ncer. A cria\u00e7\u00e3o intensiva de gado bovino em grandes \u00e1reas, por sua vez, emite gases que contribuem para o efeito estufa, aumentando a temperatura do planeta.<\/p>\n<p>O Congresso Nacional e o Poder Judici\u00e1rio, com exce\u00e7\u00f5es, continuam \u201cpassando a boiada\u201d, facilitando a\u00e7\u00f5es criminosas contra a natureza. As consequ\u00eancias est\u00e3o diante de nossos olhos, prejudicando toda a sociedade: secas prolongadas, inc\u00eandios extensos, enchentes intensas, mudan\u00e7as clim\u00e1ticas, aumento dos ventos e at\u00e9 nuvens de poeira incontrol\u00e1veis.<\/p>\n<div>\n<div><a href=\"https:\/\/apoia.se\/outraspalavras\" aria-label=\"MAT\u00c9RIA-1\"><img loading=\"lazy\" loading=\"lazy\" decoding=\"async\"src=\"https:\/\/redept.org\/blogosfera\/wp-content\/uploads\/2025\/06\/MATERIA-1-5.png\" alt=\"\" srcset=\"https:\/\/redept.org\/blogosfera\/wp-content\/uploads\/2025\/06\/MATERIA-1-5.png 681w, https:\/\/outraspalavras.net\/wp-content\/uploads\/2023\/03\/MATERIA-1-300x75.png 300w\" sizes=\"auto, (max-width: 681px) 100vw, 681px\" width=\"681\" height=\"171\"><\/a><\/div>\n<\/div>\n<p>O cientista Carlos Nobre tem alertado que a temperatura m\u00e9dia do planeta aumentou 1,5\u202f\u00b0C e que 50 milh\u00f5es de hectares de \u00e1reas degradadas no Brasil precisam ser reflorestadas.<\/p>\n<p>A Amaz\u00f4nia est\u00e1 sob amea\u00e7a, o que pode alterar o ciclo agr\u00edcola e causar o avan\u00e7o do mar, inundando cidades inteiras.<\/p>\n<p>Mas quem se importa?<\/p>\n<p>Os capitalistas e suas influ\u00eancias no governo pregam o cr\u00e9dito de carbono como solu\u00e7\u00e3o. Ou seja, transformar o oxig\u00eanio das florestas j\u00e1 existentes em t\u00edtulos que poder\u00e3o ser vendidos no hemisf\u00e9rio Norte aos poluidores, que lucrariam ainda mais. Sonham com a cria\u00e7\u00e3o de um mercado de bilh\u00f5es de d\u00f3lares que, na pr\u00e1tica, nada muda na defesa da natureza e no controle dos gases de efeito estufa.<\/p>\n<p>Os festejos pelo aumento da exporta\u00e7\u00e3o de soja e carne bovina escondem suas consequ\u00eancias para a natureza e o equil\u00edbrio do ecossistema. O Brasil se apequena como pa\u00eds agroexportador, mesmo sendo capaz de construir empresas como a Embraer, que sozinha exporta metade do valor de toda a carne bovina.<\/p>\n<p>Os movimentos populares do campo, as entidades ambientalistas, as igrejas, amplos setores da universidade e da comunidade cient\u00edfica t\u00eam defendido um programa com solu\u00e7\u00f5es necess\u00e1rias e urgentes.<\/p>\n<p>Precisamos de desmatamento zero. N\u00e3o \u00e9 necess\u00e1rio derrubar nenhuma \u00e1rvore para atender \u00e0s necessidades do povo.<\/p>\n<div>\n<div><a href=\"https:\/\/circuito.ubueditora.com.br\/\" aria-label=\"circuito3anos-banner_outraspalavras\"><img loading=\"lazy\" loading=\"lazy\" decoding=\"async\"src=\"https:\/\/redept.org\/blogosfera\/wp-content\/uploads\/2025\/06\/circuito3anos-banner_outraspalavras-3.jpg\" alt=\"\" srcset=\"https:\/\/redept.org\/blogosfera\/wp-content\/uploads\/2025\/06\/circuito3anos-banner_outraspalavras-3.jpg 729w, https:\/\/outraspalavras.net\/wp-content\/uploads\/2022\/06\/circuito3anos-banner_outraspalavras-300x37.jpg 300w\" sizes=\"auto, (max-width: 729px) 100vw, 729px\" width=\"729\" height=\"90\"><\/a><\/div>\n<\/div>\n<p>\u00c9 preciso proibir a exporta\u00e7\u00e3o de madeira e ouro. \u00c9 urgente realizar um controle rigoroso das atividades de minera\u00e7\u00e3o e seus impactos ambientais.<\/p>\n<p>O pa\u00eds precisa instituir um plano nacional de reflorestamento, com recursos p\u00fablicos, para recuperar milh\u00f5es de hectares em todo o territ\u00f3rio.<\/p>\n<p>Tamb\u00e9m \u00e9 fundamental reflorestar as grandes cidades, a fim de enfrentar a polui\u00e7\u00e3o e amenizar o aumento das temperaturas.<\/p>\n<p>\u00c9 necess\u00e1rio encarar o problema do transporte individual movido a combust\u00edveis f\u00f3sseis, com um plano de transporte p\u00fablico de massa, gratuito e de qualidade.<\/p>\n<p>Al\u00e9m disso, devemos ampliar o uso da energia solar no maior n\u00famero poss\u00edvel de atividades produtivas.<\/p>\n<p>No campo, \u00e9 preciso avan\u00e7ar com a reforma agr\u00e1ria e criar um programa nacional de agroecologia para produzir alimentos saud\u00e1veis para todo o povo, sem o uso de agrot\u00f3xicos.<\/p>\n<p>\u00c9 hora de pararmos de nos iludir com solu\u00e7\u00f5es milagrosas na COP30, que tende a ser uma grande farsa \u2014 como tantas outras desde 1995.<\/p>\n<div>\n<div>\n<p><span><em>Outras Palavras \u00e9 feito por muitas m\u00e3os. Se voc\u00ea valoriza nossa produ\u00e7\u00e3o, contribua com um PIX para <strong>outrosquinhentos@outraspalavras.net<\/strong> e fortale\u00e7a o jornalismo cr\u00edtico.<\/em><\/span><\/p>\n<\/div>\n<\/div>\n<p>The post <a href=\"https:\/\/outraspalavras.net\/terraeantropoceno\/stedile-como-enfrentar-de-fato-a-crise-ambiental\/\">Stedile: Como enfrentar &lt;i&gt;de fato&lt;\/i&gt; a crise ambiental?<\/a> appeared first on <a href=\"https:\/\/outraspalavras.net\/\">Outras Palavras<\/a>.<\/p>\n<!-- Begin Yuzo --><div class='yuzo_related_post style-1'  data-version='5.12.89'><!-- without result --><div class='yuzo_clearfixed yuzo__title yuzo__title'><h3>Related Post<\/h3><\/div>\n\t\t\t\t\t\t  <div class=\"relatedthumb \" style=\"width:125px;float:left;overflow:hidden;\">  \n\t\t\t\t\t\t\t  \n\t\t\t\t\t\t\t  <a  href=\"https:\/\/redept.com.br\/blogosfera\/trump-anuncia-coalizao-militar-contra-carteis-nas-americas-para-destruir-redes-criminosas-de-uma-vez-por-todas-video\/\"  >\n\t\t\t\t\t\t\t\t\t  <div class=\"yuzo-img-wrap \" style=\"width: 125px;height:90px;\">\n\t\t\t\t\t\t\t\t\t\t\n\t\t\t\t\t\t\t\t\t\t<div class=\"yuzo-img\" style=\"background:url('https:\/\/redept.org\/blogosfera\/wp-content\/plugins\/yuzo-related-post\/assets\/images\/default.png') 50% 50% no-repeat;width: 125px;height:90px;margin-bottom: 5px;background-size: cover; \"><\/div>\n\t\t\t\t\t\t\t\t\t  <\/div>\n\t\t\t\t\t\t\t\t\t  \n\t\t\t\t\t\t\t\t   <span class=\"yuzo__text--title\" style=\"font-size:13px;\">Trump anuncia coaliz\u00e3o militar contra cart\u00e9is nas ...<\/span>\n\t\t\t\t\t\t\t  \n\t\t\t\t\t\t\t  \n\t\t\t\t\t\t\t  <\/a>\n\n\t\t\t\t\t\t  <\/div>\n\t\t\t\t\t\t  <div class=\"relatedthumb \" style=\"width:125px;float:left;overflow:hidden;\">  \n\t\t\t\t\t\t\t  \n\t\t\t\t\t\t\t  <a  href=\"https:\/\/redept.com.br\/blogosfera\/o-neoliberalismo-invade-o-campo-subjetivo\/\"  >\n\t\t\t\t\t\t\t\t\t  <div class=\"yuzo-img-wrap \" style=\"width: 125px;height:90px;\">\n\t\t\t\t\t\t\t\t\t\t\n\t\t\t\t\t\t\t\t\t\t<div class=\"yuzo-img\" style=\"background:url('https:\/\/redept.org\/blogosfera\/wp-content\/plugins\/yuzo-related-post\/assets\/images\/default.png') 50% 50% no-repeat;width: 125px;height:90px;margin-bottom: 5px;background-size: cover; \"><\/div>\n\t\t\t\t\t\t\t\t\t  <\/div>\n\t\t\t\t\t\t\t\t\t  \n\t\t\t\t\t\t\t\t   <span class=\"yuzo__text--title\" style=\"font-size:13px;\">O neoliberalismo invade o campo subjetivo\u00a0<\/span>\n\t\t\t\t\t\t\t  \n\t\t\t\t\t\t\t  \n\t\t\t\t\t\t\t  <\/a>\n\n\t\t\t\t\t\t  <\/div>\n\t\t\t\t\t\t  <div class=\"relatedthumb \" style=\"width:125px;float:left;overflow:hidden;\">  \n\t\t\t\t\t\t\t  \n\t\t\t\t\t\t\t  <a  href=\"https:\/\/redept.com.br\/blogosfera\/vitimas-de-feminicidio-aumentaram-96-no-estado-de-sp-em-quatro-anos\/\"  >\n\t\t\t\t\t\t\t\t\t  <div class=\"yuzo-img-wrap \" style=\"width: 125px;height:90px;\">\n\t\t\t\t\t\t\t\t\t\t\n\t\t\t\t\t\t\t\t\t\t<div class=\"yuzo-img\" style=\"background:url('https:\/\/redept.org\/blogosfera\/wp-content\/plugins\/yuzo-related-post\/assets\/images\/default.png') 50% 50% no-repeat;width: 125px;height:90px;margin-bottom: 5px;background-size: cover; \"><\/div>\n\t\t\t\t\t\t\t\t\t  <\/div>\n\t\t\t\t\t\t\t\t\t  \n\t\t\t\t\t\t\t\t   <span class=\"yuzo__text--title\" style=\"font-size:13px;\">V\u00edtimas de feminic\u00eddio aumentaram 96% no estado de...<\/span>\n\t\t\t\t\t\t\t  \n\t\t\t\t\t\t\t  \n\t\t\t\t\t\t\t  <\/a>\n\n\t\t\t\t\t\t  <\/div>\n\t\t\t\t\t\t  <div class=\"relatedthumb \" style=\"width:125px;float:left;overflow:hidden;\">  \n\t\t\t\t\t\t\t  \n\t\t\t\t\t\t\t  <a  href=\"https:\/\/redept.com.br\/blogosfera\/dandara-tonantzin-defende-responsabilizacao-de-nikolas-ferreira-apos-incidente-com-raio-em-caminhada\/\"  >\n\t\t\t\t\t\t\t\t\t  <div class=\"yuzo-img-wrap \" style=\"width: 125px;height:90px;\">\n\t\t\t\t\t\t\t\t\t\t\n\t\t\t\t\t\t\t\t\t\t<div class=\"yuzo-img\" style=\"background:url('https:\/\/redept.org\/blogosfera\/wp-content\/plugins\/yuzo-related-post\/assets\/images\/default.png') 50% 50% no-repeat;width: 125px;height:90px;margin-bottom: 5px;background-size: cover; \"><\/div>\n\t\t\t\t\t\t\t\t\t  <\/div>\n\t\t\t\t\t\t\t\t\t  \n\t\t\t\t\t\t\t\t   <span class=\"yuzo__text--title\" style=\"font-size:13px;\">Dandara Tonantzin defende responsabiliza\u00e7\u00e3o de Nik...<\/span>\n\t\t\t\t\t\t\t  \n\t\t\t\t\t\t\t  \n\t\t\t\t\t\t\t  <\/a>\n\n\t\t\t\t\t\t  <\/div>\n<\/div> <script>\n\t\t\t\t\t\t  jQuery(document).ready(function( $ ){\n\t\t\t\t\t\t\t\/\/jQuery('.yuzo_related_post').equalizer({ overflow : 'relatedthumb' });\n\t\t\t\t\t\t\tjQuery('.yuzo_related_post .yuzo_wraps').equalizer({ columns : '> div' });\n\t\t\t\t\t\t   })\n\t\t\t\t\t\t  <\/script> <!-- End Yuzo :) -->","protected":false},"excerpt":{"rendered":"<p>Boletim Outras Palavras Receba por email, diariamente, todas as publica\u00e7\u00f5es do site Assinar Loading&#8230; Assinar Loading&#8230; Agradecemos! Voc\u00ea j\u00e1 est\u00e1 inscrito e come\u00e7ar\u00e1 a receber os boletins em breve. Boa leitura! Todos os dias, os jornais noticiam crimes ambientais cometidos por empresas e pelo agroneg\u00f3cio, \u00e1vidos por lucro f\u00e1cil. A apropria\u00e7\u00e3o privada de bens da [&hellip;]<\/p>\n","protected":false},"author":2,"featured_media":33756,"comment_status":"open","ping_status":"closed","sticky":false,"template":"","format":"standard","meta":{"fifu_image_url":"","fifu_image_alt":"","footnotes":""},"categories":[2519,8215,154,8361,8362,302,6501,195,5840],"tags":[],"class_list":["post-33755","post","type-post","status-publish","format-standard","has-post-thumbnail","hentry","category-cop30","category-credito-de-carbono","category-crise-climatica","category-desmatamento-zero","category-movimento-dos-trabalhadores-sem-terra","category-mst","category-pl-da-devastacao","category-reforma-agraria","category-terra-e-antropoceno"],"_links":{"self":[{"href":"https:\/\/redept.com.br\/blogosfera\/wp-json\/wp\/v2\/posts\/33755","targetHints":{"allow":["GET"]}}],"collection":[{"href":"https:\/\/redept.com.br\/blogosfera\/wp-json\/wp\/v2\/posts"}],"about":[{"href":"https:\/\/redept.com.br\/blogosfera\/wp-json\/wp\/v2\/types\/post"}],"author":[{"embeddable":true,"href":"https:\/\/redept.com.br\/blogosfera\/wp-json\/wp\/v2\/users\/2"}],"replies":[{"embeddable":true,"href":"https:\/\/redept.com.br\/blogosfera\/wp-json\/wp\/v2\/comments?post=33755"}],"version-history":[{"count":0,"href":"https:\/\/redept.com.br\/blogosfera\/wp-json\/wp\/v2\/posts\/33755\/revisions"}],"wp:featuredmedia":[{"embeddable":true,"href":"https:\/\/redept.com.br\/blogosfera\/wp-json\/wp\/v2\/media\/33756"}],"wp:attachment":[{"href":"https:\/\/redept.com.br\/blogosfera\/wp-json\/wp\/v2\/media?parent=33755"}],"wp:term":[{"taxonomy":"category","embeddable":true,"href":"https:\/\/redept.com.br\/blogosfera\/wp-json\/wp\/v2\/categories?post=33755"},{"taxonomy":"post_tag","embeddable":true,"href":"https:\/\/redept.com.br\/blogosfera\/wp-json\/wp\/v2\/tags?post=33755"}],"curies":[{"name":"wp","href":"https:\/\/api.w.org\/{rel}","templated":true}]}}