{"id":33770,"date":"2025-06-16T18:30:06","date_gmt":"2025-06-16T21:30:06","guid":{"rendered":"https:\/\/redept.org\/blogosfera\/conferencia-de-bonn-inicia-debate-ambiental-previo-a-cop30\/"},"modified":"2025-06-16T18:30:06","modified_gmt":"2025-06-16T21:30:06","slug":"conferencia-de-bonn-inicia-debate-ambiental-previo-a-cop30","status":"publish","type":"post","link":"https:\/\/redept.com.br\/blogosfera\/conferencia-de-bonn-inicia-debate-ambiental-previo-a-cop30\/","title":{"rendered":"Confer\u00eancia de Bonn inicia debate ambiental pr\u00e9vio \u00e0 COP30"},"content":{"rendered":"<p>A 62\u00aa sess\u00e3o dos \u00d3rg\u00e3os Subsidi\u00e1rios da Conven\u00e7\u00e3o das Na\u00e7\u00f5es Unidas sobre Mudan\u00e7as Clim\u00e1ticas (SB 62) come\u00e7ou nesta segunda-feira (16\/12) no Centro Mundial de Confer\u00eancias de Bonn (WCCB), na Alemanha. A reuni\u00e3o, que se estende at\u00e9 o dia 26, \u00e9 a primeira rodada presencial do ano para negocia\u00e7\u00f5es globais sobre o tema e determinar\u00e1 quais debates devem prevalecer em novembro, na 30\u00aa Confer\u00eancia das Na\u00e7\u00f5es Unidas sobre Mudan\u00e7as Clim\u00e1ticas (COP30), em Bel\u00e9m do Par\u00e1.<\/p>\n<p>A agenda, na cidade de Bonn, ocorre anualmente e \u00e9 um momento de compartilhamento e atualiza\u00e7\u00f5es cient\u00edficas, tecnol\u00f3gicas e de impulsionar a constru\u00e7\u00e3o de consensos para viabilizar as a\u00e7\u00f5es clim\u00e1ticas. Em uma atua\u00e7\u00e3o intensa em encontros regionais e t\u00e9cnicos, a lideran\u00e7a brasileira \u2013 que conduzir\u00e1 as negocia\u00e7\u00f5es clim\u00e1ticas a partir de novembro \u2013 tem trabalhado na constru\u00e7\u00e3o de uma pauta de implementa\u00e7\u00e3o.<\/p>\n<p>De acordo com a gerente de Pol\u00edticas Clim\u00e1ticas do WRI-Brasil (institui\u00e7\u00e3o ambiental de pesquisa sem fins lucrativos) e integrante da delega\u00e7\u00e3o brasileira em Bonn, M\u00edriam Garcia, o primeiro desafio que ser\u00e1 enfrentado no ambiente multilateral \u00e9 a reconstru\u00e7\u00e3o de um ambiente de confian\u00e7a.<\/p>\n<p>\u201cA confer\u00eancia em Baku [COP29] acabou mais de um dia depois do esperado, Foram cerca de 30 horas depois do esperado, com momentos de tens\u00e3o muito grande, com algumas delega\u00e7\u00f5es saindo da sala no \u00faltimo minuto, com a possibilidade de a gente n\u00e3o conseguir aprovar o NCQG, que \u00e9 a meta de financiamento, Isso deixou marcas no processo multilateral\u201d, lembra.<\/p>\n<p>M\u00edriam destaca que a vis\u00e3o brasileira para a COP30 tem sido recebida pela comunidade internacional como altamente capacitada e inovadora, a exemplo da cria\u00e7\u00e3o do dia zero, nesse domingo (15\/06) que antecedeu a agenda oficial.<\/p>\n<p>A proposta divulgada pelo presidente designado da COP30, embaixador Andr\u00e9 Corr\u00eaa do Lago, em uma das cartas da vis\u00e3o brasileira, convidou os chefes de delega\u00e7\u00f5es para uma reuni\u00e3o com o objetivo de reconstruir esse ambiente de confian\u00e7a.<\/p>\n<p>\u201cO processo negociador s\u00f3 avan\u00e7a se houver confian\u00e7a ali. Quem est\u00e1 negociando pode pensar \u2013 eu posso ceder aqui e n\u00e3o posso ceder ali. Isso faz parte do jogo. Mas voc\u00ea precisa confiar de que se eu ceder aqui, o outro tamb\u00e9m estar\u00e1 disposto a fazer algum tipo de concess\u00e3o, para que juntos possamos caminhar\u201d, explica a gestora.<\/p>\n<h3>Prioridades<\/h3>\n<p>Na carta, a delega\u00e7\u00e3o brasileira tamb\u00e9m foi orientada a priorizar tr\u00eas temas: a constru\u00e7\u00e3o de indicadores para medir o Objetivo Global de Adapta\u00e7\u00e3o (GGA, na sigla em ingl\u00eas); a implementa\u00e7\u00e3o dos resultados apresentados no Balan\u00e7o Global (GST, na sigla em ingl\u00eas); e no Programa de Trabalho de Transi\u00e7\u00e3o Justa (JTWP, na sigla em ingl\u00eas).<\/p>\n<p>\u201cS\u00e3o duas semanas realmente muito intensas e uma das pondera\u00e7\u00f5es do Brasil para este ano \u00e9 a gente sair dessas duas semanas j\u00e1 com processos mais avan\u00e7ados, de forma que voc\u00ea tenha, no come\u00e7o da COP30, algumas decis\u00f5es e evite travar processos que sejam mais dif\u00edceis\u201d, afirma Alexandre Prado, l\u00edder em Mudan\u00e7as Clim\u00e1ticas do WWF-Brasil.<\/p>\n<p>De acordo com Prado, que tamb\u00e9m integra a delega\u00e7\u00e3o brasileira em Bonn, o Minist\u00e9rio das Rela\u00e7\u00f5es Exteriores aponta a exist\u00eancia de 48 temas que ser\u00e3o tratados ao longo da conven\u00e7\u00e3o, com aprofundamentos que se desdobram em dezenas de outros assuntos relacionados \u00e0s a\u00e7\u00f5es clim\u00e1ticas.<\/p>\n<p>O primeiro relat\u00f3rio do Balan\u00e7o Global conclu\u00eddo em 2023, por exemplo, \u00e9 um dos temas a ser tratado. Como ferramenta do Acordo de Paris para avalia\u00e7\u00e3o do esfor\u00e7o dos pa\u00edses no enfrentamento a mudan\u00e7a clim\u00e1tica, ele mostrou o tamanho do desafio que dever\u00e1 ser enfrentado, mas tamb\u00e9m apontou caminhos a serem percorridos para manter o limite do aquecimento global em 1,5\u00baC.<\/p>\n<p>O desafio nesta etapa \u00e9 manter os pa\u00edses empenhados em cumprir os compromissos assumidos para que esses caminhos sejam percorridos.<\/p>\n<p>\u201cEnt\u00e3o, como isso vai ser implementado, esses v\u00e1rios compromissos de financiamento, de transi\u00e7\u00e3o energ\u00e9tica, elimina\u00e7\u00e3o de combust\u00edveis f\u00f3sseis, fim do desmatamento e da degrada\u00e7\u00e3o florestal at\u00e9 2030, em todos os pa\u00edses, \u00e9 onde a gente estar\u00e1 mais atento agora nessas duas semanas, em Bonn\u201d, destaca Prado.<\/p>\n<p>Como representante da sociedade civil organizada, o especialista considera que a Confer\u00eancia de Bonn j\u00e1 dever\u00e1 demostrar como efetivamente ser\u00e1 a participa\u00e7\u00e3o desse segmento nas negocia\u00e7\u00f5es. \u201cComo as \u00faltimas tr\u00eas COPs foram em pa\u00edses que n\u00e3o s\u00e3o caracterizados como democracias, seja Egito, Emirados \u00c1rabes ou Azerbaij\u00e3o, Este ano, h\u00e1 uma expectativa de mobiliza\u00e7\u00e3o e engajamento social muito grandes. Isso tamb\u00e9m vai dar para a gente sentir l\u00e1 em Bonn\u201d, diz Prado.<\/p>\n<p>O tema de adapta\u00e7\u00e3o tem sido apresentado pelo Brasil como pilar central para a COP30, afirma M\u00edriam Garcia. \u00c9 um tema que tamb\u00e9m tem desdobramento em diversos outros temas, como a Meta Global de Adapta\u00e7\u00e3o, os indicadores para mensurar o andamento dos compromissos assumidos e o desenvolvimento de planos nacionais de Adapta\u00e7\u00e3o.(NAPs, na sigla em ingl\u00eas).<\/p>\n<figure aria-describedby=\"caption-attachment-222481\"><img fetchpriority=\"high\" fetchpriority=\"high\" decoding=\"async\"src=\"https:\/\/redept.org\/blogosfera\/wp-content\/uploads\/2025\/06\/onu.jpg\" alt=\"\" width=\"1024\" height=\"613\" srcset=\"https:\/\/redept.org\/blogosfera\/wp-content\/uploads\/2025\/06\/onu.jpg 1024w, https:\/\/operamundi.uol.com.br\/wp-content\/uploads\/2025\/06\/onu-300x180.jpg 300w, https:\/\/operamundi.uol.com.br\/wp-content\/uploads\/2025\/06\/onu-768x460.jpg 768w, https:\/\/operamundi.uol.com.br\/wp-content\/uploads\/2025\/06\/onu-150x90.jpg 150w, https:\/\/operamundi.uol.com.br\/wp-content\/uploads\/2025\/06\/onu-750x449.jpg 750w\" sizes=\"(max-width: 1024px) 100vw, 1024px\"><figcaption>Bandeiras da abertura da Confer\u00eancia de Bonn <br \/>ONU \/ Divulga\u00e7\u00e3o<\/figcaption><\/figure>\n<h3>Transi\u00e7\u00e3o justa<\/h3>\n<p>Desde a COP27, em 2022, o Programa de Trabalho para uma Transi\u00e7\u00e3o Justa (JTWP, na sigla em ingl\u00eas) tem sido debatido na busca de um consenso para a constru\u00e7\u00e3o de compromissos que conduzam a um desenvolvimento global, que cumpram os objetivos do Acordo de Paris de forma justa e equitativa. Esta \u00e9 a primeira vez que o tema \u00e9 tratado de forma ampla que alcance, ao mesmo tempo, temas diversos como aspectos socioecon\u00f4micos, for\u00e7a de trabalho e gera\u00e7\u00e3o de energia, por exemplo.<\/p>\n<p>\u201cEsse foi um tema em que n\u00e3o tivemos avan\u00e7o em Baku [COP29] e a presid\u00eancia brasileira priorizou, entendendo que esse \u00e9 um conceito muito relevante e que capta muito bem uma das prioridades do processo de negocia\u00e7\u00e3o, ao aproximar a agenda clim\u00e1tica da vida real das pessoas\u201d, destaca M\u00edriam.<\/p>\n<h3>Emiss\u00f5es<\/h3>\n<p>Na mais importante das reuni\u00f5es pr\u00e9-COP, tamb\u00e9m ser\u00e1 poss\u00edvel acompanhar o andamento da constru\u00e7\u00e3o e entrega das atualiza\u00e7\u00f5es das Contribui\u00e7\u00f5es Nacionalmente Determinadas (NDCs, na sigla em ingl\u00eas). Apesar de o Brasil ter sido o segundo pa\u00eds a apresentar suas ambi\u00e7\u00f5es para redu\u00e7\u00e3o de gases do efeito estufa, ainda em 2024, tamb\u00e9m tem empenhado esfor\u00e7os para que os demais pa\u00edses apresentem seus planos nacionais.<\/p>\n<p>O prazo inicial, previsto para fevereiro de 2025, foi estendido at\u00e9 setembro, mas a janela de oportunidade para estabilizar os term\u00f4metros em 1,5\u00ba acima da temperatura planet\u00e1ria pr\u00e9-industrial diminui conforme o tempo passa. O pr\u00f3prio Programa das Na\u00e7\u00f5es Unidas para o Meio Ambiente (Pnuma) aponta a necessidade de reduzir as atuais emiss\u00f5es de gases do efeito estufa em 57%, at\u00e9 2035.<\/p>\n<p>Para M\u00edriam, a raz\u00e3o dos atrasos \u00e9 m\u00faltipla e acontece de forma diferente para cada pa\u00eds. Fatores como a tens\u00e3o geopol\u00edtica afeta mais o Norte Global, com os or\u00e7amentos p\u00fablicos sendo drenados para a agenda de seguran\u00e7a, em vez da agenda clim\u00e1tica. J\u00e1 pa\u00edses menores, acabam enfrentando desafios como equipes reduzidas para desenvolver as NDCs.<\/p>\n<p>A especialista considera que o pr\u00f3prio ambiente multilateral fragilizado tamb\u00e9m contribui. \u201cN\u00e3o h\u00e1 d\u00favidas de que isso tem um impacto, mas a constru\u00e7\u00e3o das NDCS tamb\u00e9m \u00e9 um processo de pol\u00edtica dom\u00e9stica. \u00c9 um compromisso internacional que um pa\u00eds apresenta, mas a sua constru\u00e7\u00e3o \u00e9 um processo de pol\u00edtica dom\u00e9stica\u201d, explica.<\/p>\n<p>Atualmente, 22 pa\u00edses entregaram suas atualiza\u00e7\u00f5es de NDCs, entre eles os Estados Unidos, antes de informar a sa\u00edda do Acordo de Paris. Juntos, esses pa\u00edses representam apenas 21% das emiss\u00f5es globais, aponta a plataforma Climate Watch da WRI.<\/p>\n<p>Para Alexandre Prado, a demora n\u00e3o necessariamente \u00e9 um problema grave se o tempo decorrido for para a constru\u00e7\u00e3o de metas compat\u00edveis com as emiss\u00f5es globais.<\/p>\n<p>\u201cA China, maior emissora, j\u00e1 deu o indicativo de que vai entregar uma NDC robusta. Os 20 pa\u00edses mais ricos, o G20, que s\u00e3o praticamente os maiores emissores est\u00e3o dando sinais de que v\u00e3o, sim, entregar compromissos robustos. \u00c9 obvio que juntando todos esses compromissos, a gente n\u00e3o tem a expectativa de que vai chegar no que \u00e9 importante do Acordo de Paris, que \u00e9 ficar em 1,5\u00baC, ent\u00e3o \u00e9 necess\u00e1rio manter a press\u00e3o\u201d, refor\u00e7a.<\/p>\n<p>O post <a href=\"https:\/\/operamundi.uol.com.br\/meio-ambiente\/conferencia-de-bonn-inicia-debate-ambiental-previo-a-cop30\/\">Confer\u00eancia de Bonn inicia debate ambiental pr\u00e9vio \u00e0 COP30<\/a> apareceu primeiro em <a href=\"https:\/\/operamundi.uol.com.br\/\">Opera Mundi<\/a>.<\/p>\n<!-- Begin Yuzo --><div class='yuzo_related_post style-1'  data-version='5.12.89'><!-- without result --><div class='yuzo_clearfixed yuzo__title yuzo__title'><h3>Related Post<\/h3><\/div>\n\t\t\t\t\t\t  <div class=\"relatedthumb \" style=\"width:125px;float:left;overflow:hidden;\">  \n\t\t\t\t\t\t\t  \n\t\t\t\t\t\t\t  <a  href=\"https:\/\/redept.com.br\/blogosfera\/o-que-o-cinema-pode-fazer-por-um-pais\/\"  >\n\t\t\t\t\t\t\t\t\t  <div class=\"yuzo-img-wrap \" style=\"width: 125px;height:90px;\">\n\t\t\t\t\t\t\t\t\t\t\n\t\t\t\t\t\t\t\t\t\t<div class=\"yuzo-img\" style=\"background:url('https:\/\/redept.org\/blogosfera\/wp-content\/plugins\/yuzo-related-post\/assets\/images\/default.png') 50% 50% no-repeat;width: 125px;height:90px;margin-bottom: 5px;background-size: cover; \"><\/div>\n\t\t\t\t\t\t\t\t\t  <\/div>\n\t\t\t\t\t\t\t\t\t  \n\t\t\t\t\t\t\t\t   <span class=\"yuzo__text--title\" style=\"font-size:13px;\">O que o cinema pode fazer por um pa\u00eds?<\/span>\n\t\t\t\t\t\t\t  \n\t\t\t\t\t\t\t  \n\t\t\t\t\t\t\t  <\/a>\n\n\t\t\t\t\t\t  <\/div>\n\t\t\t\t\t\t  <div class=\"relatedthumb \" style=\"width:125px;float:left;overflow:hidden;\">  \n\t\t\t\t\t\t\t  \n\t\t\t\t\t\t\t  <a  href=\"https:\/\/redept.com.br\/blogosfera\/troca-na-saude-padilha-assume-no-lugar-de-nisia\/\"  >\n\t\t\t\t\t\t\t\t\t  <div class=\"yuzo-img-wrap \" style=\"width: 125px;height:90px;\">\n\t\t\t\t\t\t\t\t\t\t\n\t\t\t\t\t\t\t\t\t\t<div class=\"yuzo-img\" style=\"background:url('https:\/\/redept.com.br\/blogosfera\/wp-content\/uploads\/2025\/02\/alexandre_padilha-150x150.webp') 50% 50% no-repeat;width: 125px;height:90px;margin-bottom: 5px;background-size: cover; \"><\/div>\n\t\t\t\t\t\t\t\t\t  <\/div>\n\t\t\t\t\t\t\t\t\t  \n\t\t\t\t\t\t\t\t   <span class=\"yuzo__text--title\" style=\"font-size:13px;\">Troca na Sa\u00fade: Padilha assume no lugar de N\u00edsia<\/span>\n\t\t\t\t\t\t\t  \n\t\t\t\t\t\t\t  \n\t\t\t\t\t\t\t  <\/a>\n\n\t\t\t\t\t\t  <\/div>\n\t\t\t\t\t\t  <div class=\"relatedthumb \" style=\"width:125px;float:left;overflow:hidden;\">  \n\t\t\t\t\t\t\t  \n\t\t\t\t\t\t\t  <a  href=\"https:\/\/redept.com.br\/blogosfera\/senador-rogerio-reforca-parceria-com-a-marinha-do-brasil-durante-visita-a-capitania-dos-portos-de-sergipe\/\"  >\n\t\t\t\t\t\t\t\t\t  <div class=\"yuzo-img-wrap \" style=\"width: 125px;height:90px;\">\n\t\t\t\t\t\t\t\t\t\t\n\t\t\t\t\t\t\t\t\t\t<div class=\"yuzo-img\" style=\"background:url('https:\/\/redept.org\/blogosfera\/wp-content\/plugins\/yuzo-related-post\/assets\/images\/default.png') 50% 50% no-repeat;width: 125px;height:90px;margin-bottom: 5px;background-size: cover; \"><\/div>\n\t\t\t\t\t\t\t\t\t  <\/div>\n\t\t\t\t\t\t\t\t\t  \n\t\t\t\t\t\t\t\t   <span class=\"yuzo__text--title\" style=\"font-size:13px;\">Senador Rog\u00e9rio refor\u00e7a parceria com a Marinha do ...<\/span>\n\t\t\t\t\t\t\t  \n\t\t\t\t\t\t\t  \n\t\t\t\t\t\t\t  <\/a>\n\n\t\t\t\t\t\t  <\/div>\n\t\t\t\t\t\t  <div class=\"relatedthumb \" style=\"width:125px;float:left;overflow:hidden;\">  \n\t\t\t\t\t\t\t  \n\t\t\t\t\t\t\t  <a  href=\"https:\/\/redept.com.br\/blogosfera\/ministerio-da-agricultura-certifica-bioinsumo-de-cooperativa-paranaense-desenvolvido-em-parceria-com-a-embrapa\/\"  >\n\t\t\t\t\t\t\t\t\t  <div class=\"yuzo-img-wrap \" style=\"width: 125px;height:90px;\">\n\t\t\t\t\t\t\t\t\t\t\n\t\t\t\t\t\t\t\t\t\t<div class=\"yuzo-img\" style=\"background:url('https:\/\/redept.org\/blogosfera\/wp-content\/plugins\/yuzo-related-post\/assets\/images\/default.png') 50% 50% no-repeat;width: 125px;height:90px;margin-bottom: 5px;background-size: cover; \"><\/div>\n\t\t\t\t\t\t\t\t\t  <\/div>\n\t\t\t\t\t\t\t\t\t  \n\t\t\t\t\t\t\t\t   <span class=\"yuzo__text--title\" style=\"font-size:13px;\">Minist\u00e9rio da Agricultura certifica bioinsumo de c...<\/span>\n\t\t\t\t\t\t\t  \n\t\t\t\t\t\t\t  \n\t\t\t\t\t\t\t  <\/a>\n\n\t\t\t\t\t\t  <\/div>\n<\/div> <script>\n\t\t\t\t\t\t  jQuery(document).ready(function( $ ){\n\t\t\t\t\t\t\t\/\/jQuery('.yuzo_related_post').equalizer({ overflow : 'relatedthumb' });\n\t\t\t\t\t\t\tjQuery('.yuzo_related_post .yuzo_wraps').equalizer({ columns : '> div' });\n\t\t\t\t\t\t   })\n\t\t\t\t\t\t  <\/script> <!-- End Yuzo :) -->","protected":false},"excerpt":{"rendered":"<p>A 62\u00aa sess\u00e3o dos \u00d3rg\u00e3os Subsidi\u00e1rios da Conven\u00e7\u00e3o das Na\u00e7\u00f5es Unidas sobre Mudan\u00e7as Clim\u00e1ticas (SB 62) come\u00e7ou nesta segunda-feira (16\/12) no Centro Mundial de Confer\u00eancias de Bonn (WCCB), na Alemanha. A reuni\u00e3o, que se estende at\u00e9 o dia 26, \u00e9 a primeira rodada presencial do ano para negocia\u00e7\u00f5es globais sobre o tema e determinar\u00e1 quais [&hellip;]<\/p>\n","protected":false},"author":2,"featured_media":0,"comment_status":"closed","ping_status":"closed","sticky":false,"template":"","format":"standard","meta":{"fifu_image_url":"","fifu_image_alt":"","footnotes":""},"categories":[3283,463,8367,3293,3770,45,2519,8368,18,570,267,8369],"tags":[],"class_list":["post-33770","post","type-post","status-publish","format-standard","hentry","category-acordo-de-paris","category-alemanha","category-alexandre-prado","category-andre-correa-do-lago","category-belem-do-para","category-brasil","category-cop30","category-jtwp","category-meio-ambiente","category-mudancas-climaticas","category-onu","category-wwf-brasil"],"_links":{"self":[{"href":"https:\/\/redept.com.br\/blogosfera\/wp-json\/wp\/v2\/posts\/33770","targetHints":{"allow":["GET"]}}],"collection":[{"href":"https:\/\/redept.com.br\/blogosfera\/wp-json\/wp\/v2\/posts"}],"about":[{"href":"https:\/\/redept.com.br\/blogosfera\/wp-json\/wp\/v2\/types\/post"}],"author":[{"embeddable":true,"href":"https:\/\/redept.com.br\/blogosfera\/wp-json\/wp\/v2\/users\/2"}],"replies":[{"embeddable":true,"href":"https:\/\/redept.com.br\/blogosfera\/wp-json\/wp\/v2\/comments?post=33770"}],"version-history":[{"count":0,"href":"https:\/\/redept.com.br\/blogosfera\/wp-json\/wp\/v2\/posts\/33770\/revisions"}],"wp:attachment":[{"href":"https:\/\/redept.com.br\/blogosfera\/wp-json\/wp\/v2\/media?parent=33770"}],"wp:term":[{"taxonomy":"category","embeddable":true,"href":"https:\/\/redept.com.br\/blogosfera\/wp-json\/wp\/v2\/categories?post=33770"},{"taxonomy":"post_tag","embeddable":true,"href":"https:\/\/redept.com.br\/blogosfera\/wp-json\/wp\/v2\/tags?post=33770"}],"curies":[{"name":"wp","href":"https:\/\/api.w.org\/{rel}","templated":true}]}}