{"id":33845,"date":"2025-06-17T13:57:35","date_gmt":"2025-06-17T16:57:35","guid":{"rendered":"https:\/\/redept.org\/blogosfera\/clube-de-leitura-da-ocupacao-anita-garibaldi\/"},"modified":"2025-06-17T13:57:35","modified_gmt":"2025-06-17T16:57:35","slug":"clube-de-leitura-da-ocupacao-anita-garibaldi","status":"publish","type":"post","link":"https:\/\/redept.com.br\/blogosfera\/clube-de-leitura-da-ocupacao-anita-garibaldi\/","title":{"rendered":"Clube de leitura da Ocupa\u00e7\u00e3o Anita Garibaldi"},"content":{"rendered":"<p><img fetchpriority=\"high\" width=\"1920\" height=\"1192\"src=\"https:\/\/redept.org\/blogosfera\/wp-content\/uploads\/2025\/06\/P2-_-leitura-SC.jpg\" alt=\"Anita Garibaldi. INCENTIVO. Jaque (\u00e0 esq.) coordena o Clube de Leitura. Foto: JAV\/SC\" link_thumbnail=\"\" decoding=\"async\" srcset=\"https:\/\/redept.org\/blogosfera\/wp-content\/uploads\/2025\/06\/P2-_-leitura-SC.jpg 1920w, https:\/\/averdade.org.br\/wp-content\/uploads\/2025\/06\/P2-_-leitura-SC-350x217.jpg 350w, https:\/\/averdade.org.br\/wp-content\/uploads\/2025\/06\/P2-_-leitura-SC-1024x636.jpg 1024w, https:\/\/averdade.org.br\/wp-content\/uploads\/2025\/06\/P2-_-leitura-SC-250x155.jpg 250w, https:\/\/averdade.org.br\/wp-content\/uploads\/2025\/06\/P2-_-leitura-SC-768x477.jpg 768w, https:\/\/averdade.org.br\/wp-content\/uploads\/2025\/06\/P2-_-leitura-SC-1536x954.jpg 1536w, https:\/\/averdade.org.br\/wp-content\/uploads\/2025\/06\/P2-_-leitura-SC-150x93.jpg 150w, https:\/\/averdade.org.br\/wp-content\/uploads\/2025\/06\/P2-_-leitura-SC-300x186.jpg 300w, https:\/\/averdade.org.br\/wp-content\/uploads\/2025\/06\/P2-_-leitura-SC-696x432.jpg 696w, https:\/\/averdade.org.br\/wp-content\/uploads\/2025\/06\/P2-_-leitura-SC-1068x663.jpg 1068w\" sizes=\"(max-width: 1920px) 100vw, 1920px\"><\/p>\n<p><strong>Na ocupa\u00e7\u00e3o Anita Garibaldi, um clube de leitura tem transformado a rela\u00e7\u00e3o de crian\u00e7as e adultos com os livros. Al\u00e9m de fortalecer a alfabetiza\u00e7\u00e3o, o projeto ajuda os participantes a compreenderem quest\u00f5es como direito \u00e0 moradia e a hist\u00f3ria das ocupa\u00e7\u00f5es.<\/strong><\/p>\n<p><strong>Jaqueline Damasceno | Auxiliar de limpeza terceirizada e Militante do MLC \u2013 Florian\u00f3polis<\/strong><\/p>\n<hr>\n<p><strong>JORNAL \u2013 <\/strong>O clube de leitura \u00e9 um espa\u00e7o para adultos e crian\u00e7as desenvolverem a leitura e aprimorar o entendimento do texto lido, e tamb\u00e9m aprenderem a interpretar o texto. Essa ideia surgiu a partir do que eu passei na inf\u00e2ncia, quando tive muita dificuldade de ler e interpretar textos. \u201cRodei\u201d muitas vezes no col\u00e9gio e, na terceira s\u00e9rie, me seguraram at\u00e9 aprender a ler. Conforme eu cresci, botei na minha cabe\u00e7a que se eu pudesse ajudar as crian\u00e7as a desenvolver a leitura cedo pra n\u00e3o repetir de ano como eu, eu ajudaria. E tamb\u00e9m os adultos, que, por n\u00e3o terem condi\u00e7\u00f5es, n\u00e3o puderam aprender a ler. Muitos casam cedo, a fam\u00edlia n\u00e3o tem condi\u00e7\u00f5es e n\u00e3o conseguiram desenvolver a leitura.<\/p>\n<p>Hoje, na ocupa\u00e7\u00e3o, o clube de leitura da Escola Eliana Silva est\u00e1 de portas abertas. Toda ter\u00e7a-feira, das 19h30 \u00e0s 20h30, funciona o clube. Cada um leva um livro, ou escolhe um da biblioteca da ocupa\u00e7\u00e3o. Cada um l\u00ea trechos do seu livro, e depois fazemos um debate sobre os livros de cada um. Essa troca \u00e9 muito legal. Nas duas \u00faltimas semanas, come\u00e7amos a ler a mat\u00e9ria do jornal <b><i>A Verdade<\/i><\/b> sobre as ocupa\u00e7\u00f5es para as crian\u00e7as terem mais entendimento e compreenderem o que \u00e9 uma ocupa\u00e7\u00e3o e que todos t\u00eam direito a uma moradia digna.<\/p>\n<p>Uma das meninas que participa toda semana do clube disse que na escola dela diziam que as pessoas da ocupa\u00e7\u00e3o n\u00e3o trabalhavam e viviam s\u00f3 de favor de governo. Ela disse que agora ela teria a resposta certa sobre o que \u00e9 a ocupa\u00e7\u00e3o e que todos l\u00e1 trabalham sim. Entrevistei duas das meninas que comp\u00f5em o clube de leitura: a Maysa, de 12 anos, e a Alice, de 11 anos. \u201cDepois do grupo de leitura, estou aprendendo a ler mais e conseguindo estudar melhor na escola\u201d, afirmou Alice. \u201cEu gosto muito de ler e aprendi at\u00e9 a escrever melhor\u2026 agora queremos fazer a assembleia das crian\u00e7as\u201d, disse a Maysa.<\/p>\n<p>Em quatro meses de clube de leitura, sem falhar nenhuma, podemos notar que as crian\u00e7as leem mais fluentemente. Fazemos um jogo de perguntas e respostas com cartas e isso ajuda em atividades de soletrar, dividir s\u00edlabas e fazer contas b\u00e1sicas. Estamos agora planejando uma excurs\u00e3o para o planet\u00e1rio da universidade para aprender mais sobre o planeta. Pra mim, o clube \u00e9 importante porque eu sei que as crian\u00e7as no futuro v\u00e3o ter mais entendimento da leitura e da luta do MLC e do MLB, e eles v\u00e3o estar mais preparados para enfrentar o mundo capitalista, para questionar mais e dar respostas.<\/p>\n<p>Eu com a luta estou aprendendo que o povo unido \u00e9 mais forte e que a nossa hist\u00f3ria precisa ser contada. Quanto mais a gente exercitar a leitura, mais vamos entender sobre a hist\u00f3ria da classe oper\u00e1ria e trabalhadora!<\/p>\n<p><em>Mat\u00e9ria publicada na edi\u00e7\u00e3o impressa\u00a0 n\u00ba314 do jornal A Verdade<\/em><\/p>\n<!-- Begin Yuzo --><div class='yuzo_related_post style-1'  data-version='5.12.89'><!-- without result --><div class='yuzo_clearfixed yuzo__title yuzo__title'><h3>Related Post<\/h3><\/div>\n\t\t\t\t\t\t  <div class=\"relatedthumb \" style=\"width:125px;float:left;overflow:hidden;\">  \n\t\t\t\t\t\t\t  \n\t\t\t\t\t\t\t  <a  href=\"https:\/\/redept.com.br\/blogosfera\/mst-lanca-primeira-fabrica-de-leite-em-po-em-sp-temos-que-continuar-ocupando-o-latifundio\/\"  >\n\t\t\t\t\t\t\t\t\t  <div class=\"yuzo-img-wrap \" style=\"width: 125px;height:90px;\">\n\t\t\t\t\t\t\t\t\t\t\n\t\t\t\t\t\t\t\t\t\t<div class=\"yuzo-img\" style=\"background:url('https:\/\/redept.org\/blogosfera\/wp-content\/plugins\/yuzo-related-post\/assets\/images\/default.png') 50% 50% no-repeat;width: 125px;height:90px;margin-bottom: 5px;background-size: cover; \"><\/div>\n\t\t\t\t\t\t\t\t\t  <\/div>\n\t\t\t\t\t\t\t\t\t  \n\t\t\t\t\t\t\t\t   <span class=\"yuzo__text--title\" style=\"font-size:13px;\">MST lan\u00e7a primeira f\u00e1brica de leite em p\u00f3 em SP: \u2018...<\/span>\n\t\t\t\t\t\t\t  \n\t\t\t\t\t\t\t  \n\t\t\t\t\t\t\t  <\/a>\n\n\t\t\t\t\t\t  <\/div>\n\t\t\t\t\t\t  <div class=\"relatedthumb \" style=\"width:125px;float:left;overflow:hidden;\">  \n\t\t\t\t\t\t\t  \n\t\t\t\t\t\t\t  <a  href=\"https:\/\/redept.com.br\/blogosfera\/reacao-de-governadores-a-decreto-de-lula-e-uso-da-violencia-policial-como-plataforma-politica\/\"  >\n\t\t\t\t\t\t\t\t\t  <div class=\"yuzo-img-wrap \" style=\"width: 125px;height:90px;\">\n\t\t\t\t\t\t\t\t\t\t\n\t\t\t\t\t\t\t\t\t\t<div class=\"yuzo-img\" style=\"background:url('https:\/\/redept.org\/blogosfera\/wp-content\/plugins\/yuzo-related-post\/assets\/images\/default.png') 50% 50% no-repeat;width: 125px;height:90px;margin-bottom: 5px;background-size: cover; \"><\/div>\n\t\t\t\t\t\t\t\t\t  <\/div>\n\t\t\t\t\t\t\t\t\t  \n\t\t\t\t\t\t\t\t   <span class=\"yuzo__text--title\" style=\"font-size:13px;\">Rea\u00e7\u00e3o de governadores a decreto de Lula \u00e9 uso da ...<\/span>\n\t\t\t\t\t\t\t  \n\t\t\t\t\t\t\t  \n\t\t\t\t\t\t\t  <\/a>\n\n\t\t\t\t\t\t  <\/div>\n\t\t\t\t\t\t  <div class=\"relatedthumb \" style=\"width:125px;float:left;overflow:hidden;\">  \n\t\t\t\t\t\t\t  \n\t\t\t\t\t\t\t  <a  href=\"https:\/\/redept.com.br\/blogosfera\/wagner-moura-fala-sobre-politica-e-oscar-em-entrevista-a-jimmy-kimmel\/\"  >\n\t\t\t\t\t\t\t\t\t  <div class=\"yuzo-img-wrap \" style=\"width: 125px;height:90px;\">\n\t\t\t\t\t\t\t\t\t\t\n\t\t\t\t\t\t\t\t\t\t<div class=\"yuzo-img\" style=\"background:url('https:\/\/redept.org\/blogosfera\/wp-content\/plugins\/yuzo-related-post\/assets\/images\/default.png') 50% 50% no-repeat;width: 125px;height:90px;margin-bottom: 5px;background-size: cover; \"><\/div>\n\t\t\t\t\t\t\t\t\t  <\/div>\n\t\t\t\t\t\t\t\t\t  \n\t\t\t\t\t\t\t\t   <span class=\"yuzo__text--title\" style=\"font-size:13px;\">Wagner Moura fala sobre pol\u00edtica e Oscar em entrev...<\/span>\n\t\t\t\t\t\t\t  \n\t\t\t\t\t\t\t  \n\t\t\t\t\t\t\t  <\/a>\n\n\t\t\t\t\t\t  <\/div>\n\t\t\t\t\t\t  <div class=\"relatedthumb \" style=\"width:125px;float:left;overflow:hidden;\">  \n\t\t\t\t\t\t\t  \n\t\t\t\t\t\t\t  <a  href=\"https:\/\/redept.com.br\/blogosfera\/lula-propoe-que-onu-coordene-negociacoes-entre-russia-e-ucrania\/\"  >\n\t\t\t\t\t\t\t\t\t  <div class=\"yuzo-img-wrap \" style=\"width: 125px;height:90px;\">\n\t\t\t\t\t\t\t\t\t\t\n\t\t\t\t\t\t\t\t\t\t<div class=\"yuzo-img\" style=\"background:url('https:\/\/redept.org\/blogosfera\/wp-content\/plugins\/yuzo-related-post\/assets\/images\/default.png') 50% 50% no-repeat;width: 125px;height:90px;margin-bottom: 5px;background-size: cover; \"><\/div>\n\t\t\t\t\t\t\t\t\t  <\/div>\n\t\t\t\t\t\t\t\t\t  \n\t\t\t\t\t\t\t\t   <span class=\"yuzo__text--title\" style=\"font-size:13px;\">Lula prop\u00f5e que ONU coordene negocia\u00e7\u00f5es entre R\u00fas...<\/span>\n\t\t\t\t\t\t\t  \n\t\t\t\t\t\t\t  \n\t\t\t\t\t\t\t  <\/a>\n\n\t\t\t\t\t\t  <\/div>\n<\/div> <script>\n\t\t\t\t\t\t  jQuery(document).ready(function( $ ){\n\t\t\t\t\t\t\t\/\/jQuery('.yuzo_related_post').equalizer({ overflow : 'relatedthumb' });\n\t\t\t\t\t\t\tjQuery('.yuzo_related_post .yuzo_wraps').equalizer({ columns : '> div' });\n\t\t\t\t\t\t   })\n\t\t\t\t\t\t  <\/script> <!-- End Yuzo :) -->","protected":false},"excerpt":{"rendered":"<p>Na ocupa\u00e7\u00e3o Anita Garibaldi, um clube de leitura tem transformado a rela\u00e7\u00e3o de crian\u00e7as e adultos com os livros. Al\u00e9m de fortalecer a alfabetiza\u00e7\u00e3o, o projeto ajuda os participantes a compreenderem quest\u00f5es como direito \u00e0 moradia e a hist\u00f3ria das ocupa\u00e7\u00f5es. Jaqueline Damasceno | Auxiliar de limpeza terceirizada e Militante do MLC \u2013 Florian\u00f3polis JORNAL [&hellip;]<\/p>\n","protected":false},"author":2,"featured_media":0,"comment_status":"open","ping_status":"closed","sticky":false,"template":"","format":"standard","meta":{"fifu_image_url":"","fifu_image_alt":"","footnotes":""},"categories":[45,8398,468,86,60,1146],"tags":[],"class_list":["post-33845","post","type-post","status-publish","format-standard","hentry","category-brasil","category-escola-eliana-silva","category-jornal","category-jornal-impresso","category-luta-popular","category-ocupacao-anita-garibaldi"],"_links":{"self":[{"href":"https:\/\/redept.com.br\/blogosfera\/wp-json\/wp\/v2\/posts\/33845","targetHints":{"allow":["GET"]}}],"collection":[{"href":"https:\/\/redept.com.br\/blogosfera\/wp-json\/wp\/v2\/posts"}],"about":[{"href":"https:\/\/redept.com.br\/blogosfera\/wp-json\/wp\/v2\/types\/post"}],"author":[{"embeddable":true,"href":"https:\/\/redept.com.br\/blogosfera\/wp-json\/wp\/v2\/users\/2"}],"replies":[{"embeddable":true,"href":"https:\/\/redept.com.br\/blogosfera\/wp-json\/wp\/v2\/comments?post=33845"}],"version-history":[{"count":0,"href":"https:\/\/redept.com.br\/blogosfera\/wp-json\/wp\/v2\/posts\/33845\/revisions"}],"wp:attachment":[{"href":"https:\/\/redept.com.br\/blogosfera\/wp-json\/wp\/v2\/media?parent=33845"}],"wp:term":[{"taxonomy":"category","embeddable":true,"href":"https:\/\/redept.com.br\/blogosfera\/wp-json\/wp\/v2\/categories?post=33845"},{"taxonomy":"post_tag","embeddable":true,"href":"https:\/\/redept.com.br\/blogosfera\/wp-json\/wp\/v2\/tags?post=33845"}],"curies":[{"name":"wp","href":"https:\/\/api.w.org\/{rel}","templated":true}]}}