{"id":33874,"date":"2025-06-17T15:22:38","date_gmt":"2025-06-17T18:22:38","guid":{"rendered":"https:\/\/redept.org\/blogosfera\/centrais-sindicais-protestam-contra-juros-altos-nesta-terca-feira-17\/"},"modified":"2025-06-17T15:22:38","modified_gmt":"2025-06-17T18:22:38","slug":"centrais-sindicais-protestam-contra-juros-altos-nesta-terca-feira-17","status":"publish","type":"post","link":"https:\/\/redept.com.br\/blogosfera\/centrais-sindicais-protestam-contra-juros-altos-nesta-terca-feira-17\/","title":{"rendered":"Centrais sindicais protestam contra juros altos nesta ter\u00e7a-feira (17)"},"content":{"rendered":"<p><img loading=\"lazy\" width=\"1024\" height=\"768\"src=\"https:\/\/redept.org\/blogosfera\/wp-content\/uploads\/2025\/06\/505936852_1173370718166710_1060484888376088354_n.jpg\" alt=\"\" decoding=\"async\" loading=\"lazy\" srcset=\"https:\/\/vermelho.org.br\/wp-content\/uploads\/2025\/06\/505936852_1173370718166710_1060484888376088354_n-1024x768.jpg 1024w, https:\/\/vermelho.org.br\/wp-content\/uploads\/2025\/06\/505936852_1173370718166710_1060484888376088354_n-300x225.jpg 300w, https:\/\/vermelho.org.br\/wp-content\/uploads\/2025\/06\/505936852_1173370718166710_1060484888376088354_n-768x576.jpg 768w, https:\/\/redept.org\/blogosfera\/wp-content\/uploads\/2025\/06\/505936852_1173370718166710_1060484888376088354_n.jpg 1440w\" sizes=\"auto, (max-width: 1024px) 100vw, 1024px\"><\/p>\n<p>Em protesto contra a taxa b\u00e1sica de juros mantida em 14,75% ao ano, as centrais sindicais realizaram nesta ter\u00e7a-feira (17) um ato em frente ao Banco Central, na Avenida Paulista, em S\u00e3o Paulo. A manifesta\u00e7\u00e3o, organizada por CTB (Central dos Trabalhadores e Trabalhadoras do Brasil), For\u00e7a Sindical, CUT, UGT, CSB e Nova Central, ocorre durante a reuni\u00e3o do Copom (Comit\u00ea de Pol\u00edtica Monet\u00e1ria), que acontece nesta ter\u00e7a e quarta-feira (18), quando ser\u00e1 definido o futuro para a taxa Selic.<\/p>\n<p>O vice-presidente nacional da Central dos Trabalhadores e Trabalhadoras do Brasil (CTB),\u00a0Ren\u00ea Vicente, falou ao Portal Vermelho sobre a urg\u00eancia de reverter o patamar dos juros no pa\u00eds.<\/p>\n<p>\u201cMais uma vez, as centrais sindicais estiveram hoje reunidas em frente \u00e0 sede do Banco Central, na Avenida Paulista, denunciando essa pol\u00edtica nefasta de juros altos que o Banco Central vem aplicando com uma taxa de 14,75% ao ano. Esta \u00e9 uma das maiores taxas de juros do mundo e isso vem prejudicando enormemente uma pol\u00edtica nacional de desenvolvimento em nosso pa\u00eds, colocando \u00e0 frente da industrializa\u00e7\u00e3o o rentismo, a especula\u00e7\u00e3o financeira\u201d, diz.<\/p>\n<blockquote>\n<p><strong>Leia mais: <\/strong><a href=\"https:\/\/vermelho.org.br\/2025\/06\/17\/previa-do-pib-mostra-crescimento-de-35-de-janeiro-a-abril\/\">Pr\u00e9via do PIB mostra crescimento de 3,5% de janeiro a abril<\/a><\/p>\n<p>                 <a href=\"https:\/\/vermelho.org.br\/2025\/06\/17\/centrais-sindicais-organizam-ato-contra-privatizacoes-em-sp-no-dia-27\/\">Centrais Sindicais organizam ato contra privatiza\u00e7\u00f5es em SP no dia 27<\/a><\/p>\n<\/blockquote>\n<p>\u201cN\u00f3s, das centrais sindicais, temos a consci\u00eancia de que \u00e9 necess\u00e1rio reduzir drasticamente os juros para que a gente possa colocar o pa\u00eds no rumo do desenvolvimento, com valoriza\u00e7\u00e3o do trabalho e distribui\u00e7\u00e3o de renda, que \u00e9 o que mais afeta o nosso pa\u00eds no momento. Temos que pressionar o Banco Central. Esperamos que a pr\u00f3xima reuni\u00e3o do Copom reverta essa tend\u00eancia de alta e que volte a reduzir os juros drasticamente para que a gente possa resgatar um plano nacional de desenvolvimento com soberania para o nosso povo. Esse \u00e9 o principal motivo do protesto que foi feito\u201d, completa o dirigente sindical, Ren\u00ea Vicente.<\/p>\n<figure>\n<figure><img fetchpriority=\"high\" decoding=\"async\" width=\"1024\" height=\"768\" data-id=\"720144\"src=\"https:\/\/redept.org\/blogosfera\/wp-content\/uploads\/2025\/06\/504225647_1173370738166708_5217933535511167799_n.jpg\" alt=\"\" srcset=\"https:\/\/vermelho.org.br\/wp-content\/uploads\/2025\/06\/504225647_1173370738166708_5217933535511167799_n-1024x768.jpg 1024w, https:\/\/vermelho.org.br\/wp-content\/uploads\/2025\/06\/504225647_1173370738166708_5217933535511167799_n-300x225.jpg 300w, https:\/\/vermelho.org.br\/wp-content\/uploads\/2025\/06\/504225647_1173370738166708_5217933535511167799_n-768x576.jpg 768w, https:\/\/redept.org\/blogosfera\/wp-content\/uploads\/2025\/06\/504225647_1173370738166708_5217933535511167799_n.jpg 1440w\" sizes=\"(max-width: 1024px) 100vw, 1024px\"><figcaption>Foto: CTB<\/figcaption><\/figure>\n<figure><img decoding=\"async\" width=\"1024\" height=\"576\" data-id=\"720143\"src=\"https:\/\/redept.org\/blogosfera\/wp-content\/uploads\/2025\/06\/505972290_1173370734833375_1972093892998732481_n.jpg\" alt=\"\" srcset=\"https:\/\/vermelho.org.br\/wp-content\/uploads\/2025\/06\/505972290_1173370734833375_1972093892998732481_n-1024x576.jpg 1024w, https:\/\/vermelho.org.br\/wp-content\/uploads\/2025\/06\/505972290_1173370734833375_1972093892998732481_n-300x169.jpg 300w, https:\/\/vermelho.org.br\/wp-content\/uploads\/2025\/06\/505972290_1173370734833375_1972093892998732481_n-768x432.jpg 768w, https:\/\/redept.org\/blogosfera\/wp-content\/uploads\/2025\/06\/505972290_1173370734833375_1972093892998732481_n.jpg 1440w\" sizes=\"(max-width: 1024px) 100vw, 1024px\"><figcaption>Foto: CTB<\/figcaption><\/figure>\n<figure><img loading=\"lazy\" loading=\"lazy\" decoding=\"async\" width=\"1024\" height=\"768\" data-id=\"720145\"src=\"https:\/\/redept.org\/blogosfera\/wp-content\/uploads\/2025\/06\/506471949_1173370714833377_1906289223167224849_n.jpg\" alt=\"\" srcset=\"https:\/\/vermelho.org.br\/wp-content\/uploads\/2025\/06\/506471949_1173370714833377_1906289223167224849_n-1024x768.jpg 1024w, https:\/\/vermelho.org.br\/wp-content\/uploads\/2025\/06\/506471949_1173370714833377_1906289223167224849_n-300x225.jpg 300w, https:\/\/vermelho.org.br\/wp-content\/uploads\/2025\/06\/506471949_1173370714833377_1906289223167224849_n-768x576.jpg 768w, https:\/\/redept.org\/blogosfera\/wp-content\/uploads\/2025\/06\/506471949_1173370714833377_1906289223167224849_n.jpg 1440w\" sizes=\"auto, (max-width: 1024px) 100vw, 1024px\"><figcaption>Foto: CTB<\/figcaption><\/figure>\n<\/figure>\n<p>No ato, foram exibidas faixas pedindo menos juros, mais empregos, o combate \u00e0 carestia e a taxa\u00e7\u00e3o de grandes fortunas. Tamb\u00e9m participaram da mobiliza\u00e7\u00e3o Ubiraci Dantas, vice-presidente da CTB, e representantes de movimentos sociais.<\/p>\n<figure>\n<figure><img loading=\"lazy\" loading=\"lazy\" decoding=\"async\" width=\"1024\" height=\"576\" data-id=\"720148\"src=\"https:\/\/redept.org\/blogosfera\/wp-content\/uploads\/2025\/06\/505411075_1173370751500040_6772500473505738954_n.jpg\" alt=\"\" srcset=\"https:\/\/vermelho.org.br\/wp-content\/uploads\/2025\/06\/505411075_1173370751500040_6772500473505738954_n-1024x576.jpg 1024w, https:\/\/vermelho.org.br\/wp-content\/uploads\/2025\/06\/505411075_1173370751500040_6772500473505738954_n-300x169.jpg 300w, https:\/\/vermelho.org.br\/wp-content\/uploads\/2025\/06\/505411075_1173370751500040_6772500473505738954_n-768x432.jpg 768w, https:\/\/redept.org\/blogosfera\/wp-content\/uploads\/2025\/06\/505411075_1173370751500040_6772500473505738954_n.jpg 1440w\" sizes=\"auto, (max-width: 1024px) 100vw, 1024px\"><figcaption>Ren\u00ea Vicente. Foto: CTB<\/figcaption><\/figure>\n<figure><img loading=\"lazy\" loading=\"lazy\" decoding=\"async\" width=\"1024\" height=\"576\" data-id=\"720147\"src=\"https:\/\/redept.org\/blogosfera\/wp-content\/uploads\/2025\/06\/506595351_1173370748166707_2556132015476683844_n.jpg\" alt=\"\" srcset=\"https:\/\/vermelho.org.br\/wp-content\/uploads\/2025\/06\/506595351_1173370748166707_2556132015476683844_n-1024x576.jpg 1024w, https:\/\/vermelho.org.br\/wp-content\/uploads\/2025\/06\/506595351_1173370748166707_2556132015476683844_n-300x169.jpg 300w, https:\/\/vermelho.org.br\/wp-content\/uploads\/2025\/06\/506595351_1173370748166707_2556132015476683844_n-768x432.jpg 768w, https:\/\/redept.org\/blogosfera\/wp-content\/uploads\/2025\/06\/506595351_1173370748166707_2556132015476683844_n.jpg 1440w\" sizes=\"auto, (max-width: 1024px) 100vw, 1024px\"><figcaption>Ubiraci Dantas.Foto: CTB<\/figcaption><\/figure>\n<\/figure>\n<p>O post <a href=\"https:\/\/vermelho.org.br\/2025\/06\/17\/centrais-sindicais-protestam-contra-juros-altos-nesta-terca-feira-17\/\">Centrais sindicais protestam contra juros altos nesta ter\u00e7a-feira (17)<\/a> apareceu primeiro em <a href=\"https:\/\/vermelho.org.br\/\">Vermelho<\/a>.<\/p>\n<!-- Begin Yuzo --><div class='yuzo_related_post style-1'  data-version='5.12.89'><!-- without result --><div class='yuzo_clearfixed yuzo__title yuzo__title'><h3>Related Post<\/h3><\/div>\n\t\t\t\t\t\t  <div class=\"relatedthumb \" style=\"width:125px;float:left;overflow:hidden;\">  \n\t\t\t\t\t\t\t  \n\t\t\t\t\t\t\t  <a  href=\"https:\/\/redept.com.br\/blogosfera\/lindbergh-aciona-pgr-para-investigar-emenda-pix-de-r-6-milhoes-de-alfredo-gaspar-o-que-o-tcu-encontrou\/\"  >\n\t\t\t\t\t\t\t\t\t  <div class=\"yuzo-img-wrap \" style=\"width: 125px;height:90px;\">\n\t\t\t\t\t\t\t\t\t\t\n\t\t\t\t\t\t\t\t\t\t<div class=\"yuzo-img\" style=\"background:url('https:\/\/redept.org\/blogosfera\/wp-content\/plugins\/yuzo-related-post\/assets\/images\/default.png') 50% 50% no-repeat;width: 125px;height:90px;margin-bottom: 5px;background-size: cover; \"><\/div>\n\t\t\t\t\t\t\t\t\t  <\/div>\n\t\t\t\t\t\t\t\t\t  \n\t\t\t\t\t\t\t\t   <span class=\"yuzo__text--title\" style=\"font-size:13px;\">Lindbergh aciona PGR para investigar emenda Pix de...<\/span>\n\t\t\t\t\t\t\t  \n\t\t\t\t\t\t\t  \n\t\t\t\t\t\t\t  <\/a>\n\n\t\t\t\t\t\t  <\/div>\n\t\t\t\t\t\t  <div class=\"relatedthumb \" style=\"width:125px;float:left;overflow:hidden;\">  \n\t\t\t\t\t\t\t  \n\t\t\t\t\t\t\t  <a  href=\"https:\/\/redept.com.br\/blogosfera\/mst-leva-diversidade-para-campinas-vem-ai-a-2a-feira-da-reforma-agraria-neusa-paviato\/\"  >\n\t\t\t\t\t\t\t\t\t  <div class=\"yuzo-img-wrap \" style=\"width: 125px;height:90px;\">\n\t\t\t\t\t\t\t\t\t\t\n\t\t\t\t\t\t\t\t\t\t<div class=\"yuzo-img\" style=\"background:url('https:\/\/redept.com.br\/blogosfera\/wp-content\/uploads\/2025\/09\/Imagem-do-WhatsApp-de-2025-09-29-as-124158_a6005772-150x150.jpg') 50% 50% no-repeat;width: 125px;height:90px;margin-bottom: 5px;background-size: cover; \"><\/div>\n\t\t\t\t\t\t\t\t\t  <\/div>\n\t\t\t\t\t\t\t\t\t  \n\t\t\t\t\t\t\t\t   <span class=\"yuzo__text--title\" style=\"font-size:13px;\">MST leva diversidade para Campinas: Vem a\u00ed a 2\u00aa Fe...<\/span>\n\t\t\t\t\t\t\t  \n\t\t\t\t\t\t\t  \n\t\t\t\t\t\t\t  <\/a>\n\n\t\t\t\t\t\t  <\/div>\n\t\t\t\t\t\t  <div class=\"relatedthumb \" style=\"width:125px;float:left;overflow:hidden;\">  \n\t\t\t\t\t\t\t  \n\t\t\t\t\t\t\t  <a  href=\"https:\/\/redept.com.br\/blogosfera\/desdolarizacao-guerras-e-protagonismo-do-sul-global-o-que-esta-em-jogo-nesta-cupula-do-brics\/\"  >\n\t\t\t\t\t\t\t\t\t  <div class=\"yuzo-img-wrap \" style=\"width: 125px;height:90px;\">\n\t\t\t\t\t\t\t\t\t\t\n\t\t\t\t\t\t\t\t\t\t<div class=\"yuzo-img\" style=\"background:url('https:\/\/redept.org\/blogosfera\/wp-content\/plugins\/yuzo-related-post\/assets\/images\/default.png') 50% 50% no-repeat;width: 125px;height:90px;margin-bottom: 5px;background-size: cover; \"><\/div>\n\t\t\t\t\t\t\t\t\t  <\/div>\n\t\t\t\t\t\t\t\t\t  \n\t\t\t\t\t\t\t\t   <span class=\"yuzo__text--title\" style=\"font-size:13px;\">Desdolariza\u00e7\u00e3o, guerras e protagonismo do Sul Glob...<\/span>\n\t\t\t\t\t\t\t  \n\t\t\t\t\t\t\t  \n\t\t\t\t\t\t\t  <\/a>\n\n\t\t\t\t\t\t  <\/div>\n\t\t\t\t\t\t  <div class=\"relatedthumb \" style=\"width:125px;float:left;overflow:hidden;\">  \n\t\t\t\t\t\t\t  \n\t\t\t\t\t\t\t  <a  href=\"https:\/\/redept.com.br\/blogosfera\/reporter-brasil-vence-processo-judicial-sobre-materia-de-comunidades-ameacadas-em-minas-gerais\/\"  >\n\t\t\t\t\t\t\t\t\t  <div class=\"yuzo-img-wrap \" style=\"width: 125px;height:90px;\">\n\t\t\t\t\t\t\t\t\t\t\n\t\t\t\t\t\t\t\t\t\t<div class=\"yuzo-img\" style=\"background:url('https:\/\/redept.org\/blogosfera\/wp-content\/plugins\/yuzo-related-post\/assets\/images\/default.png') 50% 50% no-repeat;width: 125px;height:90px;margin-bottom: 5px;background-size: cover; \"><\/div>\n\t\t\t\t\t\t\t\t\t  <\/div>\n\t\t\t\t\t\t\t\t\t  \n\t\t\t\t\t\t\t\t   <span class=\"yuzo__text--title\" style=\"font-size:13px;\">Rep\u00f3rter Brasil vence processo judicial sobre mat\u00e9...<\/span>\n\t\t\t\t\t\t\t  \n\t\t\t\t\t\t\t  \n\t\t\t\t\t\t\t  <\/a>\n\n\t\t\t\t\t\t  <\/div>\n<\/div> <script>\n\t\t\t\t\t\t  jQuery(document).ready(function( $ ){\n\t\t\t\t\t\t\t\/\/jQuery('.yuzo_related_post').equalizer({ overflow : 'relatedthumb' });\n\t\t\t\t\t\t\tjQuery('.yuzo_related_post .yuzo_wraps').equalizer({ columns : '> div' });\n\t\t\t\t\t\t   })\n\t\t\t\t\t\t  <\/script> <!-- End Yuzo :) -->","protected":false},"excerpt":{"rendered":"<p>Em protesto contra a taxa b\u00e1sica de juros mantida em 14,75% ao ano, as centrais sindicais realizaram nesta ter\u00e7a-feira (17) um ato em frente ao Banco Central, na Avenida Paulista, em S\u00e3o Paulo. A manifesta\u00e7\u00e3o, organizada por CTB (Central dos Trabalhadores e Trabalhadoras do Brasil), For\u00e7a Sindical, CUT, UGT, CSB e Nova Central, ocorre durante [&hellip;]<\/p>\n","protected":false},"author":2,"featured_media":0,"comment_status":"open","ping_status":"closed","sticky":false,"template":"","format":"standard","meta":{"fifu_image_url":"","fifu_image_alt":"","footnotes":""},"categories":[119,8408,121,282,278,8402,602,548],"tags":[],"class_list":["post-33874","post","type-post","status-publish","format-standard","hentry","category-banco-central","category-centrais-sindiais","category-copom","category-ctb","category-movimentos","category-rene-vicente","category-selic","category-taxa-de-juros"],"_links":{"self":[{"href":"https:\/\/redept.com.br\/blogosfera\/wp-json\/wp\/v2\/posts\/33874","targetHints":{"allow":["GET"]}}],"collection":[{"href":"https:\/\/redept.com.br\/blogosfera\/wp-json\/wp\/v2\/posts"}],"about":[{"href":"https:\/\/redept.com.br\/blogosfera\/wp-json\/wp\/v2\/types\/post"}],"author":[{"embeddable":true,"href":"https:\/\/redept.com.br\/blogosfera\/wp-json\/wp\/v2\/users\/2"}],"replies":[{"embeddable":true,"href":"https:\/\/redept.com.br\/blogosfera\/wp-json\/wp\/v2\/comments?post=33874"}],"version-history":[{"count":0,"href":"https:\/\/redept.com.br\/blogosfera\/wp-json\/wp\/v2\/posts\/33874\/revisions"}],"wp:attachment":[{"href":"https:\/\/redept.com.br\/blogosfera\/wp-json\/wp\/v2\/media?parent=33874"}],"wp:term":[{"taxonomy":"category","embeddable":true,"href":"https:\/\/redept.com.br\/blogosfera\/wp-json\/wp\/v2\/categories?post=33874"},{"taxonomy":"post_tag","embeddable":true,"href":"https:\/\/redept.com.br\/blogosfera\/wp-json\/wp\/v2\/tags?post=33874"}],"curies":[{"name":"wp","href":"https:\/\/api.w.org\/{rel}","templated":true}]}}