{"id":34057,"date":"2025-06-18T16:22:51","date_gmt":"2025-06-18T19:22:51","guid":{"rendered":"https:\/\/redept.org\/blogosfera\/milhares-de-argentinos-lotam-a-praca-de-maio-em-apoio-a-cristina-kirchner-ex-presidenta-pede-a-justica-autorizacao-para-aparecer-na-sacada\/"},"modified":"2025-06-18T16:22:51","modified_gmt":"2025-06-18T19:22:51","slug":"milhares-de-argentinos-lotam-a-praca-de-maio-em-apoio-a-cristina-kirchner-ex-presidenta-pede-a-justica-autorizacao-para-aparecer-na-sacada","status":"publish","type":"post","link":"https:\/\/redept.com.br\/blogosfera\/milhares-de-argentinos-lotam-a-praca-de-maio-em-apoio-a-cristina-kirchner-ex-presidenta-pede-a-justica-autorizacao-para-aparecer-na-sacada\/","title":{"rendered":"Milhares de argentinos lotam a Pra\u00e7a de Maio em apoio a Cristina Kirchner; ex-presidenta pede \u00e0 Justi\u00e7a autoriza\u00e7\u00e3o para aparecer na sacada"},"content":{"rendered":"<p>Milhares de pessoas ocuparam a Pra\u00e7a de Maio, em Buenos Aires, nesta quarta-feira (18), em uma <a href=\"https:\/\/www.brasildefato.com.br\/2025\/06\/18\/partidos-e-movimentos-argentinos-fazem-ato-contra-prisao-domiciliar-de-cristina-kirchner\/\">grande manifesta\u00e7\u00e3o<\/a> em apoio \u00e0 ex-presidenta argentina Cristina Fern\u00e1ndez de Kirchner. A mobiliza\u00e7\u00e3o ocorre dois dias ap\u00f3s a Justi\u00e7a impor <a href=\"https:\/\/www.brasildefato.com.br\/2025\/06\/17\/justica-argentina-concede-prisao-domiciliar-a-cristina-kirchner-em-meio-a-tensao-politica-e-social\/\">pris\u00e3o domiciliar \u00e0 ex-mandat\u00e1ria<\/a>, em um contexto de crescente tens\u00e3o institucional e den\u00fancias de persegui\u00e7\u00e3o pol\u00edtica.<\/p>\n<p>O protesto foi convocado por sindicatos das centrais CGT, CTA dos Trabalhadores e CTA Aut\u00f4noma, al\u00e9m de movimentos populares de diversas prov\u00edncias. A manifesta\u00e7\u00e3o foi inicialmente planejada para ocorrer em frente ao tribunal de Comodoro Py, mas foi transferida para a Pra\u00e7a de Maio, em frente \u00e0 Casa Rosada, ap\u00f3s a decis\u00e3o judicial que restringiu a liberdade de Cristina.<\/p>\n<p>Desde as primeiras horas da manh\u00e3, militantes come\u00e7aram a se reunir nas imedia\u00e7\u00f5es do bairro Constituci\u00f3n, onde est\u00e1 localizada a resid\u00eancia da ex-presidenta. Ao longo do dia, a mobiliza\u00e7\u00e3o cresceu at\u00e9 tomar o centro da capital argentina. \u201cTemos mem\u00f3ria, e em momentos como este \u00e9 preciso sair para defender Cristina e os direitos do povo\u201d, disse Mart\u00edn, estudante da regi\u00e3o metropolitana de Buenos Aires, ao jornal <em>El Tiempo Argentino<\/em>.<\/p>\n<p>Oscar, aposentado e militante sindical, viajou de Quilmes para participar do ato. Para ele, a condena\u00e7\u00e3o tem motiva\u00e7\u00e3o pol\u00edtica: \u201cN\u00e3o \u00e9 justi\u00e7a, \u00e9 uma vingan\u00e7a dos grupos econ\u00f4micos. Tocaram em nossa l\u00edder, e o peronismo vai despertar\u201d, afirmou ao <em>Tiempo<\/em>. \u201cVamos seguir nas ruas, com os dirigentes \u00e0 frente, ou com a cabe\u00e7a dos dirigentes. O povo inteiro est\u00e1 aqui para bancar Cristina.\u201d<\/p>\n<figure><img fetchpriority=\"high\" decoding=\"async\" width=\"1024\" height=\"768\"src=\"https:\/\/redept.org\/blogosfera\/wp-content\/uploads\/2025\/06\/bdf-20250618-192001-164ce4.jpg\" alt=\"\" srcset=\"https:\/\/assets.brasildefato.com.br\/2025\/06\/bdf-20250618-192001-164ce4-300x225.jpg 300w, https:\/\/assets.brasildefato.com.br\/2025\/06\/bdf-20250618-192001-164ce4-1024x768.jpg 1024w, https:\/\/assets.brasildefato.com.br\/2025\/06\/bdf-20250618-192001-164ce4-768x576.jpg 768w, https:\/\/assets.brasildefato.com.br\/2025\/06\/bdf-20250618-192001-164ce4-750x536.jpg 750w, https:\/\/assets.brasildefato.com.br\/2025\/06\/bdf-20250618-192001-164ce4-1140x815.jpg 1140w, https:\/\/redept.org\/blogosfera\/wp-content\/uploads\/2025\/06\/bdf-20250618-192001-164ce4.jpg 1200w\" sizes=\"(max-width: 1024px) 100vw, 1024px\"><figcaption>Foto a\u00e9rea mostra a Pra\u00e7a de Maio e as imedia\u00e7\u00f5es completamente tomadas de manifestantes contra a pris\u00e3o de Cristina Kirchner (Tomas Cuesta \/ AFP) | Tomas Cuesta \/ AFP<\/figcaption><\/figure>\n<p>Muitas pessoas viajaram longas dist\u00e2ncias at\u00e9 a capital. Maria, dona de casa de Corrientes, levou mais de 12 horas de \u00f4nibus para estar presente. \u201cEla fez muito pelo povo. Vim gritar bem alto que Cristina \u00e9 inocente.\u201d J\u00e1 Maverick M\u00e1rquez, ativista LGBT+ de Alvear, destacou os direitos conquistados durante os governos kirchneristas: \u201cAs trans n\u00e3o esquecem. Lutamos porque ela nos deu liberdade, futuro\u201d.<\/p>\n<p>Durante o ato, tamb\u00e9m houve cr\u00edticas ao governo de Javier Milei, acusado de estimular <a href=\"https:\/\/www.brasildefato.com.br\/2024\/06\/18\/governo-milei-e-alvo-de-acoes-judiciais-dentro-e-fora-da-argentina-por-prisoes-politicas-apos-repressao-a-protestos\/\">a\u00e7\u00f5es repressivas contra manifesta\u00e7\u00f5es populares<\/a>. Desde a semana passada, militantes mant\u00eam vig\u00edlia diante da casa de Cristina Kirchner, que governou a Argentina entre 2007 e 2015 e enfrenta processo por suposta corrup\u00e7\u00e3o em contratos de obras p\u00fablicas. Sua defesa sustenta que o caso se trata de uma persegui\u00e7\u00e3o com motiva\u00e7\u00e3o pol\u00edtica.<\/p>\n<h4>Sacada sob disputa judicial<\/h4>\n<p>Enquanto a Pra\u00e7a de Maio era ocupada por milhares de pessoas, os advogados de Cristina Kirchner entraram com um pedido no Tribunal Oral Federal n\u00ba 2 para esclarecer se a ex-presidenta pode ou n\u00e3o sair \u00e0 sacada de seu apartamento. A d\u00favida surgiu a partir das regras da pris\u00e3o domiciliar, que imp\u00f5em a ela a obriga\u00e7\u00e3o de \u201cabster-se de adotar comportamentos que possam perturbar a tranquilidade do bairro\u201d.<\/p>\n<p>A defesa argumenta que n\u00e3o h\u00e1 proibi\u00e7\u00e3o expressa para que a ex-presidenta apare\u00e7a na janela ou na sacada, e que impedir isso violaria garantias constitucionais. Cristina ainda n\u00e3o se manifestou publicamente desde que come\u00e7ou o cumprimento da medida, mas segundo seus advogados, poder\u00e1 recorrer \u00e0 Suprema Corte caso o pedido de esclarecimento n\u00e3o seja respondido rapidamente.<\/p>\n<figure><img decoding=\"async\" width=\"1024\" height=\"683\"src=\"https:\/\/redept.org\/blogosfera\/wp-content\/uploads\/2025\/06\/AFP__20250618__62VM96T__v1__Preview__ArgentinaPoliticsCorruptionTrialKirchnerSupport.jpg\" alt=\"\" srcset=\"https:\/\/assets.brasildefato.com.br\/2025\/06\/AFP__20250618__62VM96T__v1__Preview__ArgentinaPoliticsCorruptionTrialKirchnerSupport-300x200.jpg 300w, https:\/\/assets.brasildefato.com.br\/2025\/06\/AFP__20250618__62VM96T__v1__Preview__ArgentinaPoliticsCorruptionTrialKirchnerSupport-1024x683.jpg 1024w, https:\/\/assets.brasildefato.com.br\/2025\/06\/AFP__20250618__62VM96T__v1__Preview__ArgentinaPoliticsCorruptionTrialKirchnerSupport-768x512.jpg 768w, https:\/\/assets.brasildefato.com.br\/2025\/06\/AFP__20250618__62VM96T__v1__Preview__ArgentinaPoliticsCorruptionTrialKirchnerSupport-1536x1025.jpg 1536w, https:\/\/assets.brasildefato.com.br\/2025\/06\/AFP__20250618__62VM96T__v1__Preview__ArgentinaPoliticsCorruptionTrialKirchnerSupport-750x536.jpg 750w, https:\/\/assets.brasildefato.com.br\/2025\/06\/AFP__20250618__62VM96T__v1__Preview__ArgentinaPoliticsCorruptionTrialKirchnerSupport-1140x815.jpg 1140w, https:\/\/assets.brasildefato.com.br\/2025\/06\/AFP__20250618__62VM96T__v1__Preview__ArgentinaPoliticsCorruptionTrialKirchnerSupport-600x400.jpg 600w, https:\/\/redept.org\/blogosfera\/wp-content\/uploads\/2025\/06\/AFP__20250618__62VM96T__v1__Preview__ArgentinaPoliticsCorruptionTrialKirchnerSupport.jpg 1799w\" sizes=\"(max-width: 1024px) 100vw, 1024px\"><figcaption>Bandeira exposta pelas vizinhas de cima do apartamento de Cristina Kirchner, em Buenos Aires (Foto: Tomas Cuesta\/AFP)<\/figcaption><\/figure>\n<p>O tema provocou debates entre magistrados e membros do Minist\u00e9rio P\u00fablico. Parte dos juristas sustenta que n\u00e3o h\u00e1 base legal para restringir esse tipo de manifesta\u00e7\u00e3o p\u00fablica, enquanto outros alertam para os riscos de seguran\u00e7a e argumentam que o local n\u00e3o pode se transformar em ponto de aglomera\u00e7\u00e3o.<\/p>\n<p>A pris\u00e3o domiciliar de Cristina, de 72 anos, foi concedida por sua idade, conforme prev\u00ea o C\u00f3digo Penal argentino. No entanto, a decis\u00e3o gerou forte rea\u00e7\u00e3o social. \u201cEla sempre esteve conosco, agora \u00e9 nossa vez de estar com ela\u201d, resumiu Juan Carlos, trabalhador de Buenos Aires. \u201cEles t\u00eam medo, porque sabem que o povo votaria nela. Ela n\u00e3o vai se render. E n\u00f3s vamos voltar.\u201d<\/p>\n<p><em>Com informa\u00e7\u00f5es do jornal El Tiempo Argentino<\/em><\/p>\n<p>O post <a href=\"https:\/\/www.brasildefato.com.br\/2025\/06\/18\/milhares-de-argentinos-lotam-a-praca-de-maio-em-apoio-a-cristina-kirchner-ex-presidenta-pede-a-justica-autorizacao-para-aparecer-na-sacada\/\">Milhares de argentinos lotam a Pra\u00e7a de Maio em apoio a Cristina Kirchner; ex-presidenta pede \u00e0 Justi\u00e7a autoriza\u00e7\u00e3o para aparecer na sacada<\/a> apareceu primeiro em <a href=\"https:\/\/www.brasildefato.com.br\/\">Brasil de Fato<\/a>.<\/p>\n<!-- Begin Yuzo --><div class='yuzo_related_post style-1'  data-version='5.12.89'><!-- without result --><div class='yuzo_clearfixed yuzo__title yuzo__title'><h3>Related Post<\/h3><\/div>\n\t\t\t\t\t\t  <div class=\"relatedthumb \" style=\"width:125px;float:left;overflow:hidden;\">  \n\t\t\t\t\t\t\t  \n\t\t\t\t\t\t\t  <a  href=\"https:\/\/redept.com.br\/blogosfera\/plebiscito-popular-no-rs-intensifica-mobilizacao-para-agosto-e-setembro\/\"  >\n\t\t\t\t\t\t\t\t\t  <div class=\"yuzo-img-wrap \" style=\"width: 125px;height:90px;\">\n\t\t\t\t\t\t\t\t\t\t\n\t\t\t\t\t\t\t\t\t\t<div class=\"yuzo-img\" style=\"background:url('https:\/\/redept.com.br\/blogosfera\/wp-content\/uploads\/2025\/08\/bdf-20250703-191638-6a2560-150x150.jpg') 50% 50% no-repeat;width: 125px;height:90px;margin-bottom: 5px;background-size: cover; \"><\/div>\n\t\t\t\t\t\t\t\t\t  <\/div>\n\t\t\t\t\t\t\t\t\t  \n\t\t\t\t\t\t\t\t   <span class=\"yuzo__text--title\" style=\"font-size:13px;\">Plebiscito Popular no RS intensifica mobiliza\u00e7\u00e3o p...<\/span>\n\t\t\t\t\t\t\t  \n\t\t\t\t\t\t\t  \n\t\t\t\t\t\t\t  <\/a>\n\n\t\t\t\t\t\t  <\/div>\n\t\t\t\t\t\t  <div class=\"relatedthumb \" style=\"width:125px;float:left;overflow:hidden;\">  \n\t\t\t\t\t\t\t  \n\t\t\t\t\t\t\t  <a  href=\"https:\/\/redept.com.br\/blogosfera\/o-que-e-noticia-no-jornal-tvt-news-primeira-edicao-02-01-2026\/\"  >\n\t\t\t\t\t\t\t\t\t  <div class=\"yuzo-img-wrap \" style=\"width: 125px;height:90px;\">\n\t\t\t\t\t\t\t\t\t\t\n\t\t\t\t\t\t\t\t\t\t<div class=\"yuzo-img\" style=\"background:url('https:\/\/redept.com.br\/blogosfera\/wp-content\/uploads\/2026\/02\/jornal_tvt_news-150x150.jpeg') 50% 50% no-repeat;width: 125px;height:90px;margin-bottom: 5px;background-size: cover; \"><\/div>\n\t\t\t\t\t\t\t\t\t  <\/div>\n\t\t\t\t\t\t\t\t\t  \n\t\t\t\t\t\t\t\t   <span class=\"yuzo__text--title\" style=\"font-size:13px;\">O que \u00e9 not\u00edcia no Jornal TVT News Primeira Edi\u00e7\u00e3o...<\/span>\n\t\t\t\t\t\t\t  \n\t\t\t\t\t\t\t  \n\t\t\t\t\t\t\t  <\/a>\n\n\t\t\t\t\t\t  <\/div>\n\t\t\t\t\t\t  <div class=\"relatedthumb \" style=\"width:125px;float:left;overflow:hidden;\">  \n\t\t\t\t\t\t\t  \n\t\t\t\t\t\t\t  <a  href=\"https:\/\/redept.com.br\/blogosfera\/o-caso-de-trump-que-envolve-uma-rede-asquerosa-de-pedofilia-e-serio-e-deve-lhe-custar-o-mandado-e-cadeia\/\"  >\n\t\t\t\t\t\t\t\t\t  <div class=\"yuzo-img-wrap \" style=\"width: 125px;height:90px;\">\n\t\t\t\t\t\t\t\t\t\t\n\t\t\t\t\t\t\t\t\t\t<div class=\"yuzo-img\" style=\"background:url('https:\/\/redept.org\/blogosfera\/wp-content\/plugins\/yuzo-related-post\/assets\/images\/default.png') 50% 50% no-repeat;width: 125px;height:90px;margin-bottom: 5px;background-size: cover; \"><\/div>\n\t\t\t\t\t\t\t\t\t  <\/div>\n\t\t\t\t\t\t\t\t\t  \n\t\t\t\t\t\t\t\t   <span class=\"yuzo__text--title\" style=\"font-size:13px;\">O caso de Trump, que envolve uma rede asquerosa de...<\/span>\n\t\t\t\t\t\t\t  \n\t\t\t\t\t\t\t  \n\t\t\t\t\t\t\t  <\/a>\n\n\t\t\t\t\t\t  <\/div>\n\t\t\t\t\t\t  <div class=\"relatedthumb \" style=\"width:125px;float:left;overflow:hidden;\">  \n\t\t\t\t\t\t\t  \n\t\t\t\t\t\t\t  <a  href=\"https:\/\/redept.com.br\/blogosfera\/ataque-cibernetico-anulou-radares-e-desmantelou-cadeia-de-comando-da-venezuela-diz-especialista-em-seguranca-internacional\/\"  >\n\t\t\t\t\t\t\t\t\t  <div class=\"yuzo-img-wrap \" style=\"width: 125px;height:90px;\">\n\t\t\t\t\t\t\t\t\t\t\n\t\t\t\t\t\t\t\t\t\t<div class=\"yuzo-img\" style=\"background:url('https:\/\/redept.com.br\/blogosfera\/wp-content\/uploads\/2026\/01\/captura-de-tela-2025-06-19-222114-150x150.png') 50% 50% no-repeat;width: 125px;height:90px;margin-bottom: 5px;background-size: cover; \"><\/div>\n\t\t\t\t\t\t\t\t\t  <\/div>\n\t\t\t\t\t\t\t\t\t  \n\t\t\t\t\t\t\t\t   <span class=\"yuzo__text--title\" style=\"font-size:13px;\">\u2018Ataque cibern\u00e9tico anulou radares e desmantelou c...<\/span>\n\t\t\t\t\t\t\t  \n\t\t\t\t\t\t\t  \n\t\t\t\t\t\t\t  <\/a>\n\n\t\t\t\t\t\t  <\/div>\n<\/div> <script>\n\t\t\t\t\t\t  jQuery(document).ready(function( $ ){\n\t\t\t\t\t\t\t\/\/jQuery('.yuzo_related_post').equalizer({ overflow : 'relatedthumb' });\n\t\t\t\t\t\t\tjQuery('.yuzo_related_post .yuzo_wraps').equalizer({ columns : '> div' });\n\t\t\t\t\t\t   })\n\t\t\t\t\t\t  <\/script> <!-- End Yuzo :) -->","protected":false},"excerpt":{"rendered":"<p>Milhares de pessoas ocuparam a Pra\u00e7a de Maio, em Buenos Aires, nesta quarta-feira (18), em uma grande manifesta\u00e7\u00e3o em apoio \u00e0 ex-presidenta argentina Cristina Fern\u00e1ndez de Kirchner. A mobiliza\u00e7\u00e3o ocorre dois dias ap\u00f3s a Justi\u00e7a impor pris\u00e3o domiciliar \u00e0 ex-mandat\u00e1ria, em um contexto de crescente tens\u00e3o institucional e den\u00fancias de persegui\u00e7\u00e3o pol\u00edtica. O protesto foi [&hellip;]<\/p>\n","protected":false},"author":2,"featured_media":0,"comment_status":"closed","ping_status":"closed","sticky":false,"template":"","format":"standard","meta":{"fifu_image_url":"","fifu_image_alt":"","footnotes":""},"categories":[272,2734,50,274],"tags":[],"class_list":["post-34057","post","type-post","status-publish","format-standard","hentry","category-argentina","category-cristina-kirchner","category-internacional","category-javier-milei"],"_links":{"self":[{"href":"https:\/\/redept.com.br\/blogosfera\/wp-json\/wp\/v2\/posts\/34057","targetHints":{"allow":["GET"]}}],"collection":[{"href":"https:\/\/redept.com.br\/blogosfera\/wp-json\/wp\/v2\/posts"}],"about":[{"href":"https:\/\/redept.com.br\/blogosfera\/wp-json\/wp\/v2\/types\/post"}],"author":[{"embeddable":true,"href":"https:\/\/redept.com.br\/blogosfera\/wp-json\/wp\/v2\/users\/2"}],"replies":[{"embeddable":true,"href":"https:\/\/redept.com.br\/blogosfera\/wp-json\/wp\/v2\/comments?post=34057"}],"version-history":[{"count":0,"href":"https:\/\/redept.com.br\/blogosfera\/wp-json\/wp\/v2\/posts\/34057\/revisions"}],"wp:attachment":[{"href":"https:\/\/redept.com.br\/blogosfera\/wp-json\/wp\/v2\/media?parent=34057"}],"wp:term":[{"taxonomy":"category","embeddable":true,"href":"https:\/\/redept.com.br\/blogosfera\/wp-json\/wp\/v2\/categories?post=34057"},{"taxonomy":"post_tag","embeddable":true,"href":"https:\/\/redept.com.br\/blogosfera\/wp-json\/wp\/v2\/tags?post=34057"}],"curies":[{"name":"wp","href":"https:\/\/api.w.org\/{rel}","templated":true}]}}