{"id":34064,"date":"2025-06-18T16:18:53","date_gmt":"2025-06-18T19:18:53","guid":{"rendered":"https:\/\/redept.org\/blogosfera\/noticias-do-dia-com-o-jornal-tvt-news-segunda-edicao-18-06\/"},"modified":"2025-06-18T16:18:53","modified_gmt":"2025-06-18T19:18:53","slug":"noticias-do-dia-com-o-jornal-tvt-news-segunda-edicao-18-06","status":"publish","type":"post","link":"https:\/\/redept.com.br\/blogosfera\/noticias-do-dia-com-o-jornal-tvt-news-segunda-edicao-18-06\/","title":{"rendered":"Not\u00edcias do dia com o Jornal TVT News Segunda Edi\u00e7\u00e3o | 18-06"},"content":{"rendered":"<p>Acompanhe o <a href=\"https:\/\/tvtnews.com.br\/programas\/jornal-tvtnews\/\" data-type=\"category\" data-id=\"4767\">Jornal TVT News Segunda Edi\u00e7\u00e3o<\/a> de 18 de junho de 2025. Veja quais s\u00e3o as <a href=\"https:\/\/tvtnews.com.br\/ultimas-noticias\/\" data-type=\"page\" data-id=\"716104\">not\u00edcias do dia<\/a> com a equipe do jornal <a href=\"http:\/\/tvtnews.com.br\/\" data-type=\"link\" data-id=\"tvtnews.com.br\" target=\"_blank\" rel=\"noopener noreferrer nofollow\">TVT News<\/a><\/p>\n<figure>\n<div>\n<\/div>\n<\/figure>\n<\/p>\n<h2>O que \u00e9 not\u00edcia neste 18 de junho de 2025<\/h2>\n<ul>\n<li><a href=\"https:\/\/tvtnews.com.br\/congresso-derruba-vetos-de-lula-e-retoma-jabutis-que-elevam-conta-de-luz\/\" data-type=\"post\" data-id=\"753274\">Congresso derruba vetos de Lula<\/a>: conta de luz mais cara e isen\u00e7\u00f5es para o agroneg\u00f3cio <\/li>\n<li>Brasil no G7: Lula critica conflitos globais e condena ofensivas em Gaza, Ucr\u00e2nia e ataques Ir\u00e3-Israel <\/li>\n<li>Feminic\u00eddio: Vereadora Elisane Rodrigues dos Santos \u00e9 encontrada morta no RS <\/li>\n<li>Minist\u00e9rio P\u00fablico arquiva den\u00fancia contra PMs que queimaram cruz em v\u00eddeo no interior de SP <\/li>\n<li>Fam\u00edlia de jornalista pede desculpas por ataques homof\u00f3bicos e alega transtornos mentais <\/li>\n<li>Sesc Pompeia recebe \u201cTerra Brasilis Top Trans Pindor\u00e2mica\u201d da Cia. Sacana de Teatro e Dan\u00e7a<\/li>\n<\/ul>\n<\/p>\n<\/p>\n<\/p>\n<h2>TVT News Segunda Edi\u00e7\u00e3o: servi\u00e7os nas telas da TVT<\/h2>\n<p>O <strong>jornal TVT News Segunda Edi\u00e7\u00e3o <\/strong>\u00e9 comandado por Don Ernesto, apresentador do programa de entrevistas da TVT, <a href=\"https:\/\/tvtnews.com.br\/conversa-sem-curva\/\" data-type=\"page\" data-id=\"726394\">Conversa sem Curva<\/a>. \u00a0Al\u00e9m das not\u00edcias da tarde, o telejornal trar\u00e1 o cotidiano das cidades e comentaristas.<\/p>\n<p>\u201cO jornal TVT News Segunda Edi\u00e7\u00e3o comenta o que foi not\u00edcia no dia, traz servi\u00e7os de utilidade p\u00fablica, entrevistas com analistas da pol\u00edtica, da cultura e da economia e repercute os fatos que est\u00e3o em alta nas redes sociais\u201d, conta o apresentador Don Ernesto.<\/p>\n<p>O jornal <strong>TVT News Segunda Edi\u00e7\u00e3o<\/strong> pode ser acompanhado na TV aberta digital, canal 44.1 na capital paulista e grande S\u00e3o Paulo, pelo YouTube da TVT: <a href=\"https:\/\/www.youtube.com\/@redetvt\" target=\"_blank\" rel=\"noopener noreferrer nofollow\">https:\/\/www.youtube.com\/@redetvt<\/a> com cortes nas redes sociais da TVT News (Instagram, Tik Tok, Kawai, Facebook e Linkedin).<\/p>\n<p>\u201cEsta \u00e9 a segunda estreia da TVT News no m\u00eas de abril. Com os dois telejornais, pela manh\u00e3 e pela tarde, a TVT est\u00e1 ainda mais pr\u00f3xima do p\u00fablico e dos principais acontecimentos do Brasil e do mundo\u201d, conta o presidente da TVT, Maur\u00edcio Junior.<\/p>\n<\/p>\n<h1>Jornal TVT News: manh\u00e3 e tarde com os trabalhadores<\/h1>\n<p>TVT News tem, a partir de agora, dois telejornais, o<a href=\"https:\/\/tvtnews.com.br\/estreia-jornal-tvt-news-primeira-edicao\/\" data-type=\"post\" data-id=\"742850\"> jornal TVT News Primeira Edi\u00e7\u00e3o<\/a>, das 10h30 \u00e0s 13h e o Jornal TVT News Segunda Edi\u00e7\u00e3o, das 16h \u00e0s 18h. Os dois notici\u00e1rios fazem parte das transforma\u00e7\u00f5es de programa\u00e7\u00e3o e na linguagem que come\u00e7aram em agosto de 2024 quando o site <a href=\"https:\/\/tvtnews.com.br\/\">TVT News<\/a> foi lan\u00e7ado.<\/p>\n<p>\u201cNossa estrat\u00e9gia de unificar a reda\u00e7\u00e3o e diversificar conte\u00fados vem se mostrando acertada. Agora nossos esfor\u00e7os est\u00e3o concentrados em aumentar a audi\u00eancia e estrear novos produtos\u201d, explica o Diretor de Conte\u00fado da TVT News, Ricardo Negr\u00e3o.<\/p>\n<\/p>\n<figure><img fetchpriority=\"high\" decoding=\"async\" width=\"1024\" height=\"575\"src=\"https:\/\/redept.org\/blogosfera\/wp-content\/uploads\/2025\/06\/jornal_tvt_new-20.jpeg\" alt=\"tvt-lanca-jornal-tvt-news-segunda-edicao-no-dia-16-de-abril-talita-galli-e-don-ernesto-apresentadores-dos-novos-telejornais-da-tvt-news-o-dia-com-os-trabalhadores-foto-vitoria-machado-tvt-news-tvt-news\" title=\"Not\u00edcias do dia com o Jornal TVT News Segunda Edi\u00e7\u00e3o | 18-06 2\" srcset=\"https:\/\/tvtnews.com.br\/wp-content\/uploads\/2025\/04\/jornal_tvt_news-1024x575.jpeg 1024w, https:\/\/tvtnews.com.br\/wp-content\/uploads\/2025\/04\/jornal_tvt_news-300x169.jpeg 300w, https:\/\/tvtnews.com.br\/wp-content\/uploads\/2025\/04\/jornal_tvt_news-768x432.jpeg 768w, https:\/\/tvtnews.com.br\/wp-content\/uploads\/2025\/04\/jornal_tvt_news-1536x863.jpeg 1536w, https:\/\/redept.org\/blogosfera\/wp-content\/uploads\/2025\/06\/jornal_tvt_new-20.jpeg 1600w\" sizes=\"(max-width: 1024px) 100vw, 1024px\"><figcaption>Talita Galli e Don Ernesto, apresentadores dos novos telejornais da TVT News: o dia todo com os trabalhadores. Foto: Vit\u00f3ria Machado\/TVT News<\/figcaption><\/figure>\n<\/p>\n<h4>Veja tamb\u00e9m: as not\u00edcias mais lidas da TVT News<\/h4>\n<p>Veja quais s\u00e3o as not\u00edcias mais lidas do \u00faltimo m\u00eas na TVT News<\/p>\n<ul>\n<li><a href=\"https:\/\/tvtnews.com.br\/copa-do-mundo-2026-quais-sao-paises-classificados\/\">Copa do Mundo 2026: quais s\u00e3o os pa\u00edses classificados?<\/a><\/li>\n<li><a href=\"https:\/\/tvtnews.com.br\/oscars-2025-acompanhe-a-cerimonia-com-a-tvt-news\/\">Veja lista completa dos Oscars 2025<\/a><\/li>\n<li><a href=\"https:\/\/tvtnews.com.br\/21-de-abril-dia-de-tiradentes-a-construcao-do-heroi\/\">21 de abril, Dia de Tiradentes: a constru\u00e7\u00e3o do her\u00f3i nacional<\/a><\/li>\n<li><a href=\"https:\/\/tvtnews.com.br\/papa-do-brasil-quem-sao-os-cardeais-brasileiros-no-conclave\/\">Quem s\u00e3o os cardeais brasileiros que votam no conclave<\/a><\/li>\n<li><a href=\"https:\/\/tvtnews.com.br\/primeiro-de-maio-comemore-o-dia-do-trabalhador-e-da-trabalhadora\/\">1\u00b0 de maio: comemore o Dia do Trabalhador e da Trabalhadora<\/a><\/li>\n<li><a href=\"https:\/\/tvtnews.com.br\/25-livros-para-ler-em-2025\/\">25 livros para ler em 2025<\/a><\/li>\n<\/ul>\n<p>The post <a rel=\"nofollow\" href=\"https:\/\/tvtnews.com.br\/jornal-tvt-news-segunda-edicao-18-06\/\">Not\u00edcias do dia com o Jornal TVT News Segunda Edi\u00e7\u00e3o | 18-06<\/a> appeared first on <a rel=\"nofollow\" href=\"https:\/\/tvtnews.com.br\/\">TVT News<\/a>.<\/p>\n<!-- Begin Yuzo --><div class='yuzo_related_post style-1'  data-version='5.12.89'><!-- without result --><div class='yuzo_clearfixed yuzo__title yuzo__title'><h3>Related Post<\/h3><\/div>\n\t\t\t\t\t\t  <div class=\"relatedthumb \" style=\"width:125px;float:left;overflow:hidden;\">  \n\t\t\t\t\t\t\t  \n\t\t\t\t\t\t\t  <a  href=\"https:\/\/redept.com.br\/blogosfera\/mst-cria-nova-cooperativa-agroecologica-em-minas-gerais\/\"  >\n\t\t\t\t\t\t\t\t\t  <div class=\"yuzo-img-wrap \" style=\"width: 125px;height:90px;\">\n\t\t\t\t\t\t\t\t\t\t\n\t\t\t\t\t\t\t\t\t\t<div class=\"yuzo-img\" style=\"background:url('https:\/\/redept.com.br\/blogosfera\/wp-content\/uploads\/2026\/07\/57019976-5def-46dd-8d73-e07686fda79a-150x150.jpg') 50% 50% no-repeat;width: 125px;height:90px;margin-bottom: 5px;background-size: cover; \"><\/div>\n\t\t\t\t\t\t\t\t\t  <\/div>\n\t\t\t\t\t\t\t\t\t  \n\t\t\t\t\t\t\t\t   <span class=\"yuzo__text--title\" style=\"font-size:13px;\">MST cria nova cooperativa Agroecol\u00f3gica em Minas G...<\/span>\n\t\t\t\t\t\t\t  \n\t\t\t\t\t\t\t  \n\t\t\t\t\t\t\t  <\/a>\n\n\t\t\t\t\t\t  <\/div>\n\t\t\t\t\t\t  <div class=\"relatedthumb \" style=\"width:125px;float:left;overflow:hidden;\">  \n\t\t\t\t\t\t\t  \n\t\t\t\t\t\t\t  <a  href=\"https:\/\/redept.com.br\/blogosfera\/especial-entrevista-com-a-ministra-marina-silva\/\"  >\n\t\t\t\t\t\t\t\t\t  <div class=\"yuzo-img-wrap \" style=\"width: 125px;height:90px;\">\n\t\t\t\t\t\t\t\t\t\t\n\t\t\t\t\t\t\t\t\t\t<div class=\"yuzo-img\" style=\"background:url('https:\/\/redept.org\/blogosfera\/wp-content\/plugins\/yuzo-related-post\/assets\/images\/default.png') 50% 50% no-repeat;width: 125px;height:90px;margin-bottom: 5px;background-size: cover; \"><\/div>\n\t\t\t\t\t\t\t\t\t  <\/div>\n\t\t\t\t\t\t\t\t\t  \n\t\t\t\t\t\t\t\t   <span class=\"yuzo__text--title\" style=\"font-size:13px;\">Especial: entrevista com a ministra Marina Silva<\/span>\n\t\t\t\t\t\t\t  \n\t\t\t\t\t\t\t  \n\t\t\t\t\t\t\t  <\/a>\n\n\t\t\t\t\t\t  <\/div>\n\t\t\t\t\t\t  <div class=\"relatedthumb \" style=\"width:125px;float:left;overflow:hidden;\">  \n\t\t\t\t\t\t\t  \n\t\t\t\t\t\t\t  <a  href=\"https:\/\/redept.com.br\/blogosfera\/sus-fara-teste-para-diagnostico-precoce-de-autismo-aos-16-meses\/\"  >\n\t\t\t\t\t\t\t\t\t  <div class=\"yuzo-img-wrap \" style=\"width: 125px;height:90px;\">\n\t\t\t\t\t\t\t\t\t\t\n\t\t\t\t\t\t\t\t\t\t<div class=\"yuzo-img\" style=\"background:url('https:\/\/redept.org\/blogosfera\/wp-content\/plugins\/yuzo-related-post\/assets\/images\/default.png') 50% 50% no-repeat;width: 125px;height:90px;margin-bottom: 5px;background-size: cover; \"><\/div>\n\t\t\t\t\t\t\t\t\t  <\/div>\n\t\t\t\t\t\t\t\t\t  \n\t\t\t\t\t\t\t\t   <span class=\"yuzo__text--title\" style=\"font-size:13px;\">SUS far\u00e1 teste para diagn\u00f3stico precoce de autismo...<\/span>\n\t\t\t\t\t\t\t  \n\t\t\t\t\t\t\t  \n\t\t\t\t\t\t\t  <\/a>\n\n\t\t\t\t\t\t  <\/div>\n\t\t\t\t\t\t  <div class=\"relatedthumb \" style=\"width:125px;float:left;overflow:hidden;\">  \n\t\t\t\t\t\t\t  \n\t\t\t\t\t\t\t  <a  href=\"https:\/\/redept.com.br\/blogosfera\/moraes-permite-que-bolsonaro-receba-estimulo-craniano-na-papudinha\/\"  >\n\t\t\t\t\t\t\t\t\t  <div class=\"yuzo-img-wrap \" style=\"width: 125px;height:90px;\">\n\t\t\t\t\t\t\t\t\t\t\n\t\t\t\t\t\t\t\t\t\t<div class=\"yuzo-img\" style=\"background:url('https:\/\/redept.org\/blogosfera\/wp-content\/plugins\/yuzo-related-post\/assets\/images\/default.png') 50% 50% no-repeat;width: 125px;height:90px;margin-bottom: 5px;background-size: cover; \"><\/div>\n\t\t\t\t\t\t\t\t\t  <\/div>\n\t\t\t\t\t\t\t\t\t  \n\t\t\t\t\t\t\t\t   <span class=\"yuzo__text--title\" style=\"font-size:13px;\">Moraes permite que Bolsonaro receba est\u00edmulo crani...<\/span>\n\t\t\t\t\t\t\t  \n\t\t\t\t\t\t\t  \n\t\t\t\t\t\t\t  <\/a>\n\n\t\t\t\t\t\t  <\/div>\n<\/div> <script>\n\t\t\t\t\t\t  jQuery(document).ready(function( $ ){\n\t\t\t\t\t\t\t\/\/jQuery('.yuzo_related_post').equalizer({ overflow : 'relatedthumb' });\n\t\t\t\t\t\t\tjQuery('.yuzo_related_post .yuzo_wraps').equalizer({ columns : '> div' });\n\t\t\t\t\t\t   })\n\t\t\t\t\t\t  <\/script> <!-- End Yuzo :) -->","protected":false},"excerpt":{"rendered":"<p>Acompanhe o Jornal TVT News Segunda Edi\u00e7\u00e3o de 18 de junho de 2025. Veja quais s\u00e3o as not\u00edcias do dia com a equipe do jornal TVT News O que \u00e9 not\u00edcia neste 18 de junho de 2025 Congresso derruba vetos de Lula: conta de luz mais cara e isen\u00e7\u00f5es para o agroneg\u00f3cio Brasil no G7: [&hellip;]<\/p>\n","protected":false},"author":2,"featured_media":0,"comment_status":"open","ping_status":"closed","sticky":false,"template":"","format":"standard","meta":{"fifu_image_url":"","fifu_image_alt":"","footnotes":""},"categories":[489,23,5013,4907,377,2709],"tags":[],"class_list":["post-34064","post","type-post","status-publish","format-standard","hentry","category-destaque-pequeno","category-guerra","category-jornal-tvt-news","category-jornal-tvtnews","category-trabalho","category-tvt"],"_links":{"self":[{"href":"https:\/\/redept.com.br\/blogosfera\/wp-json\/wp\/v2\/posts\/34064","targetHints":{"allow":["GET"]}}],"collection":[{"href":"https:\/\/redept.com.br\/blogosfera\/wp-json\/wp\/v2\/posts"}],"about":[{"href":"https:\/\/redept.com.br\/blogosfera\/wp-json\/wp\/v2\/types\/post"}],"author":[{"embeddable":true,"href":"https:\/\/redept.com.br\/blogosfera\/wp-json\/wp\/v2\/users\/2"}],"replies":[{"embeddable":true,"href":"https:\/\/redept.com.br\/blogosfera\/wp-json\/wp\/v2\/comments?post=34064"}],"version-history":[{"count":0,"href":"https:\/\/redept.com.br\/blogosfera\/wp-json\/wp\/v2\/posts\/34064\/revisions"}],"wp:attachment":[{"href":"https:\/\/redept.com.br\/blogosfera\/wp-json\/wp\/v2\/media?parent=34064"}],"wp:term":[{"taxonomy":"category","embeddable":true,"href":"https:\/\/redept.com.br\/blogosfera\/wp-json\/wp\/v2\/categories?post=34064"},{"taxonomy":"post_tag","embeddable":true,"href":"https:\/\/redept.com.br\/blogosfera\/wp-json\/wp\/v2\/tags?post=34064"}],"curies":[{"name":"wp","href":"https:\/\/api.w.org\/{rel}","templated":true}]}}