{"id":34096,"date":"2025-06-18T17:38:03","date_gmt":"2025-06-18T20:38:03","guid":{"rendered":"https:\/\/redept.org\/blogosfera\/inmet-emite-alerta-vermelho-para-chuvas-no-rio-grande-do-sul\/"},"modified":"2025-06-18T17:38:03","modified_gmt":"2025-06-18T20:38:03","slug":"inmet-emite-alerta-vermelho-para-chuvas-no-rio-grande-do-sul","status":"publish","type":"post","link":"https:\/\/redept.com.br\/blogosfera\/inmet-emite-alerta-vermelho-para-chuvas-no-rio-grande-do-sul\/","title":{"rendered":"Inmet emite alerta vermelho para chuvas no Rio Grande do Sul"},"content":{"rendered":"<\/p>\n<p>O Instituto Nacional de Meteorologia (Inmet) emitiu nesta quarta-feira (18) um alerta vermelho, que indica grande perigo na escala de grau de severidade para o volume de chuvas que deve ser registrado no<a href=\"https:\/\/tvtnews.com.br\/tag\/rio-grande-do-sul\/\" data-type=\"post_tag\" data-id=\"4475\"> Rio Grande do Sul <\/a>nos pr\u00f3ximos dias, superior a 60 mil\u00edmetros por hora (mm\/h) ou acima de 100 mm\/dia.\u00a0Saiba mais em <a href=\"https:\/\/tvtnews.com.br\/\" data-type=\"page\" data-id=\"733503\">TVT News.<\/a><\/p>\n<p>De acordo com o \u00f3rg\u00e3o,\u00a0h\u00e1 risco de grandes alagamentos, transbordamentos de rios e deslizamentos de encostas em cidades com \u00e1reas de risco.\u00a0S\u00e3o 363 munic\u00edpios cobertos pelo alerta vermelho nas regi\u00f5es Noroeste, Centro Ocidental e Oriental, Sudoeste, Metropolitana de Porto Alegre, Sudeste e Nordeste do estado.<\/p>\n<p>Para o Inmet, o restante do estado est\u00e1 em alerta laranja, que significa perigo em rela\u00e7\u00e3o ao volume de chuvas.\u00a0<\/p>\n<\/p>\n<h2>Defesa Civil\u00a0<\/h2>\n<\/p>\n<p>Em raz\u00e3o do volume de chuvas j\u00e1 registrado e a previs\u00e3o de mais precipita\u00e7\u00f5es volumosas at\u00e9 s\u00e1bado (21),\u00a0<strong>a Defesa Civil do estado emitiu diversos avisos para a popula\u00e7\u00e3o e refor\u00e7ou o status de alerta (laranja) e severo (vermelho).<\/strong>\u00a0H\u00e1 riscos de chuvas fortes com raios, al\u00e9m de tempestades com granizo em algumas regi\u00f5es.\u00a0\u00a0<\/p>\n<p>O alerta amarelo indica que a popula\u00e7\u00e3o deve permanecer atenta \u00e0s informa\u00e7\u00f5es oficiais da Defesa Civil e verificar com as autoridades locais o status do risco na regi\u00e3o onde mora ou transita.\u00a0<\/p>\n<p>J\u00e1 o alerta laranja recomenda que a popula\u00e7\u00e3o esteja preparada para eventos mais graves, como manter um kit com documentos, medicamentos e muda de roupas caso seja necess\u00e1rio sair imediatamente, al\u00e9m de eventuais ajustes de rotina para evitar exposi\u00e7\u00e3o durante as chuvas.\u00a0\u00a0<\/p>\n<\/p>\n<h2>Rios\u00a0<\/h2>\n<p>De acordo com a Defesa Civil,<strong>\u00a0os rios apresentam tend\u00eancia de eleva\u00e7\u00e3o em praticamente todo o estado.<\/strong>\u00a0Especialmente no centro e metade oeste do Rio Grande do Sul, \u00e9 registrado estado de aten\u00e7\u00e3o e alerta, com risco de ocorr\u00eancias como alagamentos em per\u00edmetros urbanos, enxurradas e inunda\u00e7\u00f5es.\u00a0<\/p>\n<p>\u00c9 indicado risco de inunda\u00e7\u00e3o para os rios Ibirapuit\u00e3 (em Alegrete), Ibicu\u00ed (em Manoel Viana), Santa Maria (em Ros\u00e1rio do Sul), Vacaca\u00ed (em S\u00e3o Gabriel), S\u00e3o Sep\u00e9 e Jacu\u00ed (em Cachoeira do Sul e em Rio Pardo), devido ao alto volume acumulado observados em suas bacias.\u00a0<\/p>\n<p>No <a href=\"https:\/\/tvtnews.com.br\/programas\/jornal-tvtnews\/\" data-type=\"category\" data-id=\"4767\">jornal TVT News Primeira Edi\u00e7\u00e3o<\/a> desta quarta-feira (18), o rep\u00f3rter Guilherme Oliveira detalhou como est\u00e1 a situa\u00e7\u00e3o na capital ga\u00facha. Acompanhe:<\/p>\n<\/p>\n<figure>\n<div>\n<\/div>\n<\/figure>\n<\/p>\n<h2>Chuvas atingem regi\u00e3o de Canoas<\/h2>\n<\/p>\n<p>Nesta quarta-feira (18), chuvas causaram estragos e transtornos na cidade de Canoas, na regi\u00e3o metropolitana de Porto Alegre.<\/p>\n<p><strong>O volume de chuva, de 69 mil\u00edmetros (mm), registrado em apenas 4 horas foi superior \u00e0 precipita\u00e7\u00e3o total de 61 mm que as autoridades municipais esperavam que atingisse a cidade ao longo do dia inteiro.<\/strong><\/p>\n<p>At\u00e9 o momento n\u00e3o h\u00e1 registro de feridos, mas a prefeitura do munic\u00edpio j\u00e1 contabilizava 89 pessoas desalojadas, ou seja, que tiveram que deixar suas resid\u00eancias e buscar abrigo tempor\u00e1rio na casa de parentes e amigos ou em hospedagens, e 28 que, sem ter para onde ir, foram levadas para abrigos p\u00fablicos.<\/p>\n<p><strong>A for\u00e7a da chuva causou alagamentos por toda a cidade, principalmente na regi\u00e3o oeste, onde a \u00e1gua entrou em casas, obrigando moradores a suspenderem seus m\u00f3veis.<\/strong>\u00a0Ao menos 29 estabelecimentos de ensino foram destelhados, o que motivou a <a href=\"https:\/\/www.riogrande.rs.gov.br\/consulta\/index.php\/pagina-inicial\" target=\"_blank\" rel=\"noopener noreferrer nofollow\">prefeitura<\/a> a suspender as aulas nas escolas municipais de educa\u00e7\u00e3o infantil e de ensino fundamental das regi\u00f5es oeste e leste da cidade.<\/p>\n<figure><img fetchpriority=\"high\" fetchpriority=\"high\" decoding=\"async\" width=\"1024\" height=\"578\"src=\"https:\/\/redept.org\/blogosfera\/wp-content\/uploads\/2025\/06\/chuna_em_canoas01-e1750278534330.webp\" alt=\"chuvas-na-cidade-de-canoas-nesta-quarta-feira-18-foto-frame-bahgossip-instagram-tvt-news\" title=\"Inmet emite alerta vermelho para chuvas no Rio Grande do Sul 3\" srcset=\"https:\/\/tvtnews.com.br\/wp-content\/uploads\/2025\/06\/chuna_em_canoas01-e1750278534330-1024x578.webp 1024w, https:\/\/tvtnews.com.br\/wp-content\/uploads\/2025\/06\/chuna_em_canoas01-e1750278534330-300x169.webp 300w, https:\/\/tvtnews.com.br\/wp-content\/uploads\/2025\/06\/chuna_em_canoas01-e1750278534330-768x433.webp 768w, https:\/\/redept.org\/blogosfera\/wp-content\/uploads\/2025\/06\/chuna_em_canoas01-e1750278534330.webp 1170w\" sizes=\"(max-width: 1024px) 100vw, 1024px\"><figcaption>Chuvas na cidade de Canoas nesta quarta-feira (18). Foto: Frame bahgossip\/Instagram<\/figcaption><\/figure>\n<\/p>\n<p>Equipes de servidores est\u00e3o limpando as ruas, tentando desobstruir as galerias pluviais e, de acordo com a prefeitura, apesar dos transtornos, n\u00e3o h\u00e1, por enquanto, risco de inunda\u00e7\u00f5es como as que atingiram a cidade no ano passado.<\/p>\n<\/p>\n<p>The post <a rel=\"nofollow\" href=\"https:\/\/tvtnews.com.br\/inmet-alerta-vermelho-chuvas-rio-grande-do-sul\/\">Inmet emite alerta vermelho para chuvas no Rio Grande do Sul<\/a> appeared first on <a rel=\"nofollow\" href=\"https:\/\/tvtnews.com.br\/\">TVT News<\/a>.<\/p>\n<!-- Begin Yuzo --><div class='yuzo_related_post style-1'  data-version='5.12.89'><!-- without result --><div class='yuzo_clearfixed yuzo__title yuzo__title'><h3>Related Post<\/h3><\/div>\n\t\t\t\t\t\t  <div class=\"relatedthumb \" style=\"width:125px;float:left;overflow:hidden;\">  \n\t\t\t\t\t\t\t  \n\t\t\t\t\t\t\t  <a  href=\"https:\/\/redept.com.br\/blogosfera\/paraibano-joao-pitoco-vence-berimbau-de-ouro-2025-com-pesquisa-inedita-sobre-mestre-bimba-e-defesa-do-quilombo-de-paratibe\/\"  >\n\t\t\t\t\t\t\t\t\t  <div class=\"yuzo-img-wrap \" style=\"width: 125px;height:90px;\">\n\t\t\t\t\t\t\t\t\t\t\n\t\t\t\t\t\t\t\t\t\t<div class=\"yuzo-img\" style=\"background:url('https:\/\/redept.com.br\/blogosfera\/wp-content\/uploads\/2025\/07\/WhatsApp-Image-2025-07-02-at-183546-719x375-1-150x150.jpeg') 50% 50% no-repeat;width: 125px;height:90px;margin-bottom: 5px;background-size: cover; \"><\/div>\n\t\t\t\t\t\t\t\t\t  <\/div>\n\t\t\t\t\t\t\t\t\t  \n\t\t\t\t\t\t\t\t   <span class=\"yuzo__text--title\" style=\"font-size:13px;\">Paraibano Jo\u00e3o Pitoco vence Berimbau de Ouro 2025 ...<\/span>\n\t\t\t\t\t\t\t  \n\t\t\t\t\t\t\t  \n\t\t\t\t\t\t\t  <\/a>\n\n\t\t\t\t\t\t  <\/div>\n\t\t\t\t\t\t  <div class=\"relatedthumb \" style=\"width:125px;float:left;overflow:hidden;\">  \n\t\t\t\t\t\t\t  \n\t\t\t\t\t\t\t  <a  href=\"https:\/\/redept.com.br\/blogosfera\/lula-compartilha-reza-viral-de-dona-tania-e-celebra-deu-tudo-certo-o-agente-secreto-arrasa-com-4-indicacoes-ao-oscar-2026-video\/\"  >\n\t\t\t\t\t\t\t\t\t  <div class=\"yuzo-img-wrap \" style=\"width: 125px;height:90px;\">\n\t\t\t\t\t\t\t\t\t\t\n\t\t\t\t\t\t\t\t\t\t<div class=\"yuzo-img\" style=\"background:url('https:\/\/redept.org\/blogosfera\/wp-content\/plugins\/yuzo-related-post\/assets\/images\/default.png') 50% 50% no-repeat;width: 125px;height:90px;margin-bottom: 5px;background-size: cover; \"><\/div>\n\t\t\t\t\t\t\t\t\t  <\/div>\n\t\t\t\t\t\t\t\t\t  \n\t\t\t\t\t\t\t\t   <span class=\"yuzo__text--title\" style=\"font-size:13px;\">Lula compartilha reza viral de Dona T\u00e2nia e celebr...<\/span>\n\t\t\t\t\t\t\t  \n\t\t\t\t\t\t\t  \n\t\t\t\t\t\t\t  <\/a>\n\n\t\t\t\t\t\t  <\/div>\n\t\t\t\t\t\t  <div class=\"relatedthumb \" style=\"width:125px;float:left;overflow:hidden;\">  \n\t\t\t\t\t\t\t  \n\t\t\t\t\t\t\t  <a  href=\"https:\/\/redept.com.br\/blogosfera\/projeto-patio-do-bem-viver-promove-dia-de-abraco-a-mulheres-do-campo-em-pelotas-rs\/\"  >\n\t\t\t\t\t\t\t\t\t  <div class=\"yuzo-img-wrap \" style=\"width: 125px;height:90px;\">\n\t\t\t\t\t\t\t\t\t\t\n\t\t\t\t\t\t\t\t\t\t<div class=\"yuzo-img\" style=\"background:url('https:\/\/redept.com.br\/blogosfera\/wp-content\/uploads\/2025\/09\/patio-bem-viver-150x150.png') 50% 50% no-repeat;width: 125px;height:90px;margin-bottom: 5px;background-size: cover; \"><\/div>\n\t\t\t\t\t\t\t\t\t  <\/div>\n\t\t\t\t\t\t\t\t\t  \n\t\t\t\t\t\t\t\t   <span class=\"yuzo__text--title\" style=\"font-size:13px;\">Projeto \u2018P\u00e1tio do Bem-Viver\u2019 promove \u2018dia de abra\u00e7...<\/span>\n\t\t\t\t\t\t\t  \n\t\t\t\t\t\t\t  \n\t\t\t\t\t\t\t  <\/a>\n\n\t\t\t\t\t\t  <\/div>\n\t\t\t\t\t\t  <div class=\"relatedthumb \" style=\"width:125px;float:left;overflow:hidden;\">  \n\t\t\t\t\t\t\t  \n\t\t\t\t\t\t\t  <a  href=\"https:\/\/redept.com.br\/blogosfera\/folha-de-s-paulo-o-jornal-da-ditadura-pos-64\/\"  >\n\t\t\t\t\t\t\t\t\t  <div class=\"yuzo-img-wrap \" style=\"width: 125px;height:90px;\">\n\t\t\t\t\t\t\t\t\t\t\n\t\t\t\t\t\t\t\t\t\t<div class=\"yuzo-img\" style=\"background:url('https:\/\/redept.com.br\/blogosfera\/wp-content\/uploads\/2025\/04\/Sem-titulo2-150x150.jpg') 50% 50% no-repeat;width: 125px;height:90px;margin-bottom: 5px;background-size: cover; \"><\/div>\n\t\t\t\t\t\t\t\t\t  <\/div>\n\t\t\t\t\t\t\t\t\t  \n\t\t\t\t\t\t\t\t   <span class=\"yuzo__text--title\" style=\"font-size:13px;\">Folha de S.Paulo, o jornal da ditadura p\u00f3s-64<\/span>\n\t\t\t\t\t\t\t  \n\t\t\t\t\t\t\t  \n\t\t\t\t\t\t\t  <\/a>\n\n\t\t\t\t\t\t  <\/div>\n<\/div> <script>\n\t\t\t\t\t\t  jQuery(document).ready(function( $ ){\n\t\t\t\t\t\t\t\/\/jQuery('.yuzo_related_post').equalizer({ overflow : 'relatedthumb' });\n\t\t\t\t\t\t\tjQuery('.yuzo_related_post .yuzo_wraps').equalizer({ columns : '> div' });\n\t\t\t\t\t\t   })\n\t\t\t\t\t\t  <\/script> <!-- End Yuzo :) -->","protected":false},"excerpt":{"rendered":"<p>O Instituto Nacional de Meteorologia (Inmet) emitiu nesta quarta-feira (18) um alerta vermelho, que indica grande perigo na escala de grau de severidade para o volume de chuvas que deve ser registrado no Rio Grande do Sul nos pr\u00f3ximos dias, superior a 60 mil\u00edmetros por hora (mm\/h) ou acima de 100 mm\/dia.\u00a0Saiba mais em TVT [&hellip;]<\/p>\n","protected":false},"author":2,"featured_media":34097,"comment_status":"open","ping_status":"closed","sticky":false,"template":"","format":"standard","meta":{"fifu_image_url":"","fifu_image_alt":"","footnotes":""},"categories":[473,19,61],"tags":[],"class_list":["post-34096","post","type-post","status-publish","format-standard","has-post-thumbnail","hentry","category-destaque-medio","category-rio-grande-do-sul","category-sociedade"],"_links":{"self":[{"href":"https:\/\/redept.com.br\/blogosfera\/wp-json\/wp\/v2\/posts\/34096","targetHints":{"allow":["GET"]}}],"collection":[{"href":"https:\/\/redept.com.br\/blogosfera\/wp-json\/wp\/v2\/posts"}],"about":[{"href":"https:\/\/redept.com.br\/blogosfera\/wp-json\/wp\/v2\/types\/post"}],"author":[{"embeddable":true,"href":"https:\/\/redept.com.br\/blogosfera\/wp-json\/wp\/v2\/users\/2"}],"replies":[{"embeddable":true,"href":"https:\/\/redept.com.br\/blogosfera\/wp-json\/wp\/v2\/comments?post=34096"}],"version-history":[{"count":0,"href":"https:\/\/redept.com.br\/blogosfera\/wp-json\/wp\/v2\/posts\/34096\/revisions"}],"wp:featuredmedia":[{"embeddable":true,"href":"https:\/\/redept.com.br\/blogosfera\/wp-json\/wp\/v2\/media\/34097"}],"wp:attachment":[{"href":"https:\/\/redept.com.br\/blogosfera\/wp-json\/wp\/v2\/media?parent=34096"}],"wp:term":[{"taxonomy":"category","embeddable":true,"href":"https:\/\/redept.com.br\/blogosfera\/wp-json\/wp\/v2\/categories?post=34096"},{"taxonomy":"post_tag","embeddable":true,"href":"https:\/\/redept.com.br\/blogosfera\/wp-json\/wp\/v2\/tags?post=34096"}],"curies":[{"name":"wp","href":"https:\/\/api.w.org\/{rel}","templated":true}]}}