{"id":34105,"date":"2025-06-18T18:09:55","date_gmt":"2025-06-18T21:09:55","guid":{"rendered":"https:\/\/redept.org\/blogosfera\/informe-conjuntura-internacional-papel-da-marcha-mundial-para-gaza-em-denuncia-ao-genocidio-palestinos\/"},"modified":"2025-06-18T18:09:55","modified_gmt":"2025-06-18T21:09:55","slug":"informe-conjuntura-internacional-papel-da-marcha-mundial-para-gaza-em-denuncia-ao-genocidio-palestinos","status":"publish","type":"post","link":"https:\/\/redept.com.br\/blogosfera\/informe-conjuntura-internacional-papel-da-marcha-mundial-para-gaza-em-denuncia-ao-genocidio-palestinos\/","title":{"rendered":"Informe Conjuntura Internacional: papel da Marcha Mundial para Gaza em den\u00fancia ao genoc\u00eddio palestinos"},"content":{"rendered":"<figure><img fetchpriority=\"high\" fetchpriority=\"high\" decoding=\"async\" width=\"1024\" height=\"1024\"src=\"https:\/\/redept.org\/blogosfera\/wp-content\/uploads\/2025\/06\/WhatsApp-Image-2025-06-18-at-173831.jpeg\" alt=\"\" srcset=\"https:\/\/mst.org.br\/wp-content\/uploads\/2025\/06\/WhatsApp-Image-2025-06-18-at-17.38.31-1024x1024.jpeg 1024w, https:\/\/mst.org.br\/wp-content\/uploads\/2025\/06\/WhatsApp-Image-2025-06-18-at-17.38.31-300x300.jpeg 300w, https:\/\/mst.org.br\/wp-content\/uploads\/2025\/06\/WhatsApp-Image-2025-06-18-at-17.38.31-150x150.jpeg 150w, https:\/\/mst.org.br\/wp-content\/uploads\/2025\/06\/WhatsApp-Image-2025-06-18-at-17.38.31-768x768.jpeg 768w, https:\/\/redept.org\/blogosfera\/wp-content\/uploads\/2025\/06\/WhatsApp-Image-2025-06-18-at-173831.jpeg 1080w\" sizes=\"(max-width: 1024px) 100vw, 1024px\"><figcaption><em>Foto: Aljaniah<\/em><\/figcaption><\/figure>\n<p><em>Por Setor de Internacionalismo do MST*<br \/>Da p\u00e1gina do MST<\/em><\/p>\n<p>H\u00e1 quase dois anos o Estado de Israel ataca constantemente a Palestina e j\u00e1 matou milhares de palestinos com a ocupa\u00e7\u00e3o ilegal. Com o objetivo de romper o bloqueio imposto por Israel \u00e0 Faixa de Gaza, o barco Madleen, ou Flotilha pela Liberdade, com 12 ativistas de diferentes pa\u00edses tentou se aproximar da Faixa de Gaza, mas os ativistas foram interceptados pelo ex\u00e9rcito israelense em \u00e1guas internacionais, detidos e deportados. Thiago \u00c1vila, brasileiro era um dos ativistas e retornou ao Brasil na \u00faltima sexta-feira (13).<\/p>\n<p>Com o mesmo objetivo de denunciar o genoc\u00eddio em Gaza e romper o bloqueio imposto por Israel, a Marcha Mundial para Gaza, grupo re\u00fane 10 mil pessoas de pelo menos 44 nacionalidades. Entre os participantes h\u00e1 pelo menos cinco brasileiros. Em apoio a Marcha, Milhares de manifestantes tomaram as ruas em diferentes cidades do Brasil e do mundo neste final de semana. Veja mais em: <a href=\"https:\/\/www.brasildefato.com.br\/2025\/06\/12\/marcha-global-para-gaza-reune-10-mil-pessoas-no-cairo-contra-genocidio-na-palestina-200-sao-presos\/\">Marcha Global para Gaza re\u00fane 10 mil pessoas no Cairo contra genoc\u00eddio na Palestina; 200 s\u00e3o presos \u2013 Brasil de Fato.<\/a> <br \/><a href=\"https:\/\/www.brasildefato.com.br\/2025\/06\/16\/marchas-pelo-mundo-condenam-escalada-de-ataques-de-israel-na-palestina-e-ira-veja-fotos\/\">Marchas pelo mundo condenam escalada de ataques de Israel na Palestina e Ir\u00e3; veja fotos \u2013 Brasil de Fato<\/a>.<\/p>\n<p>O cen\u00e1rio geopol\u00edtico da regi\u00e3o foi alterado a partir de 12 de junho deste ano, com ataques militares direto entre o Estado sionista de Israel e o Ir\u00e3. Uma escalada nas tens\u00f5es com mais viola\u00e7\u00f5es do Direito Internacional. <a href=\"https:\/\/www.brasildefato.com.br\/2025\/06\/16\/ataque-ao-ira-constitui-uma-violacao-do-direito-internacional-analisa-cientista-politico\/)\">\u2018Ataque ao Ir\u00e3 constitui uma viola\u00e7\u00e3o do direito internacional\u2019, analisa cientista pol\u00edtico \u2013 Brasil de Fato<\/a>. O genoc\u00eddio segue em curso, com a intensifica\u00e7\u00e3o de ataques contra os palestinos em Jerusal\u00e9m e Cisjordania. Confira em: <a href=\"https:\/\/operamundi.uol.com.br\/guerra-israel-x-palestina\/israel-intensifica-ataque-contra-palestinos-em-jerusalem-e-na-cisjordania\/\">Israel intensifica ataque contra palestinos em Jerusal\u00e9m e na Cisjord\u00e2nia<\/a>.<\/p>\n<p><strong>Argentina:<\/strong><\/p>\n<p>A Justi\u00e7a argentina ratifica senten\u00e7a contra Cristina Kirchner; a ex-presidenta n\u00e3o poder\u00e1 ser candidata e dever\u00e1 cumprir pena de pris\u00e3o. Ela foi condenada a seis anos de pris\u00e3o e inabilita\u00e7\u00e3o perp\u00e9tua para exercer cargos p\u00fablicos. Veja mais informa\u00e7\u00f5es em: J<a href=\"https:\/\/www.brasildefato.com.br\/2025\/06\/10\/justica-argentina-ratifica-sentenca-contra-cristina-kirchner-ex-presidenta-nao-podera-ser-candidata-e-devera-cumprir-pena-de-prisao\">usti\u00e7a argentina ratifica senten\u00e7a contra Cristina Kirchner; ex-presidenta n\u00e3o poder\u00e1 ser candidata e dever\u00e1 cumprir pena de pris\u00e3o \u2013 Brasil de Fato<\/a>. <\/p>\n<p>Uma pr\u00e1tica recorrente das direitas na Am\u00e9rica Latina, como com Lula no Brasil, est\u00e3o realizando processos judiciais question\u00e1veis, com objetivo de retirar a candidata da disputa pol\u00edtica em torno das elei\u00e7\u00f5es regionais e legislativas de 2025. <a href=\"https:\/\/www.brasildefato.com.br\/2025\/06\/10\/prisao-de-kirchner-e-mais-um-caso-de-lawfare-na-america-do-sul-e-tem-objetivo-de-tira-la-das-eleicoes-afirma-claudio-katz\/\">A pris\u00e3o de Kirchner \u00e9 mais um caso de lawfare na Am\u00e9rica do Sul e tem a inten\u00e7\u00e3o de tirar a ex-presidente Argentina das elei\u00e7\u00f5es, afirma Claudio Katz<\/a>.<\/p>\n<p><strong>Crise Ambiental:<\/strong><\/p>\n<p>\u00c0s v\u00e9speras da COP30, marcada para acontecer em Bel\u00e9m (PA), o debate sobre a crise clim\u00e1tica volta ao centro da agenda internacional. A crise ambiental, marcada pelos extremos clim\u00e1ticos, desastres ambientais e a destrui\u00e7\u00e3o dos bens comuns da natureza tem um respons\u00e1vel, e n\u00e3o \u00e9 a humanidade, mas sim o modo de produ\u00e7\u00e3o capitalista. <\/p>\n<p>Entenda em: <a href=\"https:\/\/thetricontinental.org\/pt-pt\/newsletterissue\/cartasemanal-antropoceno-capitalismo-crise-climatica\/\">A menos que encontremos outro planeta habit\u00e1vel, n\u00e3o h\u00e1 aritm\u00e9tica que resolva o problema ambiental | Carta Semanal 23 (2025)<\/a>.<\/p>\n<p><strong>China e Am\u00e9rica Latina:<\/strong><\/p>\n<p>Cuba e China anunciam avan\u00e7os significativos em coopera\u00e7\u00e3o voltada \u00e0 biotecnologia e infraestrutura, sa\u00fade p\u00fablica de ambos os pa\u00edses. Um importante marco na consolida\u00e7\u00e3o da alian\u00e7a entre os dois pa\u00edses. Essas a\u00e7\u00f5es integram uma coopera\u00e7\u00e3o mais ampla, que abrangem setores estrat\u00e9gicos como energia, transporte, seguran\u00e7a alimentar e com\u00e9rcio. Saiba mais em: <a href=\"https:\/\/www.brasildefato.com.br\/2025\/06\/12\/cuba-e-china-buscam-aprofundar-cooperacao-em-biotecnologia-e-infraestrutura\/\">Cuba e China buscam aprofundar coopera\u00e7\u00e3o em biotecnologia e infraestrutura \u2013 Brasil de Fato<\/a>.<\/p>\n<p>Na Venezuela, um encontro entre os partidos comunistas da China e socialista da Venezuela refor\u00e7ou n\u00e3o apenas uma alian\u00e7a hist\u00f3rica, mas tamb\u00e9m uma agenda estrat\u00e9gica compartilhada de integra\u00e7\u00e3o e apoio m\u00fatuo. <a href=\"https:\/\/www.brasildefato.com.br\/2025\/06\/11\/em-caracas-partidos-comunista-da-china-e-socialista-da-venezuela-reforcam-compromisso-com-integracao\/\">Em Caracas, Partidos Comunista da China e Socialista da Venezuela refor\u00e7am compromisso com integra\u00e7\u00e3o \u2013 Brasil de Fato<\/a>.<\/p>\n<p><strong>EUA e a ca\u00e7a aos  imigrantes:<\/strong><\/p>\n<p>Nas \u00faltimas semanas, milhares de pessoas foram \u00e0s ruas nos Estados Unidos para protestar contra \u00e0s medidas anti-imigrantes, mais de 200 manifestantes foram detidos na semana passada. Confira em: <a href=\"https:\/\/dialogosdosul.operamundi.uol.com.br\/protestos-nos-eua-pt-3-claudia-sheinbaum-e-bandeira-do-mexico-sob-ataque\/\">Protestos nos EUA | Pt. 3: Claudia Sheinbaum e bandeira do M\u00e9xico sob ataque<\/a>.<\/p>\n<p>\u201cO governo Trump afirma travar uma batalha existencial contra as for\u00e7as insurrecionais em Los Angeles. Mas, na verdade, ele pr\u00f3prio criou esse espet\u00e1culo c\u00ednico, mobilizando tropas e inflamando tens\u00f5es para desviar a aten\u00e7\u00e3o de seus fracassos pol\u00edticos.\u201d Veja em: <a href=\"https:\/\/jacobin.com.br\/2025\/06\/donald-trump-criou-a-crise-em-los-angeles\/\">Donald Trump criou a crise em Los Angeles, Jacobina. <\/a><\/p>\n<ol start=\"2\"><\/ol>\n<p><em>*Este Informe \u00e9 produzido pelo Setor de Internacionalismo do MST<\/em>.<\/p>\n<p>O post <a href=\"https:\/\/mst.org.br\/2025\/06\/18\/informe-conjuntura-internacional-papel-da-marcha-mundial-para-gaza-em-denuncia-ao-genocidio-palestinos\/\">Informe Conjuntura Internacional: papel da Marcha Mundial para Gaza em den\u00fancia ao genoc\u00eddio palestinos<\/a> apareceu primeiro em <a href=\"https:\/\/mst.org.br\/\">MST<\/a>.<\/p>\n<!-- Begin Yuzo --><div class='yuzo_related_post style-1'  data-version='5.12.89'><!-- without result --><div class='yuzo_clearfixed yuzo__title yuzo__title'><h3>Related Post<\/h3><\/div>\n\t\t\t\t\t\t  <div class=\"relatedthumb \" style=\"width:125px;float:left;overflow:hidden;\">  \n\t\t\t\t\t\t\t  \n\t\t\t\t\t\t\t  <a  href=\"https:\/\/redept.com.br\/blogosfera\/elizabeth-teixeira-celebra-100-anos-de-uma-vida-dedicada-a-luta-pelo-direito-a-terra\/\"  >\n\t\t\t\t\t\t\t\t\t  <div class=\"yuzo-img-wrap \" style=\"width: 125px;height:90px;\">\n\t\t\t\t\t\t\t\t\t\t\n\t\t\t\t\t\t\t\t\t\t<div class=\"yuzo-img\" style=\"background:url('https:\/\/redept.com.br\/blogosfera\/wp-content\/uploads\/2025\/02\/elizabeth-teixeira-festival-150x150.jpg') 50% 50% no-repeat;width: 125px;height:90px;margin-bottom: 5px;background-size: cover; \"><\/div>\n\t\t\t\t\t\t\t\t\t  <\/div>\n\t\t\t\t\t\t\t\t\t  \n\t\t\t\t\t\t\t\t   <span class=\"yuzo__text--title\" style=\"font-size:13px;\">Elizabeth Teixeira celebra 100 anos de uma vida de...<\/span>\n\t\t\t\t\t\t\t  \n\t\t\t\t\t\t\t  \n\t\t\t\t\t\t\t  <\/a>\n\n\t\t\t\t\t\t  <\/div>\n\t\t\t\t\t\t  <div class=\"relatedthumb \" style=\"width:125px;float:left;overflow:hidden;\">  \n\t\t\t\t\t\t\t  \n\t\t\t\t\t\t\t  <a  href=\"https:\/\/redept.com.br\/blogosfera\/zanin-confirma-sessoes-extras-para-julgamento-de-bolsonaro\/\"  >\n\t\t\t\t\t\t\t\t\t  <div class=\"yuzo-img-wrap \" style=\"width: 125px;height:90px;\">\n\t\t\t\t\t\t\t\t\t\t\n\t\t\t\t\t\t\t\t\t\t<div class=\"yuzo-img\" style=\"background:url('https:\/\/redept.org\/blogosfera\/wp-content\/plugins\/yuzo-related-post\/assets\/images\/default.png') 50% 50% no-repeat;width: 125px;height:90px;margin-bottom: 5px;background-size: cover; \"><\/div>\n\t\t\t\t\t\t\t\t\t  <\/div>\n\t\t\t\t\t\t\t\t\t  \n\t\t\t\t\t\t\t\t   <span class=\"yuzo__text--title\" style=\"font-size:13px;\">Zanin confirma sess\u00f5es extras para julgamento de B...<\/span>\n\t\t\t\t\t\t\t  \n\t\t\t\t\t\t\t  \n\t\t\t\t\t\t\t  <\/a>\n\n\t\t\t\t\t\t  <\/div>\n\t\t\t\t\t\t  <div class=\"relatedthumb \" style=\"width:125px;float:left;overflow:hidden;\">  \n\t\t\t\t\t\t\t  \n\t\t\t\t\t\t\t  <a  href=\"https:\/\/redept.com.br\/blogosfera\/quase-200-criancas-palestinas-sao-mortas-por-israel-em-retomada-de-massacre-na-faixa-de-gaza\/\"  >\n\t\t\t\t\t\t\t\t\t  <div class=\"yuzo-img-wrap \" style=\"width: 125px;height:90px;\">\n\t\t\t\t\t\t\t\t\t\t\n\t\t\t\t\t\t\t\t\t\t<div class=\"yuzo-img\" style=\"background:url('https:\/\/redept.org\/blogosfera\/wp-content\/plugins\/yuzo-related-post\/assets\/images\/default.png') 50% 50% no-repeat;width: 125px;height:90px;margin-bottom: 5px;background-size: cover; \"><\/div>\n\t\t\t\t\t\t\t\t\t  <\/div>\n\t\t\t\t\t\t\t\t\t  \n\t\t\t\t\t\t\t\t   <span class=\"yuzo__text--title\" style=\"font-size:13px;\">Quase 200 crian\u00e7as palestinas s\u00e3o mortas por Israe...<\/span>\n\t\t\t\t\t\t\t  \n\t\t\t\t\t\t\t  \n\t\t\t\t\t\t\t  <\/a>\n\n\t\t\t\t\t\t  <\/div>\n\t\t\t\t\t\t  <div class=\"relatedthumb \" style=\"width:125px;float:left;overflow:hidden;\">  \n\t\t\t\t\t\t\t  \n\t\t\t\t\t\t\t  <a  href=\"https:\/\/sul21.com.br\/noticias\/politica\/2025\/09\/pl-que-isenta-ir-ate-r-5-mil-sera-votado-na-proxima-quarta-1o\/\"  >\n\t\t\t\t\t\t\t\t\t  <div class=\"yuzo-img-wrap \" style=\"width: 125px;height:90px;\">\n\t\t\t\t\t\t\t\t\t\t\n\t\t\t\t\t\t\t\t\t\t<div class=\"yuzo-img\" style=\"background:url('https:\/\/agenciabrasil.ebc.com.br\/ebc.png?id=1659961&amp;o=node') 50% 50% no-repeat;width: 125px;height:90px;margin-bottom: 5px;background-size: cover; \"><\/div>\n\t\t\t\t\t\t\t\t\t  <\/div>\n\t\t\t\t\t\t\t\t\t  \n\t\t\t\t\t\t\t\t   <span class=\"yuzo__text--title\" style=\"font-size:13px;\">PL que isenta IR at\u00e9 R$ 5 mil ser\u00e1 votado na pr\u00f3xi...<\/span>\n\t\t\t\t\t\t\t  \n\t\t\t\t\t\t\t  \n\t\t\t\t\t\t\t  <\/a>\n\n\t\t\t\t\t\t  <\/div>\n<\/div> <script>\n\t\t\t\t\t\t  jQuery(document).ready(function( $ ){\n\t\t\t\t\t\t\t\/\/jQuery('.yuzo_related_post').equalizer({ overflow : 'relatedthumb' });\n\t\t\t\t\t\t\tjQuery('.yuzo_related_post .yuzo_wraps').equalizer({ columns : '> div' });\n\t\t\t\t\t\t   })\n\t\t\t\t\t\t  <\/script> <!-- End Yuzo :) -->","protected":false},"excerpt":{"rendered":"<p>Foto: Aljaniah Por Setor de Internacionalismo do MST*Da p\u00e1gina do MST H\u00e1 quase dois anos o Estado de Israel ataca constantemente a Palestina e j\u00e1 matou milhares de palestinos com a ocupa\u00e7\u00e3o ilegal. Com o objetivo de romper o bloqueio imposto por Israel \u00e0 Faixa de Gaza, o barco Madleen, ou Flotilha pela Liberdade, com [&hellip;]<\/p>\n","protected":false},"author":2,"featured_media":0,"comment_status":"open","ping_status":"closed","sticky":false,"template":"","format":"standard","meta":{"fifu_image_url":"","fifu_image_alt":"","footnotes":""},"categories":[1223,272,292,205,9,572,321,191,956],"tags":[],"class_list":["post-34105","post","type-post","status-publish","format-standard","hentry","category-analise-conjuntura","category-argentina","category-china","category-crise-ambiental","category-eua","category-internacionalismo","category-notas","category-noticias","category-palestina-livre"],"_links":{"self":[{"href":"https:\/\/redept.com.br\/blogosfera\/wp-json\/wp\/v2\/posts\/34105","targetHints":{"allow":["GET"]}}],"collection":[{"href":"https:\/\/redept.com.br\/blogosfera\/wp-json\/wp\/v2\/posts"}],"about":[{"href":"https:\/\/redept.com.br\/blogosfera\/wp-json\/wp\/v2\/types\/post"}],"author":[{"embeddable":true,"href":"https:\/\/redept.com.br\/blogosfera\/wp-json\/wp\/v2\/users\/2"}],"replies":[{"embeddable":true,"href":"https:\/\/redept.com.br\/blogosfera\/wp-json\/wp\/v2\/comments?post=34105"}],"version-history":[{"count":0,"href":"https:\/\/redept.com.br\/blogosfera\/wp-json\/wp\/v2\/posts\/34105\/revisions"}],"wp:attachment":[{"href":"https:\/\/redept.com.br\/blogosfera\/wp-json\/wp\/v2\/media?parent=34105"}],"wp:term":[{"taxonomy":"category","embeddable":true,"href":"https:\/\/redept.com.br\/blogosfera\/wp-json\/wp\/v2\/categories?post=34105"},{"taxonomy":"post_tag","embeddable":true,"href":"https:\/\/redept.com.br\/blogosfera\/wp-json\/wp\/v2\/tags?post=34105"}],"curies":[{"name":"wp","href":"https:\/\/api.w.org\/{rel}","templated":true}]}}