{"id":34109,"date":"2025-06-18T18:59:22","date_gmt":"2025-06-18T21:59:22","guid":{"rendered":"https:\/\/redept.org\/blogosfera\/credito-consignado-clt-e-aprovado-e-inclui-motoristas-de-aplicativo\/"},"modified":"2025-06-18T18:59:22","modified_gmt":"2025-06-18T21:59:22","slug":"credito-consignado-clt-e-aprovado-e-inclui-motoristas-de-aplicativo","status":"publish","type":"post","link":"https:\/\/redept.com.br\/blogosfera\/credito-consignado-clt-e-aprovado-e-inclui-motoristas-de-aplicativo\/","title":{"rendered":"Cr\u00e9dito consignado CLT \u00e9 aprovado e inclui motoristas de aplicativo"},"content":{"rendered":"<p>A comiss\u00e3o mista da medida provis\u00f3ria que trata do <a href=\"https:\/\/www.brasildefato.com.br\/2025\/05\/20\/consignado-clt-veja-como-funciona-e-quais-cuidados-tomar-antes-de-contratar\/\">cr\u00e9dito consignado CLT<\/a>, para trabalhadores do setor privado, aprovou hoje (18) o\u00a0relat\u00f3rio\u00a0do senador Rog\u00e9rio Carvalho (PT-SE) que altera as\u00a0regras para empregados regidos pela Consolida\u00e7\u00e3o das Leis do Trabalho (CLT).\u00a0<\/p>\n<p>A <a href=\"https:\/\/www.brasildefato.com.br\/2025\/03\/12\/lula-assina-mp-que-cria-emprestimo-consignado-para-trabalhadores-do-setor-privado\/\">Medida Provis\u00f3ria n\u00ba 1292\/2025<\/a> j\u00e1 est\u00e1 em vigor, mas precisa agora ser aprovada pelos plen\u00e1rios da C\u00e2mara dos Deputados e do Senado antes de 9 de julho, quando perder\u00e1 validade.<\/p>\n<p>Ao todo, mais de 47 milh\u00f5es de trabalhadores poder\u00e3o ser beneficiados com o novo programa \u2013 o Cr\u00e9dito do Trabalhador \u2013\u00a0que abrange empregados celetistas\u00a0em geral, incluindo motoristas de aplicativo, dom\u00e9sticos, rurais e contratados por microempreendedores individuais (MEIs)\u00a0formalizados.<\/p>\n<p>O relat\u00f3rio aprovado incluiu tamb\u00e9m a possibilidade de cr\u00e9dito aos motoristas de transporte de passageiros por aplicativo. A concess\u00e3o depender\u00e1 da exist\u00eancia de conv\u00eanio entre a plataforma a qual o trabalhador est\u00e1 ligado e institui\u00e7\u00f5es de cr\u00e9dito. Neste caso, ao contratar empr\u00e9stimo, o trabalhador oferecer\u00e1 como garantia os valores recebidos no aplicativo.<\/p>\n<p>\u201cOs motoristas que atuam no transporte remunerado privado individual de passageiros poder\u00e3o autorizar o desconto nos repasses a que t\u00eam direito pelos servi\u00e7os oferecidos por meio de aplicativos de transporte individual de passageiros para efeitos de concess\u00e3o de garantias para opera\u00e7\u00f5es de cr\u00e9dito. Buscamos dar prote\u00e7\u00e3o jur\u00eddica a essa categoria para que consiga obter cr\u00e9dito mais barato com oferta de garantias dos receb\u00edveis\u201d, destacou Carvalho.<\/p>\n<p>Editada pelo presidente Luiz In\u00e1cio Lula da Silva (PT), a medida, anunciada em mar\u00e7o, ampliou a modalidade de empr\u00e9stimos com desconto em folha a todos os trabalhadores com carteira assinada, permitindo que empregados regidos pela CLT contratem empr\u00e9stimos,\u00a0usando como garantia at\u00e9 10% do saldo do Fundo de Garantia por Tempo de Servi\u00e7o (FGTS) ou 100% da multa rescis\u00f3ria na demiss\u00e3o sem justa causa.<\/p>\n<p>O objetivo do governo \u00e9 reduzir os juros aplicados no consignado, cujas taxas\u00a0s\u00e3o inferiores \u00e0s aplicadas a outras modalidades de cr\u00e9dito. O relat\u00f3rio de Carvalho aponta que, no cr\u00e9dito consignado privado, as taxas m\u00e9dias variam entre 2,5% e 2,94% ao m\u00eas, enquanto no consignado para servidores p\u00fablicos est\u00e3o em 2,1% mensais, significativamente menor.<\/p>\n<p>Para benefici\u00e1rios do INSS, o teto m\u00e1ximo estabelecido \u00e9 ainda mais baixo, atualmente fixado em 1,80% ao m\u00eas. Em outra ponta, o empr\u00e9stimo pessoal n\u00e3o consignado apresenta taxas m\u00e9dias que variam entre 6,50% e 8,77% ao m\u00eas, com uma m\u00e9dia geral de 8,1%, valores consideravelmente mais elevados.<\/p>\n<p>\u201cA MP busca viabilizar a trabalhadores celetistas um mecanismo j\u00e1 dispon\u00edvel para pensionistas do INSS e servidores p\u00fablicos federais. Al\u00e9m do aumento de garantias e da redu\u00e7\u00e3o de burocracia, as regras trazidas pela MP facilitam a portabilidade do cr\u00e9dito, outro aspecto que contribuir\u00e1 para ampliar o acesso ao cr\u00e9dito no pa\u00eds, dando maior liberdade e poder de escolha aos trabalhadores do setor privado, permitindo que renegociem suas d\u00edvidas e optem por ofertas mais adequadas \u00e0s suas necessidades financeiras\u201d, disse Carvalho.<\/p>\n<p>Entre as altera\u00e7\u00f5es inclu\u00eddas no relat\u00f3rio est\u00e1 a que determina a ado\u00e7\u00e3o de mecanismos de seguran\u00e7a pelas institui\u00e7\u00f5es de cr\u00e9dito e o governo na contrata\u00e7\u00e3o de consignados. Com isso, passa a ser obrigat\u00f3rio o uso de mecanismos de verifica\u00e7\u00e3o biom\u00e9trica e de identidade do trabalhador para a assinatura de contratos.<\/p>\n<p>Al\u00e9m disso, caber\u00e1 ao governo federal fomentar iniciativas de educa\u00e7\u00e3o financeira para os trabalhadores com carteira assinada.<\/p>\n<p>O relat\u00f3rio tamb\u00e9m estabelece que caber\u00e1 ao Minist\u00e9rio do Trabalho e Emprego verificar se os empregadores est\u00e3o descontando e repassando corretamente as parcelas de empr\u00e9stimos consignados de seus empregados. Em caso de desconto indevido ou aus\u00eancia de pagamento dos empr\u00e9stimos, o empregador poder\u00e1 ser penalizado.<\/p>\n<h4>Cr\u00e9dito<\/h4>\n<p>O trabalhador que deseja acessar o cr\u00e9dito dever\u00e1 faz\u00ea-lo diretamente no site ou aplicativo dos bancos e na p\u00e1gina da\u00a0Carteira de Trabalho Digital\u00a0na internet ou no aplicativo de mesmo nome.\u00a0Ao acessar, o trabalhador pode autorizar o compartilhamento dos dados do\u00a0eSocial, sistema eletr\u00f4nico que unifica informa\u00e7\u00f5es trabalhistas, para pedir a proposta de cr\u00e9dito.<\/p>\n<p>Ap\u00f3s a autoriza\u00e7\u00e3o de uso dos dados, o trabalhador recebe as ofertas em at\u00e9 24 horas, analisa a melhor op\u00e7\u00e3o e faz a contrata\u00e7\u00e3o no canal eletr\u00f4nico do banco. A partir de 25 de abril, os bancos tamb\u00e9m poder\u00e3o operar a linha do consignado privado dentro de suas plataformas digitais.<\/p>\n<p>As parcelas do cr\u00e9dito consignado ser\u00e3o descontadas na folha do trabalhador mensalmente, por meio do\u00a0<a href=\"https:\/\/www.gov.br\/esocial\/pt-br\" target=\"_blank\" rel=\"noreferrer noopener\">eSocial<\/a>, at\u00e9 a margem consign\u00e1vel de 35% do sal\u00e1rio bruto, inclu\u00eddo comiss\u00f5es, abonos e demais benef\u00edcios.\u00a0Ap\u00f3s a contrata\u00e7\u00e3o, o trabalhador acompanha mensalmente as atualiza\u00e7\u00f5es do pagamento.<\/p>\n<p>Al\u00e9m disso, os trabalhadores com outros consignados ativos podem <a href=\"https:\/\/www.brasildefato.com.br\/2025\/04\/25\/trabalhador-pode-trocar-dividas-mais-caras-por-consignado-para-clt\/\">migrar o contrato existente<\/a> para o novo modelo dentro de um mesmo banco e entre bancos diferentes.\u00a0O relat\u00f3rio diz que nas opera\u00e7\u00f5es de portabilidade dever\u00e1 haver \u201ctaxa de juros inferior \u00e0 taxa de juros da opera\u00e7\u00e3o origin\u00e1ria\u201d.<\/p>\n<p>No caso de desligamento, o valor devido ser\u00e1 descontado das verbas rescis\u00f3rias, observado o limite legal de 10% do saldo do Fundo de Garantia do Tempo de Servi\u00e7o (FGTS) e 100% da multa rescis\u00f3ria.<\/p>\n<p>Se o valor descontado for insuficiente, o pagamento das parcelas \u00e9 interrompido, sendo retomado quando o trabalhador conseguir outro emprego CLT. Nesse caso, o valor das presta\u00e7\u00f5es ser\u00e1 corrigido. O trabalhador tamb\u00e9m poder\u00e1 procurar o banco para acertar uma nova forma de pagamento.<\/p>\n<p>Se o trabalhador trocar de emprego, o desconto em folha passar\u00e1 a ser feito pelo novo empregador.\u00a0A medida tamb\u00e9m permite a <a href=\"https:\/\/www.brasildefato.com.br\/2025\/06\/06\/portabilidade-de-contrato-antigo-para-consignado-clt-comeca-a-valer-veja-como-funciona\/\">migra\u00e7\u00e3o do Cr\u00e9dito Direto ao Consumidor<\/a> (CDC) para o novo consignado, mas o trabalhador ter\u00e1 de procurar uma das institui\u00e7\u00f5es financeiras habilitadas.<\/p>\n<p>O post <a href=\"https:\/\/www.brasildefato.com.br\/2025\/06\/18\/credito-consignado-clt-e-aprovado-e-inclui-motoristas-de-aplicativo\/\">Cr\u00e9dito consignado CLT \u00e9 aprovado e inclui motoristas de aplicativo<\/a> apareceu primeiro em <a href=\"https:\/\/www.brasildefato.com.br\/\">Brasil de Fato<\/a>.<\/p>\n<!-- Begin Yuzo --><div class='yuzo_related_post style-1'  data-version='5.12.89'><!-- without result --><div class='yuzo_clearfixed yuzo__title yuzo__title'><h3>Related Post<\/h3><\/div>\n\t\t\t\t\t\t  <div class=\"relatedthumb \" style=\"width:125px;float:left;overflow:hidden;\">  \n\t\t\t\t\t\t\t  \n\t\t\t\t\t\t\t  <a  href=\"https:\/\/redept.com.br\/blogosfera\/brasil-e-onu-lancam-iniciativa-global-contra-as-fake-news-climaticas\/\"  >\n\t\t\t\t\t\t\t\t\t  <div class=\"yuzo-img-wrap \" style=\"width: 125px;height:90px;\">\n\t\t\t\t\t\t\t\t\t\t\n\t\t\t\t\t\t\t\t\t\t<div class=\"yuzo-img\" style=\"background:url('https:\/\/redept.com.br\/blogosfera\/wp-content\/uploads\/2024\/11\/01-1-1-150x150.jpg') 50% 50% no-repeat;width: 125px;height:90px;margin-bottom: 5px;background-size: cover; \"><\/div>\n\t\t\t\t\t\t\t\t\t  <\/div>\n\t\t\t\t\t\t\t\t\t  \n\t\t\t\t\t\t\t\t   <span class=\"yuzo__text--title\" style=\"font-size:13px;\">Brasil e ONU lan\u00e7am Iniciativa Global contra as fa...<\/span>\n\t\t\t\t\t\t\t  \n\t\t\t\t\t\t\t  \n\t\t\t\t\t\t\t  <\/a>\n\n\t\t\t\t\t\t  <\/div>\n\t\t\t\t\t\t  <div class=\"relatedthumb \" style=\"width:125px;float:left;overflow:hidden;\">  \n\t\t\t\t\t\t\t  \n\t\t\t\t\t\t\t  <a  href=\"https:\/\/redept.com.br\/blogosfera\/segundo-a-pf-bolsonaro-tinha-plena-consciencia-e-atuou-para-o-golpe-de-estado\/\"  >\n\t\t\t\t\t\t\t\t\t  <div class=\"yuzo-img-wrap \" style=\"width: 125px;height:90px;\">\n\t\t\t\t\t\t\t\t\t\t\n\t\t\t\t\t\t\t\t\t\t<div class=\"yuzo-img\" style=\"background:url('https:\/\/redept.org\/blogosfera\/wp-content\/plugins\/yuzo-related-post\/assets\/images\/default.png') 50% 50% no-repeat;width: 125px;height:90px;margin-bottom: 5px;background-size: cover; \"><\/div>\n\t\t\t\t\t\t\t\t\t  <\/div>\n\t\t\t\t\t\t\t\t\t  \n\t\t\t\t\t\t\t\t   <span class=\"yuzo__text--title\" style=\"font-size:13px;\">Segundo a PF, Bolsonaro tinha \u2018plena consci\u00ea...<\/span>\n\t\t\t\t\t\t\t  \n\t\t\t\t\t\t\t  \n\t\t\t\t\t\t\t  <\/a>\n\n\t\t\t\t\t\t  <\/div>\n\t\t\t\t\t\t  <div class=\"relatedthumb \" style=\"width:125px;float:left;overflow:hidden;\">  \n\t\t\t\t\t\t\t  \n\t\t\t\t\t\t\t  <a  href=\"https:\/\/redept.com.br\/blogosfera\/com-alckmin-presidentes-do-senado-e-da-camara-garantem-apoio-contra-tarifaco\/\"  >\n\t\t\t\t\t\t\t\t\t  <div class=\"yuzo-img-wrap \" style=\"width: 125px;height:90px;\">\n\t\t\t\t\t\t\t\t\t\t\n\t\t\t\t\t\t\t\t\t\t<div class=\"yuzo-img\" style=\"background:url('https:\/\/redept.org\/blogosfera\/wp-content\/plugins\/yuzo-related-post\/assets\/images\/default.png') 50% 50% no-repeat;width: 125px;height:90px;margin-bottom: 5px;background-size: cover; \"><\/div>\n\t\t\t\t\t\t\t\t\t  <\/div>\n\t\t\t\t\t\t\t\t\t  \n\t\t\t\t\t\t\t\t   <span class=\"yuzo__text--title\" style=\"font-size:13px;\">Com Alckmin, presidentes do Senado e da C\u00e2mara gar...<\/span>\n\t\t\t\t\t\t\t  \n\t\t\t\t\t\t\t  \n\t\t\t\t\t\t\t  <\/a>\n\n\t\t\t\t\t\t  <\/div>\n\t\t\t\t\t\t  <div class=\"relatedthumb \" style=\"width:125px;float:left;overflow:hidden;\">  \n\t\t\t\t\t\t\t  \n\t\t\t\t\t\t\t  <a  href=\"https:\/\/redept.com.br\/blogosfera\/stf-derruba-multa-milionaria-imposta-a-professores-em-greve-no-df\/\"  >\n\t\t\t\t\t\t\t\t\t  <div class=\"yuzo-img-wrap \" style=\"width: 125px;height:90px;\">\n\t\t\t\t\t\t\t\t\t\t\n\t\t\t\t\t\t\t\t\t\t<div class=\"yuzo-img\" style=\"background:url('https:\/\/redept.org\/blogosfera\/wp-content\/plugins\/yuzo-related-post\/assets\/images\/default.png') 50% 50% no-repeat;width: 125px;height:90px;margin-bottom: 5px;background-size: cover; \"><\/div>\n\t\t\t\t\t\t\t\t\t  <\/div>\n\t\t\t\t\t\t\t\t\t  \n\t\t\t\t\t\t\t\t   <span class=\"yuzo__text--title\" style=\"font-size:13px;\">STF derruba multa milion\u00e1ria imposta a professores...<\/span>\n\t\t\t\t\t\t\t  \n\t\t\t\t\t\t\t  \n\t\t\t\t\t\t\t  <\/a>\n\n\t\t\t\t\t\t  <\/div>\n<\/div> <script>\n\t\t\t\t\t\t  jQuery(document).ready(function( $ ){\n\t\t\t\t\t\t\t\/\/jQuery('.yuzo_related_post').equalizer({ overflow : 'relatedthumb' });\n\t\t\t\t\t\t\tjQuery('.yuzo_related_post .yuzo_wraps').equalizer({ columns : '> div' });\n\t\t\t\t\t\t   })\n\t\t\t\t\t\t  <\/script> <!-- End Yuzo :) -->","protected":false},"excerpt":{"rendered":"<p>A comiss\u00e3o mista da medida provis\u00f3ria que trata do cr\u00e9dito consignado CLT, para trabalhadores do setor privado, aprovou hoje (18) o\u00a0relat\u00f3rio\u00a0do senador Rog\u00e9rio Carvalho (PT-SE) que altera as\u00a0regras para empregados regidos pela Consolida\u00e7\u00e3o das Leis do Trabalho (CLT).\u00a0 A Medida Provis\u00f3ria n\u00ba 1292\/2025 j\u00e1 est\u00e1 em vigor, mas precisa agora ser aprovada pelos plen\u00e1rios da [&hellip;]<\/p>\n","protected":false},"author":2,"featured_media":0,"comment_status":"closed","ping_status":"closed","sticky":false,"template":"","format":"standard","meta":{"fifu_image_url":"","fifu_image_alt":"","footnotes":""},"categories":[4703,1441,4242,4126,8482],"tags":[],"class_list":["post-34109","post","type-post","status-publish","format-standard","hentry","category-bdf","category-clt","category-credito-consignado","category-direitos","category-motoristas-de-aplicativo"],"_links":{"self":[{"href":"https:\/\/redept.com.br\/blogosfera\/wp-json\/wp\/v2\/posts\/34109","targetHints":{"allow":["GET"]}}],"collection":[{"href":"https:\/\/redept.com.br\/blogosfera\/wp-json\/wp\/v2\/posts"}],"about":[{"href":"https:\/\/redept.com.br\/blogosfera\/wp-json\/wp\/v2\/types\/post"}],"author":[{"embeddable":true,"href":"https:\/\/redept.com.br\/blogosfera\/wp-json\/wp\/v2\/users\/2"}],"replies":[{"embeddable":true,"href":"https:\/\/redept.com.br\/blogosfera\/wp-json\/wp\/v2\/comments?post=34109"}],"version-history":[{"count":0,"href":"https:\/\/redept.com.br\/blogosfera\/wp-json\/wp\/v2\/posts\/34109\/revisions"}],"wp:attachment":[{"href":"https:\/\/redept.com.br\/blogosfera\/wp-json\/wp\/v2\/media?parent=34109"}],"wp:term":[{"taxonomy":"category","embeddable":true,"href":"https:\/\/redept.com.br\/blogosfera\/wp-json\/wp\/v2\/categories?post=34109"},{"taxonomy":"post_tag","embeddable":true,"href":"https:\/\/redept.com.br\/blogosfera\/wp-json\/wp\/v2\/tags?post=34109"}],"curies":[{"name":"wp","href":"https:\/\/api.w.org\/{rel}","templated":true}]}}