{"id":34195,"date":"2025-06-18T17:10:36","date_gmt":"2025-06-18T20:10:36","guid":{"rendered":"https:\/\/redept.org\/blogosfera\/ira-lanca-nova-ofensiva-contra-israel-morte-lenta-ou-fujam\/"},"modified":"2025-06-18T17:10:36","modified_gmt":"2025-06-18T20:10:36","slug":"ira-lanca-nova-ofensiva-contra-israel-morte-lenta-ou-fujam","status":"publish","type":"post","link":"https:\/\/redept.com.br\/blogosfera\/ira-lanca-nova-ofensiva-contra-israel-morte-lenta-ou-fujam\/","title":{"rendered":"Ir\u00e3 lan\u00e7a nova ofensiva contra Israel: \u2018morte lenta ou fujam\u2019"},"content":{"rendered":"<p><span>As For\u00e7as Armadas do Ir\u00e3 lan\u00e7aram uma nova onda de ataques de m\u00edsseis de retalia\u00e7\u00e3o contra Israel nesta quarta-feira (18\/06). Segundo o Corpo da Guarda Revolucion\u00e1ria Isl\u00e2mica (IRGC), essa \u00e9 a 12\u00aa ofensiva desde o in\u00edcio da escalada por Tel Aviv.<\/span><\/p>\n<p><span>De acordo com o IRGG, citada pela ag\u00eancia de not\u00edcias iraniana <em>Mehr<\/em>, <a href=\"https:\/\/operamundi.uol.com.br\/guerra-no-oriente-medio\/ali-khamenei-alerta-os-estados-unidos-se-necessario-responderemos-alem-do-que-eles-podem-imaginar\/\">Teer\u00e3<\/a> conseguiu destruir \u201ccom sucesso\u201d\u00a0 os sistemas de defesa israelenses em toda \u201ca Palestina ocupada\u201d, referindo-se ao territ\u00f3rio onde foi criado o Estado de Israel.<\/span><\/p>\n<p><span>\u201cE agora, o <a href=\"https:\/\/operamundi.uol.com.br\/guerra-no-oriente-medio\/ira-afirma-ter-controle-total-do-espaco-aereo-de-israel\/\">espa\u00e7o a\u00e9reo dos territ\u00f3rios ocupados<\/a> est\u00e1 aberto para receber m\u00edsseis e drones iranianos\u201d, acrescentou o comunicado.<\/span><\/p>\n<p><span>O IRGC ainda disse estar pronto para lan\u00e7ar \u201cataques cont\u00ednuos com m\u00edsseis contra a Palestina ocupada\u201d, relembrando a promessa feita pelo falecido chefe do Corpo, Hossein Salami, que jurou que o Ir\u00e3 \u201cabriria os port\u00f5es do inferno para os sionistas em resposta aos seus numerosos crimes\u201d.\u00a0<\/span><\/p>\n<p><span>\u201cCertifiquem-se de que o som das sirenes de alarme n\u00e3o se desligue nem por um segundo\u201d, disse o IRGC, acrescentando que os sionistas agora t\u00eam que escolher \u201centre a morte gradual em abrigos e a fuga dos territ\u00f3rios ocupados o mais r\u00e1pido poss\u00edvel\u201d.<\/span><\/p>\n<p><span>Imagens da ag\u00eancia iraniana de not\u00edcias <em>Tasnim<\/em> mostram colunas de fuma\u00e7a deixadas pelos m\u00edsseis hipers\u00f4nicos cruzando o c\u00e9u a caminho do territ\u00f3rio israelense. \u201cSurgiram relatos de que v\u00e1rias explos\u00f5es enormes abalaram Tel Aviv\u201d, relatou a ag\u00eancia.\u00a0<\/span><\/p>\n<figure aria-describedby=\"caption-attachment-222739\"><img loading=\"lazy\" loading=\"lazy\" decoding=\"async\"src=\"https:\/\/redept.org\/blogosfera\/wp-content\/uploads\/2025\/06\/whatsapp-image-2025-06-18-at-163806.jpeg\" alt=\"\" width=\"800\" height=\"530\" srcset=\"https:\/\/redept.org\/blogosfera\/wp-content\/uploads\/2025\/06\/whatsapp-image-2025-06-18-at-163806.jpeg 800w, https:\/\/operamundi.uol.com.br\/wp-content\/uploads\/2025\/06\/whatsapp-image-2025-06-18-at-16.38.06-300x199.jpeg 300w, https:\/\/operamundi.uol.com.br\/wp-content\/uploads\/2025\/06\/whatsapp-image-2025-06-18-at-16.38.06-768x509.jpeg 768w, https:\/\/operamundi.uol.com.br\/wp-content\/uploads\/2025\/06\/whatsapp-image-2025-06-18-at-16.38.06-150x99.jpeg 150w, https:\/\/operamundi.uol.com.br\/wp-content\/uploads\/2025\/06\/whatsapp-image-2025-06-18-at-16.38.06-750x497.jpeg 750w\" sizes=\"auto, (max-width: 800px) 100vw, 800px\"><figcaption><span>Al\u00e9m de anunciar nova ofensiva contra Israel, governo do Ir\u00e3 garantiu que situa\u00e7\u00e3o das usinas nucleares do pa\u00eds \u00e9 \u201cboa\u201d<\/span><br \/>Tasnim News Agency<\/figcaption><\/figure>\n<h3>Usinas nucleares do Ir\u00e3<\/h3>\n<p><span>Al\u00e9m de anunciar a nova ofensiva contra Israel, o governo do Ir\u00e3 garantiu que a situa\u00e7\u00e3o das <a href=\"https:\/\/operamundi.uol.com.br\/guerra-no-oriente-medio\/kremlin-declara-compromisso-do-ira-com-tratado-de-nao-proliferacao-nuclear-tnp\/\">usinas nucleares<\/a> do pa\u00eds \u00e9 \u201cboa\u201d, apesar dos ataques realizados por Tel Aviv nos \u00faltimos dias, sobretudo contra as plantas de Natanz, Fordow e Isfahan.<\/span><\/p>\n<p><span>A declara\u00e7\u00e3o chega na esteira das preocupa\u00e7\u00f5es sobre potenciais vazamentos de radia\u00e7\u00e3o nas unidades devido aos bombardeios.<\/span><\/p>\n<p><span>\u201cA situa\u00e7\u00e3o das usinas nucleares \u00e9 boa\u201d, disse o chefe da Organiza\u00e7\u00e3o de Energia At\u00f4mica do Ir\u00e3, Mohammad Eslami. \u201cO inimigo pode estar certo de que n\u00e3o chegar\u00e1 a nenhum lugar\u201d, acrescentou.<\/span><\/p>\n<p><span>Enquanto isso, a Ag\u00eancia Internacional de Energia At\u00f4mica (Aiea) afirmou ter informa\u00e7\u00f5es que apontam que duas f\u00e1bricas de centr\u00edfugas para enriquecimento de ur\u00e2nio foram bombardeadas, uma em Karaj e outra na capital Teer\u00e3.<\/span><\/p>\n<p><span>\u201cEm Teer\u00e3, um pr\u00e9dio onde rotores para centr\u00edfugas avan\u00e7adas eram produzidos e testados foi atingido. Em Karaj, foram destru\u00eddos dois pr\u00e9dios onde v\u00e1rios componentes de centr\u00edfugas eram produzidos\u201d, salientou a ag\u00eancia na rede social X.<\/span><\/p>\n<p><i><span>(*) Com Ansa, Mehr Tasnim News Agency<\/span><\/i><\/p>\n<p>O post <a href=\"https:\/\/operamundi.uol.com.br\/guerra-no-oriente-medio\/ira-lanca-nova-ofensiva-contra-israel-morte-lenta-ou-fujam\/\">Ir\u00e3 lan\u00e7a nova ofensiva contra Israel: \u2018morte lenta ou fujam\u2019<\/a> apareceu primeiro em <a href=\"https:\/\/operamundi.uol.com.br\/\">Opera Mundi<\/a>.<\/p>\n<!-- Begin Yuzo --><div class='yuzo_related_post style-1'  data-version='5.12.89'><!-- without result --><div class='yuzo_clearfixed yuzo__title yuzo__title'><h3>Related Post<\/h3><\/div>\n\t\t\t\t\t\t  <div class=\"relatedthumb \" style=\"width:125px;float:left;overflow:hidden;\">  \n\t\t\t\t\t\t\t  \n\t\t\t\t\t\t\t  <a  href=\"https:\/\/redept.com.br\/blogosfera\/pernambuco-confirma-novos-casos-e-chega-a-oito-vitimas-contaminadas-por-metanol\/\"  >\n\t\t\t\t\t\t\t\t\t  <div class=\"yuzo-img-wrap \" style=\"width: 125px;height:90px;\">\n\t\t\t\t\t\t\t\t\t\t\n\t\t\t\t\t\t\t\t\t\t<div class=\"yuzo-img\" style=\"background:url('https:\/\/redept.org\/blogosfera\/wp-content\/plugins\/yuzo-related-post\/assets\/images\/default.png') 50% 50% no-repeat;width: 125px;height:90px;margin-bottom: 5px;background-size: cover; \"><\/div>\n\t\t\t\t\t\t\t\t\t  <\/div>\n\t\t\t\t\t\t\t\t\t  \n\t\t\t\t\t\t\t\t   <span class=\"yuzo__text--title\" style=\"font-size:13px;\">Pernambuco confirma novos casos e chega a oito v\u00edt...<\/span>\n\t\t\t\t\t\t\t  \n\t\t\t\t\t\t\t  \n\t\t\t\t\t\t\t  <\/a>\n\n\t\t\t\t\t\t  <\/div>\n\t\t\t\t\t\t  <div class=\"relatedthumb \" style=\"width:125px;float:left;overflow:hidden;\">  \n\t\t\t\t\t\t\t  \n\t\t\t\t\t\t\t  <a  href=\"https:\/\/redept.com.br\/blogosfera\/bndes-anuncia-vencedores-de-concurso-para-requalificar-area-da-pequena-africa-no-rio\/\"  >\n\t\t\t\t\t\t\t\t\t  <div class=\"yuzo-img-wrap \" style=\"width: 125px;height:90px;\">\n\t\t\t\t\t\t\t\t\t\t\n\t\t\t\t\t\t\t\t\t\t<div class=\"yuzo-img\" style=\"background:url('https:\/\/redept.com.br\/blogosfera\/wp-content\/uploads\/2025\/06\/Largo-de-Sao-Francisco-da-Prainha-tendo-ao-centro-a-estatua-de-Mercades-Baptista-primeira-bailarina-negra-do-Theatro-Municipal-150x150.jpg') 50% 50% no-repeat;width: 125px;height:90px;margin-bottom: 5px;background-size: cover; \"><\/div>\n\t\t\t\t\t\t\t\t\t  <\/div>\n\t\t\t\t\t\t\t\t\t  \n\t\t\t\t\t\t\t\t   <span class=\"yuzo__text--title\" style=\"font-size:13px;\">BNDES anuncia vencedores de concurso para requalif...<\/span>\n\t\t\t\t\t\t\t  \n\t\t\t\t\t\t\t  \n\t\t\t\t\t\t\t  <\/a>\n\n\t\t\t\t\t\t  <\/div>\n\t\t\t\t\t\t  <div class=\"relatedthumb \" style=\"width:125px;float:left;overflow:hidden;\">  \n\t\t\t\t\t\t\t  \n\t\t\t\t\t\t\t  <a  href=\"https:\/\/redept.com.br\/blogosfera\/o-plano-do-ira-e-mudar-o-paradigma-na-asia-ocidental-e-restaurar-seu-status-de-grande-potencia-afirma-alastair-crooke\/\"  >\n\t\t\t\t\t\t\t\t\t  <div class=\"yuzo-img-wrap \" style=\"width: 125px;height:90px;\">\n\t\t\t\t\t\t\t\t\t\t\n\t\t\t\t\t\t\t\t\t\t<div class=\"yuzo-img\" style=\"background:url('https:\/\/redept.org\/blogosfera\/wp-content\/plugins\/yuzo-related-post\/assets\/images\/default.png') 50% 50% no-repeat;width: 125px;height:90px;margin-bottom: 5px;background-size: cover; \"><\/div>\n\t\t\t\t\t\t\t\t\t  <\/div>\n\t\t\t\t\t\t\t\t\t  \n\t\t\t\t\t\t\t\t   <span class=\"yuzo__text--title\" style=\"font-size:13px;\">\u2018O plano do Ir\u00e3 \u00e9 mudar o paradigma na \u00c1sia Ociden...<\/span>\n\t\t\t\t\t\t\t  \n\t\t\t\t\t\t\t  \n\t\t\t\t\t\t\t  <\/a>\n\n\t\t\t\t\t\t  <\/div>\n\t\t\t\t\t\t  <div class=\"relatedthumb \" style=\"width:125px;float:left;overflow:hidden;\">  \n\t\t\t\t\t\t\t  \n\t\t\t\t\t\t\t  <a  href=\"https:\/\/redept.com.br\/blogosfera\/a-selvageria-de-israel-atinge-a-cisjordania\/\"  >\n\t\t\t\t\t\t\t\t\t  <div class=\"yuzo-img-wrap \" style=\"width: 125px;height:90px;\">\n\t\t\t\t\t\t\t\t\t\t\n\t\t\t\t\t\t\t\t\t\t<div class=\"yuzo-img\" style=\"background:url('https:\/\/redept.com.br\/blogosfera\/wp-content\/uploads\/2025\/12\/251222-Pogrom-150x150.jpg') 50% 50% no-repeat;width: 125px;height:90px;margin-bottom: 5px;background-size: cover; \"><\/div>\n\t\t\t\t\t\t\t\t\t  <\/div>\n\t\t\t\t\t\t\t\t\t  \n\t\t\t\t\t\t\t\t   <span class=\"yuzo__text--title\" style=\"font-size:13px;\">A selvageria de Israel atinge a Cisjord\u00e2nia<\/span>\n\t\t\t\t\t\t\t  \n\t\t\t\t\t\t\t  \n\t\t\t\t\t\t\t  <\/a>\n\n\t\t\t\t\t\t  <\/div>\n<\/div> <script>\n\t\t\t\t\t\t  jQuery(document).ready(function( $ ){\n\t\t\t\t\t\t\t\/\/jQuery('.yuzo_related_post').equalizer({ overflow : 'relatedthumb' });\n\t\t\t\t\t\t\tjQuery('.yuzo_related_post .yuzo_wraps').equalizer({ columns : '> div' });\n\t\t\t\t\t\t   })\n\t\t\t\t\t\t  <\/script> <!-- End Yuzo :) -->","protected":false},"excerpt":{"rendered":"<p>As For\u00e7as Armadas do Ir\u00e3 lan\u00e7aram uma nova onda de ataques de m\u00edsseis de retalia\u00e7\u00e3o contra Israel nesta quarta-feira (18\/06). Segundo o Corpo da Guarda Revolucion\u00e1ria Isl\u00e2mica (IRGC), essa \u00e9 a 12\u00aa ofensiva desde o in\u00edcio da escalada por Tel Aviv. De acordo com o IRGG, citada pela ag\u00eancia de not\u00edcias iraniana Mehr, Teer\u00e3 conseguiu [&hellip;]<\/p>\n","protected":false},"author":2,"featured_media":0,"comment_status":"closed","ping_status":"closed","sticky":false,"template":"","format":"standard","meta":{"fifu_image_url":"","fifu_image_alt":"","footnotes":""},"categories":[6214,8520,996,41,25,8379,1572],"tags":[],"class_list":["post-34195","post","type-post","status-publish","format-standard","hentry","category-ataques","category-corpo-da-guarda-revolucionaria-islamica","category-guerra-no-oriente-medio","category-ira","category-israel","category-misseis","category-teera"],"_links":{"self":[{"href":"https:\/\/redept.com.br\/blogosfera\/wp-json\/wp\/v2\/posts\/34195","targetHints":{"allow":["GET"]}}],"collection":[{"href":"https:\/\/redept.com.br\/blogosfera\/wp-json\/wp\/v2\/posts"}],"about":[{"href":"https:\/\/redept.com.br\/blogosfera\/wp-json\/wp\/v2\/types\/post"}],"author":[{"embeddable":true,"href":"https:\/\/redept.com.br\/blogosfera\/wp-json\/wp\/v2\/users\/2"}],"replies":[{"embeddable":true,"href":"https:\/\/redept.com.br\/blogosfera\/wp-json\/wp\/v2\/comments?post=34195"}],"version-history":[{"count":0,"href":"https:\/\/redept.com.br\/blogosfera\/wp-json\/wp\/v2\/posts\/34195\/revisions"}],"wp:attachment":[{"href":"https:\/\/redept.com.br\/blogosfera\/wp-json\/wp\/v2\/media?parent=34195"}],"wp:term":[{"taxonomy":"category","embeddable":true,"href":"https:\/\/redept.com.br\/blogosfera\/wp-json\/wp\/v2\/categories?post=34195"},{"taxonomy":"post_tag","embeddable":true,"href":"https:\/\/redept.com.br\/blogosfera\/wp-json\/wp\/v2\/tags?post=34195"}],"curies":[{"name":"wp","href":"https:\/\/api.w.org\/{rel}","templated":true}]}}