{"id":34204,"date":"2025-06-18T11:05:22","date_gmt":"2025-06-18T14:05:22","guid":{"rendered":"https:\/\/redept.org\/blogosfera\/em-pressao-contra-o-governo-congresso-decide-aumentar-conta-de-luz-dos-brasileiros\/"},"modified":"2025-06-18T11:05:22","modified_gmt":"2025-06-18T14:05:22","slug":"em-pressao-contra-o-governo-congresso-decide-aumentar-conta-de-luz-dos-brasileiros","status":"publish","type":"post","link":"https:\/\/redept.com.br\/blogosfera\/em-pressao-contra-o-governo-congresso-decide-aumentar-conta-de-luz-dos-brasileiros\/","title":{"rendered":"Em press\u00e3o contra o governo, Congresso decide aumentar conta de luz dos brasileiros"},"content":{"rendered":"<p>O Congresso derrubou na ter\u00e7a-feira (17) vetos do presidente Lula sobre a lei de investimento em e\u00f3licas offshore, beneficiando empres\u00e1rios do setor e potencialmente elevando a conta de luz dos brasileiros.<\/p>\n<p>A Abrace (Associa\u00e7\u00e3o dos Grandes Consumidores Industriais de Energia e de Consumidores Livres) estima que a derrubada de vetos pode custar R$ 197 bilh\u00f5es na conta de luz at\u00e9 2050, com possibilidade de aumento dependendo do que ainda ser\u00e1 analisado.<\/p>\n<p>A a\u00e7\u00e3o do Congresso reflete press\u00e3o para que o governo libere parte dos R$ 52 bilh\u00f5es em emendas para este ano, bloqueadas por decis\u00f5es do ministro Fl\u00e1vio Dino, do STF, que questiona a transpar\u00eancia na libera\u00e7\u00e3o desses recursos. Embora a discuss\u00e3o principal sobre termel\u00e9tricas tenha sido adiada, o veto a uma fra\u00e7\u00e3o referente \u00e0 contrata\u00e7\u00e3o de usinas foi derrubado, permitindo aumento de pre\u00e7os nas futuras contrata\u00e7\u00f5es de usinas.<\/p>\n<p>Entre os vetos derrubados, encontram-se aqueles que beneficiam PCHs (pequenas centrais hidrel\u00e9tricas), etanol e fontes renov\u00e1veis. O governo argumentou que esses itens poderiam elevar tarifas e n\u00e3o atendiam ao interesse p\u00fablico. A FNCE (Frente Nacional dos Consumidores de Energia) alertou que a situa\u00e7\u00e3o pode gerar um aumento de 3,5% na conta de luz, al\u00e9m de considerar poss\u00edvel a\u00e7\u00e3o no STF contra esses \u201cjabutis\u201d, alegando que n\u00e3o t\u00eam justificativa econ\u00f4mica e podem ser inconstitucionais.<\/p>\n<p>Um veto importante que foi derrubado impedia a contrata\u00e7\u00e3o de 3.000 MW de PCHs, com o governo ressaltando que, apesar de serem renov\u00e1veis, essas usinas apresentavam desvantagens em rela\u00e7\u00e3o a outras fontes, principalmente em termos de previsibilidade energ\u00e9tica. O governo tamb\u00e9m acreditava que novos estudos seriam necess\u00e1rios para avaliar a viabilidade econ\u00f4mica da medida.<\/p>\n<p>Ademais, o Congresso derrubou veto relacionado \u00e0 contrata\u00e7\u00e3o de 250 MW de energia de hidrog\u00eanio l\u00edquido a partir do etanol no Nordeste, com o governo informando que essa tecnologia ainda n\u00e3o est\u00e1 comercialmente vi\u00e1vel. A Abrace estima que o custo deste trecho seja de R$ 28 bilh\u00f5es ao longo dos anos.<\/p>\n<p>A derrubada tamb\u00e9m garante a contrata\u00e7\u00e3o de e\u00f3licas do Sul at\u00e9 o segundo semestre de 2025, com um custo estimado de R$ 5 bilh\u00f5es.Ainda, foram derrubados vetos que impediam a prorroga\u00e7\u00e3o do Proinfa, programa criado em 2002 que conta com 2.650 MW de usinas diversos. O governo acredita que a gera\u00e7\u00e3o atual destas fontes \u00e9 competitiva e que o programa n\u00e3o \u00e9 mais necess\u00e1rio, com um custo estimado em R$ 24 bilh\u00f5es para este ponto, de acordo com o ICL.<\/p>\n<p><strong>Resumo do impacto na conta de luz<\/strong><\/p>\n<ul>\n<li>PCHs: R$ 140 bi<\/li>\n<li>Hidrog\u00eanio: R$ 28 bi<\/li>\n<li>Proinfa: R$ 24 bi<\/li>\n<li>E\u00f3licas no Sul: R$ 5 bi<\/li>\n<\/ul>\n<hr>\n<h5>Apoie o Antropofagista com qualquer valor<br \/>\nPIX: 45013993768<br \/>\nAgradecemos imensamente<\/h5>\n<hr>\n<p><strong>Siga-nos no Whatsapp:<\/strong> <a href=\"https:\/\/chat.whatsapp.com\/HlpAeWDAUrD8Qq1AjWiCK5\">https:\/\/chat.whatsapp.com\/HlpAeWDAUrD8Qq1AjWiCK5<\/a><\/p>\n<p><strong>Siga-nos no Facebook:<\/strong> <a href=\"https:\/\/www.facebook.com\/profile.php?id=100070790366110\">https:\/\/www.facebook.com\/profile.php?id=100070790366110<\/a><\/p>\n<p><strong>Siga-nos no X:<\/strong> <a href=\"https:\/\/x.com\/Antropofagista1\">https:\/\/x.com\/Antropofagista1<\/a><\/p>\n<p><strong>Siga-nos no Instagram:<\/strong> <a href=\"https:\/\/www.instagram.com\/blogantropofagista?igsh=YzljYTk1ODg3Zg==\">https:\/\/www.instagram.com\/blogantropofagista?igsh=YzljYTk1ODg3Zg==<\/a><\/p>\n<p>The post <a href=\"https:\/\/antropofagista.com.br\/2025\/06\/18\/em-pressao-contra-o-governo-congresso-decide-aumentar-conta-de-luz-dos-brasileiros\/\">Em press\u00e3o contra o governo, Congresso decide aumentar conta de luz dos brasileiros<\/a> first appeared on <a href=\"https:\/\/antropofagista.com.br\/\">Antropofagista<\/a>.<\/p>\n<!-- Begin Yuzo --><div class='yuzo_related_post style-1'  data-version='5.12.89'><!-- without result --><div class='yuzo_clearfixed yuzo__title yuzo__title'><h3>Related Post<\/h3><\/div>\n\t\t\t\t\t\t  <div class=\"relatedthumb \" style=\"width:125px;float:left;overflow:hidden;\">  \n\t\t\t\t\t\t\t  \n\t\t\t\t\t\t\t  <a  href=\"https:\/\/redept.com.br\/blogosfera\/moradores-de-perus-intensificam-mobilizacao-contra-incinerador-de-lixo-proposto-pela-prefeitura-de-sp\/\"  >\n\t\t\t\t\t\t\t\t\t  <div class=\"yuzo-img-wrap \" style=\"width: 125px;height:90px;\">\n\t\t\t\t\t\t\t\t\t\t\n\t\t\t\t\t\t\t\t\t\t<div class=\"yuzo-img\" style=\"background:url('https:\/\/redept.org\/blogosfera\/wp-content\/plugins\/yuzo-related-post\/assets\/images\/default.png') 50% 50% no-repeat;width: 125px;height:90px;margin-bottom: 5px;background-size: cover; \"><\/div>\n\t\t\t\t\t\t\t\t\t  <\/div>\n\t\t\t\t\t\t\t\t\t  \n\t\t\t\t\t\t\t\t   <span class=\"yuzo__text--title\" style=\"font-size:13px;\">Moradores de Perus intensificam mobiliza\u00e7\u00e3o contra...<\/span>\n\t\t\t\t\t\t\t  \n\t\t\t\t\t\t\t  \n\t\t\t\t\t\t\t  <\/a>\n\n\t\t\t\t\t\t  <\/div>\n\t\t\t\t\t\t  <div class=\"relatedthumb \" style=\"width:125px;float:left;overflow:hidden;\">  \n\t\t\t\t\t\t\t  \n\t\t\t\t\t\t\t  <a  href=\"https:\/\/redept.com.br\/blogosfera\/movimentos-convocam-ato-em-defesa-da-casa-carolina-em-santo-andre-sp\/\"  >\n\t\t\t\t\t\t\t\t\t  <div class=\"yuzo-img-wrap \" style=\"width: 125px;height:90px;\">\n\t\t\t\t\t\t\t\t\t\t\n\t\t\t\t\t\t\t\t\t\t<div class=\"yuzo-img\" style=\"background:url('https:\/\/redept.org\/blogosfera\/wp-content\/plugins\/yuzo-related-post\/assets\/images\/default.png') 50% 50% no-repeat;width: 125px;height:90px;margin-bottom: 5px;background-size: cover; \"><\/div>\n\t\t\t\t\t\t\t\t\t  <\/div>\n\t\t\t\t\t\t\t\t\t  \n\t\t\t\t\t\t\t\t   <span class=\"yuzo__text--title\" style=\"font-size:13px;\">Movimentos convocam ato em defesa da Casa Carolina...<\/span>\n\t\t\t\t\t\t\t  \n\t\t\t\t\t\t\t  \n\t\t\t\t\t\t\t  <\/a>\n\n\t\t\t\t\t\t  <\/div>\n\t\t\t\t\t\t  <div class=\"relatedthumb \" style=\"width:125px;float:left;overflow:hidden;\">  \n\t\t\t\t\t\t\t  \n\t\t\t\t\t\t\t  <a  href=\"https:\/\/redept.com.br\/blogosfera\/historias-de-combate-ao-trabalho-escravo-04-casas-de-familia\/\"  >\n\t\t\t\t\t\t\t\t\t  <div class=\"yuzo-img-wrap \" style=\"width: 125px;height:90px;\">\n\t\t\t\t\t\t\t\t\t\t\n\t\t\t\t\t\t\t\t\t\t<div class=\"yuzo-img\" style=\"background:url('https:\/\/redept.org\/blogosfera\/wp-content\/plugins\/yuzo-related-post\/assets\/images\/default.png') 50% 50% no-repeat;width: 125px;height:90px;margin-bottom: 5px;background-size: cover; \"><\/div>\n\t\t\t\t\t\t\t\t\t  <\/div>\n\t\t\t\t\t\t\t\t\t  \n\t\t\t\t\t\t\t\t   <span class=\"yuzo__text--title\" style=\"font-size:13px;\">Hist\u00f3rias de Combate ao Trabalho Escravo #04: Casa...<\/span>\n\t\t\t\t\t\t\t  \n\t\t\t\t\t\t\t  \n\t\t\t\t\t\t\t  <\/a>\n\n\t\t\t\t\t\t  <\/div>\n\t\t\t\t\t\t  <div class=\"relatedthumb \" style=\"width:125px;float:left;overflow:hidden;\">  \n\t\t\t\t\t\t\t  \n\t\t\t\t\t\t\t  <a  href=\"https:\/\/redept.com.br\/blogosfera\/prisao-de-golpistas-rompe-tradicao-de-pactos-e-obriga-direita-a-buscar-novo-lider-avalia-cientista-politica\/\"  >\n\t\t\t\t\t\t\t\t\t  <div class=\"yuzo-img-wrap \" style=\"width: 125px;height:90px;\">\n\t\t\t\t\t\t\t\t\t\t\n\t\t\t\t\t\t\t\t\t\t<div class=\"yuzo-img\" style=\"background:url('https:\/\/redept.org\/blogosfera\/wp-content\/plugins\/yuzo-related-post\/assets\/images\/default.png') 50% 50% no-repeat;width: 125px;height:90px;margin-bottom: 5px;background-size: cover; \"><\/div>\n\t\t\t\t\t\t\t\t\t  <\/div>\n\t\t\t\t\t\t\t\t\t  \n\t\t\t\t\t\t\t\t   <span class=\"yuzo__text--title\" style=\"font-size:13px;\">Pris\u00e3o de golpistas rompe tradi\u00e7\u00e3o de pactos e obr...<\/span>\n\t\t\t\t\t\t\t  \n\t\t\t\t\t\t\t  \n\t\t\t\t\t\t\t  <\/a>\n\n\t\t\t\t\t\t  <\/div>\n<\/div> <script>\n\t\t\t\t\t\t  jQuery(document).ready(function( $ ){\n\t\t\t\t\t\t\t\/\/jQuery('.yuzo_related_post').equalizer({ overflow : 'relatedthumb' });\n\t\t\t\t\t\t\tjQuery('.yuzo_related_post .yuzo_wraps').equalizer({ columns : '> div' });\n\t\t\t\t\t\t   })\n\t\t\t\t\t\t  <\/script> <!-- End Yuzo :) -->","protected":false},"excerpt":{"rendered":"<p>O Congresso derrubou na ter\u00e7a-feira (17) vetos do presidente Lula sobre a lei de investimento em e\u00f3licas offshore, beneficiando empres\u00e1rios do setor e potencialmente elevando a conta de luz dos brasileiros. A Abrace (Associa\u00e7\u00e3o dos Grandes Consumidores Industriais de Energia e de Consumidores Livres) estima que a derrubada de vetos pode custar R$ 197 bilh\u00f5es [&hellip;]<\/p>\n","protected":false},"author":2,"featured_media":0,"comment_status":"open","ping_status":"closed","sticky":false,"template":"","format":"standard","meta":{"fifu_image_url":"","fifu_image_alt":"","footnotes":""},"categories":[1620,5269,112,132,7586],"tags":[],"class_list":["post-34204","post","type-post","status-publish","format-standard","hentry","category-congresso","category-conta-de-luz","category-lula","category-politica","category-veto"],"_links":{"self":[{"href":"https:\/\/redept.com.br\/blogosfera\/wp-json\/wp\/v2\/posts\/34204","targetHints":{"allow":["GET"]}}],"collection":[{"href":"https:\/\/redept.com.br\/blogosfera\/wp-json\/wp\/v2\/posts"}],"about":[{"href":"https:\/\/redept.com.br\/blogosfera\/wp-json\/wp\/v2\/types\/post"}],"author":[{"embeddable":true,"href":"https:\/\/redept.com.br\/blogosfera\/wp-json\/wp\/v2\/users\/2"}],"replies":[{"embeddable":true,"href":"https:\/\/redept.com.br\/blogosfera\/wp-json\/wp\/v2\/comments?post=34204"}],"version-history":[{"count":0,"href":"https:\/\/redept.com.br\/blogosfera\/wp-json\/wp\/v2\/posts\/34204\/revisions"}],"wp:attachment":[{"href":"https:\/\/redept.com.br\/blogosfera\/wp-json\/wp\/v2\/media?parent=34204"}],"wp:term":[{"taxonomy":"category","embeddable":true,"href":"https:\/\/redept.com.br\/blogosfera\/wp-json\/wp\/v2\/categories?post=34204"},{"taxonomy":"post_tag","embeddable":true,"href":"https:\/\/redept.com.br\/blogosfera\/wp-json\/wp\/v2\/tags?post=34204"}],"curies":[{"name":"wp","href":"https:\/\/api.w.org\/{rel}","templated":true}]}}