{"id":34208,"date":"2025-06-18T19:27:56","date_gmt":"2025-06-18T22:27:56","guid":{"rendered":"https:\/\/redept.org\/blogosfera\/carluxo-na-marca-do-penalti\/"},"modified":"2025-06-18T19:27:56","modified_gmt":"2025-06-18T22:27:56","slug":"carluxo-na-marca-do-penalti","status":"publish","type":"post","link":"https:\/\/redept.com.br\/blogosfera\/carluxo-na-marca-do-penalti\/","title":{"rendered":"Carluxo na marca do p\u00eanalti"},"content":{"rendered":"<p>O caso da ABIN \u00e9, sem d\u00favida, um dos maiores esc\u00e2ndalos associados a Carlos Bolsonaro, refor\u00e7ando a percep\u00e7\u00e3o de que suas a\u00e7\u00f5es nas redes sociais e sua influ\u00eancia no governo do pai geraram consequ\u00eancias jur\u00eddicas e pol\u00edticas sem precedentes.<\/p>\n<p>Carlos Bolsonaro, conhecido como \u201cCarluxo\u201d, foi formalmente acusado pela Pol\u00edcia Federal (PF) em junho de 2025 por envolvimento em um esquema de espionagem ilegal pela Ag\u00eancia Brasileira de Intelig\u00eancia (ABIN) durante o governo de Jair Bolsonaro (2019-2022).<\/p>\n<p>A investiga\u00e7\u00e3o, chamada de \u201cOpera\u00e7\u00e3o \u00daltima Milha\u201d, revelou que uma estrutura paralela dentro da ABIN, apelidada de \u201cABIN paralelamente\u201d, foi usada para monitorar ilegalmente autoridades p\u00fablicas, jornalistas, ju\u00edzes e advers\u00e1rios pol\u00edticos, utilizando o software israelense FirstMile para rastrear dispositivos m\u00f3veis sem autoriza\u00e7\u00e3o judicial.<\/p>\n<p><strong>Envolvimento de Carlos Bolsonaro:<\/strong><br \/>\n<strong>Acusa\u00e7\u00f5es:<\/strong> Carluxo, \u00e9 apontado como um dos principais contribuintes das informa\u00e7\u00f5es obtidas ilegalmente.<\/p>\n<p>A PF alegou que ele usava dados sigilosos para atacar alvos pol\u00edticos via redes sociais, coordenando a\u00e7\u00f5es com avaliadores pr\u00f3ximos. Mensagens de Whatsapp mostram que assessores de Carlos, como Luciana Almeida, solicitaram informa\u00e7\u00f5es ao ent\u00e3o diretor da ABIN, Alexandre Ramagem, sobre investiga\u00e7\u00f5es contra a fam\u00edlia Bolsonaro, incluindo Fl\u00e1vio Bolsonaro, envolvido no caso da \u201crachadinha\u201d.<\/p>\n<p>A \u201cABIN paralelamente\u201d teria sido criada sob o comando de Alexandre Ramagem, chefe da ag\u00eancia durante o governo Bolsonaro, com apoio de outros aliados.<\/p>\n<p>O grupo monitorava figuras como os ministros do Supremo Tribunal Federal (STF) Alexandre de Moraes e Gilmar Mendes, o presidente da C\u00e2mara Arthur Lira, jornalistas como M\u00f4nica Bergamo e Vera Magalh\u00e3es, e at\u00e9 funcion\u00e1rios do Ibama que incomodavam o governo.<\/p>\n<p>A PF concluiu que o esquema buscava interferir nas investiga\u00e7\u00f5es contra a fam\u00edlia Bolsonaro, como o caso da \u201crachadinha\u201d envolvendo Fl\u00e1vio, e produzir desinforma\u00e7\u00e3o para atacar advers\u00e1rios.<\/p>\n<p>Foram registrados cerca de 33 mil acessos ilegais \u00e0 rede telef\u00f4nica brasileira. Jair Bolsonaro n\u00e3o foi formalmente acusado nesse caso espec\u00edfico, mas seu nome aparece em documentos, e h\u00e1 men\u00e7\u00e3o de um suspeito que alegava ter uma \u201clinha direta\u201d com ele.<\/p>\n<p>A PF considera que ele j\u00e1 \u00e9 acusado de crime semelhante (organiza\u00e7\u00e3o criminosa) em outro caso, o que pode ter influenciado a decis\u00e3o de n\u00e3o indici\u00e1-lo novamente aqui.<\/p>\n<hr>\n<h5>Apoie o Antropofagista com qualquer valor<br \/>\nPIX: 45013993768<br \/>\nAgradecemos imensamente<\/h5>\n<hr>\n<p><strong>Siga-nos no Whatsapp:<\/strong> <a href=\"https:\/\/chat.whatsapp.com\/HlpAeWDAUrD8Qq1AjWiCK5\">https:\/\/chat.whatsapp.com\/HlpAeWDAUrD8Qq1AjWiCK5<\/a><\/p>\n<p><strong>Siga-nos no Facebook:<\/strong><a href=\"https:\/\/www.facebook.com\/profile.php?id=100070790366110\"> https:\/\/www.facebook.com\/profile.php?id=100070790366110<\/a><\/p>\n<p><strong>Siga-nos no X:<\/strong><a href=\"https:\/\/x.com\/Antropofagista1\"> https:\/\/x.com\/Antropofagista1<\/a><\/p>\n<p><strong>Siga-nos no Instagram:<\/strong> <a href=\"https:\/\/www.instagram.com\/blogantropofagista?igsh=YzljYTk1ODg3Zg==\">https:\/\/www.instagram.com\/blogantropofagista?igsh=YzljYTk1ODg3Zg==<\/a><\/p>\n<p>The post <a href=\"https:\/\/antropofagista.com.br\/2025\/06\/18\/carluxo-na-marca-do-penalti\/\">Carluxo na marca do p\u00eanalti<\/a> first appeared on <a href=\"https:\/\/antropofagista.com.br\/\">Antropofagista<\/a>.<\/p>\n<!-- Begin Yuzo --><div class='yuzo_related_post style-1'  data-version='5.12.89'><!-- without result --><div class='yuzo_clearfixed yuzo__title yuzo__title'><h3>Related Post<\/h3><\/div>\n\t\t\t\t\t\t  <div class=\"relatedthumb \" style=\"width:125px;float:left;overflow:hidden;\">  \n\t\t\t\t\t\t\t  \n\t\t\t\t\t\t\t  <a  href=\"https:\/\/redept.com.br\/blogosfera\/o-samba-da-minha-terra-homenageia-wilson-sucena-chico-medico-e-wander-geraldo-no-espaco-cultural-elza-soares\/\"  >\n\t\t\t\t\t\t\t\t\t  <div class=\"yuzo-img-wrap \" style=\"width: 125px;height:90px;\">\n\t\t\t\t\t\t\t\t\t\t\n\t\t\t\t\t\t\t\t\t\t<div class=\"yuzo-img\" style=\"background:url('https:\/\/redept.com.br\/blogosfera\/wp-content\/uploads\/2025\/10\/9b5cd5a7-145b-43ac-9a43-82bc50280c06-150x150.jpeg') 50% 50% no-repeat;width: 125px;height:90px;margin-bottom: 5px;background-size: cover; \"><\/div>\n\t\t\t\t\t\t\t\t\t  <\/div>\n\t\t\t\t\t\t\t\t\t  \n\t\t\t\t\t\t\t\t   <span class=\"yuzo__text--title\" style=\"font-size:13px;\">O Samba da Minha Terra homenageia Wilson Sucena, C...<\/span>\n\t\t\t\t\t\t\t  \n\t\t\t\t\t\t\t  \n\t\t\t\t\t\t\t  <\/a>\n\n\t\t\t\t\t\t  <\/div>\n\t\t\t\t\t\t  <div class=\"relatedthumb \" style=\"width:125px;float:left;overflow:hidden;\">  \n\t\t\t\t\t\t\t  \n\t\t\t\t\t\t\t  <a  href=\"https:\/\/redept.com.br\/blogosfera\/rogerio-carvalho-desmonta-farsa-bolsonarista-sobre-fraudes-no-inss\/\"  >\n\t\t\t\t\t\t\t\t\t  <div class=\"yuzo-img-wrap \" style=\"width: 125px;height:90px;\">\n\t\t\t\t\t\t\t\t\t\t\n\t\t\t\t\t\t\t\t\t\t<div class=\"yuzo-img\" style=\"background:url('https:\/\/redept.org\/blogosfera\/wp-content\/plugins\/yuzo-related-post\/assets\/images\/default.png') 50% 50% no-repeat;width: 125px;height:90px;margin-bottom: 5px;background-size: cover; \"><\/div>\n\t\t\t\t\t\t\t\t\t  <\/div>\n\t\t\t\t\t\t\t\t\t  \n\t\t\t\t\t\t\t\t   <span class=\"yuzo__text--title\" style=\"font-size:13px;\">Rog\u00e9rio Carvalho desmonta farsa bolsonarista sobre...<\/span>\n\t\t\t\t\t\t\t  \n\t\t\t\t\t\t\t  \n\t\t\t\t\t\t\t  <\/a>\n\n\t\t\t\t\t\t  <\/div>\n\t\t\t\t\t\t  <div class=\"relatedthumb \" style=\"width:125px;float:left;overflow:hidden;\">  \n\t\t\t\t\t\t\t  \n\t\t\t\t\t\t\t  <a  href=\"https:\/\/redept.com.br\/blogosfera\/assim-surge-o-feudalismo-cientifico-digital\/\"  >\n\t\t\t\t\t\t\t\t\t  <div class=\"yuzo-img-wrap \" style=\"width: 125px;height:90px;\">\n\t\t\t\t\t\t\t\t\t\t\n\t\t\t\t\t\t\t\t\t\t<div class=\"yuzo-img\" style=\"background:url('https:\/\/redept.com.br\/blogosfera\/wp-content\/uploads\/2025\/02\/GLyIWiBWQAAkXxp-804x1024-1-150x150.jpeg') 50% 50% no-repeat;width: 125px;height:90px;margin-bottom: 5px;background-size: cover; \"><\/div>\n\t\t\t\t\t\t\t\t\t  <\/div>\n\t\t\t\t\t\t\t\t\t  \n\t\t\t\t\t\t\t\t   <span class=\"yuzo__text--title\" style=\"font-size:13px;\">Assim surge o Feudalismo Cient\u00edfico-digital<\/span>\n\t\t\t\t\t\t\t  \n\t\t\t\t\t\t\t  \n\t\t\t\t\t\t\t  <\/a>\n\n\t\t\t\t\t\t  <\/div>\n\t\t\t\t\t\t  <div class=\"relatedthumb \" style=\"width:125px;float:left;overflow:hidden;\">  \n\t\t\t\t\t\t\t  \n\t\t\t\t\t\t\t  <a  href=\"https:\/\/redept.com.br\/blogosfera\/brasil-vai-levar-oscar-em-2026-especialistas-comentam-bom-momento-do-cinema-nacional\/\"  >\n\t\t\t\t\t\t\t\t\t  <div class=\"yuzo-img-wrap \" style=\"width: 125px;height:90px;\">\n\t\t\t\t\t\t\t\t\t\t\n\t\t\t\t\t\t\t\t\t\t<div class=\"yuzo-img\" style=\"background:url('https:\/\/redept.org\/blogosfera\/wp-content\/plugins\/yuzo-related-post\/assets\/images\/default.png') 50% 50% no-repeat;width: 125px;height:90px;margin-bottom: 5px;background-size: cover; \"><\/div>\n\t\t\t\t\t\t\t\t\t  <\/div>\n\t\t\t\t\t\t\t\t\t  \n\t\t\t\t\t\t\t\t   <span class=\"yuzo__text--title\" style=\"font-size:13px;\">Brasil vai levar Oscar em 2026? Especialistas come...<\/span>\n\t\t\t\t\t\t\t  \n\t\t\t\t\t\t\t  \n\t\t\t\t\t\t\t  <\/a>\n\n\t\t\t\t\t\t  <\/div>\n<\/div> <script>\n\t\t\t\t\t\t  jQuery(document).ready(function( $ ){\n\t\t\t\t\t\t\t\/\/jQuery('.yuzo_related_post').equalizer({ overflow : 'relatedthumb' });\n\t\t\t\t\t\t\tjQuery('.yuzo_related_post .yuzo_wraps').equalizer({ columns : '> div' });\n\t\t\t\t\t\t   })\n\t\t\t\t\t\t  <\/script> <!-- End Yuzo :) -->","protected":false},"excerpt":{"rendered":"<p>O caso da ABIN \u00e9, sem d\u00favida, um dos maiores esc\u00e2ndalos associados a Carlos Bolsonaro, refor\u00e7ando a percep\u00e7\u00e3o de que suas a\u00e7\u00f5es nas redes sociais e sua influ\u00eancia no governo do pai geraram consequ\u00eancias jur\u00eddicas e pol\u00edticas sem precedentes. Carlos Bolsonaro, conhecido como \u201cCarluxo\u201d, foi formalmente acusado pela Pol\u00edcia Federal (PF) em junho de 2025 [&hellip;]<\/p>\n","protected":false},"author":2,"featured_media":0,"comment_status":"open","ping_status":"closed","sticky":false,"template":"","format":"standard","meta":{"fifu_image_url":"","fifu_image_alt":"","footnotes":""},"categories":[4749,8527,1764,132],"tags":[],"class_list":["post-34208","post","type-post","status-publish","format-standard","hentry","category-abin","category-carluxo","category-policia-federal","category-politica"],"_links":{"self":[{"href":"https:\/\/redept.com.br\/blogosfera\/wp-json\/wp\/v2\/posts\/34208","targetHints":{"allow":["GET"]}}],"collection":[{"href":"https:\/\/redept.com.br\/blogosfera\/wp-json\/wp\/v2\/posts"}],"about":[{"href":"https:\/\/redept.com.br\/blogosfera\/wp-json\/wp\/v2\/types\/post"}],"author":[{"embeddable":true,"href":"https:\/\/redept.com.br\/blogosfera\/wp-json\/wp\/v2\/users\/2"}],"replies":[{"embeddable":true,"href":"https:\/\/redept.com.br\/blogosfera\/wp-json\/wp\/v2\/comments?post=34208"}],"version-history":[{"count":0,"href":"https:\/\/redept.com.br\/blogosfera\/wp-json\/wp\/v2\/posts\/34208\/revisions"}],"wp:attachment":[{"href":"https:\/\/redept.com.br\/blogosfera\/wp-json\/wp\/v2\/media?parent=34208"}],"wp:term":[{"taxonomy":"category","embeddable":true,"href":"https:\/\/redept.com.br\/blogosfera\/wp-json\/wp\/v2\/categories?post=34208"},{"taxonomy":"post_tag","embeddable":true,"href":"https:\/\/redept.com.br\/blogosfera\/wp-json\/wp\/v2\/tags?post=34208"}],"curies":[{"name":"wp","href":"https:\/\/api.w.org\/{rel}","templated":true}]}}