{"id":34209,"date":"2025-06-18T21:42:03","date_gmt":"2025-06-19T00:42:03","guid":{"rendered":"https:\/\/redept.org\/blogosfera\/pf-revela-como-abin-paralela-e-trama-golpista-se-conectam\/"},"modified":"2025-06-18T21:42:03","modified_gmt":"2025-06-19T00:42:03","slug":"pf-revela-como-abin-paralela-e-trama-golpista-se-conectam","status":"publish","type":"post","link":"https:\/\/redept.com.br\/blogosfera\/pf-revela-como-abin-paralela-e-trama-golpista-se-conectam\/","title":{"rendered":"PF revela como Abin paralela e trama golpista se conectam"},"content":{"rendered":"<p>Relat\u00f3rio final detalha elo entre estrutura clandestina, Gabinete do \u00d3dio e tentativa de ruptura institucional.<\/p>\n<p>Um dos epis\u00f3dios mais graves da hist\u00f3ria da intelig\u00eancia estatal brasileira foi desvendado no relat\u00f3rio final do Inqu\u00e9rito Policial 2023.0022161, produzido pela Pol\u00edcia Federal. O documento revela a exist\u00eancia de uma estrutura clandestina dentro da Ag\u00eancia Brasileira de Intelig\u00eancia (Abin), operada com recursos p\u00fablicos para fins pol\u00edticos, ilegais e com desvio de finalidade institucional.<\/p>\n<p>A investiga\u00e7\u00e3o, conduzida pela Divis\u00e3o de Opera\u00e7\u00f5es de Intelig\u00eancia Cibern\u00e9tica da PF, identificou a atua\u00e7\u00e3o de uma organiza\u00e7\u00e3o criminosa (ORCRIM) no interior da Abin, com comando pol\u00edtico vinculado ao entorno direto do ex-presidente Jair Bolsonaro. O n\u00facleo da opera\u00e7\u00e3o era liderado por Alexandre Ramagem, ent\u00e3o diretor-geral da ag\u00eancia e hoje deputado federal.<\/p>\n<p>Sob a gest\u00e3o de Ramagem, o grupo estruturou um sistema de vigil\u00e2ncia ilegal, sabotagem institucional e dissemina\u00e7\u00e3o de desinforma\u00e7\u00e3o. Parte essencial desse aparato envolvia o uso do sistema First Mile, ferramenta de espionagem eletr\u00f4nica capaz de rastrear dispositivos m\u00f3veis sem autoriza\u00e7\u00e3o judicial. A PF foi categ\u00f3rica:<\/p>\n<p>\u201cTodas as 60.734 consultas realizadas na solu\u00e7\u00e3o First Mile durante a vig\u00eancia do contrato com a Abin foram, assim, ilegais, em qualquer contexto\u201d.<\/p>\n<p><strong>Abin paralela e Carlos Bolsonaro<\/strong><br \/>\nO relat\u00f3rio aponta que o n\u00facleo pol\u00edtico respons\u00e1vel pelo uso da Abin paralela operava com objetivos eleitorais e repressivos, e tinha como elo com o Pal\u00e1cio do Planalto o vereador Carlos Bolsonaro, figura central do chamado \u201cgabinete do \u00f3dio\u201d. A estrutura atuava no monitoramento de ministros do STF, parlamentares, jornalistas e advers\u00e1rios pol\u00edticos \u2014 al\u00e9m de proteger aliados, como Jair Renan Bolsonaro, filho do ex-presidente.<\/p>\n<p>A PF vincula diretamente essas a\u00e7\u00f5es \u00e0 tentativa de aboli\u00e7\u00e3o do Estado Democr\u00e1tico de Direito, em conex\u00e3o com os ataques de 8 de janeiro de 2023:<\/p>\n<p><strong>Dela\u00e7\u00e3o de Cid e provas t\u00e9cnicas<\/strong><\/p>\n<p>A colabora\u00e7\u00e3o premiada do tenente-coronel Mauro Cid, ex-ajudante de ordens de Bolsonaro, foi decisiva para destravar a apura\u00e7\u00e3o. A dela\u00e7\u00e3o revelou detalhes da atua\u00e7\u00e3o da estrutura paralela e foi complementada por 104 laudos periciais e mais de 250 relat\u00f3rios t\u00e9cnicos, a partir da an\u00e1lise de cerca de 200 dispositivos eletr\u00f4nicos.<\/p>\n<p>A PF tamb\u00e9m demonstrou que os respons\u00e1veis omitiram a natureza intrusiva do sistema First Mile no momento da contrata\u00e7\u00e3o, que custou R$ 5,7 milh\u00f5es e foi justificada como apoio \u00e0 interven\u00e7\u00e3o federal no Rio de Janeiro. Na pr\u00e1tica, o sistema foi desviado para espionagem de advers\u00e1rios.<\/p>\n<p>\u201cA motiva\u00e7\u00e3o para aquisi\u00e7\u00e3o foi seu uso prioritariamente na interven\u00e7\u00e3o do Rio de Janeiro. Entretanto, os respons\u00e1veis pela contrata\u00e7\u00e3o n\u00e3o enfrentaram a natureza real do sistema [\u2026] em flagrante viola\u00e7\u00e3o aos limites da atividade de intelig\u00eancia no Brasil\u201d.<\/p>\n<p><strong>Hierarquia, sabotagem e obstru\u00e7\u00e3o<\/strong><\/p>\n<p>A PF detalhou a cadeia de comando e divis\u00e3o de tarefas da organiza\u00e7\u00e3o, apontando o envolvimento de servidores da Abin, policiais federais cedidos e oficiais de intelig\u00eancia. A opera\u00e7\u00e3o era organizada em estruturas como as \u201cTurmas de Buscas\u201d e \u201cGrupos de Consulta\u201d.<\/p>\n<p>Houve, segundo o relat\u00f3rio, obstru\u00e7\u00e3o das investiga\u00e7\u00f5es por meio da formata\u00e7\u00e3o de celulares, oculta\u00e7\u00e3o de logs e intimida\u00e7\u00e3o de servidores que colaboraram. Tamb\u00e9m foram identificadas a\u00e7\u00f5es pol\u00edticas no Congresso destinadas a desacreditar o inqu\u00e9rito e blindar os envolvidos.<\/p>\n<p><strong>Aparato estatal cooptado<\/strong><\/p>\n<p>O relat\u00f3rio sustenta que a Abin foi parcialmente convertida em instrumento de persegui\u00e7\u00e3o pol\u00edtica e ataque a institui\u00e7\u00f5es democr\u00e1ticas:<\/p>\n<p>\u201cA estrutura clandestina de intelig\u00eancia implementada sob a Dire\u00e7\u00e3o de RAMAGEM era integrada por policiais federais e outros servidores cedidos \u00e0 Abin [\u2026] utilizada para influenciar o resultado das elei\u00e7\u00f5es presidenciais de 2022\u201d.<\/p>\n<p><strong>Crimes e pend\u00eancias no STF<\/strong><\/p>\n<p>Com base nas evid\u00eancias reunidas, a PF imputou a dezenas de investigados crimes como organiza\u00e7\u00e3o criminosa, intercepta\u00e7\u00e3o ilegal, viola\u00e7\u00e3o de sigilo funcional, corrup\u00e7\u00e3o, prevarica\u00e7\u00e3o e embara\u00e7o \u00e0 investiga\u00e7\u00e3o. Parte dos agentes envolvidos ainda ocupa cargos estrat\u00e9gicos na estrutura atual da Abin, o que, segundo os investigadores, compromete o ambiente institucional.<\/p>\n<p>O caso aguarda delibera\u00e7\u00e3o no Supremo Tribunal Federal, que poder\u00e1 determinar novas a\u00e7\u00f5es penais e avaliar o impacto institucional de uma das mais profundas crises da hist\u00f3ria da intelig\u00eancia brasileira.<\/p>\n<p><em>*Cleber Louren\u00e7o\/ICL<\/em><\/p>\n<hr>\n<h5>Apoie o Antropofagista com qualquer valor<br \/>\nPIX: 45013993768<br \/>\nAgradecemos imensamente<\/h5>\n<hr>\n<p><strong>Siga-nos no Whatsapp:<\/strong> <a href=\"https:\/\/chat.whatsapp.com\/HlpAeWDAUrD8Qq1AjWiCK5\">https:\/\/chat.whatsapp.com\/HlpAeWDAUrD8Qq1AjWiCK5<\/a><\/p>\n<p><strong>Siga-nos no Facebook<\/strong>: <a href=\"https:\/\/www.facebook.com\/profile.php?id=100070790366110\">https:\/\/www.facebook.com\/profile.php?id=100070790366110<\/a><\/p>\n<p><strong>Siga-nos no X:<\/strong> <a href=\"https:\/\/x.com\/Antropofagista1\">https:\/\/x.com\/Antropofagista1<\/a><\/p>\n<p><strong>Siga-nos no Instagram:<\/strong> <a href=\"https:\/\/www.instagram.com\/blogantropofagista?igsh=YzljYTk1ODg3Zg==\">https:\/\/www.instagram.com\/blogantropofagista?igsh=YzljYTk1ODg3Zg==<\/a><\/p>\n<p>The post <a href=\"https:\/\/antropofagista.com.br\/2025\/06\/18\/pf-revela-como-abin-paralela-e-trama-golpista-se-conectam\/\">PF revela como Abin paralela e trama golpista se conectam<\/a> first appeared on <a href=\"https:\/\/antropofagista.com.br\/\">Antropofagista<\/a>.<\/p>\n<!-- Begin Yuzo --><div class='yuzo_related_post style-1'  data-version='5.12.89'><!-- without result --><div class='yuzo_clearfixed yuzo__title yuzo__title'><h3>Related Post<\/h3><\/div>\n\t\t\t\t\t\t  <div class=\"relatedthumb \" style=\"width:125px;float:left;overflow:hidden;\">  \n\t\t\t\t\t\t\t  \n\t\t\t\t\t\t\t  <a  href=\"https:\/\/redept.com.br\/blogosfera\/venezuela-sob-ataque-dos-eua\/\"  >\n\t\t\t\t\t\t\t\t\t  <div class=\"yuzo-img-wrap \" style=\"width: 125px;height:90px;\">\n\t\t\t\t\t\t\t\t\t\t\n\t\t\t\t\t\t\t\t\t\t<div class=\"yuzo-img\" style=\"background:url('https:\/\/redept.org\/blogosfera\/wp-content\/plugins\/yuzo-related-post\/assets\/images\/default.png') 50% 50% no-repeat;width: 125px;height:90px;margin-bottom: 5px;background-size: cover; \"><\/div>\n\t\t\t\t\t\t\t\t\t  <\/div>\n\t\t\t\t\t\t\t\t\t  \n\t\t\t\t\t\t\t\t   <span class=\"yuzo__text--title\" style=\"font-size:13px;\">Venezuela sob ataque dos EUA<\/span>\n\t\t\t\t\t\t\t  \n\t\t\t\t\t\t\t  \n\t\t\t\t\t\t\t  <\/a>\n\n\t\t\t\t\t\t  <\/div>\n\t\t\t\t\t\t  <div class=\"relatedthumb \" style=\"width:125px;float:left;overflow:hidden;\">  \n\t\t\t\t\t\t\t  \n\t\t\t\t\t\t\t  <a  href=\"https:\/\/redept.com.br\/blogosfera\/trump-chama-xi-jinping-de-grande-lider-e-presidente-chines-diz-que-eua-e-china-devem-ser-parceiros-nao-adversarios\/\"  >\n\t\t\t\t\t\t\t\t\t  <div class=\"yuzo-img-wrap \" style=\"width: 125px;height:90px;\">\n\t\t\t\t\t\t\t\t\t\t\n\t\t\t\t\t\t\t\t\t\t<div class=\"yuzo-img\" style=\"background:url('https:\/\/redept.org\/blogosfera\/wp-content\/plugins\/yuzo-related-post\/assets\/images\/default.png') 50% 50% no-repeat;width: 125px;height:90px;margin-bottom: 5px;background-size: cover; \"><\/div>\n\t\t\t\t\t\t\t\t\t  <\/div>\n\t\t\t\t\t\t\t\t\t  \n\t\t\t\t\t\t\t\t   <span class=\"yuzo__text--title\" style=\"font-size:13px;\">Trump chama Xi Jinping de \u2018grande l\u00edder\u2019, e presid...<\/span>\n\t\t\t\t\t\t\t  \n\t\t\t\t\t\t\t  \n\t\t\t\t\t\t\t  <\/a>\n\n\t\t\t\t\t\t  <\/div>\n\t\t\t\t\t\t  <div class=\"relatedthumb \" style=\"width:125px;float:left;overflow:hidden;\">  \n\t\t\t\t\t\t\t  \n\t\t\t\t\t\t\t  <a  href=\"https:\/\/sul21.com.br\/noticias\/geral\/2025\/10\/flavio-dino-vence-acao-contra-hospital-por-morte-de-filho-e-doara-dinheiro\/\"  >\n\t\t\t\t\t\t\t\t\t  <div class=\"yuzo-img-wrap \" style=\"width: 125px;height:90px;\">\n\t\t\t\t\t\t\t\t\t\t\n\t\t\t\t\t\t\t\t\t\t<div class=\"yuzo-img\" style=\"background:url('https:\/\/agenciabrasil.ebc.com.br\/ebc.png?id=1662248&amp;o=node') 50% 50% no-repeat;width: 125px;height:90px;margin-bottom: 5px;background-size: cover; \"><\/div>\n\t\t\t\t\t\t\t\t\t  <\/div>\n\t\t\t\t\t\t\t\t\t  \n\t\t\t\t\t\t\t\t   <span class=\"yuzo__text--title\" style=\"font-size:13px;\">Fl\u00e1vio Dino vence a\u00e7\u00e3o contra hospital por morte d...<\/span>\n\t\t\t\t\t\t\t  \n\t\t\t\t\t\t\t  \n\t\t\t\t\t\t\t  <\/a>\n\n\t\t\t\t\t\t  <\/div>\n\t\t\t\t\t\t  <div class=\"relatedthumb \" style=\"width:125px;float:left;overflow:hidden;\">  \n\t\t\t\t\t\t\t  \n\t\t\t\t\t\t\t  <a  href=\"https:\/\/redept.com.br\/blogosfera\/guerra-tarifaria-de-trump-abala-economia-dos-eua-e-gera-revolta-em-12-estados\/\"  >\n\t\t\t\t\t\t\t\t\t  <div class=\"yuzo-img-wrap \" style=\"width: 125px;height:90px;\">\n\t\t\t\t\t\t\t\t\t\t\n\t\t\t\t\t\t\t\t\t\t<div class=\"yuzo-img\" style=\"background:url('https:\/\/redept.com.br\/blogosfera\/wp-content\/uploads\/2025\/04\/Captura-de-Tela-2025-04-24-as-154814-150x150.png') 50% 50% no-repeat;width: 125px;height:90px;margin-bottom: 5px;background-size: cover; \"><\/div>\n\t\t\t\t\t\t\t\t\t  <\/div>\n\t\t\t\t\t\t\t\t\t  \n\t\t\t\t\t\t\t\t   <span class=\"yuzo__text--title\" style=\"font-size:13px;\">Guerra tarif\u00e1ria de Trump abala economia dos EUA e...<\/span>\n\t\t\t\t\t\t\t  \n\t\t\t\t\t\t\t  \n\t\t\t\t\t\t\t  <\/a>\n\n\t\t\t\t\t\t  <\/div>\n<\/div> <script>\n\t\t\t\t\t\t  jQuery(document).ready(function( $ ){\n\t\t\t\t\t\t\t\/\/jQuery('.yuzo_related_post').equalizer({ overflow : 'relatedthumb' });\n\t\t\t\t\t\t\tjQuery('.yuzo_related_post .yuzo_wraps').equalizer({ columns : '> div' });\n\t\t\t\t\t\t   })\n\t\t\t\t\t\t  <\/script> <!-- End Yuzo :) -->","protected":false},"excerpt":{"rendered":"<p>Relat\u00f3rio final detalha elo entre estrutura clandestina, Gabinete do \u00d3dio e tentativa de ruptura institucional. Um dos epis\u00f3dios mais graves da hist\u00f3ria da intelig\u00eancia estatal brasileira foi desvendado no relat\u00f3rio final do Inqu\u00e9rito Policial 2023.0022161, produzido pela Pol\u00edcia Federal. O documento revela a exist\u00eancia de uma estrutura clandestina dentro da Ag\u00eancia Brasileira de Intelig\u00eancia (Abin), [&hellip;]<\/p>\n","protected":false},"author":2,"featured_media":0,"comment_status":"open","ping_status":"closed","sticky":false,"template":"","format":"standard","meta":{"fifu_image_url":"","fifu_image_alt":"","footnotes":""},"categories":[8528,8529,357,1200,132],"tags":[],"class_list":["post-34209","post","type-post","status-publish","format-standard","hentry","category-abin-paralela","category-carlos-bolsonaro","category-gabinete-do-odio","category-pf","category-politica"],"_links":{"self":[{"href":"https:\/\/redept.com.br\/blogosfera\/wp-json\/wp\/v2\/posts\/34209","targetHints":{"allow":["GET"]}}],"collection":[{"href":"https:\/\/redept.com.br\/blogosfera\/wp-json\/wp\/v2\/posts"}],"about":[{"href":"https:\/\/redept.com.br\/blogosfera\/wp-json\/wp\/v2\/types\/post"}],"author":[{"embeddable":true,"href":"https:\/\/redept.com.br\/blogosfera\/wp-json\/wp\/v2\/users\/2"}],"replies":[{"embeddable":true,"href":"https:\/\/redept.com.br\/blogosfera\/wp-json\/wp\/v2\/comments?post=34209"}],"version-history":[{"count":0,"href":"https:\/\/redept.com.br\/blogosfera\/wp-json\/wp\/v2\/posts\/34209\/revisions"}],"wp:attachment":[{"href":"https:\/\/redept.com.br\/blogosfera\/wp-json\/wp\/v2\/media?parent=34209"}],"wp:term":[{"taxonomy":"category","embeddable":true,"href":"https:\/\/redept.com.br\/blogosfera\/wp-json\/wp\/v2\/categories?post=34209"},{"taxonomy":"post_tag","embeddable":true,"href":"https:\/\/redept.com.br\/blogosfera\/wp-json\/wp\/v2\/tags?post=34209"}],"curies":[{"name":"wp","href":"https:\/\/api.w.org\/{rel}","templated":true}]}}