{"id":34259,"date":"2025-06-19T17:01:04","date_gmt":"2025-06-19T20:01:04","guid":{"rendered":"https:\/\/redept.org\/blogosfera\/temporais-voltam-a-causar-estragos-e-alagamentos-em-cidades-gauchas\/"},"modified":"2025-06-19T17:01:04","modified_gmt":"2025-06-19T20:01:04","slug":"temporais-voltam-a-causar-estragos-e-alagamentos-em-cidades-gauchas","status":"publish","type":"post","link":"https:\/\/redept.com.br\/blogosfera\/temporais-voltam-a-causar-estragos-e-alagamentos-em-cidades-gauchas\/","title":{"rendered":"Temporais voltam a causar estragos e alagamentos em cidades ga\u00fachas"},"content":{"rendered":"<p><img fetchpriority=\"high\" width=\"1024\" height=\"576\"src=\"https:\/\/redept.org\/blogosfera\/wp-content\/uploads\/2025\/06\/foto-3.jpg\" alt=\"\" decoding=\"async\" srcset=\"https:\/\/vermelho.org.br\/wp-content\/uploads\/2025\/06\/foto-3-1024x576.jpg 1024w, https:\/\/vermelho.org.br\/wp-content\/uploads\/2025\/06\/foto-3-300x169.jpg 300w, https:\/\/vermelho.org.br\/wp-content\/uploads\/2025\/06\/foto-3-768x432.jpg 768w, https:\/\/vermelho.org.br\/wp-content\/uploads\/2025\/06\/foto-3-1536x864.jpg 1536w, https:\/\/redept.org\/blogosfera\/wp-content\/uploads\/2025\/06\/foto-3.jpg 1920w\" sizes=\"(max-width: 1024px) 100vw, 1024px\"><\/p>\n<p>Nesta semana, fortes chuvas voltaram a cair no Rio Grande do Sul, alagando cidades e trazendo de volta a dolorosa lembran\u00e7a de 2024, ocorrida h\u00e1 pouco mais de um ano. Ao menos 86 munic\u00edpios sofreram danos e duas mortes foram confirmadas no munic\u00edpio de Candel\u00e1ria at\u00e9 a noite desta quarta-feira (18), conforme a Defesa Civil do estado.<\/p>\n<p>Tamb\u00e9m h\u00e1 o registro de quase 1,2 mil pessoas em abrigos, outras 1,5 mil desalojadas e uma pessoa desaparecida no munic\u00edpio de Nova Petr\u00f3polis.<\/p>\n<p>As bacias do Ca\u00ed e do Taquari, e os munic\u00edpios da regi\u00e3o, s\u00e3o monitorados pelos n\u00edveis elevados dos rios. A estimativa para o Rio Ca\u00ed \u00e9 de que alcance 13 metros, o que j\u00e1 \u00e9 considerado expressivo uma vez que a cota de inunda\u00e7\u00e3o \u00e9 de 10,5 metros. Nas enchentes do ano passado, o rio chegou a 17 metros.<\/p>\n<p><strong>Leia mais: <\/strong><a href=\"https:\/\/vermelho.org.br\/2025\/04\/29\/rs-ainda-enfrenta-gargalos-para-se-tornar-seguro-e-resiliente-as-enchentes\/\">RS ainda enfrenta gargalos para se tornar seguro e resiliente \u00e0s enchentes<\/a><\/p>\n<p>No Taquari a preocupa\u00e7\u00e3o se volta a cidades que foram devastadas pelas enchentes de 2024: Lajeado, Estrela, Santa Tereza, Encantado e Mu\u00e7um.<\/p>\n<p>Porto Alegre tamb\u00e9m est\u00e1 em alerta e registrou, ao menos, 14 pontos de alagamento durante esta semana. A previs\u00e3o do tempo at\u00e9 sexta-feira (20) indica aten\u00e7\u00e3o para todo o estado, em especial, as regi\u00f5es Noroeste, Norte, Nordeste, Serra e Litoral Norte. S\u00e3o esperadas chuvas di\u00e1rias acima de 100 mm, incluindo para a capital, onde Gua\u00edba pode alcan\u00e7ar a cota de alerta ao chegar a 3m50cm, a apenas 10 cent\u00edmetros da cota de inunda\u00e7\u00e3o pela r\u00e9gua de medi\u00e7\u00e3o da Usina do Gas\u00f4metro, segundo a Universidade Federal do Rio Grande do Sul (UFRGS).<\/p>\n<p>Na quarta-feira, o Minist\u00e9rio da Integra\u00e7\u00e3o e do Desenvolvimento Regional reconheceu a situa\u00e7\u00e3o de emerg\u00eancia em tr\u00eas cidades ga\u00fachas por \u201cchuvas intensas\u201d, Cachoeira\u00a0do\u00a0Sul, Nova Esperan\u00e7a\u00a0do\u00a0Sul\u00a0e Quara\u00ed, assim como o munic\u00edpio de Dona Francisca por \u201cenxurrada\u201d.<\/p>\n<p>Chama a aten\u00e7\u00e3o que na mesma portaria, outros quatro munic\u00edpios ga\u00fachos tamb\u00e9m tiveram reconhecida a situa\u00e7\u00e3o de emerg\u00eancia, mas, nesses casos, por \u201cestiagem\u201d, s\u00e3o eles: Casca, Eldorado\u00a0do\u00a0Sul, Mampituba e Sert\u00e3o Santana.<\/p>\n<p>Este alarmante cen\u00e1rio revela como as mudan\u00e7as clim\u00e1ticas t\u00eam acentuado desastres de diferentes maneiras em territ\u00f3rios pr\u00f3ximos, o que pede medidas urgentes de mitiga\u00e7\u00e3o de seus efeitos e prepara\u00e7\u00e3o para cat\u00e1strofes.<\/p>\n<p><strong>Leia mais: <\/strong><a href=\"https:\/\/vermelho.org.br\/2025\/05\/03\/porto-alegre-busca-se-reerguer-da-enchente-em-meio-ao-desmonte-do-setor-publico\/\">Porto Alegre busca se reerguer da enchente em meio ao desmonte do setor p\u00fablico<\/a><\/p>\n<p>Segundo o minist\u00e9rio, agora as prefeituras dessas cidades podem solicitar recursos\u00a0do\u00a0governo federal para a\u00e7\u00f5es de defesa civil (compra de cestas b\u00e1sicas, \u00e1gua mineral, refei\u00e7\u00e3o para trabalhadores e volunt\u00e1rios, kits de limpeza residencial, higiene pessoal e\u00a0dormit\u00f3rio, entre outros).<\/p>\n<p>Ainda, de acordo com a pasta, \u201cat\u00e9 o momento, o\u00a0Rio\u00a0Grande\u00a0do\u00a0Sul\u00a0tem 331 reconhecimentos vigentes de situa\u00e7\u00e3o de emerg\u00eancia,\u00a0sendo \u201c307 por estiagem, 13 por chuvas intensas, cinco por vendaval, tr\u00eas por queda de granizo e tr\u00eas por enxurradas\u201d.<\/p>\n<figure><img decoding=\"async\" width=\"768\" height=\"1024\"src=\"https:\/\/redept.org\/blogosfera\/wp-content\/uploads\/2025\/06\/19114410_91927_GD.png\" alt=\"\" srcset=\"https:\/\/vermelho.org.br\/wp-content\/uploads\/2025\/06\/19114410_91927_GD-768x1024.png 768w, https:\/\/vermelho.org.br\/wp-content\/uploads\/2025\/06\/19114410_91927_GD-225x300.png 225w, https:\/\/redept.org\/blogosfera\/wp-content\/uploads\/2025\/06\/19114410_91927_GD.png 801w\" sizes=\"(max-width: 768px) 100vw, 768px\"><\/figure>\n<p><strong>Desastre clim\u00e1tico<\/strong><\/p>\n<p>Em 2024, na considerada \u201ca maior cat\u00e1strofe clim\u00e1tica\u201d do pa\u00eds, 478 munic\u00edpios ga\u00fachos de um total de 497 foram atingidos, o que representa 96% das cidades. A Defesa Civil calculou que 2,4 milh\u00f5es de pessoas foram atingidas, sendo que mais de 600 mil tiveram de deixar suas casas. As v\u00edtimas fatais foram 184 pessoas, e 25 desaparecidas.<\/p>\n<p>O post <a href=\"https:\/\/vermelho.org.br\/2025\/06\/19\/temporais-voltam-a-causar-estragos-e-alagamentos-em-cidades-gauchas\/\">Temporais voltam a causar estragos e alagamentos em cidades ga\u00fachas<\/a> apareceu primeiro em <a href=\"https:\/\/vermelho.org.br\/\">Vermelho<\/a>.<\/p>\n<!-- Begin Yuzo --><div class='yuzo_related_post style-1'  data-version='5.12.89'><!-- without result --><div class='yuzo_clearfixed yuzo__title yuzo__title'><h3>Related Post<\/h3><\/div>\n\t\t\t\t\t\t  <div class=\"relatedthumb \" style=\"width:125px;float:left;overflow:hidden;\">  \n\t\t\t\t\t\t\t  \n\t\t\t\t\t\t\t  <a  href=\"https:\/\/redept.com.br\/blogosfera\/musica-popular-e-cinema-documental-fazem-ponte-cultural-entre-brasil-e-uruguai-em-porto-alegre\/\"  >\n\t\t\t\t\t\t\t\t\t  <div class=\"yuzo-img-wrap \" style=\"width: 125px;height:90px;\">\n\t\t\t\t\t\t\t\t\t\t\n\t\t\t\t\t\t\t\t\t\t<div class=\"yuzo-img\" style=\"background:url('https:\/\/redept.com.br\/blogosfera\/wp-content\/uploads\/2025\/06\/image-1-12-150x92.png') 50% 50% no-repeat;width: 125px;height:90px;margin-bottom: 5px;background-size: cover; \"><\/div>\n\t\t\t\t\t\t\t\t\t  <\/div>\n\t\t\t\t\t\t\t\t\t  \n\t\t\t\t\t\t\t\t   <span class=\"yuzo__text--title\" style=\"font-size:13px;\">M\u00fasica popular e cinema documental fazem ponte cul...<\/span>\n\t\t\t\t\t\t\t  \n\t\t\t\t\t\t\t  \n\t\t\t\t\t\t\t  <\/a>\n\n\t\t\t\t\t\t  <\/div>\n\t\t\t\t\t\t  <div class=\"relatedthumb \" style=\"width:125px;float:left;overflow:hidden;\">  \n\t\t\t\t\t\t\t  \n\t\t\t\t\t\t\t  <a  href=\"https:\/\/redept.com.br\/blogosfera\/diario-do-julgamento-ato-5-cid-crava-que-militares-apoiaram-manifestacoes-nos-quarteis\/\"  >\n\t\t\t\t\t\t\t\t\t  <div class=\"yuzo-img-wrap \" style=\"width: 125px;height:90px;\">\n\t\t\t\t\t\t\t\t\t\t\n\t\t\t\t\t\t\t\t\t\t<div class=\"yuzo-img\" style=\"background:url('https:\/\/redept.org\/blogosfera\/wp-content\/plugins\/yuzo-related-post\/assets\/images\/default.png') 50% 50% no-repeat;width: 125px;height:90px;margin-bottom: 5px;background-size: cover; \"><\/div>\n\t\t\t\t\t\t\t\t\t  <\/div>\n\t\t\t\t\t\t\t\t\t  \n\t\t\t\t\t\t\t\t   <span class=\"yuzo__text--title\" style=\"font-size:13px;\">Di\u00e1rio do julgamento \u2013 Ato 5: Cid crava que milita...<\/span>\n\t\t\t\t\t\t\t  \n\t\t\t\t\t\t\t  \n\t\t\t\t\t\t\t  <\/a>\n\n\t\t\t\t\t\t  <\/div>\n\t\t\t\t\t\t  <div class=\"relatedthumb \" style=\"width:125px;float:left;overflow:hidden;\">  \n\t\t\t\t\t\t\t  \n\t\t\t\t\t\t\t  <a  href=\"https:\/\/redept.com.br\/blogosfera\/entidades-lancam-manifesto-contra-retrocessos-na-moderacao-da-meta\/\"  >\n\t\t\t\t\t\t\t\t\t  <div class=\"yuzo-img-wrap \" style=\"width: 125px;height:90px;\">\n\t\t\t\t\t\t\t\t\t\t\n\t\t\t\t\t\t\t\t\t\t<div class=\"yuzo-img\" style=\"background:url('https:\/\/redept.com.br\/blogosfera\/wp-content\/uploads\/2025\/01\/meta-150x150.jpg') 50% 50% no-repeat;width: 125px;height:90px;margin-bottom: 5px;background-size: cover; \"><\/div>\n\t\t\t\t\t\t\t\t\t  <\/div>\n\t\t\t\t\t\t\t\t\t  \n\t\t\t\t\t\t\t\t   <span class=\"yuzo__text--title\" style=\"font-size:13px;\">Entidades lan\u00e7am manifesto contra retrocessos na m...<\/span>\n\t\t\t\t\t\t\t  \n\t\t\t\t\t\t\t  \n\t\t\t\t\t\t\t  <\/a>\n\n\t\t\t\t\t\t  <\/div>\n\t\t\t\t\t\t  <div class=\"relatedthumb \" style=\"width:125px;float:left;overflow:hidden;\">  \n\t\t\t\t\t\t\t  \n\t\t\t\t\t\t\t  <a  href=\"https:\/\/redept.com.br\/blogosfera\/lula-no-carnaval-de-salvador-vibracao-presidencial-e-clamor-popular-agitam-a-folia-baiana-videos\/\"  >\n\t\t\t\t\t\t\t\t\t  <div class=\"yuzo-img-wrap \" style=\"width: 125px;height:90px;\">\n\t\t\t\t\t\t\t\t\t\t\n\t\t\t\t\t\t\t\t\t\t<div class=\"yuzo-img\" style=\"background:url('https:\/\/redept.org\/blogosfera\/wp-content\/plugins\/yuzo-related-post\/assets\/images\/default.png') 50% 50% no-repeat;width: 125px;height:90px;margin-bottom: 5px;background-size: cover; \"><\/div>\n\t\t\t\t\t\t\t\t\t  <\/div>\n\t\t\t\t\t\t\t\t\t  \n\t\t\t\t\t\t\t\t   <span class=\"yuzo__text--title\" style=\"font-size:13px;\">Lula no Carnaval de Salvador: vibra\u00e7\u00e3o presidencia...<\/span>\n\t\t\t\t\t\t\t  \n\t\t\t\t\t\t\t  \n\t\t\t\t\t\t\t  <\/a>\n\n\t\t\t\t\t\t  <\/div>\n<\/div> <script>\n\t\t\t\t\t\t  jQuery(document).ready(function( $ ){\n\t\t\t\t\t\t\t\/\/jQuery('.yuzo_related_post').equalizer({ overflow : 'relatedthumb' });\n\t\t\t\t\t\t\tjQuery('.yuzo_related_post .yuzo_wraps').equalizer({ columns : '> div' });\n\t\t\t\t\t\t   })\n\t\t\t\t\t\t  <\/script> <!-- End Yuzo :) -->","protected":false},"excerpt":{"rendered":"<p>Nesta semana, fortes chuvas voltaram a cair no Rio Grande do Sul, alagando cidades e trazendo de volta a dolorosa lembran\u00e7a de 2024, ocorrida h\u00e1 pouco mais de um ano. Ao menos 86 munic\u00edpios sofreram danos e duas mortes foram confirmadas no munic\u00edpio de Candel\u00e1ria at\u00e9 a noite desta quarta-feira (18), conforme a Defesa Civil [&hellip;]<\/p>\n","protected":false},"author":2,"featured_media":0,"comment_status":"open","ping_status":"closed","sticky":false,"template":"","format":"standard","meta":{"fifu_image_url":"","fifu_image_alt":"","footnotes":""},"categories":[154,87,275,276,19,1385,224],"tags":[],"class_list":["post-34259","post","type-post","status-publish","format-standard","hentry","category-crise-climatica","category-enchente","category-enchente-rs","category-enchentes-no-rio-grande-do-sul","category-rio-grande-do-sul","category-tragedia-ambiental","category-tragedia-climatica"],"_links":{"self":[{"href":"https:\/\/redept.com.br\/blogosfera\/wp-json\/wp\/v2\/posts\/34259","targetHints":{"allow":["GET"]}}],"collection":[{"href":"https:\/\/redept.com.br\/blogosfera\/wp-json\/wp\/v2\/posts"}],"about":[{"href":"https:\/\/redept.com.br\/blogosfera\/wp-json\/wp\/v2\/types\/post"}],"author":[{"embeddable":true,"href":"https:\/\/redept.com.br\/blogosfera\/wp-json\/wp\/v2\/users\/2"}],"replies":[{"embeddable":true,"href":"https:\/\/redept.com.br\/blogosfera\/wp-json\/wp\/v2\/comments?post=34259"}],"version-history":[{"count":0,"href":"https:\/\/redept.com.br\/blogosfera\/wp-json\/wp\/v2\/posts\/34259\/revisions"}],"wp:attachment":[{"href":"https:\/\/redept.com.br\/blogosfera\/wp-json\/wp\/v2\/media?parent=34259"}],"wp:term":[{"taxonomy":"category","embeddable":true,"href":"https:\/\/redept.com.br\/blogosfera\/wp-json\/wp\/v2\/categories?post=34259"},{"taxonomy":"post_tag","embeddable":true,"href":"https:\/\/redept.com.br\/blogosfera\/wp-json\/wp\/v2\/tags?post=34259"}],"curies":[{"name":"wp","href":"https:\/\/api.w.org\/{rel}","templated":true}]}}