{"id":34382,"date":"2025-06-20T16:37:50","date_gmt":"2025-06-20T19:37:50","guid":{"rendered":"https:\/\/redept.org\/blogosfera\/justica-manda-ramiro-rosario-remover-videos-ofensivos-contra-grazi-oliveira\/"},"modified":"2025-06-20T16:37:50","modified_gmt":"2025-06-20T19:37:50","slug":"justica-manda-ramiro-rosario-remover-videos-ofensivos-contra-grazi-oliveira","status":"publish","type":"post","link":"https:\/\/redept.com.br\/blogosfera\/justica-manda-ramiro-rosario-remover-videos-ofensivos-contra-grazi-oliveira\/","title":{"rendered":"Justi\u00e7a manda Ramiro Ros\u00e1rio remover v\u00eddeos ofensivos contra Grazi Oliveira"},"content":{"rendered":"<section>\n<div>\n<p><span>O Tribunal de Justi\u00e7a RS concedeu nesta segunda-feira (17) uma liminar em favor da vereadora Grazi Oliveira (PSOL) contra o vereador Ramiro Ros\u00e1rio (Novo). Grazi ingressou com o processo ap\u00f3s Ros\u00e1rio ter publicado tr\u00eas v\u00eddeos diferentes em suas redes sociais expondo a vida privada da vereadora e proferindo ataques contra a parlamentar.<\/span><\/p>\n<p><span>Na decis\u00e3o, a Justi\u00e7a determinou a remo\u00e7\u00e3o imediata dos v\u00eddeos e dos conte\u00fados ofensivos divulgados por Ramiro Ros\u00e1rio, sob pena de multa di\u00e1ria de R$ 1.000. A ju\u00edza do processo apontou ind\u00edcios de abuso e viola\u00e7\u00e3o de direitos fundamentais no caso. A a\u00e7\u00e3o da vereadora cobrou a responsabiliza\u00e7\u00e3o por danos morais, al\u00e9m da exclus\u00e3o do material e da absten\u00e7\u00e3o de novas postagens ofensivas.<\/span><\/p>\n<p><span>Grazi Oliveira afirma que o epis\u00f3dio se soma a uma s\u00e9rie de ataques sistem\u00e1ticos que mulheres parlamentares sofrem em raz\u00e3o de sua atua\u00e7\u00e3o pol\u00edtica e de sua identidade de g\u00eanero e ra\u00e7a. \u201cO que est\u00e1 em jogo aqui n\u00e3o \u00e9 apenas a minha imagem, mas o direito das mulheres, principalmente mulheres negras, de ocuparem os espa\u00e7os de poder sem serem expostas \u00e0 humilha\u00e7\u00e3o p\u00fablica e ao silenciamento\u201d, diz a vereadora.<\/span><\/p>\n<\/p><\/div>\n<\/section>\n<p>O post <a href=\"https:\/\/sul21.com.br\/noticias\/politica\/2025\/06\/justica-manda-ramiro-rosario-remover-videos-ofensivos-contra-grazi-oliveira\/\">Justi\u00e7a manda Ramiro Ros\u00e1rio remover v\u00eddeos ofensivos contra Grazi Oliveira<\/a> apareceu primeiro em <a href=\"https:\/\/sul21.com.br\/\">Sul 21<\/a>.<\/p>\n<!-- Begin Yuzo --><div class='yuzo_related_post style-1'  data-version='5.12.89'><!-- without result --><div class='yuzo_clearfixed yuzo__title yuzo__title'><h3>Related Post<\/h3><\/div>\n\t\t\t\t\t\t  <div class=\"relatedthumb \" style=\"width:125px;float:left;overflow:hidden;\">  \n\t\t\t\t\t\t\t  \n\t\t\t\t\t\t\t  <a  href=\"https:\/\/redept.com.br\/blogosfera\/buscas-em-juiz-de-fora-estao-encerradas-moradores-seguem-fora-de-casa\/\"  >\n\t\t\t\t\t\t\t\t\t  <div class=\"yuzo-img-wrap \" style=\"width: 125px;height:90px;\">\n\t\t\t\t\t\t\t\t\t\t\n\t\t\t\t\t\t\t\t\t\t<div class=\"yuzo-img\" style=\"background:url('https:\/\/redept.org\/blogosfera\/wp-content\/plugins\/yuzo-related-post\/assets\/images\/default.png') 50% 50% no-repeat;width: 125px;height:90px;margin-bottom: 5px;background-size: cover; \"><\/div>\n\t\t\t\t\t\t\t\t\t  <\/div>\n\t\t\t\t\t\t\t\t\t  \n\t\t\t\t\t\t\t\t   <span class=\"yuzo__text--title\" style=\"font-size:13px;\">Buscas em Juiz de Fora est\u00e3o encerradas; moradores...<\/span>\n\t\t\t\t\t\t\t  \n\t\t\t\t\t\t\t  \n\t\t\t\t\t\t\t  <\/a>\n\n\t\t\t\t\t\t  <\/div>\n\t\t\t\t\t\t  <div class=\"relatedthumb \" style=\"width:125px;float:left;overflow:hidden;\">  \n\t\t\t\t\t\t\t  \n\t\t\t\t\t\t\t  <a  href=\"https:\/\/redept.com.br\/blogosfera\/siria-apos-bashar-al-assad-como-ficam-os-interesses-da-russia-na-regiao\/\"  >\n\t\t\t\t\t\t\t\t\t  <div class=\"yuzo-img-wrap \" style=\"width: 125px;height:90px;\">\n\t\t\t\t\t\t\t\t\t\t\n\t\t\t\t\t\t\t\t\t\t<div class=\"yuzo-img\" style=\"background:url('https:\/\/redept.org\/blogosfera\/wp-content\/plugins\/yuzo-related-post\/assets\/images\/default.png') 50% 50% no-repeat;width: 125px;height:90px;margin-bottom: 5px;background-size: cover; \"><\/div>\n\t\t\t\t\t\t\t\t\t  <\/div>\n\t\t\t\t\t\t\t\t\t  \n\t\t\t\t\t\t\t\t   <span class=\"yuzo__text--title\" style=\"font-size:13px;\">S\u00edria ap\u00f3s Bashar Al-Assad: como ficam os interess...<\/span>\n\t\t\t\t\t\t\t  \n\t\t\t\t\t\t\t  \n\t\t\t\t\t\t\t  <\/a>\n\n\t\t\t\t\t\t  <\/div>\n\t\t\t\t\t\t  <div class=\"relatedthumb \" style=\"width:125px;float:left;overflow:hidden;\">  \n\t\t\t\t\t\t\t  \n\t\t\t\t\t\t\t  <a  href=\"https:\/\/redept.com.br\/blogosfera\/morre-laura-cardoso-aos-98-a-atriz-que-fez-da-recusa-a-aposentadoria-um-metodo\/\"  >\n\t\t\t\t\t\t\t\t\t  <div class=\"yuzo-img-wrap \" style=\"width: 125px;height:90px;\">\n\t\t\t\t\t\t\t\t\t\t\n\t\t\t\t\t\t\t\t\t\t<div class=\"yuzo-img\" style=\"background:url('https:\/\/redept.org\/blogosfera\/wp-content\/plugins\/yuzo-related-post\/assets\/images\/default.png') 50% 50% no-repeat;width: 125px;height:90px;margin-bottom: 5px;background-size: cover; \"><\/div>\n\t\t\t\t\t\t\t\t\t  <\/div>\n\t\t\t\t\t\t\t\t\t  \n\t\t\t\t\t\t\t\t   <span class=\"yuzo__text--title\" style=\"font-size:13px;\">Morre Laura Cardoso, aos 98, a atriz que fez da re...<\/span>\n\t\t\t\t\t\t\t  \n\t\t\t\t\t\t\t  \n\t\t\t\t\t\t\t  <\/a>\n\n\t\t\t\t\t\t  <\/div>\n\t\t\t\t\t\t  <div class=\"relatedthumb \" style=\"width:125px;float:left;overflow:hidden;\">  \n\t\t\t\t\t\t\t  \n\t\t\t\t\t\t\t  <a  href=\"https:\/\/redept.com.br\/blogosfera\/quando-o-futuro-ou-o-destino-bate-a-nossa-porta\/\"  >\n\t\t\t\t\t\t\t\t\t  <div class=\"yuzo-img-wrap \" style=\"width: 125px;height:90px;\">\n\t\t\t\t\t\t\t\t\t\t\n\t\t\t\t\t\t\t\t\t\t<div class=\"yuzo-img\" style=\"background:url('https:\/\/redept.com.br\/blogosfera\/wp-content\/uploads\/2025\/08\/trump-6-150x150.webp') 50% 50% no-repeat;width: 125px;height:90px;margin-bottom: 5px;background-size: cover; \"><\/div>\n\t\t\t\t\t\t\t\t\t  <\/div>\n\t\t\t\t\t\t\t\t\t  \n\t\t\t\t\t\t\t\t   <span class=\"yuzo__text--title\" style=\"font-size:13px;\">Quando o futuro (ou o destino) bate \u00e0 nossa porta<\/span>\n\t\t\t\t\t\t\t  \n\t\t\t\t\t\t\t  \n\t\t\t\t\t\t\t  <\/a>\n\n\t\t\t\t\t\t  <\/div>\n<\/div> <script>\n\t\t\t\t\t\t  jQuery(document).ready(function( $ ){\n\t\t\t\t\t\t\t\/\/jQuery('.yuzo_related_post').equalizer({ overflow : 'relatedthumb' });\n\t\t\t\t\t\t\tjQuery('.yuzo_related_post .yuzo_wraps').equalizer({ columns : '> div' });\n\t\t\t\t\t\t   })\n\t\t\t\t\t\t  <\/script> <!-- End Yuzo :) -->","protected":false},"excerpt":{"rendered":"<p>O Tribunal de Justi\u00e7a RS concedeu nesta segunda-feira (17) uma liminar em favor da vereadora Grazi Oliveira (PSOL) contra o vereador Ramiro Ros\u00e1rio (Novo). Grazi ingressou com o processo ap\u00f3s Ros\u00e1rio ter publicado tr\u00eas v\u00eddeos diferentes em suas redes sociais expondo a vida privada da vereadora e proferindo ataques contra a parlamentar. Na decis\u00e3o, a [&hellip;]<\/p>\n","protected":false},"author":2,"featured_media":0,"comment_status":"closed","ping_status":"closed","sticky":false,"template":"","format":"standard","meta":{"fifu_image_url":"","fifu_image_alt":"","footnotes":""},"categories":[6067,8603,132,38,8604],"tags":[],"class_list":["post-34382","post","type-post","status-publish","format-standard","hentry","category-camara-de-vereadores","category-grazi-oliveira","category-politica","category-porto-alegre","category-ramiro-rosario"],"_links":{"self":[{"href":"https:\/\/redept.com.br\/blogosfera\/wp-json\/wp\/v2\/posts\/34382","targetHints":{"allow":["GET"]}}],"collection":[{"href":"https:\/\/redept.com.br\/blogosfera\/wp-json\/wp\/v2\/posts"}],"about":[{"href":"https:\/\/redept.com.br\/blogosfera\/wp-json\/wp\/v2\/types\/post"}],"author":[{"embeddable":true,"href":"https:\/\/redept.com.br\/blogosfera\/wp-json\/wp\/v2\/users\/2"}],"replies":[{"embeddable":true,"href":"https:\/\/redept.com.br\/blogosfera\/wp-json\/wp\/v2\/comments?post=34382"}],"version-history":[{"count":0,"href":"https:\/\/redept.com.br\/blogosfera\/wp-json\/wp\/v2\/posts\/34382\/revisions"}],"wp:attachment":[{"href":"https:\/\/redept.com.br\/blogosfera\/wp-json\/wp\/v2\/media?parent=34382"}],"wp:term":[{"taxonomy":"category","embeddable":true,"href":"https:\/\/redept.com.br\/blogosfera\/wp-json\/wp\/v2\/categories?post=34382"},{"taxonomy":"post_tag","embeddable":true,"href":"https:\/\/redept.com.br\/blogosfera\/wp-json\/wp\/v2\/tags?post=34382"}],"curies":[{"name":"wp","href":"https:\/\/api.w.org\/{rel}","templated":true}]}}