{"id":34458,"date":"2025-06-21T15:23:55","date_gmt":"2025-06-21T18:23:55","guid":{"rendered":"https:\/\/redept.org\/blogosfera\/tarcisio-e-o-soberbo-espetaculo-do-sionismo-genocida-no-brasil\/"},"modified":"2025-06-21T15:23:55","modified_gmt":"2025-06-21T18:23:55","slug":"tarcisio-e-o-soberbo-espetaculo-do-sionismo-genocida-no-brasil","status":"publish","type":"post","link":"https:\/\/redept.com.br\/blogosfera\/tarcisio-e-o-soberbo-espetaculo-do-sionismo-genocida-no-brasil\/","title":{"rendered":"Tarc\u00edsio e o soberbo espet\u00e1culo do sionismo genocida no Brasil"},"content":{"rendered":"<p>A manifesta\u00e7\u00e3o de apoio ao genoc\u00eddio de crian\u00e7as, beb\u00eas e mulheres gr\u00e1vidas em Gaza, protagonizada por Tarcisio de Freitas numa \u201cMarcha para Jesus\u201d, merece nota.<\/p>\n<p>A primeira coisa que nos vem a cabe\u00e7a e o quanto o sionismo est\u00e1 infiltrado nas art\u00e9ria do Estado Brasileiro e como isso piorou com a chegada de Bolsonaro ao poder.<\/p>\n<p>H\u00e1 um claro espelho n\u00e3o s\u00f3 nessa incontest\u00e1vel afirma\u00e7\u00e3o sublinhada pela imagem do governador de S\u00e3o Paulo carregando a bandeira de Israel, mas tamb\u00e9m na defesa da m\u00eddia nativa ao massacre genocida de Israel em Gaza e a campanha que os bar\u00f5es da comunica\u00e7\u00e3o j\u00e1 operam para a elei\u00e7\u00e3o de Tarcisio na campanha presidencial de 2026.<\/p>\n<p>Afinal, estamos falando de um ex-ministro de Bolsonaro, um governo genocida que matou mais de 700 mil por covid e, hoje, Tarc\u00edsio, como governador de S\u00e3o Paulo, tem a policia mais letal do planeta que atua, principalmente contra negros e pobres nas periferias e favelas de S\u00e3o Paulo.<\/p>\n<hr>\n<h5>Apoie o Antropofagista com qualquer valor<br \/>\nPIX: 45013993768<br \/>\nAgradecemos imensamente<\/h5>\n<hr>\n<p><strong>Siga-nos no Whatsapp:<\/strong> <a href=\"https:\/\/chat.whatsapp.com\/HlpAeWDAUrD8Qq1AjWiCK5\">https:\/\/chat.whatsapp.com\/HlpAeWDAUrD8Qq1AjWiCK5<\/a><\/p>\n<p><strong>Siga-nos no Facebook:<\/strong> <a href=\"https:\/\/www.facebook.com\/profile.php?id=100070790366110\">https:\/\/www.facebook.com\/profile.php?id=100070790366110<\/a><\/p>\n<p><strong>Siga-nos no X:<\/strong> <a href=\"https:\/\/x.com\/Antropofagista1\">https:\/\/x.com\/Antropofagista1<\/a><\/p>\n<p><strong>Siga-nos no Instagram:<\/strong> <a href=\"https:\/\/www.instagram.com\/blogantropofagista?igsh=YzljYTk1ODg3Zg==\">https:\/\/www.instagram.com\/blogantropofagista?igsh=YzljYTk1ODg3Zg==<\/a><\/p>\n<p>The post <a href=\"https:\/\/antropofagista.com.br\/2025\/06\/21\/tarcisio-e-o-soberbo-espetaculo-do-sionismo-genocida-no-brasil\/\">Tarc\u00edsio e o soberbo espet\u00e1culo do sionismo genocida no Brasil<\/a> first appeared on <a href=\"https:\/\/antropofagista.com.br\/\">Antropofagista<\/a>.<\/p>\n<!-- Begin Yuzo --><div class='yuzo_related_post style-1'  data-version='5.12.89'><!-- without result --><div class='yuzo_clearfixed yuzo__title yuzo__title'><h3>Related Post<\/h3><\/div>\n\t\t\t\t\t\t  <div class=\"relatedthumb \" style=\"width:125px;float:left;overflow:hidden;\">  \n\t\t\t\t\t\t\t  \n\t\t\t\t\t\t\t  <a  href=\"https:\/\/redept.com.br\/blogosfera\/prazo-para-entregar-declaracao-do-imposto-de-renda-termina-nesta-sexta-feira-31\/\"  >\n\t\t\t\t\t\t\t\t\t  <div class=\"yuzo-img-wrap \" style=\"width: 125px;height:90px;\">\n\t\t\t\t\t\t\t\t\t\t\n\t\t\t\t\t\t\t\t\t\t<div class=\"yuzo-img\" style=\"background:url('https:\/\/redept.org\/blogosfera\/wp-content\/plugins\/yuzo-related-post\/assets\/images\/default.png') 50% 50% no-repeat;width: 125px;height:90px;margin-bottom: 5px;background-size: cover; \"><\/div>\n\t\t\t\t\t\t\t\t\t  <\/div>\n\t\t\t\t\t\t\t\t\t  \n\t\t\t\t\t\t\t\t   <span class=\"yuzo__text--title\" style=\"font-size:13px;\">Prazo para entregar declara\u00e7\u00e3o do Imposto de Renda...<\/span>\n\t\t\t\t\t\t\t  \n\t\t\t\t\t\t\t  \n\t\t\t\t\t\t\t  <\/a>\n\n\t\t\t\t\t\t  <\/div>\n\t\t\t\t\t\t  <div class=\"relatedthumb \" style=\"width:125px;float:left;overflow:hidden;\">  \n\t\t\t\t\t\t\t  \n\t\t\t\t\t\t\t  <a  href=\"https:\/\/redept.com.br\/blogosfera\/lula-choca-ao-vetar-r-11-bilhoes-em-emendas-e-congresso-ve-guerra-politica-em-medida-para-equilibrio-fiscal\/\"  >\n\t\t\t\t\t\t\t\t\t  <div class=\"yuzo-img-wrap \" style=\"width: 125px;height:90px;\">\n\t\t\t\t\t\t\t\t\t\t\n\t\t\t\t\t\t\t\t\t\t<div class=\"yuzo-img\" style=\"background:url('https:\/\/redept.org\/blogosfera\/wp-content\/plugins\/yuzo-related-post\/assets\/images\/default.png') 50% 50% no-repeat;width: 125px;height:90px;margin-bottom: 5px;background-size: cover; \"><\/div>\n\t\t\t\t\t\t\t\t\t  <\/div>\n\t\t\t\t\t\t\t\t\t  \n\t\t\t\t\t\t\t\t   <span class=\"yuzo__text--title\" style=\"font-size:13px;\">Lula choca ao vetar R$ 11 bilh\u00f5es em emendas e Con...<\/span>\n\t\t\t\t\t\t\t  \n\t\t\t\t\t\t\t  \n\t\t\t\t\t\t\t  <\/a>\n\n\t\t\t\t\t\t  <\/div>\n\t\t\t\t\t\t  <div class=\"relatedthumb \" style=\"width:125px;float:left;overflow:hidden;\">  \n\t\t\t\t\t\t\t  \n\t\t\t\t\t\t\t  <a  href=\"https:\/\/redept.com.br\/blogosfera\/mst-na-bahia-realiza-2o-seminario-estadual-de-educacao-agroecologia-e-questao-ambiental\/\"  >\n\t\t\t\t\t\t\t\t\t  <div class=\"yuzo-img-wrap \" style=\"width: 125px;height:90px;\">\n\t\t\t\t\t\t\t\t\t\t\n\t\t\t\t\t\t\t\t\t\t<div class=\"yuzo-img\" style=\"background:url('https:\/\/redept.com.br\/blogosfera\/wp-content\/uploads\/2025\/08\/WhatsApp-Image-2025-08-25-at-210831-150x150.jpeg') 50% 50% no-repeat;width: 125px;height:90px;margin-bottom: 5px;background-size: cover; \"><\/div>\n\t\t\t\t\t\t\t\t\t  <\/div>\n\t\t\t\t\t\t\t\t\t  \n\t\t\t\t\t\t\t\t   <span class=\"yuzo__text--title\" style=\"font-size:13px;\">MST na Bahia realiza 2\u00ba Semin\u00e1rio Estadual de Educ...<\/span>\n\t\t\t\t\t\t\t  \n\t\t\t\t\t\t\t  \n\t\t\t\t\t\t\t  <\/a>\n\n\t\t\t\t\t\t  <\/div>\n\t\t\t\t\t\t  <div class=\"relatedthumb \" style=\"width:125px;float:left;overflow:hidden;\">  \n\t\t\t\t\t\t\t  \n\t\t\t\t\t\t\t  <a  href=\"https:\/\/redept.com.br\/blogosfera\/israel-aprova-acordo-de-cessar-fogo-no-libano-por-2-meses\/\"  >\n\t\t\t\t\t\t\t\t\t  <div class=\"yuzo-img-wrap \" style=\"width: 125px;height:90px;\">\n\t\t\t\t\t\t\t\t\t\t\n\t\t\t\t\t\t\t\t\t\t<div class=\"yuzo-img\" style=\"background:url('https:\/\/redept.org\/blogosfera\/wp-content\/plugins\/yuzo-related-post\/assets\/images\/default.png') 50% 50% no-repeat;width: 125px;height:90px;margin-bottom: 5px;background-size: cover; \"><\/div>\n\t\t\t\t\t\t\t\t\t  <\/div>\n\t\t\t\t\t\t\t\t\t  \n\t\t\t\t\t\t\t\t   <span class=\"yuzo__text--title\" style=\"font-size:13px;\">Israel aprova acordo de cessar-fogo no L\u00edbano por ...<\/span>\n\t\t\t\t\t\t\t  \n\t\t\t\t\t\t\t  \n\t\t\t\t\t\t\t  <\/a>\n\n\t\t\t\t\t\t  <\/div>\n<\/div> <script>\n\t\t\t\t\t\t  jQuery(document).ready(function( $ ){\n\t\t\t\t\t\t\t\/\/jQuery('.yuzo_related_post').equalizer({ overflow : 'relatedthumb' });\n\t\t\t\t\t\t\tjQuery('.yuzo_related_post .yuzo_wraps').equalizer({ columns : '> div' });\n\t\t\t\t\t\t   })\n\t\t\t\t\t\t  <\/script> <!-- End Yuzo :) -->","protected":false},"excerpt":{"rendered":"<p>A manifesta\u00e7\u00e3o de apoio ao genoc\u00eddio de crian\u00e7as, beb\u00eas e mulheres gr\u00e1vidas em Gaza, protagonizada por Tarcisio de Freitas numa \u201cMarcha para Jesus\u201d, merece nota. A primeira coisa que nos vem a cabe\u00e7a e o quanto o sionismo est\u00e1 infiltrado nas art\u00e9ria do Estado Brasileiro e como isso piorou com a chegada de Bolsonaro ao [&hellip;]<\/p>\n","protected":false},"author":2,"featured_media":0,"comment_status":"open","ping_status":"closed","sticky":false,"template":"","format":"standard","meta":{"fifu_image_url":"","fifu_image_alt":"","footnotes":""},"categories":[8631,8632,132,2441,5957],"tags":[],"class_list":["post-34458","post","type-post","status-publish","format-standard","hentry","category-bandeira-de-israel","category-marcha-para-jesus","category-politica","category-sionismo","category-tarcisio"],"_links":{"self":[{"href":"https:\/\/redept.com.br\/blogosfera\/wp-json\/wp\/v2\/posts\/34458","targetHints":{"allow":["GET"]}}],"collection":[{"href":"https:\/\/redept.com.br\/blogosfera\/wp-json\/wp\/v2\/posts"}],"about":[{"href":"https:\/\/redept.com.br\/blogosfera\/wp-json\/wp\/v2\/types\/post"}],"author":[{"embeddable":true,"href":"https:\/\/redept.com.br\/blogosfera\/wp-json\/wp\/v2\/users\/2"}],"replies":[{"embeddable":true,"href":"https:\/\/redept.com.br\/blogosfera\/wp-json\/wp\/v2\/comments?post=34458"}],"version-history":[{"count":0,"href":"https:\/\/redept.com.br\/blogosfera\/wp-json\/wp\/v2\/posts\/34458\/revisions"}],"wp:attachment":[{"href":"https:\/\/redept.com.br\/blogosfera\/wp-json\/wp\/v2\/media?parent=34458"}],"wp:term":[{"taxonomy":"category","embeddable":true,"href":"https:\/\/redept.com.br\/blogosfera\/wp-json\/wp\/v2\/categories?post=34458"},{"taxonomy":"post_tag","embeddable":true,"href":"https:\/\/redept.com.br\/blogosfera\/wp-json\/wp\/v2\/tags?post=34458"}],"curies":[{"name":"wp","href":"https:\/\/api.w.org\/{rel}","templated":true}]}}