{"id":34580,"date":"2025-06-23T12:47:48","date_gmt":"2025-06-23T15:47:48","guid":{"rendered":"https:\/\/redept.org\/blogosfera\/a-solucao-vem-do-sul-global\/"},"modified":"2025-06-23T12:47:48","modified_gmt":"2025-06-23T15:47:48","slug":"a-solucao-vem-do-sul-global","status":"publish","type":"post","link":"https:\/\/redept.com.br\/blogosfera\/a-solucao-vem-do-sul-global\/","title":{"rendered":"A solu\u00e7\u00e3o vem do Sul Global"},"content":{"rendered":"<figure><img fetchpriority=\"high\" fetchpriority=\"high\" decoding=\"async\" width=\"1024\" height=\"369\"src=\"https:\/\/redept.org\/blogosfera\/wp-content\/uploads\/2025\/06\/Alimentos.jpg\" alt=\"\" srcset=\"https:\/\/mst.org.br\/wp-content\/uploads\/2025\/06\/Alimentos-1024x369.jpg 1024w, https:\/\/mst.org.br\/wp-content\/uploads\/2025\/06\/Alimentos-300x108.jpg 300w, https:\/\/mst.org.br\/wp-content\/uploads\/2025\/06\/Alimentos-768x276.jpg 768w, https:\/\/redept.org\/blogosfera\/wp-content\/uploads\/2025\/06\/Alimentos.jpg 1200w\" sizes=\"(max-width: 1024px) 100vw, 1024px\"><figcaption><em>Foto: Divulga\u00e7\u00e3o<\/em><\/figcaption><\/figure>\n<p><em>Por Alexandre Camargo Martensen*<br \/>Do Social Midia\/BNCAmazonas<\/em><\/p>\n<p>Atualmente, a humanidade enfrenta dois dos maiores desafios de sua hist\u00f3ria: alimentar uma crescente popula\u00e7\u00e3o de maneira sustent\u00e1vel e enfrentar as consequ\u00eancias das mudan\u00e7as clim\u00e1ticas. O n\u00e3o equacionamento desses desafios j\u00e1 se desdobra em crises que n\u00e3o apenas colocam em risco o bem-estar humano, como tamb\u00e9m est\u00e3o profundamente interligadas e se retroalimentam.<\/p>\n<p>Para suprir a sempre crescente demanda por alimentos, fibras e biocombust\u00edveis, temos historicamente simplificado paisagens naturais, convertendo ecossistemas megadiversos em campos agr\u00edcolas homog\u00eaneos. Via de regra, essa transforma\u00e7\u00e3o tem incrementado a produ\u00e7\u00e3o de um servi\u00e7o ecossist\u00eamico, a produ\u00e7\u00e3o agropecu\u00e1ria, e comprometido muitos outros, como a regula\u00e7\u00e3o do fluxo h\u00eddrico, a fixa\u00e7\u00e3o de carbono, a manuten\u00e7\u00e3o da biodiversidade e a poliniza\u00e7\u00e3o.<\/p>\n<p><strong>O protagonismo do Sul Global<\/strong><\/p>\n<p>Ao homogeneizar as paisagens, alteramos ciclos biogeoqu\u00edmicos fundamentais, como o do carbono e da \u00e1gua, ampliamos a crise clim\u00e1tica e o colapso da biodiversidade. \u00c9 nesse contexto que o Sul Global surge n\u00e3o como um ator coadjuvante, mas como um protagonista na busca por solu\u00e7\u00f5es.<\/p>\n<p>Ao contr\u00e1rio das propostas de desenvolvimento historicamente oriundas no Norte Global, que frequentemente promovem modelos homog\u00eaneos e simplificados, os pa\u00edses do Sul carregam caracter\u00edsticas \u00fanicas e estrat\u00e9gicas.<\/p>\n<p>Localizados predominantemente entre os tr\u00f3picos, esses pa\u00edses abrigam ecossistemas de alt\u00edssima biodiversidade. As florestas tropicais, por exemplo, ocupam cerca de 11% da superf\u00edcie terrestre, mas concentram mais de 50% das esp\u00e9cies terrestres conhecidas.<\/p>\n<p>Os ambientes aqu\u00e1ticos tropicais, especialmente os marinhos, tamb\u00e9m apresentam n\u00edveis excepcionais de diversidade e produtividade prim\u00e1ria. E n\u00e3o \u00e9 apenas a diversidade biol\u00f3gica que chama aten\u00e7\u00e3o, uma vez que os tr\u00f3picos tamb\u00e9m s\u00e3o o ber\u00e7o de uma impressionante diversidade cultural.<\/p>\n<p>As regi\u00f5es mais ricas em esp\u00e9cies tamb\u00e9m s\u00e3o as mais ricas em l\u00ednguas e culturas humanas. No entanto, essa enorme riqueza est\u00e1 sob amea\u00e7a, com taxas de extin\u00e7\u00e3o de esp\u00e9cies cerca de mil vezes superiores \u00e0s naturais e previs\u00f5es de que at\u00e9 90% das l\u00ednguas atualmente faladas possam desaparecer antes do final deste s\u00e9culo.<\/p>\n<p>Essa diversidade de esp\u00e9cies, modos de vida, l\u00ednguas, saberes e formas de organiza\u00e7\u00e3o social tornam o Sul Global inerentemente distinto. No entanto, a trajet\u00f3ria de desenvolvimento dessas regi\u00f5es tem sido marcada pela sistem\u00e1tica importa\u00e7\u00e3o de t\u00e9cnicas, tecnologias e modelos produtivos do Norte Global.<\/p>\n<p><strong>Monoculturas e a homogeneiza\u00e7\u00e3o de paisagens<\/strong><\/p>\n<p>Muitas dessas solu\u00e7\u00f5es foram concebidas em contextos ecol\u00f3gicos, sociais e hist\u00f3ricos completamente diferentes, e, ao serem aplicadas de maneira acr\u00edtica, t\u00eam contribu\u00eddo para a intensifica\u00e7\u00e3o dos desequil\u00edbrios ambientais, sociais e econ\u00f4micos.<\/p>\n<p>O resultado \u00e9 o agravamento das crises globais e o aprofundamento das desigualdades entre Norte e Sul. Um exemplo claro dessa l\u00f3gica \u00e9 o modelo agr\u00edcola amplamente adotado nos tr\u00f3picos, importado de regi\u00f5es temperadas do hemisf\u00e9rio norte.<\/p>\n<p>Este modelo aposta em grandes monoculturas e na homogeneiza\u00e7\u00e3o de paisagens, favorecendo a mecaniza\u00e7\u00e3o e o uso intensivo de insumos qu\u00edmicos. S\u00f3 que, ao fazer isso, ele acaba desperdi\u00e7ando uma das maiores riquezas das regi\u00f5es tropicais: a luz do sol, que brilha com for\u00e7a o ano todo.<\/p>\n<p>Ao deixar campos agr\u00edcolas e paisagens homog\u00eaneos e simplificados, com poucas camadas de vegeta\u00e7\u00e3o, esse tipo de agricultura apresenta reduzida capacidade de aproveitamento da energia solar o que, consequentemente, diminui a possibilidade de transformar tal energia em alimentos e em outros produtos agr\u00edcolas. Ou seja, apesar de parecer moderno, esse modelo, quando empregado em regi\u00f5es tropicais, rende muito menos do que poderia.<\/p>\n<p>Al\u00e9m disso, esse processo de simplifica\u00e7\u00e3o cria as condi\u00e7\u00f5es ideais para o surgimento de pragas e doen\u00e7as, que s\u00f3 conseguem ser controladas com o uso massivo de agrot\u00f3xicos. Isso gera um c\u00edrculo vicioso de depend\u00eancia, em que os produtores se endividam para comprar insumos de multinacionais, geralmente sediadas no Norte Global, e tornam-se ref\u00e9ns de um sistema que degrada o solo, compromete os recursos h\u00eddricos e empobrece a biodiversidade.<\/p>\n<p><strong>Sistemas agroflorestais<\/strong><\/p>\n<p>A produtividade da agricultura tropical \u00e9, em grande parte, fruto das condi\u00e7\u00f5es naturais, como calor, chuvas e alta incid\u00eancia solar ao longo de todo o ano. Um recente estudo dos Institutos F\u00f3lio e Escolhas mostra, inclusive, a redu\u00e7\u00e3o das taxas de produtividade por quantidade de insumo utilizado (defensivos e fertilizantes). Para realmente capturar essa energia solar de forma eficiente, dever\u00edamos olhar e aprender com a pr\u00f3pria natureza.<\/p>\n<p>Sistemas agroflorestais, que combinam diversas esp\u00e9cies em m\u00faltiplos estratos vegetativos, representam uma alternativa promissora. Eles mimetizam a estrutura das florestas nativas, promovendo sinergias ecol\u00f3gicas e oferecendo uma ampla gama de produtos, como alimentos, fibras, madeiras, entre outros servi\u00e7os ambientais, como a fixa\u00e7\u00e3o do carbono e a regula\u00e7\u00e3o dos recursos h\u00eddricos.<\/p>\n<p>As agroflorestas podem aliar produtividade, conserva\u00e7\u00e3o da biodiversidade e resili\u00eancia clim\u00e1tica, algo essencial para os desafios que enfrentamos. No entanto, transformar as agroflorestas em uma solu\u00e7\u00e3o vi\u00e1vel em larga escala exige investimentos robustos em pesquisa e desenvolvimento.<\/p>\n<p>Portanto, \u00e9 necess\u00e1rio criar modelos produtivos ajustados \u00e0s diferentes regi\u00f5es e contextos socioculturais. Tamb\u00e9m \u00e9 fundamental desromantizar esse modo de produ\u00e7\u00e3o \u2013 agroflorestas n\u00e3o s\u00e3o uma panaceia, nem funcionam por m\u00e1gica.<\/p>\n<p>Nesse sentido, precisamos de tecnologias que facilitem o manejo, reduzam a demanda por m\u00e3o de obra intensiva e tornem esses sistemas mais acess\u00edveis aos pequenos e m\u00e9dios produtores. \u00c9 urgente o desenvolvimento de pol\u00edticas p\u00fablicas que incentivem e viabilizem sua ado\u00e7\u00e3o, promovendo uma verdadeira transi\u00e7\u00e3o agroecol\u00f3gica no campo.<\/p>\n<p><strong>Considera\u00e7\u00f5es finais<\/strong><\/p>\n<p>Em s\u00edntese, o Sul Global n\u00e3o \u00e9 apenas um territ\u00f3rio de dificuldades, onde os problemas com distribui\u00e7\u00e3o de renda e pobreza ainda imperam, mas \u00e9 tamb\u00e9m uma regi\u00e3o de possibilidades e terreno f\u00e9rtil para a cria\u00e7\u00e3o e a gest\u00e3o de solu\u00e7\u00f5es para os graves problemas globais.<\/p>\n<p><a><\/a>Ao buscar solu\u00e7\u00f5es enraizadas na diversidade de seus territ\u00f3rios e saberes, o Sul pode liderar uma nova forma de pensar e fazer o desenvolvimento. Um desenvolvimento que n\u00e3o seja apenas sustent\u00e1vel no discurso, mas efetivamente regenerativo, justo, diverso e plural.<\/p>\n<p>As agroflorestas s\u00e3o apenas um exemplo poderoso do que podemos alcan\u00e7ar quando trocamos a l\u00f3gica da imposi\u00e7\u00e3o pela da coopera\u00e7\u00e3o com a natureza. Precisamos reinventar o presente para garantirmos um futuro. E, talvez, reinventar o presente seja justamente escutar melhor o que os tr\u00f3picos t\u00eam a dizer.<\/p>\n<p>O post <a href=\"https:\/\/mst.org.br\/2025\/06\/23\/a-solucao-vem-do-sul-global\/\">A solu\u00e7\u00e3o vem do Sul Global<\/a> apareceu primeiro em <a href=\"https:\/\/mst.org.br\/\">MST<\/a>.<\/p>\n<!-- Begin Yuzo --><div class='yuzo_related_post style-1'  data-version='5.12.89'><!-- without result --><div class='yuzo_clearfixed yuzo__title yuzo__title'><h3>Related Post<\/h3><\/div>\n\t\t\t\t\t\t  <div class=\"relatedthumb \" style=\"width:125px;float:left;overflow:hidden;\">  \n\t\t\t\t\t\t\t  \n\t\t\t\t\t\t\t  <a  href=\"https:\/\/sul21.com.br\/opiniao\/2025\/09\/estes-senhorzinhos-extraordinarios-por-eliane-silveira\/\"  >\n\t\t\t\t\t\t\t\t\t  <div class=\"yuzo-img-wrap \" style=\"width: 125px;height:90px;\">\n\t\t\t\t\t\t\t\t\t\t\n\t\t\t\t\t\t\t\t\t\t<div class=\"yuzo-img\" style=\"background:url('https:\/\/redept.org\/blogosfera\/wp-content\/plugins\/yuzo-related-post\/assets\/images\/default.png') 50% 50% no-repeat;width: 125px;height:90px;margin-bottom: 5px;background-size: cover; \"><\/div>\n\t\t\t\t\t\t\t\t\t  <\/div>\n\t\t\t\t\t\t\t\t\t  \n\t\t\t\t\t\t\t\t   <span class=\"yuzo__text--title\" style=\"font-size:13px;\">Estes senhorzinhos extraordin\u00e1rios! (por Eliane Si...<\/span>\n\t\t\t\t\t\t\t  \n\t\t\t\t\t\t\t  \n\t\t\t\t\t\t\t  <\/a>\n\n\t\t\t\t\t\t  <\/div>\n\t\t\t\t\t\t  <div class=\"relatedthumb \" style=\"width:125px;float:left;overflow:hidden;\">  \n\t\t\t\t\t\t\t  \n\t\t\t\t\t\t\t  <a  href=\"https:\/\/redept.com.br\/blogosfera\/defesa-civil-do-rs-lanca-canal-de-whatsapp-para-centralizar-alertas-meteorologicos-e-orientacoes\/\"  >\n\t\t\t\t\t\t\t\t\t  <div class=\"yuzo-img-wrap \" style=\"width: 125px;height:90px;\">\n\t\t\t\t\t\t\t\t\t\t\n\t\t\t\t\t\t\t\t\t\t<div class=\"yuzo-img\" style=\"background:url('https:\/\/redept.org\/blogosfera\/wp-content\/plugins\/yuzo-related-post\/assets\/images\/default.png') 50% 50% no-repeat;width: 125px;height:90px;margin-bottom: 5px;background-size: cover; \"><\/div>\n\t\t\t\t\t\t\t\t\t  <\/div>\n\t\t\t\t\t\t\t\t\t  \n\t\t\t\t\t\t\t\t   <span class=\"yuzo__text--title\" style=\"font-size:13px;\">Defesa Civil do RS lan\u00e7a canal de WhatsApp para ce...<\/span>\n\t\t\t\t\t\t\t  \n\t\t\t\t\t\t\t  \n\t\t\t\t\t\t\t  <\/a>\n\n\t\t\t\t\t\t  <\/div>\n\t\t\t\t\t\t  <div class=\"relatedthumb \" style=\"width:125px;float:left;overflow:hidden;\">  \n\t\t\t\t\t\t\t  \n\t\t\t\t\t\t\t  <a  href=\"https:\/\/redept.com.br\/blogosfera\/carlos-castelo-estreia-na-literatura-de-horror-com-dentro-de-mim-mora-a-sombra\/\"  >\n\t\t\t\t\t\t\t\t\t  <div class=\"yuzo-img-wrap \" style=\"width: 125px;height:90px;\">\n\t\t\t\t\t\t\t\t\t\t\n\t\t\t\t\t\t\t\t\t\t<div class=\"yuzo-img\" style=\"background:url('https:\/\/redept.com.br\/blogosfera\/wp-content\/uploads\/2025\/04\/WhatsApp-Image-2025-04-02-at-11.58.01-150x150.jpeg') 50% 50% no-repeat;width: 125px;height:90px;margin-bottom: 5px;background-size: cover; \"><\/div>\n\t\t\t\t\t\t\t\t\t  <\/div>\n\t\t\t\t\t\t\t\t\t  \n\t\t\t\t\t\t\t\t   <span class=\"yuzo__text--title\" style=\"font-size:13px;\">Carlos Castelo estreia na literatura de horror com...<\/span>\n\t\t\t\t\t\t\t  \n\t\t\t\t\t\t\t  \n\t\t\t\t\t\t\t  <\/a>\n\n\t\t\t\t\t\t  <\/div>\n\t\t\t\t\t\t  <div class=\"relatedthumb \" style=\"width:125px;float:left;overflow:hidden;\">  \n\t\t\t\t\t\t\t  \n\t\t\t\t\t\t\t  <a  href=\"https:\/\/redept.com.br\/blogosfera\/tse-aprova-regras-das-eleicoes-de-2026-e-limita-uso-de-ia-em-campanhas\/\"  >\n\t\t\t\t\t\t\t\t\t  <div class=\"yuzo-img-wrap \" style=\"width: 125px;height:90px;\">\n\t\t\t\t\t\t\t\t\t\t\n\t\t\t\t\t\t\t\t\t\t<div class=\"yuzo-img\" style=\"background:url('https:\/\/redept.com.br\/blogosfera\/wp-content\/uploads\/2026\/03\/Ministro-Nunes-Marques-relator-das-resolucoes-Foto_Luiz-Roberto_Secom_TSE-150x150.jpg') 50% 50% no-repeat;width: 125px;height:90px;margin-bottom: 5px;background-size: cover; \"><\/div>\n\t\t\t\t\t\t\t\t\t  <\/div>\n\t\t\t\t\t\t\t\t\t  \n\t\t\t\t\t\t\t\t   <span class=\"yuzo__text--title\" style=\"font-size:13px;\">TSE aprova regras das elei\u00e7\u00f5es de 2026 e limita us...<\/span>\n\t\t\t\t\t\t\t  \n\t\t\t\t\t\t\t  \n\t\t\t\t\t\t\t  <\/a>\n\n\t\t\t\t\t\t  <\/div>\n<\/div> <script>\n\t\t\t\t\t\t  jQuery(document).ready(function( $ ){\n\t\t\t\t\t\t\t\/\/jQuery('.yuzo_related_post').equalizer({ overflow : 'relatedthumb' });\n\t\t\t\t\t\t\tjQuery('.yuzo_related_post .yuzo_wraps').equalizer({ columns : '> div' });\n\t\t\t\t\t\t   })\n\t\t\t\t\t\t  <\/script> <!-- End Yuzo :) -->","protected":false},"excerpt":{"rendered":"<p>Foto: Divulga\u00e7\u00e3o Por Alexandre Camargo Martensen*Do Social Midia\/BNCAmazonas Atualmente, a humanidade enfrenta dois dos maiores desafios de sua hist\u00f3ria: alimentar uma crescente popula\u00e7\u00e3o de maneira sustent\u00e1vel e enfrentar as consequ\u00eancias das mudan\u00e7as clim\u00e1ticas. O n\u00e3o equacionamento desses desafios j\u00e1 se desdobra em crises que n\u00e3o apenas colocam em risco o bem-estar humano, como tamb\u00e9m est\u00e3o [&hellip;]<\/p>\n","protected":false},"author":2,"featured_media":0,"comment_status":"open","ping_status":"closed","sticky":false,"template":"","format":"standard","meta":{"fifu_image_url":"","fifu_image_alt":"","footnotes":""},"categories":[4394,570,191,3310,1265,1482],"tags":[],"class_list":["post-34580","post","type-post","status-publish","format-standard","hentry","category-monocultivo","category-mudancas-climaticas","category-noticias","category-sistemas-agroflorestais","category-soberania-alimentar","category-sul-global"],"_links":{"self":[{"href":"https:\/\/redept.com.br\/blogosfera\/wp-json\/wp\/v2\/posts\/34580","targetHints":{"allow":["GET"]}}],"collection":[{"href":"https:\/\/redept.com.br\/blogosfera\/wp-json\/wp\/v2\/posts"}],"about":[{"href":"https:\/\/redept.com.br\/blogosfera\/wp-json\/wp\/v2\/types\/post"}],"author":[{"embeddable":true,"href":"https:\/\/redept.com.br\/blogosfera\/wp-json\/wp\/v2\/users\/2"}],"replies":[{"embeddable":true,"href":"https:\/\/redept.com.br\/blogosfera\/wp-json\/wp\/v2\/comments?post=34580"}],"version-history":[{"count":0,"href":"https:\/\/redept.com.br\/blogosfera\/wp-json\/wp\/v2\/posts\/34580\/revisions"}],"wp:attachment":[{"href":"https:\/\/redept.com.br\/blogosfera\/wp-json\/wp\/v2\/media?parent=34580"}],"wp:term":[{"taxonomy":"category","embeddable":true,"href":"https:\/\/redept.com.br\/blogosfera\/wp-json\/wp\/v2\/categories?post=34580"},{"taxonomy":"post_tag","embeddable":true,"href":"https:\/\/redept.com.br\/blogosfera\/wp-json\/wp\/v2\/tags?post=34580"}],"curies":[{"name":"wp","href":"https:\/\/api.w.org\/{rel}","templated":true}]}}