{"id":34640,"date":"2025-06-23T17:05:04","date_gmt":"2025-06-23T20:05:04","guid":{"rendered":"https:\/\/redept.org\/blogosfera\/filme-de-caco-ciocler-em-homenagem-a-pepe-mujica-ganha-sessao-gratuita-em-sao-paulo\/"},"modified":"2025-06-23T17:05:04","modified_gmt":"2025-06-23T20:05:04","slug":"filme-de-caco-ciocler-em-homenagem-a-pepe-mujica-ganha-sessao-gratuita-em-sao-paulo","status":"publish","type":"post","link":"https:\/\/redept.com.br\/blogosfera\/filme-de-caco-ciocler-em-homenagem-a-pepe-mujica-ganha-sessao-gratuita-em-sao-paulo\/","title":{"rendered":"Filme de Caco Ciocler em homenagem a Pepe Mujica ganha sess\u00e3o gratuita em S\u00e3o Paulo"},"content":{"rendered":"<figure><img fetchpriority=\"high\" fetchpriority=\"high\" decoding=\"async\" width=\"1024\" height=\"576\"src=\"https:\/\/redept.org\/blogosfera\/wp-content\/uploads\/2025\/06\/fe84b53c-e1de-4181-8646-519349298ba0.jpeg\" alt=\"\" srcset=\"https:\/\/mst.org.br\/wp-content\/uploads\/2025\/06\/fe84b53c-e1de-4181-8646-519349298ba0-1024x576.jpeg 1024w, https:\/\/mst.org.br\/wp-content\/uploads\/2025\/06\/fe84b53c-e1de-4181-8646-519349298ba0-300x169.jpeg 300w, https:\/\/mst.org.br\/wp-content\/uploads\/2025\/06\/fe84b53c-e1de-4181-8646-519349298ba0-768x432.jpeg 768w, https:\/\/mst.org.br\/wp-content\/uploads\/2025\/06\/fe84b53c-e1de-4181-8646-519349298ba0-1536x864.jpeg 1536w, https:\/\/redept.org\/blogosfera\/wp-content\/uploads\/2025\/06\/fe84b53c-e1de-4181-8646-519349298ba0.jpeg 1600w\" sizes=\"(max-width: 1024px) 100vw, 1024px\"><\/figure>\n<p><em>Por Ana Gabriela Oliveira Valva\/ Armaz\u00e9m do Campo<br \/>Da P\u00e1gina do MST<\/em><\/p>\n<p>Na pr\u00f3xima quarta-feira, 25 de junho, o Espa\u00e7o Cultural Elza Soares recebe a exibi\u00e7\u00e3o gratuita de um filme que cruza pol\u00edtica, utopia e afeto em uma homenagem ao ex-presidente uruguaio Pepe Mujica.<\/p>\n<p>Dirigido pelo ator e diretor Caco Ciocler, o longa \u201cPartida\u201d retrata a trajet\u00f3ria de um grupo de brasileiros que, ap\u00f3s as elei\u00e7\u00f5es de 2018, decide fazer uma viagem de \u00f4nibus at\u00e9 o Uruguai para passar a virada do ano ao lado de Mujica, s\u00edmbolo internacional de resist\u00eancia e simplicidade na pol\u00edtica.<\/p>\n<p>A protagonista \u00e9 a atriz Georgette Fadel, que interpreta a si mesma e embarca no projeto de lan\u00e7ar uma candidatura \u00e0 Presid\u00eancia da Rep\u00fablica em 2022, por um partido formado apenas por mulheres: o Partida. A jornada at\u00e9 Montevid\u00e9u, misto de document\u00e1rio e fic\u00e7\u00e3o, tem como fio condutor a busca por inspira\u00e7\u00e3o e di\u00e1logo com uma das principais lideran\u00e7as pol\u00edticas vivas da Am\u00e9rica Latina.<\/p>\n<p>Ap\u00f3s a exibi\u00e7\u00e3o, haver\u00e1 um debate com a participa\u00e7\u00e3o <em>online <\/em>do diretor Caco Ciocler e da atriz Georgette Fadel, al\u00e9m da equipe do filme como o produtor Beto Amaral, o montador Tiago Marinho e da fot\u00f3grafa Manoela Rabinovitch.<\/p>\n<p>Os ingressos s\u00e3o gratuitos e podem ser reservados pela plataforma Sympla:<a href=\"https:\/\/www.sympla.com.br\/evento\/homenagem-pepe-mujica-com-o-filme-partida\/3003776?fbclid=PAZXh0bgNhZW0CMTEAAaetF_mMUuVWPyj5o5DiDIKDXmaLxakrqTXEEHGMs6teejMvSDrIsCf4pzSJ-w_aem_jRUBMph4qSz4hsCw5wnr2g\" target=\"_blank\" rel=\"noreferrer noopener\">\u00a0https:\/\/www.sympla.com.br\/evento\/homenagem-pepe-mujica-com-o-filme-partida\/3003776<\/a>.<\/p>\n<p>O espa\u00e7o contar\u00e1 com venda de bebidas e distribui\u00e7\u00e3o gratuita de pipoca.<\/p>\n<h2>Servi\u00e7o<\/h2>\n<p><strong>Evento: <\/strong>Exibi\u00e7\u00e3o gratuita de filme + debate com a equipe<\/p>\n<p><strong>Data:<\/strong> 25 de junho (quarta-feira)<\/p>\n<p><strong>Hor\u00e1rio:<\/strong> 19h<\/p>\n<p><strong>Local:<\/strong> Espa\u00e7o Cultural Elza Soares \u2013 Alameda Eduardo Prado, 474, Campos El\u00edseos, S\u00e3o Paulo (SP)<\/p>\n<p><strong>Dura\u00e7\u00e3o: 93<\/strong> minutos<\/p>\n<p><strong>Classifica\u00e7\u00e3o indicativa: <\/strong>Livre<\/p>\n<p>Ingressos: Gratuitos \u2013 reservas via link na bio do Instagram<a href=\"https:\/\/www.instagram.com\/armazemdocampo.sp\" target=\"_blank\" rel=\"noreferrer noopener\">\u00a0@armazemdocampo.sp<\/a>\u00a0ou\u00a0<a href=\"https:\/\/www.sympla.com.br\/evento\/homenagem-pepe-mujica-com-o-filme-partida\/3003776?fbclid=PAZXh0bgNhZW0CMTEAAaetF_mMUuVWPyj5o5DiDIKDXmaLxakrqTXEEHGMs6teejMvSDrIsCf4pzSJ-w_aem_jRUBMph4qSz4hsCw5wnr2g\" target=\"_blank\" rel=\"noreferrer noopener\">https:\/\/www.sympla.com.br\/evento\/homenagem-pepe-mujica-com-o-filme-partida\/3003776<\/a>.<\/p>\n<p>Informa\u00e7\u00f5es adicionais:<a href=\"https:\/\/www.instagram.com\/armazemdocampo.sp\" target=\"_blank\" rel=\"noreferrer noopener\">\u00a0@armazemdocampo.sp<\/a><\/p>\n<p><em>*Editado por Fernanda Alc\u00e2ntara<\/em><\/p>\n<p>O post <a href=\"https:\/\/mst.org.br\/2025\/06\/23\/282609\/\">Filme de Caco Ciocler em homenagem a Pepe Mujica ganha sess\u00e3o gratuita em S\u00e3o Paulo<\/a> apareceu primeiro em <a href=\"https:\/\/mst.org.br\/\">MST<\/a>.<\/p>\n<!-- Begin Yuzo --><div class='yuzo_related_post style-1'  data-version='5.12.89'><!-- without result --><div class='yuzo_clearfixed yuzo__title yuzo__title'><h3>Related Post<\/h3><\/div>\n\t\t\t\t\t\t  <div class=\"relatedthumb \" style=\"width:125px;float:left;overflow:hidden;\">  \n\t\t\t\t\t\t\t  \n\t\t\t\t\t\t\t  <a  href=\"https:\/\/redept.com.br\/blogosfera\/harvard-enfrenta-trump\/\"  >\n\t\t\t\t\t\t\t\t\t  <div class=\"yuzo-img-wrap \" style=\"width: 125px;height:90px;\">\n\t\t\t\t\t\t\t\t\t\t\n\t\t\t\t\t\t\t\t\t\t<div class=\"yuzo-img\" style=\"background:url('https:\/\/redept.org\/blogosfera\/wp-content\/plugins\/yuzo-related-post\/assets\/images\/default.png') 50% 50% no-repeat;width: 125px;height:90px;margin-bottom: 5px;background-size: cover; \"><\/div>\n\t\t\t\t\t\t\t\t\t  <\/div>\n\t\t\t\t\t\t\t\t\t  \n\t\t\t\t\t\t\t\t   <span class=\"yuzo__text--title\" style=\"font-size:13px;\">Harvard enfrenta Trump<\/span>\n\t\t\t\t\t\t\t  \n\t\t\t\t\t\t\t  \n\t\t\t\t\t\t\t  <\/a>\n\n\t\t\t\t\t\t  <\/div>\n\t\t\t\t\t\t  <div class=\"relatedthumb \" style=\"width:125px;float:left;overflow:hidden;\">  \n\t\t\t\t\t\t\t  \n\t\t\t\t\t\t\t  <a  href=\"https:\/\/redept.com.br\/blogosfera\/gleisi-golpe-nao-e-coisa-seria-bolsonaro-golpe-e-crime\/\"  >\n\t\t\t\t\t\t\t\t\t  <div class=\"yuzo-img-wrap \" style=\"width: 125px;height:90px;\">\n\t\t\t\t\t\t\t\t\t\t\n\t\t\t\t\t\t\t\t\t\t<div class=\"yuzo-img\" style=\"background:url('https:\/\/redept.org\/blogosfera\/wp-content\/plugins\/yuzo-related-post\/assets\/images\/default.png') 50% 50% no-repeat;width: 125px;height:90px;margin-bottom: 5px;background-size: cover; \"><\/div>\n\t\t\t\t\t\t\t\t\t  <\/div>\n\t\t\t\t\t\t\t\t\t  \n\t\t\t\t\t\t\t\t   <span class=\"yuzo__text--title\" style=\"font-size:13px;\">Gleisi: \u201cGolpe n\u00e3o \u00e9 \u2018coisa s\u00e9ria\u2019, Bolsonaro: gol...<\/span>\n\t\t\t\t\t\t\t  \n\t\t\t\t\t\t\t  \n\t\t\t\t\t\t\t  <\/a>\n\n\t\t\t\t\t\t  <\/div>\n\t\t\t\t\t\t  <div class=\"relatedthumb \" style=\"width:125px;float:left;overflow:hidden;\">  \n\t\t\t\t\t\t\t  \n\t\t\t\t\t\t\t  <a  href=\"https:\/\/redept.com.br\/blogosfera\/pl-da-devastacao-fere-constituicao-e-lula-precisa-veta-lo-na-integra-diz-ambientalista\/\"  >\n\t\t\t\t\t\t\t\t\t  <div class=\"yuzo-img-wrap \" style=\"width: 125px;height:90px;\">\n\t\t\t\t\t\t\t\t\t\t\n\t\t\t\t\t\t\t\t\t\t<div class=\"yuzo-img\" style=\"background:url('https:\/\/redept.org\/blogosfera\/wp-content\/plugins\/yuzo-related-post\/assets\/images\/default.png') 50% 50% no-repeat;width: 125px;height:90px;margin-bottom: 5px;background-size: cover; \"><\/div>\n\t\t\t\t\t\t\t\t\t  <\/div>\n\t\t\t\t\t\t\t\t\t  \n\t\t\t\t\t\t\t\t   <span class=\"yuzo__text--title\" style=\"font-size:13px;\">PL da Devasta\u00e7\u00e3o fere Constitui\u00e7\u00e3o e Lula precisa ...<\/span>\n\t\t\t\t\t\t\t  \n\t\t\t\t\t\t\t  \n\t\t\t\t\t\t\t  <\/a>\n\n\t\t\t\t\t\t  <\/div>\n\t\t\t\t\t\t  <div class=\"relatedthumb \" style=\"width:125px;float:left;overflow:hidden;\">  \n\t\t\t\t\t\t\t  \n\t\t\t\t\t\t\t  <a  href=\"https:\/\/redept.com.br\/blogosfera\/paquistao-registra-quase-400-mortos-por-chuvas-de-moncao\/\"  >\n\t\t\t\t\t\t\t\t\t  <div class=\"yuzo-img-wrap \" style=\"width: 125px;height:90px;\">\n\t\t\t\t\t\t\t\t\t\t\n\t\t\t\t\t\t\t\t\t\t<div class=\"yuzo-img\" style=\"background:url('https:\/\/redept.com.br\/blogosfera\/wp-content\/uploads\/2025\/08\/AFP__20250817__69QZ2G7__v3__MidRes__TopshotPakistanEnvironmentClimateMonsoon-150x150.jpg') 50% 50% no-repeat;width: 125px;height:90px;margin-bottom: 5px;background-size: cover; \"><\/div>\n\t\t\t\t\t\t\t\t\t  <\/div>\n\t\t\t\t\t\t\t\t\t  \n\t\t\t\t\t\t\t\t   <span class=\"yuzo__text--title\" style=\"font-size:13px;\">Paquist\u00e3o registra quase 400 mortos por chuvas de ...<\/span>\n\t\t\t\t\t\t\t  \n\t\t\t\t\t\t\t  \n\t\t\t\t\t\t\t  <\/a>\n\n\t\t\t\t\t\t  <\/div>\n<\/div> <script>\n\t\t\t\t\t\t  jQuery(document).ready(function( $ ){\n\t\t\t\t\t\t\t\/\/jQuery('.yuzo_related_post').equalizer({ overflow : 'relatedthumb' });\n\t\t\t\t\t\t\tjQuery('.yuzo_related_post .yuzo_wraps').equalizer({ columns : '> div' });\n\t\t\t\t\t\t   })\n\t\t\t\t\t\t  <\/script> <!-- End Yuzo :) -->","protected":false},"excerpt":{"rendered":"<p>Por Ana Gabriela Oliveira Valva\/ Armaz\u00e9m do CampoDa P\u00e1gina do MST Na pr\u00f3xima quarta-feira, 25 de junho, o Espa\u00e7o Cultural Elza Soares recebe a exibi\u00e7\u00e3o gratuita de um filme que cruza pol\u00edtica, utopia e afeto em uma homenagem ao ex-presidente uruguaio Pepe Mujica. Dirigido pelo ator e diretor Caco Ciocler, o longa \u201cPartida\u201d retrata a [&hellip;]<\/p>\n","protected":false},"author":2,"featured_media":0,"comment_status":"open","ping_status":"closed","sticky":false,"template":"","format":"standard","meta":{"fifu_image_url":"","fifu_image_alt":"","footnotes":""},"categories":[1960,4602,488,2416,191],"tags":[],"class_list":["post-34640","post","type-post","status-publish","format-standard","hentry","category-armazem-do-campo","category-cine-elza","category-cinema","category-espaco-cultural-elza-soares","category-noticias"],"_links":{"self":[{"href":"https:\/\/redept.com.br\/blogosfera\/wp-json\/wp\/v2\/posts\/34640","targetHints":{"allow":["GET"]}}],"collection":[{"href":"https:\/\/redept.com.br\/blogosfera\/wp-json\/wp\/v2\/posts"}],"about":[{"href":"https:\/\/redept.com.br\/blogosfera\/wp-json\/wp\/v2\/types\/post"}],"author":[{"embeddable":true,"href":"https:\/\/redept.com.br\/blogosfera\/wp-json\/wp\/v2\/users\/2"}],"replies":[{"embeddable":true,"href":"https:\/\/redept.com.br\/blogosfera\/wp-json\/wp\/v2\/comments?post=34640"}],"version-history":[{"count":0,"href":"https:\/\/redept.com.br\/blogosfera\/wp-json\/wp\/v2\/posts\/34640\/revisions"}],"wp:attachment":[{"href":"https:\/\/redept.com.br\/blogosfera\/wp-json\/wp\/v2\/media?parent=34640"}],"wp:term":[{"taxonomy":"category","embeddable":true,"href":"https:\/\/redept.com.br\/blogosfera\/wp-json\/wp\/v2\/categories?post=34640"},{"taxonomy":"post_tag","embeddable":true,"href":"https:\/\/redept.com.br\/blogosfera\/wp-json\/wp\/v2\/tags?post=34640"}],"curies":[{"name":"wp","href":"https:\/\/api.w.org\/{rel}","templated":true}]}}