{"id":34845,"date":"2025-06-24T19:23:33","date_gmt":"2025-06-24T22:23:33","guid":{"rendered":"https:\/\/redept.org\/blogosfera\/china-anuncia-desfile-com-novo-armamento-autonomo-e-inteligente\/"},"modified":"2025-06-24T19:23:33","modified_gmt":"2025-06-24T22:23:33","slug":"china-anuncia-desfile-com-novo-armamento-autonomo-e-inteligente","status":"publish","type":"post","link":"https:\/\/redept.com.br\/blogosfera\/china-anuncia-desfile-com-novo-armamento-autonomo-e-inteligente\/","title":{"rendered":"China anuncia desfile com novo armamento aut\u00f4nomo e inteligente"},"content":{"rendered":"<p><img fetchpriority=\"high\" width=\"1024\" height=\"652\"src=\"https:\/\/redept.org\/blogosfera\/wp-content\/uploads\/2025\/06\/militares-chineses_xinhua.jpg\" alt=\"\" decoding=\"async\" srcset=\"https:\/\/vermelho.org.br\/wp-content\/uploads\/2025\/06\/militares-chineses_xinhua-1024x652.jpg 1024w, https:\/\/vermelho.org.br\/wp-content\/uploads\/2025\/06\/militares-chineses_xinhua-300x191.jpg 300w, https:\/\/vermelho.org.br\/wp-content\/uploads\/2025\/06\/militares-chineses_xinhua-768x489.jpg 768w, https:\/\/redept.org\/blogosfera\/wp-content\/uploads\/2025\/06\/militares-chineses_xinhua.jpg 1299w\" sizes=\"(max-width: 1024px) 100vw, 1024px\"><\/p>\n<p>A China anunciou, nesta ter\u00e7a-feira (24), que durante desfile militar no dia 3 de setembro \u2014 em comemora\u00e7\u00e3o aos 80 anos da vit\u00f3ria contra o Jap\u00e3o na Segunda Guerra Mundial \u2014 ser\u00e1 apresentado o novo arsenal de guerra do pa\u00eds, formado, entre outros equipamentos, por armas aut\u00f4nomas (sem comando humano presencial) e inteligentes.<\/p>\n<p>O conjunto tamb\u00e9m \u00e9 formado por ve\u00edculos n\u00e3o tripulados, subaqu\u00e1ticos, cibern\u00e9ticos, eletr\u00f4nicos e hipers\u00f4nicos, al\u00e9m de armas e equipamentos tradicionais.<\/p>\n<p>Segundo a ag\u00eancia de not\u00edcias chinesa Xinhua, todos foram produzidos no pa\u00eds, j\u00e1 est\u00e3o em servi\u00e7o e refletem \u201ca forte capacidade dos militares chineses de evoluir de acordo com os avan\u00e7os da ci\u00eancia e tecnologia\u201d.<\/p>\n<p><strong>Leia tamb\u00e9m: <\/strong><a href=\"https:\/\/vermelho.org.br\/2025\/06\/23\/china-condena-ataques-dos-eua-ao-ira-e-alerta-para-risco-global\/\">China condena ataques dos EUA ao Ir\u00e3 e alerta para risco global<\/a><\/p>\n<p>\u201cOs armamentos e equipamentos s\u00e3o todos de fabrica\u00e7\u00e3o nacional e apresentam maior precis\u00e3o de ataque, maior adaptabilidade ao campo de batalha e maior efic\u00e1cia em combate\u201d, explicou \u00e0 ag\u00eancia Wu Zeke, oficial s\u00eanior do Departamento de Estado-Maior Conjunto da Comiss\u00e3o Militar Central.<\/p>\n<p>As armas e equipamentos a serem exibidos no desfile formam o que, em coletiva de imprensa, membros do governo chin\u00eas classificaram como um \u201csistema abrangente\u201d, englobando n\u00e3o apenas \u201cfor\u00e7as de ataque estrat\u00e9gicas\u201d, mas tamb\u00e9m \u201cequipamentos operacionais e t\u00e1ticos avan\u00e7ados\u201d, projetados para lidar com novos paradigmas de guerra que possam surgir.<\/p>\n<p>Al\u00e9m disso, esses equipamentos incluem caracter\u00edsticas avan\u00e7adas de comando e controle, reconhecimento e alerta precoce, defesa a\u00e9rea e intercepta\u00e7\u00e3o de m\u00edsseis, ataque com poder de fogo e apoio integrado.<\/p>\n<p>O desfile militar \u2014 que ser\u00e1 na Pra\u00e7a Tian\u2019anmen, em Pequim \u2014 tamb\u00e9m ter\u00e1 a participa\u00e7\u00e3o de tropas que estiveram em miss\u00f5es de paz.<\/p>\n<p>Segundo a <em>Xinhua<\/em>, o foco do evento ser\u00e1 n\u00e3o apenas a comemora\u00e7\u00e3o da vit\u00f3ria em 1945, mas tamb\u00e9m a demonstra\u00e7\u00e3o da \u201cresponsabilidade da China no cumprimento de suas obriga\u00e7\u00f5es internacionais e na manuten\u00e7\u00e3o da paz mundial\u201d.<\/p>\n<p>Song Zhongping, especialista chin\u00eas em assuntos militares, em declara\u00e7\u00e3o ao site <em>Global Times<\/em>, agregou que o desfile militar \u201cmostrar\u00e1 o compromisso da China em manter a ordem internacional do p\u00f3s-guerra e sua oposi\u00e7\u00e3o resoluta a qualquer ressurgimento do fascismo no cen\u00e1rio global\u201d.<\/p>\n<p>O post <a href=\"https:\/\/vermelho.org.br\/2025\/06\/24\/china-anuncia-desfile-com-novo-armamento-autonomo-e-inteligente\/\">China anuncia desfile com novo armamento aut\u00f4nomo e inteligente<\/a> apareceu primeiro em <a href=\"https:\/\/vermelho.org.br\/\">Vermelho<\/a>.<\/p>\n<!-- Begin Yuzo --><div class='yuzo_related_post style-1'  data-version='5.12.89'><!-- without result --><div class='yuzo_clearfixed yuzo__title yuzo__title'><h3>Related Post<\/h3><\/div>\n\t\t\t\t\t\t  <div class=\"relatedthumb \" style=\"width:125px;float:left;overflow:hidden;\">  \n\t\t\t\t\t\t\t  \n\t\t\t\t\t\t\t  <a  href=\"https:\/\/redept.com.br\/blogosfera\/biografia-de-mario-quintana-preenche-lacunas-do-retrato-do-poeta-gaucho\/\"  >\n\t\t\t\t\t\t\t\t\t  <div class=\"yuzo-img-wrap \" style=\"width: 125px;height:90px;\">\n\t\t\t\t\t\t\t\t\t\t\n\t\t\t\t\t\t\t\t\t\t<div class=\"yuzo-img\" style=\"background:url('https:\/\/redept.com.br\/blogosfera\/wp-content\/uploads\/2025\/05\/image-1024x128-1-34-150x128.png') 50% 50% no-repeat;width: 125px;height:90px;margin-bottom: 5px;background-size: cover; \"><\/div>\n\t\t\t\t\t\t\t\t\t  <\/div>\n\t\t\t\t\t\t\t\t\t  \n\t\t\t\t\t\t\t\t   <span class=\"yuzo__text--title\" style=\"font-size:13px;\">Biografia de Mario Quintana preenche lacunas do re...<\/span>\n\t\t\t\t\t\t\t  \n\t\t\t\t\t\t\t  \n\t\t\t\t\t\t\t  <\/a>\n\n\t\t\t\t\t\t  <\/div>\n\t\t\t\t\t\t  <div class=\"relatedthumb \" style=\"width:125px;float:left;overflow:hidden;\">  \n\t\t\t\t\t\t\t  \n\t\t\t\t\t\t\t  <a  href=\"https:\/\/redept.com.br\/blogosfera\/ao-lado-do-presidente-da-nigeria-lula-defende-solidariedade-com-a-africa\/\"  >\n\t\t\t\t\t\t\t\t\t  <div class=\"yuzo-img-wrap \" style=\"width: 125px;height:90px;\">\n\t\t\t\t\t\t\t\t\t\t\n\t\t\t\t\t\t\t\t\t\t<div class=\"yuzo-img\" style=\"background:url('https:\/\/redept.com.br\/blogosfera\/wp-content\/uploads\/2025\/08\/54744415235_112cda015a_k-150x150.jpg') 50% 50% no-repeat;width: 125px;height:90px;margin-bottom: 5px;background-size: cover; \"><\/div>\n\t\t\t\t\t\t\t\t\t  <\/div>\n\t\t\t\t\t\t\t\t\t  \n\t\t\t\t\t\t\t\t   <span class=\"yuzo__text--title\" style=\"font-size:13px;\">Ao lado do presidente da Nig\u00e9ria, Lula defende sol...<\/span>\n\t\t\t\t\t\t\t  \n\t\t\t\t\t\t\t  \n\t\t\t\t\t\t\t  <\/a>\n\n\t\t\t\t\t\t  <\/div>\n\t\t\t\t\t\t  <div class=\"relatedthumb \" style=\"width:125px;float:left;overflow:hidden;\">  \n\t\t\t\t\t\t\t  \n\t\t\t\t\t\t\t  <a  href=\"https:\/\/redept.com.br\/blogosfera\/triunfo-de-mamdani-mostra-que-esquerda-pode-vencer-nos-eua-diz-membro-do-socialistas-democraticos-da-america\/\"  >\n\t\t\t\t\t\t\t\t\t  <div class=\"yuzo-img-wrap \" style=\"width: 125px;height:90px;\">\n\t\t\t\t\t\t\t\t\t\t\n\t\t\t\t\t\t\t\t\t\t<div class=\"yuzo-img\" style=\"background:url('https:\/\/redept.com.br\/blogosfera\/wp-content\/uploads\/2025\/11\/g42aiymw0aaq-da-150x150.jpg') 50% 50% no-repeat;width: 125px;height:90px;margin-bottom: 5px;background-size: cover; \"><\/div>\n\t\t\t\t\t\t\t\t\t  <\/div>\n\t\t\t\t\t\t\t\t\t  \n\t\t\t\t\t\t\t\t   <span class=\"yuzo__text--title\" style=\"font-size:13px;\">\u2018Triunfo de Mamdani mostra que esquerda pode vence...<\/span>\n\t\t\t\t\t\t\t  \n\t\t\t\t\t\t\t  \n\t\t\t\t\t\t\t  <\/a>\n\n\t\t\t\t\t\t  <\/div>\n\t\t\t\t\t\t  <div class=\"relatedthumb \" style=\"width:125px;float:left;overflow:hidden;\">  \n\t\t\t\t\t\t\t  \n\t\t\t\t\t\t\t  <a  href=\"https:\/\/redept.com.br\/blogosfera\/caixa-cultural-promove-oficinas-gratuitas-sobre-tradicoes-de-canto-popular-afro-indigenas-no-recife-pe\/\"  >\n\t\t\t\t\t\t\t\t\t  <div class=\"yuzo-img-wrap \" style=\"width: 125px;height:90px;\">\n\t\t\t\t\t\t\t\t\t\t\n\t\t\t\t\t\t\t\t\t\t<div class=\"yuzo-img\" style=\"background:url('https:\/\/redept.org\/blogosfera\/wp-content\/plugins\/yuzo-related-post\/assets\/images\/default.png') 50% 50% no-repeat;width: 125px;height:90px;margin-bottom: 5px;background-size: cover; \"><\/div>\n\t\t\t\t\t\t\t\t\t  <\/div>\n\t\t\t\t\t\t\t\t\t  \n\t\t\t\t\t\t\t\t   <span class=\"yuzo__text--title\" style=\"font-size:13px;\">Caixa Cultural promove oficinas gratuitas sobre tr...<\/span>\n\t\t\t\t\t\t\t  \n\t\t\t\t\t\t\t  \n\t\t\t\t\t\t\t  <\/a>\n\n\t\t\t\t\t\t  <\/div>\n<\/div> <script>\n\t\t\t\t\t\t  jQuery(document).ready(function( $ ){\n\t\t\t\t\t\t\t\/\/jQuery('.yuzo_related_post').equalizer({ overflow : 'relatedthumb' });\n\t\t\t\t\t\t\tjQuery('.yuzo_related_post .yuzo_wraps').equalizer({ columns : '> div' });\n\t\t\t\t\t\t   })\n\t\t\t\t\t\t  <\/script> <!-- End Yuzo :) -->","protected":false},"excerpt":{"rendered":"<p>A China anunciou, nesta ter\u00e7a-feira (24), que durante desfile militar no dia 3 de setembro \u2014 em comemora\u00e7\u00e3o aos 80 anos da vit\u00f3ria contra o Jap\u00e3o na Segunda Guerra Mundial \u2014 ser\u00e1 apresentado o novo arsenal de guerra do pa\u00eds, formado, entre outros equipamentos, por armas aut\u00f4nomas (sem comando humano presencial) e inteligentes. O conjunto [&hellip;]<\/p>\n","protected":false},"author":2,"featured_media":0,"comment_status":"open","ping_status":"closed","sticky":false,"template":"","format":"standard","meta":{"fifu_image_url":"","fifu_image_alt":"","footnotes":""},"categories":[3803,292,8759,50],"tags":[],"class_list":["post-34845","post","type-post","status-publish","format-standard","hentry","category-armamento","category-china","category-exercito-chines","category-internacional"],"_links":{"self":[{"href":"https:\/\/redept.com.br\/blogosfera\/wp-json\/wp\/v2\/posts\/34845","targetHints":{"allow":["GET"]}}],"collection":[{"href":"https:\/\/redept.com.br\/blogosfera\/wp-json\/wp\/v2\/posts"}],"about":[{"href":"https:\/\/redept.com.br\/blogosfera\/wp-json\/wp\/v2\/types\/post"}],"author":[{"embeddable":true,"href":"https:\/\/redept.com.br\/blogosfera\/wp-json\/wp\/v2\/users\/2"}],"replies":[{"embeddable":true,"href":"https:\/\/redept.com.br\/blogosfera\/wp-json\/wp\/v2\/comments?post=34845"}],"version-history":[{"count":0,"href":"https:\/\/redept.com.br\/blogosfera\/wp-json\/wp\/v2\/posts\/34845\/revisions"}],"wp:attachment":[{"href":"https:\/\/redept.com.br\/blogosfera\/wp-json\/wp\/v2\/media?parent=34845"}],"wp:term":[{"taxonomy":"category","embeddable":true,"href":"https:\/\/redept.com.br\/blogosfera\/wp-json\/wp\/v2\/categories?post=34845"},{"taxonomy":"post_tag","embeddable":true,"href":"https:\/\/redept.com.br\/blogosfera\/wp-json\/wp\/v2\/tags?post=34845"}],"curies":[{"name":"wp","href":"https:\/\/api.w.org\/{rel}","templated":true}]}}