{"id":35180,"date":"2025-06-26T14:40:53","date_gmt":"2025-06-26T17:40:53","guid":{"rendered":"https:\/\/redept.org\/blogosfera\/inflacao-desacelera-e-alimentos-tem-1a-queda-em-9-meses-apos-medidas-do-governo\/"},"modified":"2025-06-26T14:40:53","modified_gmt":"2025-06-26T17:40:53","slug":"inflacao-desacelera-e-alimentos-tem-1a-queda-em-9-meses-apos-medidas-do-governo","status":"publish","type":"post","link":"https:\/\/redept.com.br\/blogosfera\/inflacao-desacelera-e-alimentos-tem-1a-queda-em-9-meses-apos-medidas-do-governo\/","title":{"rendered":"Infla\u00e7\u00e3o desacelera e alimentos t\u00eam 1\u00aa queda em 9 meses ap\u00f3s medidas do governo"},"content":{"rendered":"<p><img fetchpriority=\"high\" width=\"1024\" height=\"683\"src=\"https:\/\/redept.org\/blogosfera\/wp-content\/uploads\/2025\/06\/Captura-de-Tela-2025-06-26-as-141620-2048x1366-1.png\" alt=\"\" decoding=\"async\" srcset=\"https:\/\/vermelho.org.br\/wp-content\/uploads\/2025\/06\/Captura-de-Tela-2025-06-26-as-14.16.20-1024x683.png 1024w, https:\/\/vermelho.org.br\/wp-content\/uploads\/2025\/06\/Captura-de-Tela-2025-06-26-as-14.16.20-300x200.png 300w, https:\/\/vermelho.org.br\/wp-content\/uploads\/2025\/06\/Captura-de-Tela-2025-06-26-as-14.16.20-768x512.png 768w, https:\/\/vermelho.org.br\/wp-content\/uploads\/2025\/06\/Captura-de-Tela-2025-06-26-as-14.16.20-1536x1024.png 1536w, https:\/\/redept.org\/blogosfera\/wp-content\/uploads\/2025\/06\/Captura-de-Tela-2025-06-26-as-141620-2048x1366-1.png 2048w, https:\/\/vermelho.org.br\/wp-content\/uploads\/2025\/06\/Captura-de-Tela-2025-06-26-as-14.16.20-272x182.png 272w\" sizes=\"(max-width: 1024px) 100vw, 1024px\"><\/p>\n<p><a href=\"https:\/\/www.sarah.br\/consultas\/primeira-consulta\/\"><\/a>Boa not\u00edcia para os brasileiros: o \u00cdndice Nacional de Pre\u00e7os ao Consumidor Amplo 15 (IPCA-15), divulgado nesta quinta-feira (26) pelo IBGE, mostrou que a pr\u00e9via da infla\u00e7\u00e3o oficial desacelerou para 0,26% em junho. O \u00edndice veio abaixo do 0,36% registrado em maio e tamb\u00e9m da expectativa do mercado, que previa alta de 0,29%. <\/p>\n<p>O principal destaque foi o grupo Alimenta\u00e7\u00e3o e bebidas, que registrou queda de 0,02%, o primeiro recuo desde agosto de 2024. A baixa interrompe uma sequ\u00eancia de nove meses de aumentos e reflete os efeitos de uma s\u00e9rie de medidas do governo federal para conter a infla\u00e7\u00e3o de alimentos, como a isen\u00e7\u00e3o de impostos de importa\u00e7\u00e3o para produtos da cesta b\u00e1sica e o est\u00edmulo \u00e0 produ\u00e7\u00e3o nacional por meio do Plano Safra.<\/p>\n<p>A queda nos alimentos foi puxada principalmente por itens consumidos no domic\u00edlio. Os maiores recuos foram observados no tomate (-7,24%), ovo de galinha (-6,95%) e arroz (-3,44%), todos com impacto de -0,02 ponto percentual no \u00edndice. No total, esses tr\u00eas itens responderam por uma redu\u00e7\u00e3o de 0,06 ponto percentual no IPCA-15 de junho.<\/p>\n<p>Tamb\u00e9m houve retra\u00e7\u00e3o nos pre\u00e7os das frutas (-2,47%), enquanto o caf\u00e9 mo\u00eddo (2,86%) e a cebola (9,54%) foram exce\u00e7\u00f5es, com aumento.<\/p>\n<p><strong>Medidas do governo come\u00e7am a surtir efeito<\/strong><\/p>\n<p>O recuo nos pre\u00e7os ocorre ap\u00f3s o governo federal adotar uma s\u00e9rie de a\u00e7\u00f5es para conter a infla\u00e7\u00e3o alimentar. Entre elas:<\/p>\n<ul>\n<li>Isen\u00e7\u00e3o de imposto de importa\u00e7\u00e3o para alimentos como carnes, a\u00e7\u00facar, caf\u00e9, azeite, milho, \u00f3leo de girassol, sardinha, macarr\u00e3o e biscoitos.<\/li>\n<li>Prioridade no Plano Safra para itens da cesta b\u00e1sica, com redu\u00e7\u00e3o de juros no cr\u00e9dito para m\u00e9dios produtores.<\/li>\n<li>Refor\u00e7o nos estoques p\u00fablicos de alimentos pela Companhia Nacional de Abastecimento (Conab).<\/li>\n<li>Cria\u00e7\u00e3o do selo \u201cEmpresa Amiga do Consumidor\u201d, para estimular supermercados a manterem pre\u00e7os equilibrados.<\/li>\n<li>Amplia\u00e7\u00e3o da certifica\u00e7\u00e3o sanit\u00e1ria nacional para facilitar a circula\u00e7\u00e3o de alimentos como leite, mel e ovos.<\/li>\n<li>O governo tamb\u00e9m decidiu manter os percentuais de biodiesel e etanol nos combust\u00edveis, evitando aumento no custo do transporte de alimentos.<\/li>\n<\/ul>\n<p><strong>Combust\u00edveis tamb\u00e9m colaboram com a desacelera\u00e7\u00e3o<\/strong><\/p>\n<p>Al\u00e9m dos alimentos, o grupo Combust\u00edveis tamb\u00e9m contribuiu para o recuo da infla\u00e7\u00e3o, com queda m\u00e9dia de 0,69%. Os destaques foram:<\/p>\n<ul>\n<li>\u00d3leo diesel: -1,74%<\/li>\n<li>Etanol: -1,66%<\/li>\n<li>Gasolina: -0,52% (impacto de -0,03 p.p.)<\/li>\n<li>G\u00e1s veicular: -0,33%<\/li>\n<\/ul>\n<p>A redu\u00e7\u00e3o nesses pre\u00e7os ajudou a conter os custos do transporte e teve influ\u00eancia direta no \u00edndice geral.<\/p>\n<p><strong>Habita\u00e7\u00e3o e vestu\u00e1rio pressionam o \u00edndice<\/strong><\/p>\n<p>Apesar da desacelera\u00e7\u00e3o geral, alguns grupos seguem pressionando a infla\u00e7\u00e3o. O maior impacto no IPCA-15 de junho veio do grupo Habita\u00e7\u00e3o, com alta de 1,08%, puxada principalmente pela energia el\u00e9trica residencial, que subiu 3,29% devido \u00e0 ado\u00e7\u00e3o da bandeira tarif\u00e1ria vermelha patamar 1, com cobran\u00e7a adicional de R$ 4,46 a cada 100 kWh consumidos.<\/p>\n<p>Tamb\u00e9m registraram alta:<\/p>\n<ul>\n<li>Vestu\u00e1rio: 0,51%<\/li>\n<li>Sa\u00fade e cuidados pessoais: 0,29%<\/li>\n<li>Transportes: 0,06%<\/li>\n<li>Comunica\u00e7\u00e3o: 0,02%<\/li>\n<\/ul>\n<p>Apenas Educa\u00e7\u00e3o (-0,02%), al\u00e9m de Alimenta\u00e7\u00e3o e bebidas, teve varia\u00e7\u00e3o negativa.<\/p>\n<p><strong>IPCA-15 mant\u00e9m trajet\u00f3ria de desacelera\u00e7\u00e3o<\/strong><\/p>\n<p>O \u00edndice vem perdendo for\u00e7a m\u00eas a m\u00eas desde fevereiro, quando registrou o maior valor do ano. Confira a trajet\u00f3ria:<\/p>\n<ul>\n<li>Fevereiro: 1,23%<\/li>\n<li>Mar\u00e7o: 0,64%<\/li>\n<li>Abril: 0,43%<\/li>\n<li>Maio: 0,36%<\/li>\n<li>Junho: 0,26%<\/li>\n<\/ul>\n<p>No acumulado de 12 meses, o IPCA-15 soma 5,27%, abaixo dos 5,40% registrados nos 12 meses imediatamente anteriores.<\/p>\n<p><strong>Impacto regional e perspectiva<\/strong><\/p>\n<p>A maior alta regional foi registrada em Recife (0,66%), devido ao aumento da energia el\u00e9trica e da gasolina. Porto Alegre (-0,10%) teve o menor \u00edndice, beneficiada por quedas no tomate e nos combust\u00edveis.<\/p>\n<p>O dado do IPCA cheio de junho ser\u00e1 divulgado em 10 de julho, mas a pr\u00e9via j\u00e1 sinaliza uma tend\u00eancia de desacelera\u00e7\u00e3o da infla\u00e7\u00e3o, em parte sustentada por a\u00e7\u00f5es coordenadas de pol\u00edtica econ\u00f4mica voltadas ao abastecimento e ao al\u00edvio no custo dos alimentos para a popula\u00e7\u00e3o.<\/p>\n<p>O post <a href=\"https:\/\/vermelho.org.br\/2025\/06\/26\/inflacao-desacelera-e-alimentos-tem-1a-queda-em-9-meses-apos-medidas-do-governo\/\">Infla\u00e7\u00e3o desacelera e alimentos t\u00eam 1\u00aa queda em 9 meses ap\u00f3s medidas do governo<\/a> apareceu primeiro em <a href=\"https:\/\/vermelho.org.br\/\">Vermelho<\/a>.<\/p>\n<!-- Begin Yuzo --><div class='yuzo_related_post style-1'  data-version='5.12.89'><!-- without result --><div class='yuzo_clearfixed yuzo__title yuzo__title'><h3>Related Post<\/h3><\/div>\n\t\t\t\t\t\t  <div class=\"relatedthumb \" style=\"width:125px;float:left;overflow:hidden;\">  \n\t\t\t\t\t\t\t  \n\t\t\t\t\t\t\t  <a  href=\"https:\/\/redept.com.br\/blogosfera\/stm-pode-decidir-sobre-perda-de-patente-de-bolsonaro-e-generais-condenados-por-golpe\/\"  >\n\t\t\t\t\t\t\t\t\t  <div class=\"yuzo-img-wrap \" style=\"width: 125px;height:90px;\">\n\t\t\t\t\t\t\t\t\t\t\n\t\t\t\t\t\t\t\t\t\t<div class=\"yuzo-img\" style=\"background:url('https:\/\/redept.org\/blogosfera\/wp-content\/plugins\/yuzo-related-post\/assets\/images\/default.png') 50% 50% no-repeat;width: 125px;height:90px;margin-bottom: 5px;background-size: cover; \"><\/div>\n\t\t\t\t\t\t\t\t\t  <\/div>\n\t\t\t\t\t\t\t\t\t  \n\t\t\t\t\t\t\t\t   <span class=\"yuzo__text--title\" style=\"font-size:13px;\">STM pode decidir sobre perda de patente de Bolsona...<\/span>\n\t\t\t\t\t\t\t  \n\t\t\t\t\t\t\t  \n\t\t\t\t\t\t\t  <\/a>\n\n\t\t\t\t\t\t  <\/div>\n\t\t\t\t\t\t  <div class=\"relatedthumb \" style=\"width:125px;float:left;overflow:hidden;\">  \n\t\t\t\t\t\t\t  \n\t\t\t\t\t\t\t  <a  href=\"https:\/\/redept.com.br\/blogosfera\/brasil-podera-deixar-ate-150-produtos-fora-da-tarifa-comum-do-mercosul\/\"  >\n\t\t\t\t\t\t\t\t\t  <div class=\"yuzo-img-wrap \" style=\"width: 125px;height:90px;\">\n\t\t\t\t\t\t\t\t\t\t\n\t\t\t\t\t\t\t\t\t\t<div class=\"yuzo-img\" style=\"background:url('https:\/\/redept.org\/blogosfera\/wp-content\/plugins\/yuzo-related-post\/assets\/images\/default.png') 50% 50% no-repeat;width: 125px;height:90px;margin-bottom: 5px;background-size: cover; \"><\/div>\n\t\t\t\t\t\t\t\t\t  <\/div>\n\t\t\t\t\t\t\t\t\t  \n\t\t\t\t\t\t\t\t   <span class=\"yuzo__text--title\" style=\"font-size:13px;\">Brasil poder\u00e1 deixar at\u00e9 150 produtos fora da tari...<\/span>\n\t\t\t\t\t\t\t  \n\t\t\t\t\t\t\t  \n\t\t\t\t\t\t\t  <\/a>\n\n\t\t\t\t\t\t  <\/div>\n\t\t\t\t\t\t  <div class=\"relatedthumb \" style=\"width:125px;float:left;overflow:hidden;\">  \n\t\t\t\t\t\t\t  \n\t\t\t\t\t\t\t  <a  href=\"https:\/\/redept.com.br\/blogosfera\/sp-municipios-mais-atingidos-por-chuvas-discutem-planos-de-drenagem\/\"  >\n\t\t\t\t\t\t\t\t\t  <div class=\"yuzo-img-wrap \" style=\"width: 125px;height:90px;\">\n\t\t\t\t\t\t\t\t\t\t\n\t\t\t\t\t\t\t\t\t\t<div class=\"yuzo-img\" style=\"background:url('https:\/\/redept.org\/blogosfera\/wp-content\/plugins\/yuzo-related-post\/assets\/images\/default.png') 50% 50% no-repeat;width: 125px;height:90px;margin-bottom: 5px;background-size: cover; \"><\/div>\n\t\t\t\t\t\t\t\t\t  <\/div>\n\t\t\t\t\t\t\t\t\t  \n\t\t\t\t\t\t\t\t   <span class=\"yuzo__text--title\" style=\"font-size:13px;\">SP: munic\u00edpios mais atingidos por chuvas discutem ...<\/span>\n\t\t\t\t\t\t\t  \n\t\t\t\t\t\t\t  \n\t\t\t\t\t\t\t  <\/a>\n\n\t\t\t\t\t\t  <\/div>\n\t\t\t\t\t\t  <div class=\"relatedthumb \" style=\"width:125px;float:left;overflow:hidden;\">  \n\t\t\t\t\t\t\t  \n\t\t\t\t\t\t\t  <a  href=\"https:\/\/redept.com.br\/blogosfera\/recado-de-lula-ao-tarifaco-big-techs-e-eduardo-bolsonaro-o-brasil-e-dos-brasileiros\/\"  >\n\t\t\t\t\t\t\t\t\t  <div class=\"yuzo-img-wrap \" style=\"width: 125px;height:90px;\">\n\t\t\t\t\t\t\t\t\t\t\n\t\t\t\t\t\t\t\t\t\t<div class=\"yuzo-img\" style=\"background:url('https:\/\/redept.org\/blogosfera\/wp-content\/plugins\/yuzo-related-post\/assets\/images\/default.png') 50% 50% no-repeat;width: 125px;height:90px;margin-bottom: 5px;background-size: cover; \"><\/div>\n\t\t\t\t\t\t\t\t\t  <\/div>\n\t\t\t\t\t\t\t\t\t  \n\t\t\t\t\t\t\t\t   <span class=\"yuzo__text--title\" style=\"font-size:13px;\">Recado de Lula ao tarifa\u00e7o, big techs e Eduardo Bo...<\/span>\n\t\t\t\t\t\t\t  \n\t\t\t\t\t\t\t  \n\t\t\t\t\t\t\t  <\/a>\n\n\t\t\t\t\t\t  <\/div>\n<\/div> <script>\n\t\t\t\t\t\t  jQuery(document).ready(function( $ ){\n\t\t\t\t\t\t\t\/\/jQuery('.yuzo_related_post').equalizer({ overflow : 'relatedthumb' });\n\t\t\t\t\t\t\tjQuery('.yuzo_related_post .yuzo_wraps').equalizer({ columns : '> div' });\n\t\t\t\t\t\t   })\n\t\t\t\t\t\t  <\/script> <!-- End Yuzo :) -->","protected":false},"excerpt":{"rendered":"<p>Boa not\u00edcia para os brasileiros: o \u00cdndice Nacional de Pre\u00e7os ao Consumidor Amplo 15 (IPCA-15), divulgado nesta quinta-feira (26) pelo IBGE, mostrou que a pr\u00e9via da infla\u00e7\u00e3o oficial desacelerou para 0,26% em junho. O \u00edndice veio abaixo do 0,36% registrado em maio e tamb\u00e9m da expectativa do mercado, que previa alta de 0,29%. O principal [&hellip;]<\/p>\n","protected":false},"author":2,"featured_media":0,"comment_status":"open","ping_status":"closed","sticky":false,"template":"","format":"standard","meta":{"fifu_image_url":"","fifu_image_alt":"","footnotes":""},"categories":[1859,595,3453,1241,1355,221,122,529,4142],"tags":[],"class_list":["post-35180","post","type-post","status-publish","format-standard","hentry","category-alimentos","category-arrecadacao","category-combustiveis","category-conab","category-deflacao","category-economia","category-inflacao","category-ipca-15","category-plano-safra"],"_links":{"self":[{"href":"https:\/\/redept.com.br\/blogosfera\/wp-json\/wp\/v2\/posts\/35180","targetHints":{"allow":["GET"]}}],"collection":[{"href":"https:\/\/redept.com.br\/blogosfera\/wp-json\/wp\/v2\/posts"}],"about":[{"href":"https:\/\/redept.com.br\/blogosfera\/wp-json\/wp\/v2\/types\/post"}],"author":[{"embeddable":true,"href":"https:\/\/redept.com.br\/blogosfera\/wp-json\/wp\/v2\/users\/2"}],"replies":[{"embeddable":true,"href":"https:\/\/redept.com.br\/blogosfera\/wp-json\/wp\/v2\/comments?post=35180"}],"version-history":[{"count":0,"href":"https:\/\/redept.com.br\/blogosfera\/wp-json\/wp\/v2\/posts\/35180\/revisions"}],"wp:attachment":[{"href":"https:\/\/redept.com.br\/blogosfera\/wp-json\/wp\/v2\/media?parent=35180"}],"wp:term":[{"taxonomy":"category","embeddable":true,"href":"https:\/\/redept.com.br\/blogosfera\/wp-json\/wp\/v2\/categories?post=35180"},{"taxonomy":"post_tag","embeddable":true,"href":"https:\/\/redept.com.br\/blogosfera\/wp-json\/wp\/v2\/tags?post=35180"}],"curies":[{"name":"wp","href":"https:\/\/api.w.org\/{rel}","templated":true}]}}