{"id":35478,"date":"2025-06-27T18:58:00","date_gmt":"2025-06-27T21:58:00","guid":{"rendered":"https:\/\/redept.org\/blogosfera\/lula-promove-a-maior-regularizacao-fundiaria-da-historia-do-tocantins\/"},"modified":"2025-06-27T18:58:00","modified_gmt":"2025-06-27T21:58:00","slug":"lula-promove-a-maior-regularizacao-fundiaria-da-historia-do-tocantins","status":"publish","type":"post","link":"https:\/\/redept.com.br\/blogosfera\/lula-promove-a-maior-regularizacao-fundiaria-da-historia-do-tocantins\/","title":{"rendered":"Lula promove a \u201cmaior regulariza\u00e7\u00e3o fundi\u00e1ria da hist\u00f3ria do Tocantins\u201d"},"content":{"rendered":"<p><img loading=\"lazy\" width=\"1024\" height=\"634\"src=\"https:\/\/redept.org\/blogosfera\/wp-content\/uploads\/2025\/06\/54618184635_dc57fe07e1_k.jpg\" alt=\"\" decoding=\"async\" loading=\"lazy\" srcset=\"https:\/\/vermelho.org.br\/wp-content\/uploads\/2025\/06\/54618184635_dc57fe07e1_k-1024x634.jpg 1024w, https:\/\/vermelho.org.br\/wp-content\/uploads\/2025\/06\/54618184635_dc57fe07e1_k-300x186.jpg 300w, https:\/\/vermelho.org.br\/wp-content\/uploads\/2025\/06\/54618184635_dc57fe07e1_k-768x475.jpg 768w, https:\/\/vermelho.org.br\/wp-content\/uploads\/2025\/06\/54618184635_dc57fe07e1_k-1536x950.jpg 1536w, https:\/\/redept.org\/blogosfera\/wp-content\/uploads\/2025\/06\/54618184635_dc57fe07e1_k.jpg 2048w\" sizes=\"auto, (max-width: 1024px) 100vw, 1024px\"><\/p>\n<p>O presidente Lula esteve, nesta sexta-feira (27), em Araguatins (TO) para assinar o \u201cmaior pacote de regulariza\u00e7\u00e3o fundi\u00e1ria da hist\u00f3ria do Tocantins\u201d. Junto ao governador Wanderlei Barbosa, o presidente firmou um Acordo de Coopera\u00e7\u00e3o T\u00e9cnica (ACT) para que 1,9 milh\u00e3o de hectares sejam regularizados de forma c\u00e9lere pelo programa <a href=\"https:\/\/vermelho.org.br\/2024\/02\/26\/lula-lanca-programa-que-destina-imoveis-ociosos-da-uniao-para-moradia\/\">Im\u00f3vel da Gente.<\/a><\/p>\n<p>Segundo o Minist\u00e9rio da Gest\u00e3o e da Inova\u00e7\u00e3o em Servi\u00e7os P\u00fablicos (MGI), esta \u00e1rea corresponde a cerca de 7% do territ\u00f3rio do estado que atualmente pertence \u00e0 Uni\u00e3o.<\/p>\n<p>\u201cEstamos fazendo uma devolu\u00e7\u00e3o de t\u00edtulos de terra para o povo do estado do Tocantins. N\u00e3o faz nenhum sentido a Uni\u00e3o ficar com pr\u00e9dios, terrenos, terras em nome dela, quando \u00e9 muito mais f\u00e1cil fazer com que essa terra fique na m\u00e3o do povo para que se possa produzir aquilo que queira para sustentar a sua fam\u00edlia\u201d, destacou o presidente.<\/p>\n<p><strong>Leia mais: <\/strong><a href=\"https:\/\/vermelho.org.br\/2025\/06\/26\/voces-agora-estao-sob-os-cuidados-do-governo-federal-diz-lula-na-favela-do-moinho\/\">\u201cVoc\u00eas agora est\u00e3o sob os cuidados do governo federal\u201d, diz Lula na Favela do Moinho<\/a><\/p>\n<p>Antes da cerim\u00f4nia, Lula visitou a Feira da Agricultura Familiar, no Cais do Porto de Araguatins. No local s\u00e3o comercializados alimentos da agricultura familiar da regi\u00e3o, assim como produtos derivados do coco baba\u00e7u, tais como \u00f3leo, sab\u00e3o, farinha de mesocarpo e artesanatos.<\/p>\n<figure>\n<figure><img fetchpriority=\"high\" decoding=\"async\" width=\"800\" height=\"449\" data-id=\"720903\"src=\"https:\/\/redept.org\/blogosfera\/wp-content\/uploads\/2025\/06\/54617779143_12233e02d1_c.jpg\" alt=\"\" srcset=\"https:\/\/redept.org\/blogosfera\/wp-content\/uploads\/2025\/06\/54617779143_12233e02d1_c.jpg 800w, https:\/\/vermelho.org.br\/wp-content\/uploads\/2025\/06\/54617779143_12233e02d1_c-300x168.jpg 300w, https:\/\/vermelho.org.br\/wp-content\/uploads\/2025\/06\/54617779143_12233e02d1_c-768x431.jpg 768w\" sizes=\"(max-width: 800px) 100vw, 800px\"><figcaption>Foto: Cl\u00e1udio Kbene\/ PR<\/figcaption><\/figure>\n<figure><img decoding=\"async\" width=\"800\" height=\"541\" data-id=\"720904\"src=\"https:\/\/redept.org\/blogosfera\/wp-content\/uploads\/2025\/06\/54617782039_912e943e1f_c.jpg\" alt=\"\" srcset=\"https:\/\/redept.org\/blogosfera\/wp-content\/uploads\/2025\/06\/54617782039_912e943e1f_c.jpg 800w, https:\/\/vermelho.org.br\/wp-content\/uploads\/2025\/06\/54617782039_912e943e1f_c-300x203.jpg 300w, https:\/\/vermelho.org.br\/wp-content\/uploads\/2025\/06\/54617782039_912e943e1f_c-768x519.jpg 768w\" sizes=\"(max-width: 800px) 100vw, 800px\"><figcaption>Foto: Cl\u00e1udio Kbene\/ PR<\/figcaption><\/figure>\n<\/figure>\n<p>Nas redes, o presidente tamb\u00e9m destacou a a\u00e7\u00e3o: <em>\u201cEstamos assinando hoje o maior pacote de regulariza\u00e7\u00e3o fundi\u00e1ria da hist\u00f3ria do Tocantins. S\u00e3o a\u00e7\u00f5es que envolvem tanto \u00e1reas urbanas quanto rurais. Estamos transferindo territ\u00f3rios e pr\u00e9dios que pertencem \u00e0 Uni\u00e3o para que possam beneficiar o povo tocantinense.\u201d<\/em><\/p>\n<p><strong>Regulariza\u00e7\u00e3o fundi\u00e1ria<\/strong><\/p>\n<p>O governo ainda entregou 169 t\u00edtulos de regulariza\u00e7\u00e3o fundi\u00e1ria\u00a0em terras p\u00fablicas federais, espalhados por 24 munic\u00edpios do Tocantins, abrangendo \u00e1rea que compreende 13,4 mil hectares destinados aos agricultores familiares. Al\u00e9m disso, foram entregues 17 t\u00edtulos de propriedade para assentados da reforma agr\u00e1ria.<\/p>\n<p>O ato ainda contou com a cria\u00e7\u00e3o de sete novos assentamentos para a reforma agr\u00e1ria, que ir\u00e3o beneficiar 896 fam\u00edlias. \u00a0Os novos assentamentos s\u00e3o:<\/p>\n<blockquote>\n<p>\u2013 Projetos de Assentamento (PA) Taboca II (930 hectares, 39 unidades familiares);<\/p>\n<p>\u2013 PA Recanto da Esperan\u00e7a (781 hectares, 57 unidades familiares);<\/p>\n<p>\u2013 PA Recanto do Bebedouro (800 hectares, 50 unidades familiares);<\/p>\n<p>\u2013 PA \u00c1guas Claras (1.162 hectares, 84 unidades familiares);<\/p>\n<p>\u2013 PA Vit\u00f3ria IV (382 hectares, 20 unidades familiares);<\/p>\n<p>\u2013 PA Santa Maria (4.943 hectares, 292 unidades familiares);<\/p>\n<p>\u2013 PA Esmeralda (6.557 hectares, 354 unidades familiares).<\/p>\n<\/blockquote>\n<p>De forma complementar, outros 350 t\u00edtulos de regulariza\u00e7\u00e3o fundi\u00e1ria foram entregues para moradores de S\u00e3o Bento (TO), beneficiando 1.028 fam\u00edlias de baixa renda com seguran\u00e7a jur\u00eddica pelo \u201cIm\u00f3vel da Gente\u201d.<\/p>\n<figure>\n<figure><img loading=\"lazy\" loading=\"lazy\" decoding=\"async\" width=\"799\" height=\"533\" data-id=\"720905\"src=\"https:\/\/redept.org\/blogosfera\/wp-content\/uploads\/2025\/06\/54618008959_e375b15af2_c.jpg\" alt=\"\" srcset=\"https:\/\/redept.org\/blogosfera\/wp-content\/uploads\/2025\/06\/54618008959_e375b15af2_c.jpg 799w, https:\/\/vermelho.org.br\/wp-content\/uploads\/2025\/06\/54618008959_e375b15af2_c-300x200.jpg 300w, https:\/\/vermelho.org.br\/wp-content\/uploads\/2025\/06\/54618008959_e375b15af2_c-768x512.jpg 768w, https:\/\/vermelho.org.br\/wp-content\/uploads\/2025\/06\/54618008959_e375b15af2_c-272x182.jpg 272w\" sizes=\"auto, (max-width: 799px) 100vw, 799px\"><\/figure>\n<figure><img loading=\"lazy\" loading=\"lazy\" decoding=\"async\" width=\"1024\" height=\"683\" data-id=\"720907\"src=\"https:\/\/redept.org\/blogosfera\/wp-content\/uploads\/2025\/06\/54616996412_ebb4ad1dc1_k-1.jpg\" alt=\"\" srcset=\"https:\/\/vermelho.org.br\/wp-content\/uploads\/2025\/06\/54616996412_ebb4ad1dc1_k-1-1024x683.jpg 1024w, https:\/\/vermelho.org.br\/wp-content\/uploads\/2025\/06\/54616996412_ebb4ad1dc1_k-1-300x200.jpg 300w, https:\/\/vermelho.org.br\/wp-content\/uploads\/2025\/06\/54616996412_ebb4ad1dc1_k-1-768x512.jpg 768w, https:\/\/vermelho.org.br\/wp-content\/uploads\/2025\/06\/54616996412_ebb4ad1dc1_k-1-1536x1024.jpg 1536w, https:\/\/vermelho.org.br\/wp-content\/uploads\/2025\/06\/54616996412_ebb4ad1dc1_k-1-272x182.jpg 272w, https:\/\/redept.org\/blogosfera\/wp-content\/uploads\/2025\/06\/54616996412_ebb4ad1dc1_k-1.jpg 2048w\" sizes=\"auto, (max-width: 1024px) 100vw, 1024px\"><\/figure>\n<figure><img loading=\"lazy\" loading=\"lazy\" decoding=\"async\" width=\"1024\" height=\"716\" data-id=\"720908\"src=\"https:\/\/redept.org\/blogosfera\/wp-content\/uploads\/2025\/06\/54616924212_92a290c51c_k.jpg\" alt=\"\" srcset=\"https:\/\/vermelho.org.br\/wp-content\/uploads\/2025\/06\/54616924212_92a290c51c_k-1024x716.jpg 1024w, https:\/\/vermelho.org.br\/wp-content\/uploads\/2025\/06\/54616924212_92a290c51c_k-300x210.jpg 300w, https:\/\/vermelho.org.br\/wp-content\/uploads\/2025\/06\/54616924212_92a290c51c_k-768x537.jpg 768w, https:\/\/vermelho.org.br\/wp-content\/uploads\/2025\/06\/54616924212_92a290c51c_k-1536x1073.jpg 1536w, https:\/\/redept.org\/blogosfera\/wp-content\/uploads\/2025\/06\/54616924212_92a290c51c_k.jpg 2048w\" sizes=\"auto, (max-width: 1024px) 100vw, 1024px\"><\/figure>\n<figure><img loading=\"lazy\" loading=\"lazy\" decoding=\"async\" width=\"1024\" height=\"558\" data-id=\"720906\"src=\"https:\/\/redept.org\/blogosfera\/wp-content\/uploads\/2025\/06\/54616849417_56b42dc1ab_k.jpg\" alt=\"\" srcset=\"https:\/\/vermelho.org.br\/wp-content\/uploads\/2025\/06\/54616849417_56b42dc1ab_k-1024x558.jpg 1024w, https:\/\/vermelho.org.br\/wp-content\/uploads\/2025\/06\/54616849417_56b42dc1ab_k-300x163.jpg 300w, https:\/\/vermelho.org.br\/wp-content\/uploads\/2025\/06\/54616849417_56b42dc1ab_k-768x419.jpg 768w, https:\/\/vermelho.org.br\/wp-content\/uploads\/2025\/06\/54616849417_56b42dc1ab_k-1536x837.jpg 1536w, https:\/\/redept.org\/blogosfera\/wp-content\/uploads\/2025\/06\/54616849417_56b42dc1ab_k.jpg 2048w\" sizes=\"auto, (max-width: 1024px) 100vw, 1024px\"><figcaption>Fotos: Cl\u00e1udio Kbene\/ PR<\/figcaption><\/figure>\n<\/figure>\n<p>Ainda de acordo com o MGI, as entregas realizadas nesta sexta-feira ao estado compreendem:<\/p>\n<ul>\n<li>Palmas: cess\u00e3o de im\u00f3vel da Uni\u00e3o avaliado em R$ 6,5 milh\u00f5es \u00e0 Universidade Federal do Tocantins (UFT) para abrigar a Casa do Estudante, beneficiando at\u00e9 60 alunos em situa\u00e7\u00e3o de vulnerabilidade (ind\u00edgenas, quilombolas e cotistas). O espa\u00e7o tamb\u00e9m sediar\u00e1 a Escola de Extens\u00e3o e um centro cultural;<\/li>\n<li>Para\u00edso do Tocantins:\u00a0cess\u00e3o de dois lotes urbanos, avaliados em R$ 7,5 milh\u00f5es, para instala\u00e7\u00e3o de um novo campus do Instituto Federal do Tocantins (IFTO) em \u00e1rea central da cidade. A medida amplia o acesso ao ensino t\u00e9cnico e reduz a evas\u00e3o escolar.<\/li>\n<li>Gurupi:\u00a0assinatura de contrato para constru\u00e7\u00e3o de 100 moradias do Minha Casa Minha Vida Entidades (Residencial Maria Aranha).<\/li>\n<li>Porto Nacional: cess\u00e3o de \u00e1rea de mais de 119 mil m\u00b2 para constru\u00e7\u00e3o de um novo centro administrativo municipal.<\/li>\n<\/ul>\n<p>Estiveram na ocasi\u00e3o o ministro do Desenvolvimento Agr\u00e1rio e Agricultura Familiar, Paulo Teixeira, a ministra da Gest\u00e3o e da Inova\u00e7\u00e3o em Servi\u00e7os P\u00fablicos, Esther Dweck, e o presidente do Instituto Nacional de Coloniza\u00e7\u00e3o e Reforma Agr\u00e1ria (Incra), C\u00e9sar Aldrighi.<\/p>\n<p>O post <a href=\"https:\/\/vermelho.org.br\/2025\/06\/27\/lula-promove-a-maior-regularizacao-fundiaria-da-historia-do-tocantins\/\">Lula promove a \u201cmaior regulariza\u00e7\u00e3o fundi\u00e1ria da hist\u00f3ria do Tocantins\u201d<\/a> apareceu primeiro em <a href=\"https:\/\/vermelho.org.br\/\">Vermelho<\/a>.<\/p>\n<!-- Begin Yuzo --><div class='yuzo_related_post style-1'  data-version='5.12.89'><!-- without result --><div class='yuzo_clearfixed yuzo__title yuzo__title'><h3>Related Post<\/h3><\/div>\n\t\t\t\t\t\t  <div class=\"relatedthumb \" style=\"width:125px;float:left;overflow:hidden;\">  \n\t\t\t\t\t\t\t  \n\t\t\t\t\t\t\t  <a  href=\"https:\/\/redept.com.br\/blogosfera\/caso-master-pf-prende-ex-presidente-do-brb-nomeado-por-ibaneis\/\"  >\n\t\t\t\t\t\t\t\t\t  <div class=\"yuzo-img-wrap \" style=\"width: 125px;height:90px;\">\n\t\t\t\t\t\t\t\t\t\t\n\t\t\t\t\t\t\t\t\t\t<div class=\"yuzo-img\" style=\"background:url('https:\/\/redept.com.br\/blogosfera\/wp-content\/uploads\/2026\/04\/operacao-pf_divulgacao-pf-150x150.jpg') 50% 50% no-repeat;width: 125px;height:90px;margin-bottom: 5px;background-size: cover; \"><\/div>\n\t\t\t\t\t\t\t\t\t  <\/div>\n\t\t\t\t\t\t\t\t\t  \n\t\t\t\t\t\t\t\t   <span class=\"yuzo__text--title\" style=\"font-size:13px;\">Caso Master: PF prende ex-presidente do BRB nomead...<\/span>\n\t\t\t\t\t\t\t  \n\t\t\t\t\t\t\t  \n\t\t\t\t\t\t\t  <\/a>\n\n\t\t\t\t\t\t  <\/div>\n\t\t\t\t\t\t  <div class=\"relatedthumb \" style=\"width:125px;float:left;overflow:hidden;\">  \n\t\t\t\t\t\t\t  \n\t\t\t\t\t\t\t  <a  href=\"https:\/\/redept.com.br\/blogosfera\/morto-pela-ditadura-vladimir-herzog-e-reconhecido-como-anistiado-politico\/\"  >\n\t\t\t\t\t\t\t\t\t  <div class=\"yuzo-img-wrap \" style=\"width: 125px;height:90px;\">\n\t\t\t\t\t\t\t\t\t\t\n\t\t\t\t\t\t\t\t\t\t<div class=\"yuzo-img\" style=\"background:url('https:\/\/redept.com.br\/blogosfera\/wp-content\/uploads\/2025\/03\/herzog_AcervoInstituto-Vladimir-Herzog-150x150.jpg') 50% 50% no-repeat;width: 125px;height:90px;margin-bottom: 5px;background-size: cover; \"><\/div>\n\t\t\t\t\t\t\t\t\t  <\/div>\n\t\t\t\t\t\t\t\t\t  \n\t\t\t\t\t\t\t\t   <span class=\"yuzo__text--title\" style=\"font-size:13px;\">Morto pela ditadura, Vladimir Herzog \u00e9 reconhecido...<\/span>\n\t\t\t\t\t\t\t  \n\t\t\t\t\t\t\t  \n\t\t\t\t\t\t\t  <\/a>\n\n\t\t\t\t\t\t  <\/div>\n\t\t\t\t\t\t  <div class=\"relatedthumb \" style=\"width:125px;float:left;overflow:hidden;\">  \n\t\t\t\t\t\t\t  \n\t\t\t\t\t\t\t  <a  href=\"https:\/\/redept.com.br\/blogosfera\/ministerio-publico-pede-prisao-de-pm-que-executou-homem-negro-no-oxxo-e-o-denuncia-por-homicidio-doloso\/\"  >\n\t\t\t\t\t\t\t\t\t  <div class=\"yuzo-img-wrap \" style=\"width: 125px;height:90px;\">\n\t\t\t\t\t\t\t\t\t\t\n\t\t\t\t\t\t\t\t\t\t<div class=\"yuzo-img\" style=\"background:url('https:\/\/redept.org\/blogosfera\/wp-content\/plugins\/yuzo-related-post\/assets\/images\/default.png') 50% 50% no-repeat;width: 125px;height:90px;margin-bottom: 5px;background-size: cover; \"><\/div>\n\t\t\t\t\t\t\t\t\t  <\/div>\n\t\t\t\t\t\t\t\t\t  \n\t\t\t\t\t\t\t\t   <span class=\"yuzo__text--title\" style=\"font-size:13px;\">Minist\u00e9rio P\u00fablico pede pris\u00e3o de PM que executou ...<\/span>\n\t\t\t\t\t\t\t  \n\t\t\t\t\t\t\t  \n\t\t\t\t\t\t\t  <\/a>\n\n\t\t\t\t\t\t  <\/div>\n\t\t\t\t\t\t  <div class=\"relatedthumb \" style=\"width:125px;float:left;overflow:hidden;\">  \n\t\t\t\t\t\t\t  \n\t\t\t\t\t\t\t  <a  href=\"https:\/\/redept.com.br\/blogosfera\/ceos-da-ford-e-da-nvidia-admitem-que-a-china-vencera-a-corrida-tecnologica\/\"  >\n\t\t\t\t\t\t\t\t\t  <div class=\"yuzo-img-wrap \" style=\"width: 125px;height:90px;\">\n\t\t\t\t\t\t\t\t\t\t\n\t\t\t\t\t\t\t\t\t\t<div class=\"yuzo-img\" style=\"background:url('https:\/\/redept.com.br\/blogosfera\/wp-content\/uploads\/2025\/11\/Design-sem-nome-3-150x150.jpg') 50% 50% no-repeat;width: 125px;height:90px;margin-bottom: 5px;background-size: cover; \"><\/div>\n\t\t\t\t\t\t\t\t\t  <\/div>\n\t\t\t\t\t\t\t\t\t  \n\t\t\t\t\t\t\t\t   <span class=\"yuzo__text--title\" style=\"font-size:13px;\">CEOs da Ford e da Nvidia admitem que a China vence...<\/span>\n\t\t\t\t\t\t\t  \n\t\t\t\t\t\t\t  \n\t\t\t\t\t\t\t  <\/a>\n\n\t\t\t\t\t\t  <\/div>\n<\/div> <script>\n\t\t\t\t\t\t  jQuery(document).ready(function( $ ){\n\t\t\t\t\t\t\t\/\/jQuery('.yuzo_related_post').equalizer({ overflow : 'relatedthumb' });\n\t\t\t\t\t\t\tjQuery('.yuzo_related_post .yuzo_wraps').equalizer({ columns : '> div' });\n\t\t\t\t\t\t   })\n\t\t\t\t\t\t  <\/script> <!-- End Yuzo :) -->","protected":false},"excerpt":{"rendered":"<p>O presidente Lula esteve, nesta sexta-feira (27), em Araguatins (TO) para assinar o \u201cmaior pacote de regulariza\u00e7\u00e3o fundi\u00e1ria da hist\u00f3ria do Tocantins\u201d. Junto ao governador Wanderlei Barbosa, o presidente firmou um Acordo de Coopera\u00e7\u00e3o T\u00e9cnica (ACT) para que 1,9 milh\u00e3o de hectares sejam regularizados de forma c\u00e9lere pelo programa Im\u00f3vel da Gente. Segundo o Minist\u00e9rio [&hellip;]<\/p>\n","protected":false},"author":2,"featured_media":0,"comment_status":"open","ping_status":"closed","sticky":false,"template":"","format":"standard","meta":{"fifu_image_url":"","fifu_image_alt":"","footnotes":""},"categories":[3117,8975,112,132,195,2385,950],"tags":[],"class_list":["post-35478","post","type-post","status-publish","format-standard","hentry","category-assentamentos","category-imovel-da-gente","category-lula","category-politica","category-reforma-agraria","category-regularizacao-fundiaria","category-tocantins"],"_links":{"self":[{"href":"https:\/\/redept.com.br\/blogosfera\/wp-json\/wp\/v2\/posts\/35478","targetHints":{"allow":["GET"]}}],"collection":[{"href":"https:\/\/redept.com.br\/blogosfera\/wp-json\/wp\/v2\/posts"}],"about":[{"href":"https:\/\/redept.com.br\/blogosfera\/wp-json\/wp\/v2\/types\/post"}],"author":[{"embeddable":true,"href":"https:\/\/redept.com.br\/blogosfera\/wp-json\/wp\/v2\/users\/2"}],"replies":[{"embeddable":true,"href":"https:\/\/redept.com.br\/blogosfera\/wp-json\/wp\/v2\/comments?post=35478"}],"version-history":[{"count":0,"href":"https:\/\/redept.com.br\/blogosfera\/wp-json\/wp\/v2\/posts\/35478\/revisions"}],"wp:attachment":[{"href":"https:\/\/redept.com.br\/blogosfera\/wp-json\/wp\/v2\/media?parent=35478"}],"wp:term":[{"taxonomy":"category","embeddable":true,"href":"https:\/\/redept.com.br\/blogosfera\/wp-json\/wp\/v2\/categories?post=35478"},{"taxonomy":"post_tag","embeddable":true,"href":"https:\/\/redept.com.br\/blogosfera\/wp-json\/wp\/v2\/tags?post=35478"}],"curies":[{"name":"wp","href":"https:\/\/api.w.org\/{rel}","templated":true}]}}