{"id":35533,"date":"2025-06-27T11:49:35","date_gmt":"2025-06-27T14:49:35","guid":{"rendered":"https:\/\/redept.org\/blogosfera\/desemprego-cai-para-62-e-emprego-com-carteira-assinada-bate-recorde\/"},"modified":"2025-06-27T11:49:35","modified_gmt":"2025-06-27T14:49:35","slug":"desemprego-cai-para-62-e-emprego-com-carteira-assinada-bate-recorde","status":"publish","type":"post","link":"https:\/\/redept.com.br\/blogosfera\/desemprego-cai-para-62-e-emprego-com-carteira-assinada-bate-recorde\/","title":{"rendered":"Desemprego cai para 6,2% e emprego com carteira assinada bate recorde"},"content":{"rendered":"<p>A taxa de desemprego no Brasil caiu para 6,2% no trimestre encerrado em maio de 2025, o menor patamar para o per\u00edodo desde o in\u00edcio da s\u00e9rie hist\u00f3rica do IBGE em 2012, segundo a Pesquisa Nacional por Amostra de Domic\u00edlios (Pnad Cont\u00ednua). O n\u00famero de desempregados foi de 6,8 milh\u00f5es, uma queda de 8,6% em rela\u00e7\u00e3o ao trimestre anterior e de 12,3% comparado ao mesmo per\u00edodo de 2024.<\/p>\n<p>O emprego com carteira assinada no setor privado atingiu um recorde de 39,8 milh\u00f5es de trabalhadores, com alta de 0,5% no trimestre e 3,7% no ano. A popula\u00e7\u00e3o ocupada alcan\u00e7ou 103,9 milh\u00f5es, um aumento de 1,2% no trimestre e 2,5% em 12 meses.<\/p>\n<p>A massa salarial tamb\u00e9m bateu recorde, chegando a R$ 354,6 bilh\u00f5es, impulsionada pela estabilidade dos rendimentos e pelo crescimento do emprego formal.<\/p>\n<p>A informalidade caiu, com 39,3 milh\u00f5es de trabalhadores informais, e o n\u00famero de desalentados (2,89 milh\u00f5es) foi o menor desde 2016, com queda de 10,6% no trimestre e 13,1% no ano.<\/p>\n<p>O mercado de trabalho aquecido sugere uma economia resiliente.<\/p>\n<hr>\n<h6>Apoie o Antropofagista com qualquer valor<br \/>\nPIX: 45013993768<br \/>\nAgradecemos imensamente<\/h6>\n<hr>\n<p><strong>Siga-nos no Whatsapp:<\/strong> <a href=\"https:\/\/chat.whatsapp.com\/HlpAeWDAUrD8Qq1AjWiCK5\">https:\/\/chat.whatsapp.com\/HlpAeWDAUrD8Qq1AjWiCK5<\/a><\/p>\n<p><strong>Siga-nos no Facebook:<\/strong> <a href=\"https:\/\/www.facebook.com\/profile.php?id=100070790366110\">https:\/\/www.facebook.com\/profile.php?id=100070790366110<\/a><\/p>\n<p><strong>Siga-nos no X:<\/strong> <a href=\"https:\/\/x.com\/Antropofagista1\">https:\/\/x.com\/Antropofagista1<\/a><\/p>\n<p><strong>Siga-nos no Instagram:<\/strong> <a href=\"https:\/\/www.instagram.com\/blogantropofagista?igsh=YzljYTk1ODg3Zg\">https:\/\/www.instagram.com\/blogantropofagista?igsh=YzljYTk1ODg3Zg<\/a><\/p>\n<p>The post <a href=\"https:\/\/antropofagista.com.br\/2025\/06\/27\/desemprego-cai-para-62-e-emprego-com-carteira-assinada-bate-recorde\/\">Desemprego cai para 6,2% e emprego com carteira assinada bate recorde<\/a> first appeared on <a href=\"https:\/\/antropofagista.com.br\/\">Antropofagista<\/a>.<\/p>\n<!-- Begin Yuzo --><div class='yuzo_related_post style-1'  data-version='5.12.89'><!-- without result --><div class='yuzo_clearfixed yuzo__title yuzo__title'><h3>Related Post<\/h3><\/div>\n\t\t\t\t\t\t  <div class=\"relatedthumb \" style=\"width:125px;float:left;overflow:hidden;\">  \n\t\t\t\t\t\t\t  \n\t\t\t\t\t\t\t  <a  href=\"https:\/\/redept.com.br\/blogosfera\/lula-sanciona-medida-que-beneficia-taxistas-de-todo-o-brasil\/\"  >\n\t\t\t\t\t\t\t\t\t  <div class=\"yuzo-img-wrap \" style=\"width: 125px;height:90px;\">\n\t\t\t\t\t\t\t\t\t\t\n\t\t\t\t\t\t\t\t\t\t<div class=\"yuzo-img\" style=\"background:url('https:\/\/redept.com.br\/blogosfera\/wp-content\/uploads\/2025\/11\/lula-mp-taxistas_Foto-Ricardo-Stuckert-_-PR-150x150.jpg') 50% 50% no-repeat;width: 125px;height:90px;margin-bottom: 5px;background-size: cover; \"><\/div>\n\t\t\t\t\t\t\t\t\t  <\/div>\n\t\t\t\t\t\t\t\t\t  \n\t\t\t\t\t\t\t\t   <span class=\"yuzo__text--title\" style=\"font-size:13px;\">Lula sanciona medida que beneficia taxistas de tod...<\/span>\n\t\t\t\t\t\t\t  \n\t\t\t\t\t\t\t  \n\t\t\t\t\t\t\t  <\/a>\n\n\t\t\t\t\t\t  <\/div>\n\t\t\t\t\t\t  <div class=\"relatedthumb \" style=\"width:125px;float:left;overflow:hidden;\">  \n\t\t\t\t\t\t\t  \n\t\t\t\t\t\t\t  <a  href=\"https:\/\/redept.com.br\/blogosfera\/zarattini-preve-votacao-da-mp-da-tributacao-financeira-na-proxima-quinta-feira-2\/\"  >\n\t\t\t\t\t\t\t\t\t  <div class=\"yuzo-img-wrap \" style=\"width: 125px;height:90px;\">\n\t\t\t\t\t\t\t\t\t\t\n\t\t\t\t\t\t\t\t\t\t<div class=\"yuzo-img\" style=\"background:url('https:\/\/redept.org\/blogosfera\/wp-content\/plugins\/yuzo-related-post\/assets\/images\/default.png') 50% 50% no-repeat;width: 125px;height:90px;margin-bottom: 5px;background-size: cover; \"><\/div>\n\t\t\t\t\t\t\t\t\t  <\/div>\n\t\t\t\t\t\t\t\t\t  \n\t\t\t\t\t\t\t\t   <span class=\"yuzo__text--title\" style=\"font-size:13px;\">Zarattini prev\u00ea vota\u00e7\u00e3o da MP da tributa\u00e7\u00e3o financ...<\/span>\n\t\t\t\t\t\t\t  \n\t\t\t\t\t\t\t  \n\t\t\t\t\t\t\t  <\/a>\n\n\t\t\t\t\t\t  <\/div>\n\t\t\t\t\t\t  <div class=\"relatedthumb \" style=\"width:125px;float:left;overflow:hidden;\">  \n\t\t\t\t\t\t\t  \n\t\t\t\t\t\t\t  <a  href=\"https:\/\/redept.com.br\/blogosfera\/integra-das-respostas-para-reportagem-sobre-revisao-criminal\/\"  >\n\t\t\t\t\t\t\t\t\t  <div class=\"yuzo-img-wrap \" style=\"width: 125px;height:90px;\">\n\t\t\t\t\t\t\t\t\t\t\n\t\t\t\t\t\t\t\t\t\t<div class=\"yuzo-img\" style=\"background:url('https:\/\/redept.org\/blogosfera\/wp-content\/plugins\/yuzo-related-post\/assets\/images\/default.png') 50% 50% no-repeat;width: 125px;height:90px;margin-bottom: 5px;background-size: cover; \"><\/div>\n\t\t\t\t\t\t\t\t\t  <\/div>\n\t\t\t\t\t\t\t\t\t  \n\t\t\t\t\t\t\t\t   <span class=\"yuzo__text--title\" style=\"font-size:13px;\">\u00cdntegra das respostas para reportagem sobre revis\u00e3...<\/span>\n\t\t\t\t\t\t\t  \n\t\t\t\t\t\t\t  \n\t\t\t\t\t\t\t  <\/a>\n\n\t\t\t\t\t\t  <\/div>\n\t\t\t\t\t\t  <div class=\"relatedthumb \" style=\"width:125px;float:left;overflow:hidden;\">  \n\t\t\t\t\t\t\t  \n\t\t\t\t\t\t\t  <a  href=\"https:\/\/redept.com.br\/blogosfera\/moradores-de-bh-denunciam-acidentes-e-descaso-nas-obras-de-ampliacao-do-metro\/\"  >\n\t\t\t\t\t\t\t\t\t  <div class=\"yuzo-img-wrap \" style=\"width: 125px;height:90px;\">\n\t\t\t\t\t\t\t\t\t\t\n\t\t\t\t\t\t\t\t\t\t<div class=\"yuzo-img\" style=\"background:url('https:\/\/redept.org\/blogosfera\/wp-content\/plugins\/yuzo-related-post\/assets\/images\/default.png') 50% 50% no-repeat;width: 125px;height:90px;margin-bottom: 5px;background-size: cover; \"><\/div>\n\t\t\t\t\t\t\t\t\t  <\/div>\n\t\t\t\t\t\t\t\t\t  \n\t\t\t\t\t\t\t\t   <span class=\"yuzo__text--title\" style=\"font-size:13px;\">Moradores de BH denunciam acidentes e descaso nas ...<\/span>\n\t\t\t\t\t\t\t  \n\t\t\t\t\t\t\t  \n\t\t\t\t\t\t\t  <\/a>\n\n\t\t\t\t\t\t  <\/div>\n<\/div> <script>\n\t\t\t\t\t\t  jQuery(document).ready(function( $ ){\n\t\t\t\t\t\t\t\/\/jQuery('.yuzo_related_post').equalizer({ overflow : 'relatedthumb' });\n\t\t\t\t\t\t\tjQuery('.yuzo_related_post .yuzo_wraps').equalizer({ columns : '> div' });\n\t\t\t\t\t\t   })\n\t\t\t\t\t\t  <\/script> <!-- End Yuzo :) -->","protected":false},"excerpt":{"rendered":"<p>A taxa de desemprego no Brasil caiu para 6,2% no trimestre encerrado em maio de 2025, o menor patamar para o per\u00edodo desde o in\u00edcio da s\u00e9rie hist\u00f3rica do IBGE em 2012, segundo a Pesquisa Nacional por Amostra de Domic\u00edlios (Pnad Cont\u00ednua). O n\u00famero de desempregados foi de 6,8 milh\u00f5es, uma queda de 8,6% em [&hellip;]<\/p>\n","protected":false},"author":2,"featured_media":0,"comment_status":"open","ping_status":"closed","sticky":false,"template":"","format":"standard","meta":{"fifu_image_url":"","fifu_image_alt":"","footnotes":""},"categories":[221,481,122,9013,4679],"tags":[],"class_list":["post-35533","post","type-post","status-publish","format-standard","hentry","category-economia","category-ibge","category-inflacao","category-menor-patamar","category-taxa-de-desemprego"],"_links":{"self":[{"href":"https:\/\/redept.com.br\/blogosfera\/wp-json\/wp\/v2\/posts\/35533","targetHints":{"allow":["GET"]}}],"collection":[{"href":"https:\/\/redept.com.br\/blogosfera\/wp-json\/wp\/v2\/posts"}],"about":[{"href":"https:\/\/redept.com.br\/blogosfera\/wp-json\/wp\/v2\/types\/post"}],"author":[{"embeddable":true,"href":"https:\/\/redept.com.br\/blogosfera\/wp-json\/wp\/v2\/users\/2"}],"replies":[{"embeddable":true,"href":"https:\/\/redept.com.br\/blogosfera\/wp-json\/wp\/v2\/comments?post=35533"}],"version-history":[{"count":0,"href":"https:\/\/redept.com.br\/blogosfera\/wp-json\/wp\/v2\/posts\/35533\/revisions"}],"wp:attachment":[{"href":"https:\/\/redept.com.br\/blogosfera\/wp-json\/wp\/v2\/media?parent=35533"}],"wp:term":[{"taxonomy":"category","embeddable":true,"href":"https:\/\/redept.com.br\/blogosfera\/wp-json\/wp\/v2\/categories?post=35533"},{"taxonomy":"post_tag","embeddable":true,"href":"https:\/\/redept.com.br\/blogosfera\/wp-json\/wp\/v2\/tags?post=35533"}],"curies":[{"name":"wp","href":"https:\/\/api.w.org\/{rel}","templated":true}]}}