{"id":35610,"date":"2025-06-28T17:10:48","date_gmt":"2025-06-28T20:10:48","guid":{"rendered":"https:\/\/redept.org\/blogosfera\/sao-paulo-tera-protesto-de-24-horas-por-ruptura-de-brasil-com-israel-nesta-terca-01\/"},"modified":"2025-06-28T17:10:48","modified_gmt":"2025-06-28T20:10:48","slug":"sao-paulo-tera-protesto-de-24-horas-por-ruptura-de-brasil-com-israel-nesta-terca-01","status":"publish","type":"post","link":"https:\/\/redept.com.br\/blogosfera\/sao-paulo-tera-protesto-de-24-horas-por-ruptura-de-brasil-com-israel-nesta-terca-01\/","title":{"rendered":"S\u00e3o Paulo ter\u00e1 protesto de 24 horas por ruptura de Brasil com Israel nesta ter\u00e7a (01)"},"content":{"rendered":"<p><span>A press\u00e3o popular para que o <a href=\"https:\/\/operamundi.uol.com.br\/guerra-israel-x-palestina\/lula-nao-veta-lei-do-dia-de-amizade-com-israel\/\">governo brasileiro rompa rela\u00e7\u00f5es com Israel<\/a> ganha novo refor\u00e7o na pr\u00f3xima semana. Um protesto de 24 horas est\u00e1 marcado para ocupar as imedia\u00e7\u00f5es do Escrit\u00f3rio de Representa\u00e7\u00e3o da Presid\u00eancia da Rep\u00fablica na cidade de S\u00e3o Paulo (Avenida Paulista, 1919).<\/span><\/p>\n<p><span>A vig\u00edlia 24 Horas pela Palestina come\u00e7a na ter\u00e7a-feira (01\/07), \u00e0s 15h e segue at\u00e9 do dia 1\u00ba de julho e seguir\u00e1 at\u00e9 as 15h da quarta-feira (02\/07). Na pauta do ato est\u00e1 o fim do genoc\u00eddio em Gaza e o corte de rela\u00e7\u00f5e e o corte imediato de la\u00e7os diplom\u00e1ticos e comerciais com o Estado israelense.<\/span><\/p>\n<p><span>Organizado por movimentos populares e entidades pr\u00f3-Palestina, o ato denuncia o uso de armamento com origem em Israel por for\u00e7as policiais brasileiras. \u201cAs armas israelenses est\u00e3o nas m\u00e3os das pol\u00edcias brasileiras matando nosso povo pobre e negro nas periferias! Basta!\u201d, alerta trecho do chamado para a mobiliza\u00e7\u00e3o.<\/span><\/p>\n<p><span>Participantes s\u00e3o convidados a levar velas e barracas para a vig\u00edlia, que contar\u00e1 com a presen\u00e7a de diversas organiza\u00e7\u00f5es e personalidades pol\u00edticas. \u201cO povo brasileiro n\u00e3o aceita o massacre que Israel promove contra o povo palestino\u201d, enfatiza a convocat\u00f3ria.<\/span><\/p>\n<figure aria-describedby=\"caption-attachment-223642\"><img fetchpriority=\"high\" fetchpriority=\"high\" decoding=\"async\"src=\"https:\/\/redept.org\/blogosfera\/wp-content\/uploads\/2025\/06\/gncf6ndwsaagptm-2.jpg\" alt=\"\" width=\"2048\" height=\"1536\" srcset=\"https:\/\/redept.org\/blogosfera\/wp-content\/uploads\/2025\/06\/gncf6ndwsaagptm-2.jpg 2048w, https:\/\/operamundi.uol.com.br\/wp-content\/uploads\/2025\/06\/gncf6ndwsaagptm-2-300x225.jpg 300w, https:\/\/operamundi.uol.com.br\/wp-content\/uploads\/2025\/06\/gncf6ndwsaagptm-2-1024x768.jpg 1024w, https:\/\/operamundi.uol.com.br\/wp-content\/uploads\/2025\/06\/gncf6ndwsaagptm-2-768x576.jpg 768w, https:\/\/operamundi.uol.com.br\/wp-content\/uploads\/2025\/06\/gncf6ndwsaagptm-2-1536x1152.jpg 1536w, https:\/\/operamundi.uol.com.br\/wp-content\/uploads\/2025\/06\/gncf6ndwsaagptm-2-150x113.jpg 150w, https:\/\/operamundi.uol.com.br\/wp-content\/uploads\/2025\/06\/gncf6ndwsaagptm-2-750x563.jpg 750w, https:\/\/operamundi.uol.com.br\/wp-content\/uploads\/2025\/06\/gncf6ndwsaagptm-2-1140x855.jpg 1140w\" sizes=\"(max-width: 2048px) 100vw, 2048px\"><figcaption>A press\u00e3o popular para que o governo brasileiro rompa rela\u00e7\u00f5es com Israel ganha novo refor\u00e7o na pr\u00f3xima semana <br \/>X\/UNRWA<\/figcaption><\/figure>\n<h3><span>Movimento global<\/span><\/h3>\n<p><span>A vig\u00edlia n\u00e3o \u00e9 o primeiro ato organizado em territ\u00f3rio nacional para pressionar o<a href=\"https:\/\/operamundi.uol.com.br\/guerra-israel-x-palestina\/juristas-pela-democracia-pedem-veto-de-lula-ao-dia-da-amizade-brasil-israel\/\"> governo Lula a adotar medidas mais duras contra Israel<\/a>. No \u00faltimo dia 15, manifesta\u00e7\u00f5es em diversas cidades brasileiras integraram o movimento internacional em defesa da Palestina<\/span><\/p>\n<p><span>Na ocasi\u00e3o, ativistas e organiza\u00e7\u00f5es criticaram a demora do Brasil em romper rela\u00e7\u00f5es com Israel e refor\u00e7aram a necessidade de san\u00e7\u00f5es econ\u00f4micas e pol\u00edticas. Al\u00e9m de S\u00e3o Paulo, houve edi\u00e7\u00f5es da Marcha Global para Gaza em Bras\u00edlia, Rio de Janeiro, Porto Alegre, Curitiba, Belo Horizonte, Fortaleza, entre outras.<\/span><\/p>\n<p><span>Al\u00e9m disso, um abaixo assinado circula h\u00e1 algumas semanas e j\u00e1 re\u00fane milhares de assinaturas em defesa da por ruptura com Israel. Clique <a href=\"https:\/\/lularompacomisrael.com\/\">aqui<\/a> para assinar o documento.<\/span><\/p>\n<p>O post <a href=\"https:\/\/operamundi.uol.com.br\/guerra-israel-x-palestina\/sao-paulo-tera-protesto-de-24-horas-por-ruptura-de-brasil-com-israel-nesta-terca-01\/\">S\u00e3o Paulo ter\u00e1 protesto de 24 horas por ruptura de Brasil com Israel nesta ter\u00e7a (01)<\/a> apareceu primeiro em <a href=\"https:\/\/operamundi.uol.com.br\/\">Opera Mundi<\/a>.<\/p>\n<!-- Begin Yuzo --><div class='yuzo_related_post style-1'  data-version='5.12.89'><!-- without result --><div class='yuzo_clearfixed yuzo__title yuzo__title'><h3>Related Post<\/h3><\/div>\n\t\t\t\t\t\t  <div class=\"relatedthumb \" style=\"width:125px;float:left;overflow:hidden;\">  \n\t\t\t\t\t\t\t  \n\t\t\t\t\t\t\t  <a  href=\"https:\/\/redept.com.br\/blogosfera\/adoecimento-de-profissionais-da-copel-e-resultado-de-mentalidade-privatista-diz-sociologa-da-ufpr\/\"  >\n\t\t\t\t\t\t\t\t\t  <div class=\"yuzo-img-wrap \" style=\"width: 125px;height:90px;\">\n\t\t\t\t\t\t\t\t\t\t\n\t\t\t\t\t\t\t\t\t\t<div class=\"yuzo-img\" style=\"background:url('https:\/\/redept.com.br\/blogosfera\/wp-content\/uploads\/2025\/07\/reproducao-150x150.jpeg') 50% 50% no-repeat;width: 125px;height:90px;margin-bottom: 5px;background-size: cover; \"><\/div>\n\t\t\t\t\t\t\t\t\t  <\/div>\n\t\t\t\t\t\t\t\t\t  \n\t\t\t\t\t\t\t\t   <span class=\"yuzo__text--title\" style=\"font-size:13px;\">Adoecimento de profissionais da Copel \u00e9 resultado ...<\/span>\n\t\t\t\t\t\t\t  \n\t\t\t\t\t\t\t  \n\t\t\t\t\t\t\t  <\/a>\n\n\t\t\t\t\t\t  <\/div>\n\t\t\t\t\t\t  <div class=\"relatedthumb \" style=\"width:125px;float:left;overflow:hidden;\">  \n\t\t\t\t\t\t\t  \n\t\t\t\t\t\t\t  <a  href=\"https:\/\/redept.com.br\/blogosfera\/programa-de-educacao-do-campo-ligado-a-reforma-agraria-ja-formou-mais-de-200-mil-pessoas\/\"  >\n\t\t\t\t\t\t\t\t\t  <div class=\"yuzo-img-wrap \" style=\"width: 125px;height:90px;\">\n\t\t\t\t\t\t\t\t\t\t\n\t\t\t\t\t\t\t\t\t\t<div class=\"yuzo-img\" style=\"background:url('https:\/\/redept.com.br\/blogosfera\/wp-content\/uploads\/2025\/08\/Captura-de-tela-2025-08-01-102456-edited-150x150.png') 50% 50% no-repeat;width: 125px;height:90px;margin-bottom: 5px;background-size: cover; \"><\/div>\n\t\t\t\t\t\t\t\t\t  <\/div>\n\t\t\t\t\t\t\t\t\t  \n\t\t\t\t\t\t\t\t   <span class=\"yuzo__text--title\" style=\"font-size:13px;\">Programa de educa\u00e7\u00e3o do campo ligado \u00e0 reforma agr...<\/span>\n\t\t\t\t\t\t\t  \n\t\t\t\t\t\t\t  \n\t\t\t\t\t\t\t  <\/a>\n\n\t\t\t\t\t\t  <\/div>\n\t\t\t\t\t\t  <div class=\"relatedthumb \" style=\"width:125px;float:left;overflow:hidden;\">  \n\t\t\t\t\t\t\t  \n\t\t\t\t\t\t\t  <a  href=\"https:\/\/redept.com.br\/blogosfera\/ministerio-da-agricultura-certifica-bioinsumo-de-cooperativa-paranaense-desenvolvido-em-parceria-com-a-embrapa\/\"  >\n\t\t\t\t\t\t\t\t\t  <div class=\"yuzo-img-wrap \" style=\"width: 125px;height:90px;\">\n\t\t\t\t\t\t\t\t\t\t\n\t\t\t\t\t\t\t\t\t\t<div class=\"yuzo-img\" style=\"background:url('https:\/\/redept.org\/blogosfera\/wp-content\/plugins\/yuzo-related-post\/assets\/images\/default.png') 50% 50% no-repeat;width: 125px;height:90px;margin-bottom: 5px;background-size: cover; \"><\/div>\n\t\t\t\t\t\t\t\t\t  <\/div>\n\t\t\t\t\t\t\t\t\t  \n\t\t\t\t\t\t\t\t   <span class=\"yuzo__text--title\" style=\"font-size:13px;\">Minist\u00e9rio da Agricultura certifica bioinsumo de c...<\/span>\n\t\t\t\t\t\t\t  \n\t\t\t\t\t\t\t  \n\t\t\t\t\t\t\t  <\/a>\n\n\t\t\t\t\t\t  <\/div>\n\t\t\t\t\t\t  <div class=\"relatedthumb \" style=\"width:125px;float:left;overflow:hidden;\">  \n\t\t\t\t\t\t\t  \n\t\t\t\t\t\t\t  <a  href=\"https:\/\/redept.com.br\/blogosfera\/sete-ausentes-e-onze-favoraveis-ao-pl-da-devastacao-veja-como-votaram-os-deputados-federais-de-pernambuco\/\"  >\n\t\t\t\t\t\t\t\t\t  <div class=\"yuzo-img-wrap \" style=\"width: 125px;height:90px;\">\n\t\t\t\t\t\t\t\t\t\t\n\t\t\t\t\t\t\t\t\t\t<div class=\"yuzo-img\" style=\"background:url('https:\/\/redept.org\/blogosfera\/wp-content\/plugins\/yuzo-related-post\/assets\/images\/default.png') 50% 50% no-repeat;width: 125px;height:90px;margin-bottom: 5px;background-size: cover; \"><\/div>\n\t\t\t\t\t\t\t\t\t  <\/div>\n\t\t\t\t\t\t\t\t\t  \n\t\t\t\t\t\t\t\t   <span class=\"yuzo__text--title\" style=\"font-size:13px;\">Sete ausentes e onze favor\u00e1veis ao PL da Devasta\u00e7\u00e3...<\/span>\n\t\t\t\t\t\t\t  \n\t\t\t\t\t\t\t  \n\t\t\t\t\t\t\t  <\/a>\n\n\t\t\t\t\t\t  <\/div>\n<\/div> <script>\n\t\t\t\t\t\t  jQuery(document).ready(function( $ ){\n\t\t\t\t\t\t\t\/\/jQuery('.yuzo_related_post').equalizer({ overflow : 'relatedthumb' });\n\t\t\t\t\t\t\tjQuery('.yuzo_related_post .yuzo_wraps').equalizer({ columns : '> div' });\n\t\t\t\t\t\t   })\n\t\t\t\t\t\t  <\/script> <!-- End Yuzo :) -->","protected":false},"excerpt":{"rendered":"<p>A press\u00e3o popular para que o governo brasileiro rompa rela\u00e7\u00f5es com Israel ganha novo refor\u00e7o na pr\u00f3xima semana. Um protesto de 24 horas est\u00e1 marcado para ocupar as imedia\u00e7\u00f5es do Escrit\u00f3rio de Representa\u00e7\u00e3o da Presid\u00eancia da Rep\u00fablica na cidade de S\u00e3o Paulo (Avenida Paulista, 1919). A vig\u00edlia 24 Horas pela Palestina come\u00e7a na ter\u00e7a-feira (01\/07), [&hellip;]<\/p>\n","protected":false},"author":2,"featured_media":0,"comment_status":"closed","ping_status":"closed","sticky":false,"template":"","format":"standard","meta":{"fifu_image_url":"","fifu_image_alt":"","footnotes":""},"categories":[3803,45,52,325,3938,25,112,54,189,29,9061],"tags":[],"class_list":["post-35610","post","type-post","status-publish","format-standard","hentry","category-armamento","category-brasil","category-gaza","category-genocidio","category-guerra-israel-x-palestina","category-israel","category-lula","category-palestina","category-protesto","category-sao-paulo","category-vigilia"],"_links":{"self":[{"href":"https:\/\/redept.com.br\/blogosfera\/wp-json\/wp\/v2\/posts\/35610","targetHints":{"allow":["GET"]}}],"collection":[{"href":"https:\/\/redept.com.br\/blogosfera\/wp-json\/wp\/v2\/posts"}],"about":[{"href":"https:\/\/redept.com.br\/blogosfera\/wp-json\/wp\/v2\/types\/post"}],"author":[{"embeddable":true,"href":"https:\/\/redept.com.br\/blogosfera\/wp-json\/wp\/v2\/users\/2"}],"replies":[{"embeddable":true,"href":"https:\/\/redept.com.br\/blogosfera\/wp-json\/wp\/v2\/comments?post=35610"}],"version-history":[{"count":0,"href":"https:\/\/redept.com.br\/blogosfera\/wp-json\/wp\/v2\/posts\/35610\/revisions"}],"wp:attachment":[{"href":"https:\/\/redept.com.br\/blogosfera\/wp-json\/wp\/v2\/media?parent=35610"}],"wp:term":[{"taxonomy":"category","embeddable":true,"href":"https:\/\/redept.com.br\/blogosfera\/wp-json\/wp\/v2\/categories?post=35610"},{"taxonomy":"post_tag","embeddable":true,"href":"https:\/\/redept.com.br\/blogosfera\/wp-json\/wp\/v2\/tags?post=35610"}],"curies":[{"name":"wp","href":"https:\/\/api.w.org\/{rel}","templated":true}]}}