{"id":35638,"date":"2025-06-29T15:29:17","date_gmt":"2025-06-29T18:29:17","guid":{"rendered":"https:\/\/redept.org\/blogosfera\/brasil-adere-a-declaracao-internacional-pelo-fim-da-discriminacao-contra-lgbt\/"},"modified":"2025-06-29T15:29:17","modified_gmt":"2025-06-29T18:29:17","slug":"brasil-adere-a-declaracao-internacional-pelo-fim-da-discriminacao-contra-lgbt","status":"publish","type":"post","link":"https:\/\/redept.com.br\/blogosfera\/brasil-adere-a-declaracao-internacional-pelo-fim-da-discriminacao-contra-lgbt\/","title":{"rendered":"Brasil adere \u00e0 declara\u00e7\u00e3o internacional pelo fim da discrimina\u00e7\u00e3o contra LGBT+"},"content":{"rendered":"<p><img loading=\"lazy\" width=\"1024\" height=\"666\"src=\"https:\/\/redept.org\/blogosfera\/wp-content\/uploads\/2025\/06\/Captura-de-Tela-2025-06-29-as-152610-2048x1332-1.png\" alt=\"\" decoding=\"async\" loading=\"lazy\" srcset=\"https:\/\/vermelho.org.br\/wp-content\/uploads\/2025\/06\/Captura-de-Tela-2025-06-29-as-15.26.10-1024x666.png 1024w, https:\/\/vermelho.org.br\/wp-content\/uploads\/2025\/06\/Captura-de-Tela-2025-06-29-as-15.26.10-300x195.png 300w, https:\/\/vermelho.org.br\/wp-content\/uploads\/2025\/06\/Captura-de-Tela-2025-06-29-as-15.26.10-768x499.png 768w, https:\/\/vermelho.org.br\/wp-content\/uploads\/2025\/06\/Captura-de-Tela-2025-06-29-as-15.26.10-1536x999.png 1536w, https:\/\/redept.org\/blogosfera\/wp-content\/uploads\/2025\/06\/Captura-de-Tela-2025-06-29-as-152610-2048x1332-1.png 2048w\" sizes=\"auto, (max-width: 1024px) 100vw, 1024px\"><\/p>\n<p>Em alus\u00e3o ao Dia Internacional do Orgulho LGBTQIA+, celebrado neste s\u00e1bado (28), o Minist\u00e9rio das Rela\u00e7\u00f5es Exteriores anunciou a ades\u00e3o do Brasil a uma declara\u00e7\u00e3o conjunta internacional promovida pela Espanha, que reafirma o compromisso de 15 pa\u00edses com a igualdade de direitos, o combate \u00e0 discrimina\u00e7\u00e3o e a promo\u00e7\u00e3o da diversidade sexual e de g\u00eanero.<\/p>\n<p>Al\u00e9m de Brasil e Espanha, tamb\u00e9m assinaram o documento os governos da Col\u00f4mbia, Austr\u00e1lia, B\u00e9lgica, Cabo Verde, Canad\u00e1, Chile, Eslov\u00eania, Isl\u00e2ndia, Irlanda, Noruega, Pa\u00edses Baixos, Portugal e Uruguai.<\/p>\n<p>\u201cReiteramos nosso compromisso com o respeito aos direitos humanos das pessoas LGBTQIA+ para que sua igualdade perante a lei seja inquestion\u00e1vel e para que nenhuma pessoa seja criminalmente perseguida ou discriminada por sua orienta\u00e7\u00e3o sexual ou identidade de g\u00eanero\u201d, afirma a nota divulgada.<\/p>\n<p><strong>Contra o \u00f3dio, por pol\u00edticas inclusivas e antidiscriminat\u00f3rias<\/strong><\/p>\n<p>A declara\u00e7\u00e3o conjunta expressa preocupa\u00e7\u00e3o com o aumento global de discursos de \u00f3dio e crimes motivados por LGBTfobia, al\u00e9m de retrocesso em legisla\u00e7\u00f5es e pol\u00edticas p\u00fablicas que antes garantiam direitos a essa popula\u00e7\u00e3o.<\/p>\n<p>O texto enfatiza que o respeito \u00e0 diversidade, \u00e0 igualdade e \u00e0 toler\u00e2ncia exige medidas estruturais e sustentadas. Entre as propostas est\u00e3o:<\/p>\n<p>A descriminaliza\u00e7\u00e3o das rela\u00e7\u00f5es entre pessoas do mesmo sexo;<\/p>\n<p>A revoga\u00e7\u00e3o de leis discriminat\u00f3rias e a oposi\u00e7\u00e3o a novas legisla\u00e7\u00f5es anti-LGBTQIA+;<\/p>\n<p>O fim da pris\u00e3o e da pena de morte com base em orienta\u00e7\u00e3o sexual ou identidade de g\u00eanero;<\/p>\n<p>A elimina\u00e7\u00e3o das chamadas \u201cterapias de convers\u00e3o\u201d, consideradas pr\u00e1ticas abusivas e discriminat\u00f3rias;<\/p>\n<p>A promo\u00e7\u00e3o da inclus\u00e3o social e laboral, com aten\u00e7\u00e3o especial \u00e0 popula\u00e7\u00e3o trans.<\/p>\n<p><strong>Interseccionalidade: combater todas as formas de desigualdade<\/strong><\/p>\n<p>Um ponto de destaque no comunicado \u00e9 o reconhecimento das m\u00faltiplas formas de discrimina\u00e7\u00e3o enfrentadas por pessoas LGBTQIA+ quando tamb\u00e9m pertencem a grupos historicamente marginalizados, como povos ind\u00edgenas, pessoas negras, com defici\u00eancia, migrantes, idosos ou em situa\u00e7\u00e3o de pobreza.<\/p>\n<p>Os signat\u00e1rios defendem uma abordagem interseccional que enfrente as desigualdades estruturais e promova uma cidadania plena.<\/p>\n<p>\u201cConstruamos sociedades nas quais todos os seres humanos possam ser e amar livremente\u201d, conclui a declara\u00e7\u00e3o.<\/p>\n<p><strong>Itamaraty: Brasil reafirma papel no combate aos retrocessos<\/strong><\/p>\n<p>Em nota oficial, o Minist\u00e9rio das Rela\u00e7\u00f5es Exteriores destacou que a ades\u00e3o \u00e0 declara\u00e7\u00e3o internacional \u00e9 uma forma de reafirmar o engajamento do Brasil no cen\u00e1rio multilateral na defesa dos direitos humanos da popula\u00e7\u00e3o LGBTQIA+.<\/p>\n<p>\u201cO Brasil reafirma o seu compromisso em atuar no plano internacional para promover avan\u00e7os e impedir retrocessos nos direitos da popula\u00e7\u00e3o LGBTQIA+\u201d, declarou o Itamaraty.<\/p>\n<p>A iniciativa ocorre em um contexto de crescente mobiliza\u00e7\u00e3o global por direitos e contra a repress\u00e3o a grupos LGBTQIA+, especialmente em pa\u00edses onde a criminaliza\u00e7\u00e3o e a persegui\u00e7\u00e3o ainda s\u00e3o pr\u00e1ticas vigentes.<\/p>\n<p><strong>Orgulho com dignidade e direitos: um pacto por sociedades mais justas<\/strong><\/p>\n<p>A declara\u00e7\u00e3o conjunta \u00e9, ao mesmo tempo, um gesto pol\u00edtico e simb\u00f3lico: une na\u00e7\u00f5es de diferentes continentes em torno de uma causa comum \u2014 o direito de existir, amar e viver com dignidade.<\/p>\n<p>Com a ades\u00e3o do Brasil, o pa\u00eds volta a reafirmar seu papel na defesa da diversidade e na constru\u00e7\u00e3o de sociedades mais inclusivas, solid\u00e1rias e resilientes, como destaca o documento.<\/p>\n<p>Em um mundo marcado por crises, retrocessos e intoler\u00e2ncia, os signat\u00e1rios assumem o compromisso de n\u00e3o deixar ningu\u00e9m para tr\u00e1s.<\/p>\n<p>O post <a href=\"https:\/\/vermelho.org.br\/2025\/06\/29\/brasil-adere-a-declaracao-internacional-pelo-fim-da-discriminacao-contra-lgbt\/\">Brasil adere \u00e0 declara\u00e7\u00e3o internacional pelo fim da discrimina\u00e7\u00e3o contra LGBT+<\/a> apareceu primeiro em <a href=\"https:\/\/vermelho.org.br\/\">Vermelho<\/a>.<\/p>\n<!-- Begin Yuzo --><div class='yuzo_related_post style-1'  data-version='5.12.89'><!-- without result --><div class='yuzo_clearfixed yuzo__title yuzo__title'><h3>Related Post<\/h3><\/div>\n\t\t\t\t\t\t  <div class=\"relatedthumb \" style=\"width:125px;float:left;overflow:hidden;\">  \n\t\t\t\t\t\t\t  \n\t\t\t\t\t\t\t  <a  href=\"https:\/\/redept.com.br\/blogosfera\/aos-95-anos-ministerio-do-trabalho-se-reconstroi-enfrentando-pressao-por-direitos\/\"  >\n\t\t\t\t\t\t\t\t\t  <div class=\"yuzo-img-wrap \" style=\"width: 125px;height:90px;\">\n\t\t\t\t\t\t\t\t\t\t\n\t\t\t\t\t\t\t\t\t\t<div class=\"yuzo-img\" style=\"background:url('https:\/\/redept.com.br\/blogosfera\/wp-content\/uploads\/2025\/11\/capa-lmt-19-e1631862753642png-150x150.jpeg') 50% 50% no-repeat;width: 125px;height:90px;margin-bottom: 5px;background-size: cover; \"><\/div>\n\t\t\t\t\t\t\t\t\t  <\/div>\n\t\t\t\t\t\t\t\t\t  \n\t\t\t\t\t\t\t\t   <span class=\"yuzo__text--title\" style=\"font-size:13px;\">Aos 95 anos, Minist\u00e9rio do Trabalho se reconstr\u00f3i ...<\/span>\n\t\t\t\t\t\t\t  \n\t\t\t\t\t\t\t  \n\t\t\t\t\t\t\t  <\/a>\n\n\t\t\t\t\t\t  <\/div>\n\t\t\t\t\t\t  <div class=\"relatedthumb \" style=\"width:125px;float:left;overflow:hidden;\">  \n\t\t\t\t\t\t\t  \n\t\t\t\t\t\t\t  <a  href=\"https:\/\/redept.com.br\/blogosfera\/pobreza-e-extrema-pobreza-chegam-ao-menor-nivel-desde-2012-queda-foi-puxada-por-ocupacao-e-beneficios-sociais-aponta-ibge\/\"  >\n\t\t\t\t\t\t\t\t\t  <div class=\"yuzo-img-wrap \" style=\"width: 125px;height:90px;\">\n\t\t\t\t\t\t\t\t\t\t\n\t\t\t\t\t\t\t\t\t\t<div class=\"yuzo-img\" style=\"background:url('https:\/\/redept.org\/blogosfera\/wp-content\/plugins\/yuzo-related-post\/assets\/images\/default.png') 50% 50% no-repeat;width: 125px;height:90px;margin-bottom: 5px;background-size: cover; \"><\/div>\n\t\t\t\t\t\t\t\t\t  <\/div>\n\t\t\t\t\t\t\t\t\t  \n\t\t\t\t\t\t\t\t   <span class=\"yuzo__text--title\" style=\"font-size:13px;\">Pobreza e extrema pobreza chegam ao menor n\u00edvel de...<\/span>\n\t\t\t\t\t\t\t  \n\t\t\t\t\t\t\t  \n\t\t\t\t\t\t\t  <\/a>\n\n\t\t\t\t\t\t  <\/div>\n\t\t\t\t\t\t  <div class=\"relatedthumb \" style=\"width:125px;float:left;overflow:hidden;\">  \n\t\t\t\t\t\t\t  \n\t\t\t\t\t\t\t  <a  href=\"https:\/\/redept.com.br\/blogosfera\/previa-do-pib-recua-07-em-dezembro-mas-fecha-2024-em-alta-de-38\/\"  >\n\t\t\t\t\t\t\t\t\t  <div class=\"yuzo-img-wrap \" style=\"width: 125px;height:90px;\">\n\t\t\t\t\t\t\t\t\t\t\n\t\t\t\t\t\t\t\t\t\t<div class=\"yuzo-img\" style=\"background:url('https:\/\/redept.org\/blogosfera\/wp-content\/plugins\/yuzo-related-post\/assets\/images\/default.png') 50% 50% no-repeat;width: 125px;height:90px;margin-bottom: 5px;background-size: cover; \"><\/div>\n\t\t\t\t\t\t\t\t\t  <\/div>\n\t\t\t\t\t\t\t\t\t  \n\t\t\t\t\t\t\t\t   <span class=\"yuzo__text--title\" style=\"font-size:13px;\">\u2018Pr\u00e9via do PIB\u2019 recua 0,7% em dezembro, mas fecha ...<\/span>\n\t\t\t\t\t\t\t  \n\t\t\t\t\t\t\t  \n\t\t\t\t\t\t\t  <\/a>\n\n\t\t\t\t\t\t  <\/div>\n\t\t\t\t\t\t  <div class=\"relatedthumb \" style=\"width:125px;float:left;overflow:hidden;\">  \n\t\t\t\t\t\t\t  \n\t\t\t\t\t\t\t  <a  href=\"https:\/\/redept.com.br\/blogosfera\/8-de-janeiro-atos-em-brasilia-marcarao-os-dois-anos-da-intentona-golpista-e-depredacao-das-sedes-dos-tres-poderes\/\"  >\n\t\t\t\t\t\t\t\t\t  <div class=\"yuzo-img-wrap \" style=\"width: 125px;height:90px;\">\n\t\t\t\t\t\t\t\t\t\t\n\t\t\t\t\t\t\t\t\t\t<div class=\"yuzo-img\" style=\"background:url('https:\/\/redept.org\/blogosfera\/wp-content\/plugins\/yuzo-related-post\/assets\/images\/default.png') 50% 50% no-repeat;width: 125px;height:90px;margin-bottom: 5px;background-size: cover; \"><\/div>\n\t\t\t\t\t\t\t\t\t  <\/div>\n\t\t\t\t\t\t\t\t\t  \n\t\t\t\t\t\t\t\t   <span class=\"yuzo__text--title\" style=\"font-size:13px;\">8 de janeiro: atos em Bras\u00edlia marcar\u00e3o os dois an...<\/span>\n\t\t\t\t\t\t\t  \n\t\t\t\t\t\t\t  \n\t\t\t\t\t\t\t  <\/a>\n\n\t\t\t\t\t\t  <\/div>\n<\/div> <script>\n\t\t\t\t\t\t  jQuery(document).ready(function( $ ){\n\t\t\t\t\t\t\t\/\/jQuery('.yuzo_related_post').equalizer({ overflow : 'relatedthumb' });\n\t\t\t\t\t\t\tjQuery('.yuzo_related_post .yuzo_wraps').equalizer({ columns : '> div' });\n\t\t\t\t\t\t   })\n\t\t\t\t\t\t  <\/script> <!-- End Yuzo :) -->","protected":false},"excerpt":{"rendered":"<p>Em alus\u00e3o ao Dia Internacional do Orgulho LGBTQIA+, celebrado neste s\u00e1bado (28), o Minist\u00e9rio das Rela\u00e7\u00f5es Exteriores anunciou a ades\u00e3o do Brasil a uma declara\u00e7\u00e3o conjunta internacional promovida pela Espanha, que reafirma o compromisso de 15 pa\u00edses com a igualdade de direitos, o combate \u00e0 discrimina\u00e7\u00e3o e a promo\u00e7\u00e3o da diversidade sexual e de g\u00eanero. [&hellip;]<\/p>\n","protected":false},"author":2,"featured_media":0,"comment_status":"open","ping_status":"closed","sticky":false,"template":"","format":"standard","meta":{"fifu_image_url":"","fifu_image_alt":"","footnotes":""},"categories":[307,9078,8501,231,518,1222],"tags":[],"class_list":["post-35638","post","type-post","status-publish","format-standard","hentry","category-direitos-humanos","category-diversidade-de-g6enero","category-diversidade-sexual","category-espanha","category-itamaraty","category-lgbt"],"_links":{"self":[{"href":"https:\/\/redept.com.br\/blogosfera\/wp-json\/wp\/v2\/posts\/35638","targetHints":{"allow":["GET"]}}],"collection":[{"href":"https:\/\/redept.com.br\/blogosfera\/wp-json\/wp\/v2\/posts"}],"about":[{"href":"https:\/\/redept.com.br\/blogosfera\/wp-json\/wp\/v2\/types\/post"}],"author":[{"embeddable":true,"href":"https:\/\/redept.com.br\/blogosfera\/wp-json\/wp\/v2\/users\/2"}],"replies":[{"embeddable":true,"href":"https:\/\/redept.com.br\/blogosfera\/wp-json\/wp\/v2\/comments?post=35638"}],"version-history":[{"count":0,"href":"https:\/\/redept.com.br\/blogosfera\/wp-json\/wp\/v2\/posts\/35638\/revisions"}],"wp:attachment":[{"href":"https:\/\/redept.com.br\/blogosfera\/wp-json\/wp\/v2\/media?parent=35638"}],"wp:term":[{"taxonomy":"category","embeddable":true,"href":"https:\/\/redept.com.br\/blogosfera\/wp-json\/wp\/v2\/categories?post=35638"},{"taxonomy":"post_tag","embeddable":true,"href":"https:\/\/redept.com.br\/blogosfera\/wp-json\/wp\/v2\/tags?post=35638"}],"curies":[{"name":"wp","href":"https:\/\/api.w.org\/{rel}","templated":true}]}}