{"id":35815,"date":"2025-06-30T17:12:36","date_gmt":"2025-06-30T20:12:36","guid":{"rendered":"https:\/\/redept.org\/blogosfera\/comunista-sera-a-candidata-da-coalizao-de-esquerda-a-presidencia-do-chile\/"},"modified":"2025-06-30T17:12:36","modified_gmt":"2025-06-30T20:12:36","slug":"comunista-sera-a-candidata-da-coalizao-de-esquerda-a-presidencia-do-chile","status":"publish","type":"post","link":"https:\/\/redept.com.br\/blogosfera\/comunista-sera-a-candidata-da-coalizao-de-esquerda-a-presidencia-do-chile\/","title":{"rendered":"Comunista ser\u00e1 a candidata da coaliz\u00e3o de esquerda \u00e0 presid\u00eancia do Chile"},"content":{"rendered":"<p><img fetchpriority=\"high\" width=\"1024\" height=\"576\"src=\"https:\/\/redept.org\/blogosfera\/wp-content\/uploads\/2025\/06\/foto-7-1.jpg\" alt=\"\" decoding=\"async\" srcset=\"https:\/\/vermelho.org.br\/wp-content\/uploads\/2025\/06\/foto-7-1-1024x576.jpg 1024w, https:\/\/vermelho.org.br\/wp-content\/uploads\/2025\/06\/foto-7-1-300x169.jpg 300w, https:\/\/vermelho.org.br\/wp-content\/uploads\/2025\/06\/foto-7-1-768x432.jpg 768w, https:\/\/vermelho.org.br\/wp-content\/uploads\/2025\/06\/foto-7-1-1536x864.jpg 1536w, https:\/\/redept.org\/blogosfera\/wp-content\/uploads\/2025\/06\/foto-7-1.jpg 1920w\" sizes=\"(max-width: 1024px) 100vw, 1024px\"><\/p>\n<p>A coaliz\u00e3o de esquerda do Chile escolheu a comunista Jeannette Jara, ex-ministra do Trabalho do governo Gabriel Boric, como candidata \u00e0 presid\u00eancia nas elei\u00e7\u00f5es previstas para novembro. A advogada computou mais de 60% dos votos, com isso se torna a primeira candidata do Partido Comunista do Chile lan\u00e7ada para representar a coaliz\u00e3o no pleito nacional.<\/p>\n<p>Jara, advogada de 51 anos, esteve como ministra do atual governo at\u00e9 abril. Ela liderou importantes avan\u00e7os durante sua gest\u00e3o na pasta, como a <a href=\"https:\/\/vermelho.org.br\/2023\/04\/12\/reducao-da-jornada-de-trabalho-e-aprovada-no-chile\/\">redu\u00e7\u00e3o da jornada de trabalho para 40 horas semanais<\/a>, com o apoio de deputadas tamb\u00e9m comunistas, e pela <a href=\"https:\/\/vermelho.org.br\/2022\/11\/03\/boric-apresenta-reforma-da-previdencia-que-acaba-com-fundos-de-pensao-no-chile\/\">reforma da previd\u00eancia<\/a>. <\/p>\n<p>A reforma introduziu um sistema misto ao combinar a capitaliza\u00e7\u00e3o individual com um novo seguro estatal, aumentando gradualmente os valores das aposentadorias, que haviam sido severamente reduzidos pelo sistema da ditadura Pinochet.<\/p>\n<p>Para conquistar a posi\u00e7\u00e3o dentro da coaliza\u00e7\u00e3o de partidos governistas, Jara venceu a ex-ministra do Interior Carolina Toh\u00e1 e os deputados Gonzalo Winter (apoiado pelo partido de Boric, Frente Ampla) e Jaime Mulet.<\/p>\n<p><strong>Leia mais: <\/strong><a href=\"https:\/\/vermelho.org.br\/2024\/04\/16\/karol-cariola-e-a-primeira-comunista-a-presidir-a-camara-dos-deputados-do-chile\/\">Karol Cariola \u00e9 a primeira comunista a presidir a C\u00e2mara dos Deputados do Chile<\/a><\/p>\n<p>Pelas redes, a comunista recebeu o apoio dos colegas contra os quais disputou. A ex-ministra tamb\u00e9m publicou um agradecimento a eles e falou das propostas que nortear\u00e3o sua campanha:<\/p>\n<p><em>\u201cAssumo com humildade e muita responsabilidade a honra de ter sido escolhida como a candidata do progressismo para as pr\u00f3ximas elei\u00e7\u00f5es presidenciais. Essa vit\u00f3ria \u00e9 de voc\u00eas, dos jovens, das mulheres, dos trabalhadores e trabalhadoras, das fam\u00edlias que sonham com um Chile mais justo e com mais oportunidades [\u2026] vamos elaborar um programa de governo que coloque no centro o que realmente importa: empregos dignos, sa\u00fade, moradias dignas, seguran\u00e7a para nossas fam\u00edlias e bairros, crescimento econ\u00f4mico com inova\u00e7\u00e3o e cuidado com o meio ambiente\u201d,<\/em> afirma a candidata, que ir\u00e1 ouvir a popula\u00e7\u00e3o para compor o seu programa.<\/p>\n<p>Boric saudou o resultado e disse que Jara \u201c<em>passa imediatamente a liderar as for\u00e7as do progressismo rumo ao futuro\u201d<\/em>. Segundo o presidente, mais de 1,4 milh\u00e3o de chilenos participaram das prim\u00e1rias, o que representa o fortalecimento da democracia<\/p>\n<p><em>\u201cAgora, vamos todos juntos trabalhar pela unidade, com carinho e abertura para convocar a maioria dos nossos compatriotas a continuar construindo um pa\u00eds mais justo, seguro e feliz\u201d,<\/em> disse o presidente.<\/p>\n<p><strong>Leia mais: <\/strong><a href=\"https:\/\/vermelho.org.br\/2025\/04\/22\/lula-e-boric-defendem-integracao-sul-americana-contra-instabilidade-global\/\">Lula e Boric defendem integra\u00e7\u00e3o sul-americana contra instabilidade global<\/a><\/p>\n<p>A constitui\u00e7\u00e3o chilena prev\u00ea um mandato presidencial de 4 anos sem a possibilidade de reelei\u00e7\u00e3o consecutiva. Assim, Boric n\u00e3o pode sair candidato a presidente. Os principais advers\u00e1rios de Jara na disputa dever\u00e3o ser Evelyn Matthei, da direita tradicional, e Jos\u00e9 Antonio Kast, da extrema direita \u2013 derrotado por Boric no segundo turno de 2021.<\/p>\n<p>O post <a href=\"https:\/\/vermelho.org.br\/2025\/06\/30\/comunista-sera-a-candidata-da-coalizao-de-esquerda-a-presidencia-do-chile\/\">Comunista ser\u00e1 a candidata da coaliz\u00e3o de esquerda \u00e0 presid\u00eancia do Chile<\/a> apareceu primeiro em <a href=\"https:\/\/vermelho.org.br\/\">Vermelho<\/a>.<\/p>\n<!-- Begin Yuzo --><div class='yuzo_related_post style-1'  data-version='5.12.89'><!-- without result --><div class='yuzo_clearfixed yuzo__title yuzo__title'><h3>Related Post<\/h3><\/div>\n\t\t\t\t\t\t  <div class=\"relatedthumb \" style=\"width:125px;float:left;overflow:hidden;\">  \n\t\t\t\t\t\t\t  \n\t\t\t\t\t\t\t  <a  href=\"https:\/\/redept.com.br\/blogosfera\/india-paquistao-uma-relacao-hostil-por-isidoros-karderinis\/\"  >\n\t\t\t\t\t\t\t\t\t  <div class=\"yuzo-img-wrap \" style=\"width: 125px;height:90px;\">\n\t\t\t\t\t\t\t\t\t\t\n\t\t\t\t\t\t\t\t\t\t<div class=\"yuzo-img\" style=\"background:url('https:\/\/redept.org\/blogosfera\/wp-content\/plugins\/yuzo-related-post\/assets\/images\/default.png') 50% 50% no-repeat;width: 125px;height:90px;margin-bottom: 5px;background-size: cover; \"><\/div>\n\t\t\t\t\t\t\t\t\t  <\/div>\n\t\t\t\t\t\t\t\t\t  \n\t\t\t\t\t\t\t\t   <span class=\"yuzo__text--title\" style=\"font-size:13px;\">\u00cdndia-Paquist\u00e3o: uma rela\u00e7\u00e3o hostil (por Isidoros ...<\/span>\n\t\t\t\t\t\t\t  \n\t\t\t\t\t\t\t  \n\t\t\t\t\t\t\t  <\/a>\n\n\t\t\t\t\t\t  <\/div>\n\t\t\t\t\t\t  <div class=\"relatedthumb \" style=\"width:125px;float:left;overflow:hidden;\">  \n\t\t\t\t\t\t\t  \n\t\t\t\t\t\t\t  <a  href=\"https:\/\/redept.com.br\/blogosfera\/lula-destina-recursos-da-exploracao-de-petroleo-para-a-assistencia-estudantil\/\"  >\n\t\t\t\t\t\t\t\t\t  <div class=\"yuzo-img-wrap \" style=\"width: 125px;height:90px;\">\n\t\t\t\t\t\t\t\t\t\t\n\t\t\t\t\t\t\t\t\t\t<div class=\"yuzo-img\" style=\"background:url('https:\/\/redept.com.br\/blogosfera\/wp-content\/uploads\/2025\/07\/54661482583_9a47a3696a_k-150x150.jpg') 50% 50% no-repeat;width: 125px;height:90px;margin-bottom: 5px;background-size: cover; \"><\/div>\n\t\t\t\t\t\t\t\t\t  <\/div>\n\t\t\t\t\t\t\t\t\t  \n\t\t\t\t\t\t\t\t   <span class=\"yuzo__text--title\" style=\"font-size:13px;\">Lula destina recursos da explora\u00e7\u00e3o de petr\u00f3leo pa...<\/span>\n\t\t\t\t\t\t\t  \n\t\t\t\t\t\t\t  \n\t\t\t\t\t\t\t  <\/a>\n\n\t\t\t\t\t\t  <\/div>\n\t\t\t\t\t\t  <div class=\"relatedthumb \" style=\"width:125px;float:left;overflow:hidden;\">  \n\t\t\t\t\t\t\t  \n\t\t\t\t\t\t\t  <a  href=\"https:\/\/sul21.com.br\/noticias\/cultura\/2025\/11\/casa-de-cultura-celebra-a-musica-brasileira-neste-sabado-8-com-o-som-na-casa\/\"  >\n\t\t\t\t\t\t\t\t\t  <div class=\"yuzo-img-wrap \" style=\"width: 125px;height:90px;\">\n\t\t\t\t\t\t\t\t\t\t\n\t\t\t\t\t\t\t\t\t\t<div class=\"yuzo-img\" style=\"background:url('https:\/\/redept.org\/blogosfera\/wp-content\/plugins\/yuzo-related-post\/assets\/images\/default.png') 50% 50% no-repeat;width: 125px;height:90px;margin-bottom: 5px;background-size: cover; \"><\/div>\n\t\t\t\t\t\t\t\t\t  <\/div>\n\t\t\t\t\t\t\t\t\t  \n\t\t\t\t\t\t\t\t   <span class=\"yuzo__text--title\" style=\"font-size:13px;\">Casa de Cultura celebra a m\u00fasica brasileira neste ...<\/span>\n\t\t\t\t\t\t\t  \n\t\t\t\t\t\t\t  \n\t\t\t\t\t\t\t  <\/a>\n\n\t\t\t\t\t\t  <\/div>\n\t\t\t\t\t\t  <div class=\"relatedthumb \" style=\"width:125px;float:left;overflow:hidden;\">  \n\t\t\t\t\t\t\t  \n\t\t\t\t\t\t\t  <a  href=\"https:\/\/sul21.com.br\/noticias\/cultura\/2025\/10\/cinemateca-capitolio-exibe-os-filhos-do-medo-em-programacao-especial-no-dia-das-criancas-12\/\"  >\n\t\t\t\t\t\t\t\t\t  <div class=\"yuzo-img-wrap \" style=\"width: 125px;height:90px;\">\n\t\t\t\t\t\t\t\t\t\t\n\t\t\t\t\t\t\t\t\t\t<div class=\"yuzo-img\" style=\"background:url('https:\/\/redept.org\/blogosfera\/wp-content\/plugins\/yuzo-related-post\/assets\/images\/default.png') 50% 50% no-repeat;width: 125px;height:90px;margin-bottom: 5px;background-size: cover; \"><\/div>\n\t\t\t\t\t\t\t\t\t  <\/div>\n\t\t\t\t\t\t\t\t\t  \n\t\t\t\t\t\t\t\t   <span class=\"yuzo__text--title\" style=\"font-size:13px;\">Cinemateca Capit\u00f3lio exibe \u2018Os Filhos do Medo\u2019 em ...<\/span>\n\t\t\t\t\t\t\t  \n\t\t\t\t\t\t\t  \n\t\t\t\t\t\t\t  <\/a>\n\n\t\t\t\t\t\t  <\/div>\n<\/div> <script>\n\t\t\t\t\t\t  jQuery(document).ready(function( $ ){\n\t\t\t\t\t\t\t\/\/jQuery('.yuzo_related_post').equalizer({ overflow : 'relatedthumb' });\n\t\t\t\t\t\t\tjQuery('.yuzo_related_post .yuzo_wraps').equalizer({ columns : '> div' });\n\t\t\t\t\t\t   })\n\t\t\t\t\t\t  <\/script> <!-- End Yuzo :) -->","protected":false},"excerpt":{"rendered":"<p>A coaliz\u00e3o de esquerda do Chile escolheu a comunista Jeannette Jara, ex-ministra do Trabalho do governo Gabriel Boric, como candidata \u00e0 presid\u00eancia nas elei\u00e7\u00f5es previstas para novembro. A advogada computou mais de 60% dos votos, com isso se torna a primeira candidata do Partido Comunista do Chile lan\u00e7ada para representar a coaliz\u00e3o no pleito nacional. [&hellip;]<\/p>\n","protected":false},"author":2,"featured_media":0,"comment_status":"open","ping_status":"closed","sticky":false,"template":"","format":"standard","meta":{"fifu_image_url":"","fifu_image_alt":"","footnotes":""},"categories":[571,4798,50,9090,9130],"tags":[],"class_list":["post-35815","post","type-post","status-publish","format-standard","hentry","category-chile","category-gabriel-boric","category-internacional","category-jeannette-jara","category-partido-comunista-do-chile"],"_links":{"self":[{"href":"https:\/\/redept.com.br\/blogosfera\/wp-json\/wp\/v2\/posts\/35815","targetHints":{"allow":["GET"]}}],"collection":[{"href":"https:\/\/redept.com.br\/blogosfera\/wp-json\/wp\/v2\/posts"}],"about":[{"href":"https:\/\/redept.com.br\/blogosfera\/wp-json\/wp\/v2\/types\/post"}],"author":[{"embeddable":true,"href":"https:\/\/redept.com.br\/blogosfera\/wp-json\/wp\/v2\/users\/2"}],"replies":[{"embeddable":true,"href":"https:\/\/redept.com.br\/blogosfera\/wp-json\/wp\/v2\/comments?post=35815"}],"version-history":[{"count":0,"href":"https:\/\/redept.com.br\/blogosfera\/wp-json\/wp\/v2\/posts\/35815\/revisions"}],"wp:attachment":[{"href":"https:\/\/redept.com.br\/blogosfera\/wp-json\/wp\/v2\/media?parent=35815"}],"wp:term":[{"taxonomy":"category","embeddable":true,"href":"https:\/\/redept.com.br\/blogosfera\/wp-json\/wp\/v2\/categories?post=35815"},{"taxonomy":"post_tag","embeddable":true,"href":"https:\/\/redept.com.br\/blogosfera\/wp-json\/wp\/v2\/tags?post=35815"}],"curies":[{"name":"wp","href":"https:\/\/api.w.org\/{rel}","templated":true}]}}