{"id":35863,"date":"2025-06-30T15:20:36","date_gmt":"2025-06-30T18:20:36","guid":{"rendered":"https:\/\/redept.org\/blogosfera\/um-genio-no-ostracismo-as-invencoes-de-roberto-landell-de-moura\/"},"modified":"2025-06-30T15:20:36","modified_gmt":"2025-06-30T18:20:36","slug":"um-genio-no-ostracismo-as-invencoes-de-roberto-landell-de-moura","status":"publish","type":"post","link":"https:\/\/redept.com.br\/blogosfera\/um-genio-no-ostracismo-as-invencoes-de-roberto-landell-de-moura\/","title":{"rendered":"Um g\u00eanio no ostracismo: as inven\u00e7\u00f5es de Roberto Landell de Moura"},"content":{"rendered":"<p>H\u00e1 97 anos, em 30 de junho de 1928, falecia o padre, cientista e inventor brasileiro Roberto Landell de Moura, pioneiro das telecomunica\u00e7\u00f5es.<\/p>\n<p>Landell de Moura foi respons\u00e1vel por realizar algumas das primeiras experi\u00eancias bem sucedidas de transmiss\u00e3o e recep\u00e7\u00e3o de voz e de sinais telegr\u00e1ficos atrav\u00e9s de ondas eletromagn\u00e9ticas \u2014 motivo pelo qual ele seria reconhecido por alguns historiadores como o inventor do r\u00e1dio e do telefone sem fio.<\/p>\n<p>O brasileiro tamb\u00e9m se notabilizou por trabalhos inovadores sobre a transmiss\u00e3o de imagens \u00e0 dist\u00e2ncia, sendo considerado igualmente um dos pioneiros da televis\u00e3o, do teletipo, do controle remoto e at\u00e9 mesmo da fibra \u00f3ptica.<\/p>\n<p>Apesar de sua genialidade, Landell sofreu com a falta de apoio das autoridades brasileiras e enfrentou enorme resist\u00eancia da igreja. Rotulado como um \u201clun\u00e1tico exc\u00eantrico\u201d, ele teve seu laborat\u00f3rio vandalizado e chegou a ser acusado de \u201cbruxaria\u201d.<\/p>\n<h3>A carreira sacerdotal<\/h3>\n<p>Roberto Landell de Moura nasceu em 21 de janeiro de 1861, em Porto Alegre, Rio Grande do Sul, filho do capit\u00e3o In\u00e1cio Jos\u00e9 Ferreira de Moura e de Sara Mariana Landell. Cursou o ensino b\u00e1sico no Col\u00e9gio Nossa Senhora da Concei\u00e7\u00e3o, em S\u00e3o Leopoldo, e no educand\u00e1rio de Fernando Ferreira Gomes, em Porto Alegre.<\/p>\n<p>Desde muito cedo, Landell era fascinado pela ci\u00eancia, como atestam seus manuscritos registrando experi\u00eancias com telefonia feitas ainda na adolesc\u00eancia. Em 1876, ele se mudou para o Rio de Janeiro, a fim de estudar na Escola Polit\u00e9cnica. Pouco tempo depois, entretanto, foi convencido pelo irm\u00e3o a seguir a carreira eclesi\u00e1stica.<\/p>\n<p>Landell partiu ent\u00e3o para Roma, onde se matriculou no curso de Direito Can\u00f4nico do Col\u00e9gio Pio Americano. A despeito da orienta\u00e7\u00e3o religiosa, Landell manteve seu interesse pela pesquisa cient\u00edfica, frequentando concomitantemente a Universidade Gregoriana e aprofundando seus estudos sobre f\u00edsica.<\/p>\n<p>Ordenado sacerdote em 1886, Landell retornou ao Brasil. Estabeleceu-se no Semin\u00e1rio de S\u00e3o Jos\u00e9, no Rio de Janeiro, e serviu como substituto do coadjutor do capel\u00e3o do Pa\u00e7o Imperial, ocasi\u00e3o em que manteve col\u00f3quios cient\u00edficos com D. Pedro II.<\/p>\n<p>Landell regressou posteriormente a Porto Alegre, onde foi nomeado capel\u00e3o da Igreja do Bonfim, e lecionou hist\u00f3ria universal no Semin\u00e1rio Episcopal. Tamb\u00e9m exerceu atividades sacerdotais em Uruguaiana, Santos, Campinas e S\u00e3o Paulo. Data desse per\u00edodo a ideia de criar um col\u00e9gio prolet\u00e1rio, inviabilizada pela falta de recursos.<\/p>\n<p>A carreira sacerdotal de Landell foi bastante atribulada. A tentativa de conciliar as atividades religiosas com os estudos cient\u00edficos e suas declara\u00e7\u00f5es sobre a cren\u00e7a na vida extraterrestre escandalizaram a igreja. O padre chegou at\u00e9 mesmo a ter seu laborat\u00f3rio invadido e vandalizado por fi\u00e9is.<\/p>\n<h3>Pioneiro do r\u00e1dio<\/h3>\n<p>As pesquisas de Landell se inserem no contexto da corrida cient\u00edfica internacional em prol da melhoria das comunica\u00e7\u00f5es, fomentada a partir dos trabalhos sobre a aplica\u00e7\u00e3o das ondas eletromagn\u00e9ticas desenvolvidos por James Clerk Maxwell e Heinrich Hertz. Landell se converteria em um dos grandes pioneiros desse movimento, ao lado de nomes como Nikola Tesla, Marconi Guglielmo e Graham Bell.<\/p>\n<p>Atribui-se ao padre Landell a constru\u00e7\u00e3o do primeiro transmissor sem fio de mensagens da hist\u00f3ria, em 1892. Conforme registrado pelo historiador Ernani Fornari, Landell teria realizado as primeiras experi\u00eancias bem sucedidas de transmiss\u00e3o de sinais telegr\u00e1ficos sem fio entre 1893 e 1894 \u2014 isso, \u00e9 ao menos um ano antes do feito an\u00e1logo do italiano Guglielmo Marconi. A transmiss\u00e3o de Landell, entretanto, teria coberto uma dist\u00e2ncia de oito quil\u00f4metros, o dobro da alcan\u00e7ada pelo aparelho do italiano.<\/p>\n<p>Os primeiros experimentos de Landell foram referendados por testemunhas e seu pioneirismo foi reconhecido por algumas publica\u00e7\u00f5es internacionais \u2014 nomeadamente a \u201cEnciclop\u00e9dia do R\u00e1dio\u201d do historiador norte-americano Christopher Sterling.<\/p>\n<p>Entretanto, a aus\u00eancia de documenta\u00e7\u00e3o s\u00f3lida e de registros coevos prejudicou o reconhecimento internacional dessas experi\u00eancias. Amparado por provas mais concretas, Marconi seria consagrado como o inventor do r\u00e1dio.<\/p>\n<p>Landell somente faria suas primeiras demonstra\u00e7\u00f5es p\u00fablicas e bem documentadas de transmiss\u00e3o de r\u00e1dio em meados de 1899. Um artigo publicado pelo \u201c<em>Jornal do Commercio<\/em>\u201d em 14 de junho daquele ano registrou o sucesso de uma experi\u00eancia em que Landell transmitiu o som e voz a uma dist\u00e2ncia de sete quil\u00f4metros.<\/p>\n<p>Pouco tempo depois, em 16 de julho, o sacerdote fez nova demonstra\u00e7\u00e3o p\u00fablica, transmitindo o Hino Nacional Brasileiro do Col\u00e9gio Santana, na Zona Norte de S\u00e3o Paulo, at\u00e9 a Ponte das Bandeiras, na regi\u00e3o central da capital paulista. O evento ocorreu duas d\u00e9cadas antes da funda\u00e7\u00e3o do R\u00e1dio Clube de Pernambuco e 23 anos antes da primeira transmiss\u00e3o oficial de r\u00e1dio no Brasil, ocorrida em 7 de setembro de 1922.<\/p>\n<figure aria-describedby=\"caption-attachment-223781\"><img loading=\"lazy\" loading=\"lazy\" decoding=\"async\"src=\"https:\/\/redept.org\/blogosfera\/wp-content\/uploads\/2025\/07\/roberto_landell_de_moura.jpg\" alt=\"\" width=\"480\" height=\"597\" srcset=\"https:\/\/redept.org\/blogosfera\/wp-content\/uploads\/2025\/07\/roberto_landell_de_moura.jpg 480w, https:\/\/operamundi.uol.com.br\/wp-content\/uploads\/2025\/06\/roberto_landell_de_moura-241x300.jpg 241w, https:\/\/operamundi.uol.com.br\/wp-content\/uploads\/2025\/06\/roberto_landell_de_moura-150x187.jpg 150w\" sizes=\"auto, (max-width: 480px) 100vw, 480px\"><figcaption>Roberto Landell de Moura em 1908 <br \/>Autor desconhecido\/Wikimedia Commons<\/figcaption><\/figure>\n<h3>Outras inven\u00e7\u00f5es e a temporada nos Estados Unidos<\/h3>\n<p>Em 3 de junho de 1900, Landell realizou mais uma demonstra\u00e7\u00e3o p\u00fablica, transmitindo sons e sinais telegr\u00e1ficos do bairro de Santana at\u00e9 a Avenida Paulista. No mesmo per\u00edodo, o padre apresentou cinco de suas inven\u00e7\u00f5es: o \u201cTelouxiaphono\u201d, o \u201cKaleophono\u201d, o \u201cAnematophono\u201d, o \u201cTeletiton\u201d e o \u201cEdiphono\u201d.<\/p>\n<p>Todas essas experi\u00eancias de transmiss\u00e3o de voz realizadas por Landell entre 1899 e 1900 o credenciam tamb\u00e9m ao t\u00edtulo de pioneiro mundial da telefonia sem fio. Mas, embora tenham sido registradas e at\u00e9 mesmo testemunhadas por representantes de delega\u00e7\u00f5es diplom\u00e1ticas, essas experi\u00eancias n\u00e3o receberam a aten\u00e7\u00e3o devida da imprensa brasileira.<\/p>\n<p>Tal fato contribuiu para que o canadense Reginald Fessenden reivindicasse incorretamente a cria\u00e7\u00e3o do telefone sem fio em dezembro de 1900, muito tempo depois de Landell j\u00e1 ter inventado o aparelho.<\/p>\n<p>Landell tamb\u00e9m aperfei\u00e7oou o sistema de telefonia por onda de luz concebido por Graham Bell, aumentando sua pot\u00eancia com o emprego do arco voltaico e uso de espelhos parab\u00f3licos.<\/p>\n<p>Em 1901, Landell obteve a primeira patente brasileira para \u201cum aparelho destinado \u00e0 transmiss\u00e3o fon\u00e9tica \u00e0 dist\u00e2ncia\u201d, mas n\u00e3o conseguiu angariar apoio do governo para suas inven\u00e7\u00f5es.<\/p>\n<p>No mesmo ano, buscando divulgar suas pesquisas, o brasileiro se mudou para os Estados Unidos, montando um laborat\u00f3rio em Nova York. Landell obteve consider\u00e1vel reconhecimento na imprensa norte-americana, tendo suas inven\u00e7\u00f5es saudadas por jornais como o \u201c<em>New York Herald<\/em>\u201c.<\/p>\n<p>Durante sua estadia nos Estados Unidos, o brasileiro obteve tr\u00eas patentes \u2014 incluindo a patente 771.917 para um transmissor de ondas, considerado o primeiro aparelho de r\u00e1dio do mundo.<\/p>\n<p>Em 1904, Landell desenvolveu o \u201cteleforama\u201d, prot\u00f3tipo de um equipamento apto a transmitir imagens por ondas eletromagn\u00e9ticas, considerado um precursor da televis\u00e3o \u2014 22 anos antes das primeiras demonstra\u00e7\u00f5es de John Logie Baird.<\/p>\n<p>As pesquisas de Landell com registradores telegr\u00e1ficos tamb\u00e9m podem ser consideradas prot\u00f3tipos para inven\u00e7\u00f5es como o controle remoto e o teletipo.<\/p>\n<h3>Retorno ao Brasil<\/h3>\n<p>Landell recebeu diversas ofertas de empres\u00e1rios norte-americanos buscando obter autoriza\u00e7\u00e3o para produ\u00e7\u00e3o industrial e comercializa\u00e7\u00e3o de seus inventos. O sacerdote, entretanto, recusou todas as oportunidades, uma vez que acreditava que \u201ccompetia ao Brasil entregar tais inventos \u00e0 humanidade\u201d. \u201cO que desejo \u00e9 que o fruto de meus estudos se traduza em proveito e gl\u00f3ria de minha P\u00e1tria\u201d, afirmou Landell em uma entrevista ao jornal \u201c<em>La Voz de Espa\u00f1a<\/em>\u201c.<\/p>\n<p>Em 1905, Landell retornou ao Brasil e reassumiu suas fun\u00e7\u00f5es sacerdotais. Buscando dar continuidade \u00e0s pesquisas e viabilizar a produ\u00e7\u00e3o dos inventos em prol do interesse p\u00fablico, Landell requisitou aos deputados de S\u00e3o Paulo uma subven\u00e7\u00e3o financeira, mas teve seu pedido negado.<\/p>\n<p>Em seguida, o padre pediu ao presidente Rodrigues Alves autoriza\u00e7\u00e3o para utilizar dois navios da Marinha para realizar uma demonstra\u00e7\u00e3o de transmiss\u00e3o sem fio em longas dist\u00e2ncias.<\/p>\n<p>O assessor da presid\u00eancia, entretanto, recomendou o indeferimento do pedido, alegando que Landell era \u201cum padre maluco\u201d que acreditava ser poss\u00edvel \u201cconversar com outros mundos\u201d. Indignado com a resposta, Landell teve um acesso de raiva e destruiu v\u00e1rios de seus equipamentos.<\/p>\n<p>Apesar das dificuldades e frustra\u00e7\u00f5es, Landell tentou prosseguir com suas pesquisas. Em 1907, chegou a escrever sobre os efeitos eletro-luminescentes e os campos energ\u00e9ticos que envolvem seres vivos \u2014 o chamado efeito Kirlian.<\/p>\n<p>N\u00e3o obstante, a igreja o pressionava cada vez mais a abandonar seus experimentos para se dedicar exclusivamente ao sacerd\u00f3cio. Os fi\u00e9is reclamavam da falta de dilig\u00eancia religiosa do padre e consideravam suas inven\u00e7\u00f5es como \u201cexcentricidades\u201d descabidas.<\/p>\n<p>Landell foi at\u00e9 mesmo alvo de boatos que o acusavam de bruxaria e de manter pacto com dem\u00f4nios. Ap\u00f3s uma s\u00e9rie de experi\u00eancias tumultuadas nas par\u00f3quias no interior paulista, Landell pediu exonera\u00e7\u00e3o e voltou para o Rio Grande do Sul.<\/p>\n<h3>\u00daltimos anos e reconhecimento p\u00f3stumo<\/h3>\n<p>Em Porto Alegre, Landell assumiu a Par\u00f3quia do Menino Deus e dirigiu o Asilo de Santa Teresa (atual Asilo Padre Cacique). Tamb\u00e9m lecionou por um curto per\u00edodo na Faculdade de Medicina Homeop\u00e1tica. Em seus \u00faltimos anos de vida, interessou-se pelo espiritismo e por psicologia, o que causou novos atritos com a comunidade cat\u00f3lica.<\/p>\n<p>Em 1919, Landell publicou o livro \u201c<em>Apontamentos de Psicologia<\/em>\u201d e no ano seguinte participou da funda\u00e7\u00e3o do Instituto Hist\u00f3rico e Geogr\u00e1fico do Rio Grande do Sul. Foi nomeado ainda vig\u00e1rio-geral da Arquidiocese de Porto Alegre e recebeu o t\u00edtulo eclesi\u00e1stico de monsenhor. Faleceu em 30 de junho de 1928, aos 67 anos de idade, vitimado pela tuberculose.<\/p>\n<p>Embora possua um legado inquestion\u00e1vel para o desenvolvimento das telecomunica\u00e7\u00f5es, Landell de Moura esteve por d\u00e9cadas relegado ao ostracismo, em parte pela aus\u00eancia de documenta\u00e7\u00e3o original com especifica\u00e7\u00f5es t\u00e9cnicas de seus inventos, mas sobretudo pela neglig\u00eancia e pelo vi\u00e9s american\u00f3filo e euroc\u00eantrico da m\u00eddia e da academia.<\/p>\n<p>Sua obra conheceu uma revaloriza\u00e7\u00e3o a partir dos anos 80, por interm\u00e9dio de pesquisas conduzidas pela Telebras e pela reconstitui\u00e7\u00e3o de seus inventos por iniciativa da Funda\u00e7\u00e3o de Ci\u00eancia e Tecnologia da capital ga\u00facha. Landell de Moura foi declarado Patrono da Ci\u00eancia, da Tecnologia e da Inova\u00e7\u00e3o de Porto Alegre. Em 2012, durante o governo de Dilma Rousseff, o nome de Landell foi inscrito no Livro de A\u00e7o dos Her\u00f3is e Hero\u00ednas da P\u00e1tria.<\/p>\n<p>O post <a href=\"https:\/\/operamundi.uol.com.br\/pensar-a-historia\/um-genio-no-ostracismo-as-invencoes-de-roberto-landell-de-moura\/\">Um g\u00eanio no ostracismo: as inven\u00e7\u00f5es de Roberto Landell de Moura<\/a> apareceu primeiro em <a href=\"https:\/\/operamundi.uol.com.br\/\">Opera Mundi<\/a>.<\/p>\n<!-- Begin Yuzo --><div class='yuzo_related_post style-1'  data-version='5.12.89'><!-- without result --><div class='yuzo_clearfixed yuzo__title yuzo__title'><h3>Related Post<\/h3><\/div>\n\t\t\t\t\t\t  <div class=\"relatedthumb \" style=\"width:125px;float:left;overflow:hidden;\">  \n\t\t\t\t\t\t\t  \n\t\t\t\t\t\t\t  <a  href=\"https:\/\/redept.com.br\/blogosfera\/lider-diz-que-governo-pedira-de-volta-cargos-de-traidores-que-derrubaram-mp-e-cita-caixa\/\"  >\n\t\t\t\t\t\t\t\t\t  <div class=\"yuzo-img-wrap \" style=\"width: 125px;height:90px;\">\n\t\t\t\t\t\t\t\t\t\t\n\t\t\t\t\t\t\t\t\t\t<div class=\"yuzo-img\" style=\"background:url('https:\/\/redept.org\/blogosfera\/wp-content\/plugins\/yuzo-related-post\/assets\/images\/default.png') 50% 50% no-repeat;width: 125px;height:90px;margin-bottom: 5px;background-size: cover; \"><\/div>\n\t\t\t\t\t\t\t\t\t  <\/div>\n\t\t\t\t\t\t\t\t\t  \n\t\t\t\t\t\t\t\t   <span class=\"yuzo__text--title\" style=\"font-size:13px;\">L\u00edder diz que governo pedir\u00e1 de volta cargos de tr...<\/span>\n\t\t\t\t\t\t\t  \n\t\t\t\t\t\t\t  \n\t\t\t\t\t\t\t  <\/a>\n\n\t\t\t\t\t\t  <\/div>\n\t\t\t\t\t\t  <div class=\"relatedthumb \" style=\"width:125px;float:left;overflow:hidden;\">  \n\t\t\t\t\t\t\t  \n\t\t\t\t\t\t\t  <a  href=\"https:\/\/redept.com.br\/blogosfera\/putin-discute-ucrania-com-enviado-de-trump-em-reuniao-de-mais-de-4h\/\"  >\n\t\t\t\t\t\t\t\t\t  <div class=\"yuzo-img-wrap \" style=\"width: 125px;height:90px;\">\n\t\t\t\t\t\t\t\t\t\t\n\t\t\t\t\t\t\t\t\t\t<div class=\"yuzo-img\" style=\"background:url('https:\/\/redept.org\/blogosfera\/wp-content\/plugins\/yuzo-related-post\/assets\/images\/default.png') 50% 50% no-repeat;width: 125px;height:90px;margin-bottom: 5px;background-size: cover; \"><\/div>\n\t\t\t\t\t\t\t\t\t  <\/div>\n\t\t\t\t\t\t\t\t\t  \n\t\t\t\t\t\t\t\t   <span class=\"yuzo__text--title\" style=\"font-size:13px;\">Putin discute Ucr\u00e2nia com enviado de Trump em reun...<\/span>\n\t\t\t\t\t\t\t  \n\t\t\t\t\t\t\t  \n\t\t\t\t\t\t\t  <\/a>\n\n\t\t\t\t\t\t  <\/div>\n\t\t\t\t\t\t  <div class=\"relatedthumb \" style=\"width:125px;float:left;overflow:hidden;\">  \n\t\t\t\t\t\t\t  \n\t\t\t\t\t\t\t  <a  href=\"https:\/\/redept.com.br\/blogosfera\/comunidade-da-gamboa-de-baixo-mantem-tradicao-de-oferendas-a-iemanja-ha-47-anos\/\"  >\n\t\t\t\t\t\t\t\t\t  <div class=\"yuzo-img-wrap \" style=\"width: 125px;height:90px;\">\n\t\t\t\t\t\t\t\t\t\t\n\t\t\t\t\t\t\t\t\t\t<div class=\"yuzo-img\" style=\"background:url('https:\/\/redept.org\/blogosfera\/wp-content\/plugins\/yuzo-related-post\/assets\/images\/default.png') 50% 50% no-repeat;width: 125px;height:90px;margin-bottom: 5px;background-size: cover; \"><\/div>\n\t\t\t\t\t\t\t\t\t  <\/div>\n\t\t\t\t\t\t\t\t\t  \n\t\t\t\t\t\t\t\t   <span class=\"yuzo__text--title\" style=\"font-size:13px;\">Comunidade da Gamboa de Baixo mant\u00e9m tradi\u00e7\u00e3o de o...<\/span>\n\t\t\t\t\t\t\t  \n\t\t\t\t\t\t\t  \n\t\t\t\t\t\t\t  <\/a>\n\n\t\t\t\t\t\t  <\/div>\n\t\t\t\t\t\t  <div class=\"relatedthumb \" style=\"width:125px;float:left;overflow:hidden;\">  \n\t\t\t\t\t\t\t  \n\t\t\t\t\t\t\t  <a  href=\"https:\/\/redept.com.br\/blogosfera\/governo-lula-reserva-casas-do-minha-casa-minha-vida-para-populacao-de-rua\/\"  >\n\t\t\t\t\t\t\t\t\t  <div class=\"yuzo-img-wrap \" style=\"width: 125px;height:90px;\">\n\t\t\t\t\t\t\t\t\t\t\n\t\t\t\t\t\t\t\t\t\t<div class=\"yuzo-img\" style=\"background:url('https:\/\/redept.org\/blogosfera\/wp-content\/plugins\/yuzo-related-post\/assets\/images\/default.png') 50% 50% no-repeat;width: 125px;height:90px;margin-bottom: 5px;background-size: cover; \"><\/div>\n\t\t\t\t\t\t\t\t\t  <\/div>\n\t\t\t\t\t\t\t\t\t  \n\t\t\t\t\t\t\t\t   <span class=\"yuzo__text--title\" style=\"font-size:13px;\">Governo Lula reserva casas do Minha Casa, Minha Vi...<\/span>\n\t\t\t\t\t\t\t  \n\t\t\t\t\t\t\t  \n\t\t\t\t\t\t\t  <\/a>\n\n\t\t\t\t\t\t  <\/div>\n<\/div> <script>\n\t\t\t\t\t\t  jQuery(document).ready(function( $ ){\n\t\t\t\t\t\t\t\/\/jQuery('.yuzo_related_post').equalizer({ overflow : 'relatedthumb' });\n\t\t\t\t\t\t\tjQuery('.yuzo_related_post .yuzo_wraps').equalizer({ columns : '> div' });\n\t\t\t\t\t\t   })\n\t\t\t\t\t\t  <\/script> <!-- End Yuzo :) -->","protected":false},"excerpt":{"rendered":"<p>H\u00e1 97 anos, em 30 de junho de 1928, falecia o padre, cientista e inventor brasileiro Roberto Landell de Moura, pioneiro das telecomunica\u00e7\u00f5es. Landell de Moura foi respons\u00e1vel por realizar algumas das primeiras experi\u00eancias bem sucedidas de transmiss\u00e3o e recep\u00e7\u00e3o de voz e de sinais telegr\u00e1ficos atrav\u00e9s de ondas eletromagn\u00e9ticas \u2014 motivo pelo qual ele [&hellip;]<\/p>\n","protected":false},"author":2,"featured_media":0,"comment_status":"closed","ping_status":"closed","sticky":false,"template":"","format":"standard","meta":{"fifu_image_url":"","fifu_image_alt":"","footnotes":""},"categories":[45,9150,354,5622,1285,9151,8095],"tags":[],"class_list":["post-35863","post","type-post","status-publish","format-standard","hentry","category-brasil","category-cientista","category-comunicacao","category-pensar-a-historia","category-radio","category-roberto-landell-de-moura","category-transmissao"],"_links":{"self":[{"href":"https:\/\/redept.com.br\/blogosfera\/wp-json\/wp\/v2\/posts\/35863","targetHints":{"allow":["GET"]}}],"collection":[{"href":"https:\/\/redept.com.br\/blogosfera\/wp-json\/wp\/v2\/posts"}],"about":[{"href":"https:\/\/redept.com.br\/blogosfera\/wp-json\/wp\/v2\/types\/post"}],"author":[{"embeddable":true,"href":"https:\/\/redept.com.br\/blogosfera\/wp-json\/wp\/v2\/users\/2"}],"replies":[{"embeddable":true,"href":"https:\/\/redept.com.br\/blogosfera\/wp-json\/wp\/v2\/comments?post=35863"}],"version-history":[{"count":0,"href":"https:\/\/redept.com.br\/blogosfera\/wp-json\/wp\/v2\/posts\/35863\/revisions"}],"wp:attachment":[{"href":"https:\/\/redept.com.br\/blogosfera\/wp-json\/wp\/v2\/media?parent=35863"}],"wp:term":[{"taxonomy":"category","embeddable":true,"href":"https:\/\/redept.com.br\/blogosfera\/wp-json\/wp\/v2\/categories?post=35863"},{"taxonomy":"post_tag","embeddable":true,"href":"https:\/\/redept.com.br\/blogosfera\/wp-json\/wp\/v2\/tags?post=35863"}],"curies":[{"name":"wp","href":"https:\/\/api.w.org\/{rel}","templated":true}]}}