{"id":36567,"date":"2025-07-04T11:28:46","date_gmt":"2025-07-04T14:28:46","guid":{"rendered":"https:\/\/redept.org\/blogosfera\/mst-reafirma-compromisso-internacionalista-em-reuniao-trimestral-na-venezuela\/"},"modified":"2025-07-04T11:28:46","modified_gmt":"2025-07-04T14:28:46","slug":"mst-reafirma-compromisso-internacionalista-em-reuniao-trimestral-na-venezuela","status":"publish","type":"post","link":"https:\/\/redept.com.br\/blogosfera\/mst-reafirma-compromisso-internacionalista-em-reuniao-trimestral-na-venezuela\/","title":{"rendered":"MST reafirma compromisso internacionalista em reuni\u00e3o trimestral na Venezuela"},"content":{"rendered":"<figure><img fetchpriority=\"high\" fetchpriority=\"high\" decoding=\"async\" width=\"1024\" height=\"576\"src=\"https:\/\/redept.org\/blogosfera\/wp-content\/uploads\/2025\/07\/IMG_6426.jpeg\" alt=\"\" srcset=\"https:\/\/mst.org.br\/wp-content\/uploads\/2025\/07\/IMG_6426-1024x576.jpeg 1024w, https:\/\/mst.org.br\/wp-content\/uploads\/2025\/07\/IMG_6426-300x169.jpeg 300w, https:\/\/mst.org.br\/wp-content\/uploads\/2025\/07\/IMG_6426-768x432.jpeg 768w, https:\/\/mst.org.br\/wp-content\/uploads\/2025\/07\/IMG_6426-1536x864.jpeg 1536w, https:\/\/redept.org\/blogosfera\/wp-content\/uploads\/2025\/07\/IMG_6426.jpeg 1920w\" sizes=\"(max-width: 1024px) 100vw, 1024px\"><figcaption><em>Foto: Maria Silva<\/em><\/figcaption><\/figure>\n<p><em>Por Maria Silva*<br \/>Da P\u00e1gina do MST<\/em><\/p>\n<p>Entre os dias 3 e 5 de julho, acontece na Escuela Robinsoriana, no distrito de Caracas, a reuni\u00e3o da Brigada Internacionalista Apol\u00f4nio de Carvalho (BIAC), do MST. \u00c9 a segunda vez que a brigada se re\u00fane esse ano e tem o intuito de an\u00e1lise e proje\u00e7\u00e3o das tarefas em uma perspectiva organizativa, formativa e de planejamento para o pr\u00f3ximo semestre.<\/p>\n<p>\u201cA primeira reuni\u00e3o foi mais de integra\u00e7\u00e3o, de nos conhecermos melhor enquanto Brigada do MST, dialogar sobre os projetos e processos, j\u00e1 que para muitas pessoas era a primeira vez chegando em uma brigada como essa na vida, ou mesmo chegando ao pa\u00eds\u201d, relembra Rosana Fernandes, atual coordenadora da BIAC na Venezuela. E complementa: \u201cagora, mais assentado sobre o que fazer, ainda que tenhamos outros companheiros que chegaram depois da primeira reuni\u00e3o, \u00e9 se debru\u00e7ar sobre o que fazer de fato, se aprofundando ainda mais sobre a realidade do pa\u00eds e sobre a compreens\u00e3o da grande tarefa que \u00e9 essa em que nos encontramos agora\u201d, explica.<\/p>\n<p>Para alguns dos militantes internacionalistas que fazem parte da Brigada, assim como creem ser para as demais pessoas do MST em processos como esse em outros pa\u00edses, a tarefa que assumem \u00e9 de fundamental import\u00e2ncia e de muita responsabilidade, principalmente porque n\u00e3o est\u00e3o representando apenas a si mesmos, mas uma organiza\u00e7\u00e3o com mais de 40 anos de Hist\u00f3ria e est\u00f3rias. <\/p>\n<figure><img decoding=\"async\" width=\"1024\" height=\"576\"src=\"https:\/\/redept.org\/blogosfera\/wp-content\/uploads\/2025\/07\/IMG_6398.jpeg\" alt=\"\" srcset=\"https:\/\/mst.org.br\/wp-content\/uploads\/2025\/07\/IMG_6398-1024x576.jpeg 1024w, https:\/\/mst.org.br\/wp-content\/uploads\/2025\/07\/IMG_6398-300x169.jpeg 300w, https:\/\/mst.org.br\/wp-content\/uploads\/2025\/07\/IMG_6398-768x432.jpeg 768w, https:\/\/mst.org.br\/wp-content\/uploads\/2025\/07\/IMG_6398-1536x864.jpeg 1536w, https:\/\/redept.org\/blogosfera\/wp-content\/uploads\/2025\/07\/IMG_6398.jpeg 1920w\" sizes=\"(max-width: 1024px) 100vw, 1024px\"><figcaption><em>Foto: Maria Silva<\/em><\/figcaption><\/figure>\n<p>\u201cEstamos aqui como MST. O que deixaremos aqui depois que voltarmos para o Brasil e outros vierem, \u00e9 o que fez o MST, e n\u00e3o Vanusa ou Altamir, ou outra pessoa enquanto indiv\u00edduo. Ou seja, quais foram as nossas contribui\u00e7\u00f5es para o que vive e constr\u00f3i a Venezuela hoje. Temos a responsabilidade de ser o MST em outro pa\u00eds\u201d, afirmam Vanusa Chaves e Altamir Bastos, ambos militantes do MST em S\u00e3o Paulo, hoje contribuindo em tarefas de acompanhamento na \u00e1rea da sa\u00fade, em Caracas, e na constru\u00e7\u00e3o e desenvolvimento do Projeto P\u00e1tria Grande del Sur, no Estado Bol\u00edvar, respectivamente.<\/p>\n<figure><img decoding=\"async\" width=\"1024\" height=\"576\"src=\"https:\/\/redept.org\/blogosfera\/wp-content\/uploads\/2025\/07\/IMG_6413.jpeg\" alt=\"\" srcset=\"https:\/\/mst.org.br\/wp-content\/uploads\/2025\/07\/IMG_6413-1024x576.jpeg 1024w, https:\/\/mst.org.br\/wp-content\/uploads\/2025\/07\/IMG_6413-300x169.jpeg 300w, https:\/\/mst.org.br\/wp-content\/uploads\/2025\/07\/IMG_6413-768x432.jpeg 768w, https:\/\/mst.org.br\/wp-content\/uploads\/2025\/07\/IMG_6413-1536x864.jpeg 1536w, https:\/\/redept.org\/blogosfera\/wp-content\/uploads\/2025\/07\/IMG_6413.jpeg 1920w\" sizes=\"(max-width: 1024px) 100vw, 1024px\"><figcaption><em>Dulce Marrufo, professora e pesquisadora na Venezuela. Foto: Maria Silva<\/em><\/figcaption><\/figure>\n<p>Dulce Marrufo, professora, pesquisadora e integrante da Rede de Hist\u00f3ria, Mem\u00f3ria e Patrim\u00f4nio, no estado Lara, contribuiu no tema de estudo durante o primeiro dia da reuni\u00e3o sobre a Hist\u00f3ria Geral da Venezuela. Para ela, a forma\u00e7\u00e3o \u00e9 chave para qualquer processo de liberta\u00e7\u00e3o. \u201cPara a luta dos movimentos sociais, do Movimento Sem Terra no Brasil, \u00e9 necess\u00e1rio que se conhe\u00e7a a hist\u00f3ria da nossa na\u00e7\u00e3o venezuelana, para comparar com a que tem e assim comprometer-se na luta pela liberta\u00e7\u00e3o, especialmente aos camponeses e camponesas que sobrevivem ao sistema de domina\u00e7\u00e3o capitalista em fase planet\u00e1ria\u201d, relembra sobre a import\u00e2ncia da troca de experi\u00eancias entre os povos. <\/p>\n<p>Ela tamb\u00e9m comentam sobre a import\u00e2ncia de conhecer a hist\u00f3ria para que, \u201cassim, possam continuar essa forma\u00e7\u00e3o e que se desenvolvam cada vez mais para defender a terra e a liberdade no seu pa\u00eds. [\u2026] O Brasil, ou qualquer outro pa\u00eds, n\u00e3o pode estar alheio ao que se passa na Am\u00e9rica Latina como um todo\u201d, finaliza.<\/p>\n<p>Pensando nisso o MST, em parceria com o Governo da Venezuela, constr\u00f3i o <a href=\"https:\/\/mst.org.br\/2025\/03\/31\/com-ajuda-do-mst-projeto-no-sul-da-venezuela-pretende-garantir-soberania-alimentar-do-pais\/\">Projeto P\u00e1tria Grande del Sur<\/a>, que para Bion\u00e7a, militante do MST no Par\u00e1, \u00e9 um projeto de imensa ousadia! \u201cQuando somos convidados a contribuir com a nossa viv\u00eancia do Movimento, os desafios n\u00e3o s\u00e3o poucos, mas a gente tem um sonho teimoso de implementar, de construir e fortalecer o territ\u00f3rio do Estado Bol\u00edvar, de fortalecer a agroecologia naquele espa\u00e7o, mas tamb\u00e9m, e sobretudo, fortalecer a unidade e a solidariedade entre os povos da Am\u00e9rica Latina, o v\u00ednculo de irmandade entre o povo brasileiro e o povo venezuelano.\u201d<\/p>\n<p>Essa reuni\u00e3o, assim como todos os trabalhos desenvolvidos pela Brigada do MST na Venezuela, fortalece e reafirma o compromisso do internacionalismo do Movimento a partir do trabalho popular nos territ\u00f3rios bolivarianos. \u201cDaqui, vamos em uma constru\u00e7\u00e3o di\u00e1ria e permanente para o socialismo, com participa\u00e7\u00e3o do povo. Se consulta o povo por tudo, se colocamos, tamb\u00e9m tiramos, j\u00e1 que \u00e9 esse mesmo povo quem faz a revolu\u00e7\u00e3o e n\u00e3o uma elite pensante\u201d, declara Dulce firmemente.<\/p>\n<p><em>**Setor de Comunica\u00e7\u00e3o do MST e Brigadista da BIAC na Venezuela.<\/em><\/p>\n<p>**<em>Editado por Solange Engelmann<\/em><\/p>\n<p>O post <a href=\"https:\/\/mst.org.br\/2025\/07\/04\/mst-reafirma-compromisso-internacionalista-em-reuniao-trimestral-na-venezuela\/\">MST reafirma compromisso internacionalista em reuni\u00e3o trimestral na Venezuela<\/a> apareceu primeiro em <a href=\"https:\/\/mst.org.br\/\">MST<\/a>.<\/p>\n<!-- Begin Yuzo --><div class='yuzo_related_post style-1'  data-version='5.12.89'><!-- without result --><div class='yuzo_clearfixed yuzo__title yuzo__title'><h3>Related Post<\/h3><\/div>\n\t\t\t\t\t\t  <div class=\"relatedthumb \" style=\"width:125px;float:left;overflow:hidden;\">  \n\t\t\t\t\t\t\t  \n\t\t\t\t\t\t\t  <a  href=\"https:\/\/redept.com.br\/blogosfera\/moraes-decide-mandar-bolsonaro-para-a-papudinha-onde-estao-anderson-torres-e-silvinei-vasques\/\"  >\n\t\t\t\t\t\t\t\t\t  <div class=\"yuzo-img-wrap \" style=\"width: 125px;height:90px;\">\n\t\t\t\t\t\t\t\t\t\t\n\t\t\t\t\t\t\t\t\t\t<div class=\"yuzo-img\" style=\"background:url('https:\/\/redept.org\/blogosfera\/wp-content\/plugins\/yuzo-related-post\/assets\/images\/default.png') 50% 50% no-repeat;width: 125px;height:90px;margin-bottom: 5px;background-size: cover; \"><\/div>\n\t\t\t\t\t\t\t\t\t  <\/div>\n\t\t\t\t\t\t\t\t\t  \n\t\t\t\t\t\t\t\t   <span class=\"yuzo__text--title\" style=\"font-size:13px;\">Moraes decide mandar Bolsonaro para a Papudinha, o...<\/span>\n\t\t\t\t\t\t\t  \n\t\t\t\t\t\t\t  \n\t\t\t\t\t\t\t  <\/a>\n\n\t\t\t\t\t\t  <\/div>\n\t\t\t\t\t\t  <div class=\"relatedthumb \" style=\"width:125px;float:left;overflow:hidden;\">  \n\t\t\t\t\t\t\t  \n\t\t\t\t\t\t\t  <a  href=\"https:\/\/redept.com.br\/blogosfera\/paraiba-recebe-278-doses-da-vacina-contra-mpox-para-pessoas-com-hiv-aids-e-baixa-imunidade\/\"  >\n\t\t\t\t\t\t\t\t\t  <div class=\"yuzo-img-wrap \" style=\"width: 125px;height:90px;\">\n\t\t\t\t\t\t\t\t\t\t\n\t\t\t\t\t\t\t\t\t\t<div class=\"yuzo-img\" style=\"background:url('https:\/\/redept.com.br\/blogosfera\/wp-content\/uploads\/2025\/06\/8c85e518-00b5-49d1-a601-663c8b8e2ff4-150x150.jpeg') 50% 50% no-repeat;width: 125px;height:90px;margin-bottom: 5px;background-size: cover; \"><\/div>\n\t\t\t\t\t\t\t\t\t  <\/div>\n\t\t\t\t\t\t\t\t\t  \n\t\t\t\t\t\t\t\t   <span class=\"yuzo__text--title\" style=\"font-size:13px;\">Para\u00edba recebe 278 doses da vacina contra Mpox par...<\/span>\n\t\t\t\t\t\t\t  \n\t\t\t\t\t\t\t  \n\t\t\t\t\t\t\t  <\/a>\n\n\t\t\t\t\t\t  <\/div>\n\t\t\t\t\t\t  <div class=\"relatedthumb \" style=\"width:125px;float:left;overflow:hidden;\">  \n\t\t\t\t\t\t\t  \n\t\t\t\t\t\t\t  <a  href=\"https:\/\/redept.com.br\/blogosfera\/pcc-faria-lima-e-o-papel-do-banco-central\/\"  >\n\t\t\t\t\t\t\t\t\t  <div class=\"yuzo-img-wrap \" style=\"width: 125px;height:90px;\">\n\t\t\t\t\t\t\t\t\t\t\n\t\t\t\t\t\t\t\t\t\t<div class=\"yuzo-img\" style=\"background:url('https:\/\/redept.com.br\/blogosfera\/wp-content\/uploads\/2025\/09\/Screenshot-2025-09-02-at-17-31-29-BRArticle-Post-89avif-imagem-AVIF-550-350-pixels-150x150.png') 50% 50% no-repeat;width: 125px;height:90px;margin-bottom: 5px;background-size: cover; \"><\/div>\n\t\t\t\t\t\t\t\t\t  <\/div>\n\t\t\t\t\t\t\t\t\t  \n\t\t\t\t\t\t\t\t   <span class=\"yuzo__text--title\" style=\"font-size:13px;\">PCC & Faria Lima: E o papel do Banco Central?<\/span>\n\t\t\t\t\t\t\t  \n\t\t\t\t\t\t\t  \n\t\t\t\t\t\t\t  <\/a>\n\n\t\t\t\t\t\t  <\/div>\n\t\t\t\t\t\t  <div class=\"relatedthumb \" style=\"width:125px;float:left;overflow:hidden;\">  \n\t\t\t\t\t\t\t  \n\t\t\t\t\t\t\t  <a  href=\"https:\/\/redept.com.br\/blogosfera\/carol-solberg-e-suspensa-pela-fivb-apos-comemorar-prisao-de-bolsonaro\/\"  >\n\t\t\t\t\t\t\t\t\t  <div class=\"yuzo-img-wrap \" style=\"width: 125px;height:90px;\">\n\t\t\t\t\t\t\t\t\t\t\n\t\t\t\t\t\t\t\t\t\t<div class=\"yuzo-img\" style=\"background:url('https:\/\/redept.org\/blogosfera\/wp-content\/plugins\/yuzo-related-post\/assets\/images\/default.png') 50% 50% no-repeat;width: 125px;height:90px;margin-bottom: 5px;background-size: cover; \"><\/div>\n\t\t\t\t\t\t\t\t\t  <\/div>\n\t\t\t\t\t\t\t\t\t  \n\t\t\t\t\t\t\t\t   <span class=\"yuzo__text--title\" style=\"font-size:13px;\">Carol Solberg \u00e9 suspensa pela FIVB ap\u00f3s comemorar ...<\/span>\n\t\t\t\t\t\t\t  \n\t\t\t\t\t\t\t  \n\t\t\t\t\t\t\t  <\/a>\n\n\t\t\t\t\t\t  <\/div>\n<\/div> <script>\n\t\t\t\t\t\t  jQuery(document).ready(function( $ ){\n\t\t\t\t\t\t\t\/\/jQuery('.yuzo_related_post').equalizer({ overflow : 'relatedthumb' });\n\t\t\t\t\t\t\tjQuery('.yuzo_related_post .yuzo_wraps').equalizer({ columns : '> div' });\n\t\t\t\t\t\t   })\n\t\t\t\t\t\t  <\/script> <!-- End Yuzo :) -->","protected":false},"excerpt":{"rendered":"<p>Foto: Maria Silva Por Maria Silva*Da P\u00e1gina do MST Entre os dias 3 e 5 de julho, acontece na Escuela Robinsoriana, no distrito de Caracas, a reuni\u00e3o da Brigada Internacionalista Apol\u00f4nio de Carvalho (BIAC), do MST. \u00c9 a segunda vez que a brigada se re\u00fane esse ano e tem o intuito de an\u00e1lise e proje\u00e7\u00e3o [&hellip;]<\/p>\n","protected":false},"author":2,"featured_media":0,"comment_status":"open","ping_status":"closed","sticky":false,"template":"","format":"standard","meta":{"fifu_image_url":"","fifu_image_alt":"","footnotes":""},"categories":[1520,1065,572,191,1049],"tags":[],"class_list":["post-36567","post","type-post","status-publish","format-standard","hentry","category-brigada-venezuela","category-intercambio","category-internacionalismo","category-noticias","category-venezuela"],"_links":{"self":[{"href":"https:\/\/redept.com.br\/blogosfera\/wp-json\/wp\/v2\/posts\/36567","targetHints":{"allow":["GET"]}}],"collection":[{"href":"https:\/\/redept.com.br\/blogosfera\/wp-json\/wp\/v2\/posts"}],"about":[{"href":"https:\/\/redept.com.br\/blogosfera\/wp-json\/wp\/v2\/types\/post"}],"author":[{"embeddable":true,"href":"https:\/\/redept.com.br\/blogosfera\/wp-json\/wp\/v2\/users\/2"}],"replies":[{"embeddable":true,"href":"https:\/\/redept.com.br\/blogosfera\/wp-json\/wp\/v2\/comments?post=36567"}],"version-history":[{"count":0,"href":"https:\/\/redept.com.br\/blogosfera\/wp-json\/wp\/v2\/posts\/36567\/revisions"}],"wp:attachment":[{"href":"https:\/\/redept.com.br\/blogosfera\/wp-json\/wp\/v2\/media?parent=36567"}],"wp:term":[{"taxonomy":"category","embeddable":true,"href":"https:\/\/redept.com.br\/blogosfera\/wp-json\/wp\/v2\/categories?post=36567"},{"taxonomy":"post_tag","embeddable":true,"href":"https:\/\/redept.com.br\/blogosfera\/wp-json\/wp\/v2\/tags?post=36567"}],"curies":[{"name":"wp","href":"https:\/\/api.w.org\/{rel}","templated":true}]}}