{"id":36714,"date":"2025-07-04T16:00:00","date_gmt":"2025-07-04T19:00:00","guid":{"rendered":"https:\/\/redept.org\/blogosfera\/milei-chileno-diz-apoiar-novo-golpe-militar-perseguicao-a-comunistas-e-repressao-violenta\/"},"modified":"2025-07-04T16:00:00","modified_gmt":"2025-07-04T19:00:00","slug":"milei-chileno-diz-apoiar-novo-golpe-militar-perseguicao-a-comunistas-e-repressao-violenta","status":"publish","type":"post","link":"https:\/\/redept.com.br\/blogosfera\/milei-chileno-diz-apoiar-novo-golpe-militar-perseguicao-a-comunistas-e-repressao-violenta\/","title":{"rendered":"\u2018Milei chileno\u2019 diz apoiar novo golpe militar, persegui\u00e7\u00e3o a comunistas e repress\u00e3o violenta"},"content":{"rendered":"<p>Em entrevista realizada nesta quinta-feira (03\/07) ao canal <em>Megavisi\u00f3n<\/em>, o candidato presidencial chileno Johannes Kaiser, do Partido Nacional Libert\u00e1rio, afirmou que apoiaria um novo golpe de Estado no pa\u00eds, semelhante ao promovido em 1973 por Augusto Pinochet.<\/p>\n<p>Perguntado sobre se apoiaria um novo golpe, o pol\u00edtico que atualmente exerce o cargo de deputado afirmou que o faria \u201csem d\u00favida, e aceitaria todas as consequ\u00eancias\u201d.<\/p>\n<p>Em seguida, o entrevistador questionou se ele reconhece as mortes e viola\u00e7\u00f5es aos direitos humanos ocorridas durante a ditadura de Pinochet (1973-1990), ao que Kaiser respondeu que sim, e que tamb\u00e9m estaria disposto a apoiar essas mesmas pr\u00e1ticas novamente.<\/p>\n<p><strong>Leia tamb\u00e9m | <a href=\"https:\/\/operamundi.uol.com.br\/politica-e-economia\/chile-comunista-jeannette-jara-vence-previas-e-sera-candidata-governista-a-presidencia\/\">Comunista Jeannette Jara vence pr\u00e9vias e ser\u00e1 candidata governista \u00e0 Presid\u00eancia do Chile<\/a><\/strong><\/p>\n<p>\u201cSe estamos pedindo (ao Ex\u00e9rcito) por uma luta de classes, e recebemos a resposta, n\u00e3o podemos esperar que ela seja pac\u00edfica\u201d, alegou o pol\u00edtico de extrema direita.<\/p>\n<p>Johannes Kaiser \u00e9 considerado pela imprensa de seu pa\u00eds como o \u201cMilei chileno\u201d, e lan\u00e7ou sua candidatura presidencial pelo recentemente fundado Partido Libert\u00e1rio Nacional, utilizando o termo \u201clibert\u00e1rio\u201d, utilizado justamente pelo presidente da Argentina para definir a si mesmo como uma forma diferente de defensor do liberalismo.<\/p>\n<figure aria-describedby=\"caption-attachment-224276\"><img loading=\"lazy\" loading=\"lazy\" decoding=\"async\"src=\"https:\/\/redept.org\/blogosfera\/wp-content\/uploads\/2025\/07\/kaiser.png\" alt=\"\" width=\"940\" height=\"573\" srcset=\"https:\/\/redept.org\/blogosfera\/wp-content\/uploads\/2025\/07\/kaiser.png 940w, https:\/\/operamundi.uol.com.br\/wp-content\/uploads\/2025\/07\/kaiser-300x183.png 300w, https:\/\/operamundi.uol.com.br\/wp-content\/uploads\/2025\/07\/kaiser-768x468.png 768w, https:\/\/operamundi.uol.com.br\/wp-content\/uploads\/2025\/07\/kaiser-150x91.png 150w, https:\/\/operamundi.uol.com.br\/wp-content\/uploads\/2025\/07\/kaiser-750x457.png 750w\" sizes=\"auto, (max-width: 940px) 100vw, 940px\"><figcaption>Johannes Kaiser \u00e9 conhecido como \u2018Milei chileno\u2019 pela imprensa do seu pa\u00eds <br \/>Reprodu\u00e7\u00e3o v\u00eddeo \/ Megavisi\u00f3n<\/figcaption><\/figure>\n<h3>Persegui\u00e7\u00e3o a comunistas<\/h3>\n<p>Al\u00e9m de se dizer apoiador de um poss\u00edvel novo golpe de Estado, Kaiser anunciou na entrevista que, se eleito, pretende tornar o Partido Comunista chileno ilegal, e iniciar um processo judicial contra todos os seus l\u00edderes, pelo suposto envolvimento com os protestos da revolta social em outubro de 2019.<\/p>\n<p>\u201cEstou dando um alerta, o Partido Comunista deveria sido condenado j\u00e1 durante o governo militar (ditadura de Pinochet), como fizeram na Pol\u00f4nia e na Ucr\u00e2nia, e n\u00f3s vamos fazer aqui no Chile se chegarmos ao governo\u201d, afirmou Kaiser.<\/p>\n<h3>Pesquisa<\/h3>\n<p>Na <a href=\"https:\/\/operamundi.uol.com.br\/politica-e-economia\/jeannete-jara-lidera-primeira-pesquisa-eleitoral-apos-vencer-previas-do-chile\/\">pesquisa eleitoral mais recente<\/a>, publicada nesta quinta-feira (03\/07) pela consultora Activa Research, Johannes Kaiser aparece em quinto lugar, com 4,2% das inten\u00e7\u00f5es de voto. Sua campanha vem em queda nas pesquisas, j\u00e1 que no come\u00e7o do ano ele aparecia com dois d\u00edgitos em algumas medi\u00e7\u00f5es.<\/p>\n<p>Quem lidera essa sondagem mais recente \u00e9 a candidata do partido que Kaiser defende perseguir: Jeannette Jara, do Partido Comunista, que aparece com 31,5% das inten\u00e7\u00f5es de voto.<\/p>\n<p>Em segundo lugar est\u00e1 outro candidato de extrema direita, Jos\u00e9 Ant\u00f3nio Kast, do Partido Republicano, com 18,1%, seguido por Evelyn Matthei, da Uni\u00e3o Democrata Independente (extrema direita), com 17,3%, e Franco Parisi, do Partido das Pessoas (ultraliberal) com 7,6%.<\/p>\n<p>Com informa\u00e7\u00f5es de <a href=\"https:\/\/www.meganoticias.cl\/nacional\/490996-johannes-kaiser-entrevista-de-frente-tomas-mosciatti-golpe-de-estado-brk-03-07-2025.html\"><em>Megavisi\u00f3n<\/em><\/a>\u00a0e <a href=\"https:\/\/www.elmostrador.cl\/noticias\/pais\/2025\/07\/03\/pulso-ciudadano-jeannette-jara-se-impone-en-primera-vuelta-pero-no-en-el-balotaje\/\"><em>El Mostrador<\/em><\/a>.<\/p>\n<p>O post <a href=\"https:\/\/operamundi.uol.com.br\/politica-e-economia\/milei-chileno-admite-apoiar-novo-golpe-e-perseguicao-de-opositores-no-pais\/\">\u2018Milei chileno\u2019 diz apoiar novo golpe militar, persegui\u00e7\u00e3o a comunistas e repress\u00e3o violenta<\/a> apareceu primeiro em <a href=\"https:\/\/operamundi.uol.com.br\/\">Opera Mundi<\/a>.<\/p>\n<!-- Begin Yuzo --><div class='yuzo_related_post style-1'  data-version='5.12.89'><!-- without result --><div class='yuzo_clearfixed yuzo__title yuzo__title'><h3>Related Post<\/h3><\/div>\n\t\t\t\t\t\t  <div class=\"relatedthumb \" style=\"width:125px;float:left;overflow:hidden;\">  \n\t\t\t\t\t\t\t  \n\t\t\t\t\t\t\t  <a  href=\"https:\/\/redept.com.br\/blogosfera\/lula-diz-que-aumento-do-preco-dos-combustiveis-e-injustificavel\/\"  >\n\t\t\t\t\t\t\t\t\t  <div class=\"yuzo-img-wrap \" style=\"width: 125px;height:90px;\">\n\t\t\t\t\t\t\t\t\t\t\n\t\t\t\t\t\t\t\t\t\t<div class=\"yuzo-img\" style=\"background:url('https:\/\/redept.org\/blogosfera\/wp-content\/plugins\/yuzo-related-post\/assets\/images\/default.png') 50% 50% no-repeat;width: 125px;height:90px;margin-bottom: 5px;background-size: cover; \"><\/div>\n\t\t\t\t\t\t\t\t\t  <\/div>\n\t\t\t\t\t\t\t\t\t  \n\t\t\t\t\t\t\t\t   <span class=\"yuzo__text--title\" style=\"font-size:13px;\">Lula diz que aumento do pre\u00e7o dos combust\u00edveis \u00e9 i...<\/span>\n\t\t\t\t\t\t\t  \n\t\t\t\t\t\t\t  \n\t\t\t\t\t\t\t  <\/a>\n\n\t\t\t\t\t\t  <\/div>\n\t\t\t\t\t\t  <div class=\"relatedthumb \" style=\"width:125px;float:left;overflow:hidden;\">  \n\t\t\t\t\t\t\t  \n\t\t\t\t\t\t\t  <a  href=\"https:\/\/redept.com.br\/blogosfera\/alta-no-preco-dos-alimentos-reforca-importancia-da-recuperacao-dos-estoques-publicos\/\"  >\n\t\t\t\t\t\t\t\t\t  <div class=\"yuzo-img-wrap \" style=\"width: 125px;height:90px;\">\n\t\t\t\t\t\t\t\t\t\t\n\t\t\t\t\t\t\t\t\t\t<div class=\"yuzo-img\" style=\"background:url('https:\/\/redept.org\/blogosfera\/wp-content\/plugins\/yuzo-related-post\/assets\/images\/default.png') 50% 50% no-repeat;width: 125px;height:90px;margin-bottom: 5px;background-size: cover; \"><\/div>\n\t\t\t\t\t\t\t\t\t  <\/div>\n\t\t\t\t\t\t\t\t\t  \n\t\t\t\t\t\t\t\t   <span class=\"yuzo__text--title\" style=\"font-size:13px;\">Alta no pre\u00e7o dos alimentos refor\u00e7a import\u00e2ncia da...<\/span>\n\t\t\t\t\t\t\t  \n\t\t\t\t\t\t\t  \n\t\t\t\t\t\t\t  <\/a>\n\n\t\t\t\t\t\t  <\/div>\n\t\t\t\t\t\t  <div class=\"relatedthumb \" style=\"width:125px;float:left;overflow:hidden;\">  \n\t\t\t\t\t\t\t  \n\t\t\t\t\t\t\t  <a  href=\"https:\/\/redept.com.br\/blogosfera\/em-enciclica-de-2015-papa-francisco-deu-visibilidade-a-critica-socioambiental-latino-americana-diz-professor\/\"  >\n\t\t\t\t\t\t\t\t\t  <div class=\"yuzo-img-wrap \" style=\"width: 125px;height:90px;\">\n\t\t\t\t\t\t\t\t\t\t\n\t\t\t\t\t\t\t\t\t\t<div class=\"yuzo-img\" style=\"background:url('https:\/\/redept.org\/blogosfera\/wp-content\/plugins\/yuzo-related-post\/assets\/images\/default.png') 50% 50% no-repeat;width: 125px;height:90px;margin-bottom: 5px;background-size: cover; \"><\/div>\n\t\t\t\t\t\t\t\t\t  <\/div>\n\t\t\t\t\t\t\t\t\t  \n\t\t\t\t\t\t\t\t   <span class=\"yuzo__text--title\" style=\"font-size:13px;\">Em enc\u00edclica de 2015, papa Francisco deu visibilid...<\/span>\n\t\t\t\t\t\t\t  \n\t\t\t\t\t\t\t  \n\t\t\t\t\t\t\t  <\/a>\n\n\t\t\t\t\t\t  <\/div>\n\t\t\t\t\t\t  <div class=\"relatedthumb \" style=\"width:125px;float:left;overflow:hidden;\">  \n\t\t\t\t\t\t\t  \n\t\t\t\t\t\t\t  <a  href=\"https:\/\/redept.com.br\/blogosfera\/trump-considera-seriamente-anexar-venezuela-como-51o-estado-dos-eua\/\"  >\n\t\t\t\t\t\t\t\t\t  <div class=\"yuzo-img-wrap \" style=\"width: 125px;height:90px;\">\n\t\t\t\t\t\t\t\t\t\t\n\t\t\t\t\t\t\t\t\t\t<div class=\"yuzo-img\" style=\"background:url('https:\/\/redept.org\/blogosfera\/wp-content\/plugins\/yuzo-related-post\/assets\/images\/default.png') 50% 50% no-repeat;width: 125px;height:90px;margin-bottom: 5px;background-size: cover; \"><\/div>\n\t\t\t\t\t\t\t\t\t  <\/div>\n\t\t\t\t\t\t\t\t\t  \n\t\t\t\t\t\t\t\t   <span class=\"yuzo__text--title\" style=\"font-size:13px;\">Trump considera seriamente anexar Venezuela como 5...<\/span>\n\t\t\t\t\t\t\t  \n\t\t\t\t\t\t\t  \n\t\t\t\t\t\t\t  <\/a>\n\n\t\t\t\t\t\t  <\/div>\n<\/div> <script>\n\t\t\t\t\t\t  jQuery(document).ready(function( $ ){\n\t\t\t\t\t\t\t\/\/jQuery('.yuzo_related_post').equalizer({ overflow : 'relatedthumb' });\n\t\t\t\t\t\t\tjQuery('.yuzo_related_post .yuzo_wraps').equalizer({ columns : '> div' });\n\t\t\t\t\t\t   })\n\t\t\t\t\t\t  <\/script> <!-- End Yuzo :) -->","protected":false},"excerpt":{"rendered":"<p>Em entrevista realizada nesta quinta-feira (03\/07) ao canal Megavisi\u00f3n, o candidato presidencial chileno Johannes Kaiser, do Partido Nacional Libert\u00e1rio, afirmou que apoiaria um novo golpe de Estado no pa\u00eds, semelhante ao promovido em 1973 por Augusto Pinochet. Perguntado sobre se apoiaria um novo golpe, o pol\u00edtico que atualmente exerce o cargo de deputado afirmou que [&hellip;]<\/p>\n","protected":false},"author":2,"featured_media":0,"comment_status":"closed","ping_status":"closed","sticky":false,"template":"","format":"standard","meta":{"fifu_image_url":"","fifu_image_alt":"","footnotes":""},"categories":[571,7907,307,1797,9090,9422,9423,1368,2161,8933,5518,9424],"tags":[],"class_list":["post-36714","post","type-post","status-publish","format-standard","hentry","category-chile","category-comunista","category-direitos-humanos","category-golpe","category-jeannette-jara","category-johannes-kaiser","category-libertario","category-luta-de-classes","category-milei","category-pinochet","category-politica-e-economia","category-revolta-social"],"_links":{"self":[{"href":"https:\/\/redept.com.br\/blogosfera\/wp-json\/wp\/v2\/posts\/36714","targetHints":{"allow":["GET"]}}],"collection":[{"href":"https:\/\/redept.com.br\/blogosfera\/wp-json\/wp\/v2\/posts"}],"about":[{"href":"https:\/\/redept.com.br\/blogosfera\/wp-json\/wp\/v2\/types\/post"}],"author":[{"embeddable":true,"href":"https:\/\/redept.com.br\/blogosfera\/wp-json\/wp\/v2\/users\/2"}],"replies":[{"embeddable":true,"href":"https:\/\/redept.com.br\/blogosfera\/wp-json\/wp\/v2\/comments?post=36714"}],"version-history":[{"count":0,"href":"https:\/\/redept.com.br\/blogosfera\/wp-json\/wp\/v2\/posts\/36714\/revisions"}],"wp:attachment":[{"href":"https:\/\/redept.com.br\/blogosfera\/wp-json\/wp\/v2\/media?parent=36714"}],"wp:term":[{"taxonomy":"category","embeddable":true,"href":"https:\/\/redept.com.br\/blogosfera\/wp-json\/wp\/v2\/categories?post=36714"},{"taxonomy":"post_tag","embeddable":true,"href":"https:\/\/redept.com.br\/blogosfera\/wp-json\/wp\/v2\/tags?post=36714"}],"curies":[{"name":"wp","href":"https:\/\/api.w.org\/{rel}","templated":true}]}}