{"id":36727,"date":"2025-07-04T11:19:19","date_gmt":"2025-07-04T14:19:19","guid":{"rendered":"https:\/\/redept.org\/blogosfera\/fogo-amigo-nikolas-ferreira-manda-indireta-para-eduardo-bolsonaro\/"},"modified":"2025-07-04T11:19:19","modified_gmt":"2025-07-04T14:19:19","slug":"fogo-amigo-nikolas-ferreira-manda-indireta-para-eduardo-bolsonaro","status":"publish","type":"post","link":"https:\/\/redept.com.br\/blogosfera\/fogo-amigo-nikolas-ferreira-manda-indireta-para-eduardo-bolsonaro\/","title":{"rendered":"Fogo amigo: Nikolas Ferreira manda indireta para Eduardo Bolsonaro"},"content":{"rendered":"<p>Deputado mineiro \u00e9 criticado por bolsonaristas ap\u00f3s participa\u00e7\u00e3o em podcast nos EUA.<\/p>\n<p>O deputado federal Nikolas Ferreira (PL-MG) entrou na mira de ataques de bolsonaristas ap\u00f3s mandar uma clara indireta contra o ex-companheiro de C\u00e2mara, Eduardo Bolsonaro.<\/p>\n<p>Durante participa\u00e7\u00e3o em um podcast de extrema direita estadunidense, o PBD Podcast, o parlamentar mineiro afirmou que n\u00e3o deseja uma interven\u00e7\u00e3o dos EUA no Brasil em favor de Bolsonaro.<\/p>\n<p>\u201cComo eu estava dizendo, eu n\u00e3o quero que [os EUA] interfiram em nada, nem na direita, nem na esquerda\u201d, disse Nikolas Ferreira.<\/p>\n<p>A fala dele ocorre no mesmo momento em que Eduardo Bolsonaro est\u00e1 atuando nos EUA para tentar sancionar Alexandre de Moraes e outras autoridades brasileiras.<\/p>\n<p>O foco do filho de Bolsonaro tem sido atuar como lobista junto a Paulo Figueiredo, outro porta-voz da extrema direita, para tentar fortalecer a influ\u00eancia de Donald Trump no Brasil.<\/p>\n<p>O recado no podcast foi visto como uma indireta para Eduardo. O parlamentar mineiro \u00e9 uma das figuras mais fortes do bolsonarismo nas redes. Apesar de, em sua fala, dizer que o objetivo de seu grupo pol\u00edtico \u00e9 colocar a popula\u00e7\u00e3o nas ruas, Nikolas n\u00e3o fez convoca\u00e7\u00f5es ou repercutiu o ato bolsonarista feito na Avenida Paulista em 29 de junho, \u00faltimo domingo.<\/p>\n<p>\u201cEle quer ser protagonista\u201d, disse um usu\u00e1rio no X comentando a indireta de Nikolas. \u201cEsse cara foi fisgado pela esquerda. \u00c9 um tra\u00edra. Farei campanha contra esse cara em Minas\u201d, afirmou outra conta no Twitter. \u201cTucaninho que faz crossfit\u201d, zombou outro, diz a Forum.<\/p>\n<hr>\n<h5>Apoie o Antropofagista com qualquer valor<br \/>\nPIX: 45013993768<br \/>\nAgradecemos imensamente<\/h5>\n<hr>\n<p><strong>Siga-nos no Whatsapp:<\/strong> <a href=\"https:\/\/chat.whatsapp.com\/HlpAeWDAUrD8Qq1AjWiCK5\">https:\/\/chat.whatsapp.com\/HlpAeWDAUrD8Qq1AjWiCK5<\/a><\/p>\n<p><strong>Siga-nos no Facebook:<\/strong> <a href=\"https:\/\/www.facebook.com\/profile.php?id=100070790366110\">https:\/\/www.facebook.com\/profile.php?id=100070790366110<\/a><\/p>\n<p><strong>Siga-nos no X:<\/strong> <a href=\"https:\/\/x.com\/Antropofagista1\">https:\/\/x.com\/Antropofagista1<\/a><\/p>\n<p><strong>Siga-nos no Instagram:<\/strong> <a href=\"https:\/\/www.instagram.com\/blogantropofagista?igsh=YzljYTk1ODg3Zg\">https:\/\/www.instagram.com\/blogantropofagista?igsh=YzljYTk1ODg3Zg<\/a><\/p>\n<p>The post <a href=\"https:\/\/antropofagista.com.br\/2025\/07\/04\/fogo-amigo-nikolas-ferreira-manda-indireta-para-eduardo-bolsonaro\/\">Fogo amigo: Nikolas Ferreira manda indireta para Eduardo Bolsonaro<\/a> first appeared on <a href=\"https:\/\/antropofagista.com.br\/\">Antropofagista<\/a>.<\/p>\n<!-- Begin Yuzo --><div class='yuzo_related_post style-1'  data-version='5.12.89'><!-- without result --><div class='yuzo_clearfixed yuzo__title yuzo__title'><h3>Related Post<\/h3><\/div>\n\t\t\t\t\t\t  <div class=\"relatedthumb \" style=\"width:125px;float:left;overflow:hidden;\">  \n\t\t\t\t\t\t\t  \n\t\t\t\t\t\t\t  <a  href=\"https:\/\/sul21.com.br\/opiniao\/2025\/11\/o-pais-que-condena-e-celebra-notas-sobre-tremembe-turbas-e-o-nosso-mal-estar-na-cultura-por-marcio-cabral\/\"  >\n\t\t\t\t\t\t\t\t\t  <div class=\"yuzo-img-wrap \" style=\"width: 125px;height:90px;\">\n\t\t\t\t\t\t\t\t\t\t\n\t\t\t\t\t\t\t\t\t\t<div class=\"yuzo-img\" style=\"background:url('https:\/\/redept.org\/blogosfera\/wp-content\/plugins\/yuzo-related-post\/assets\/images\/default.png') 50% 50% no-repeat;width: 125px;height:90px;margin-bottom: 5px;background-size: cover; \"><\/div>\n\t\t\t\t\t\t\t\t\t  <\/div>\n\t\t\t\t\t\t\t\t\t  \n\t\t\t\t\t\t\t\t   <span class=\"yuzo__text--title\" style=\"font-size:13px;\">O pa\u00eds que condena e celebra: notas sobre Trememb\u00e9...<\/span>\n\t\t\t\t\t\t\t  \n\t\t\t\t\t\t\t  \n\t\t\t\t\t\t\t  <\/a>\n\n\t\t\t\t\t\t  <\/div>\n\t\t\t\t\t\t  <div class=\"relatedthumb \" style=\"width:125px;float:left;overflow:hidden;\">  \n\t\t\t\t\t\t\t  \n\t\t\t\t\t\t\t  <a  href=\"https:\/\/redept.com.br\/blogosfera\/bancada-do-pt-celebra-plano-brasil-soberano-protecao-da-economia-nacional-e-dos-empregos\/\"  >\n\t\t\t\t\t\t\t\t\t  <div class=\"yuzo-img-wrap \" style=\"width: 125px;height:90px;\">\n\t\t\t\t\t\t\t\t\t\t\n\t\t\t\t\t\t\t\t\t\t<div class=\"yuzo-img\" style=\"background:url('https:\/\/redept.org\/blogosfera\/wp-content\/plugins\/yuzo-related-post\/assets\/images\/default.png') 50% 50% no-repeat;width: 125px;height:90px;margin-bottom: 5px;background-size: cover; \"><\/div>\n\t\t\t\t\t\t\t\t\t  <\/div>\n\t\t\t\t\t\t\t\t\t  \n\t\t\t\t\t\t\t\t   <span class=\"yuzo__text--title\" style=\"font-size:13px;\">Bancada do PT celebra Plano Brasil Soberano, prote...<\/span>\n\t\t\t\t\t\t\t  \n\t\t\t\t\t\t\t  \n\t\t\t\t\t\t\t  <\/a>\n\n\t\t\t\t\t\t  <\/div>\n\t\t\t\t\t\t  <div class=\"relatedthumb \" style=\"width:125px;float:left;overflow:hidden;\">  \n\t\t\t\t\t\t\t  \n\t\t\t\t\t\t\t  <a  href=\"https:\/\/redept.com.br\/blogosfera\/professor-carlos-roberto-horta-lanca-livro-sobre-pedagogia-da-praxis-operaria\/\"  >\n\t\t\t\t\t\t\t\t\t  <div class=\"yuzo-img-wrap \" style=\"width: 125px;height:90px;\">\n\t\t\t\t\t\t\t\t\t\t\n\t\t\t\t\t\t\t\t\t\t<div class=\"yuzo-img\" style=\"background:url('https:\/\/redept.org\/blogosfera\/wp-content\/plugins\/yuzo-related-post\/assets\/images\/default.png') 50% 50% no-repeat;width: 125px;height:90px;margin-bottom: 5px;background-size: cover; \"><\/div>\n\t\t\t\t\t\t\t\t\t  <\/div>\n\t\t\t\t\t\t\t\t\t  \n\t\t\t\t\t\t\t\t   <span class=\"yuzo__text--title\" style=\"font-size:13px;\">Professor Carlos Roberto Horta lan\u00e7a livro sobre p...<\/span>\n\t\t\t\t\t\t\t  \n\t\t\t\t\t\t\t  \n\t\t\t\t\t\t\t  <\/a>\n\n\t\t\t\t\t\t  <\/div>\n\t\t\t\t\t\t  <div class=\"relatedthumb \" style=\"width:125px;float:left;overflow:hidden;\">  \n\t\t\t\t\t\t\t  \n\t\t\t\t\t\t\t  <a  href=\"https:\/\/redept.com.br\/blogosfera\/papa-francisco-faz-1a-aparicao-no-vaticano-apos-deixar-hospital\/\"  >\n\t\t\t\t\t\t\t\t\t  <div class=\"yuzo-img-wrap \" style=\"width: 125px;height:90px;\">\n\t\t\t\t\t\t\t\t\t\t\n\t\t\t\t\t\t\t\t\t\t<div class=\"yuzo-img\" style=\"background:url('https:\/\/redept.org\/blogosfera\/wp-content\/plugins\/yuzo-related-post\/assets\/images\/default.png') 50% 50% no-repeat;width: 125px;height:90px;margin-bottom: 5px;background-size: cover; \"><\/div>\n\t\t\t\t\t\t\t\t\t  <\/div>\n\t\t\t\t\t\t\t\t\t  \n\t\t\t\t\t\t\t\t   <span class=\"yuzo__text--title\" style=\"font-size:13px;\">Papa Francisco faz 1\u00aa apari\u00e7\u00e3o no Vaticano ap\u00f3s de...<\/span>\n\t\t\t\t\t\t\t  \n\t\t\t\t\t\t\t  \n\t\t\t\t\t\t\t  <\/a>\n\n\t\t\t\t\t\t  <\/div>\n<\/div> <script>\n\t\t\t\t\t\t  jQuery(document).ready(function( $ ){\n\t\t\t\t\t\t\t\/\/jQuery('.yuzo_related_post').equalizer({ overflow : 'relatedthumb' });\n\t\t\t\t\t\t\tjQuery('.yuzo_related_post .yuzo_wraps').equalizer({ columns : '> div' });\n\t\t\t\t\t\t   })\n\t\t\t\t\t\t  <\/script> <!-- End Yuzo :) -->","protected":false},"excerpt":{"rendered":"<p>Deputado mineiro \u00e9 criticado por bolsonaristas ap\u00f3s participa\u00e7\u00e3o em podcast nos EUA. O deputado federal Nikolas Ferreira (PL-MG) entrou na mira de ataques de bolsonaristas ap\u00f3s mandar uma clara indireta contra o ex-companheiro de C\u00e2mara, Eduardo Bolsonaro. Durante participa\u00e7\u00e3o em um podcast de extrema direita estadunidense, o PBD Podcast, o parlamentar mineiro afirmou que n\u00e3o [&hellip;]<\/p>\n","protected":false},"author":2,"featured_media":0,"comment_status":"open","ping_status":"closed","sticky":false,"template":"","format":"standard","meta":{"fifu_image_url":"","fifu_image_alt":"","footnotes":""},"categories":[1261,3375,9,6750,132],"tags":[],"class_list":["post-36727","post","type-post","status-publish","format-standard","hentry","category-alexandre-de-moraes","category-eduardo-bolsonaro","category-eua","category-nikolas","category-politica"],"_links":{"self":[{"href":"https:\/\/redept.com.br\/blogosfera\/wp-json\/wp\/v2\/posts\/36727","targetHints":{"allow":["GET"]}}],"collection":[{"href":"https:\/\/redept.com.br\/blogosfera\/wp-json\/wp\/v2\/posts"}],"about":[{"href":"https:\/\/redept.com.br\/blogosfera\/wp-json\/wp\/v2\/types\/post"}],"author":[{"embeddable":true,"href":"https:\/\/redept.com.br\/blogosfera\/wp-json\/wp\/v2\/users\/2"}],"replies":[{"embeddable":true,"href":"https:\/\/redept.com.br\/blogosfera\/wp-json\/wp\/v2\/comments?post=36727"}],"version-history":[{"count":0,"href":"https:\/\/redept.com.br\/blogosfera\/wp-json\/wp\/v2\/posts\/36727\/revisions"}],"wp:attachment":[{"href":"https:\/\/redept.com.br\/blogosfera\/wp-json\/wp\/v2\/media?parent=36727"}],"wp:term":[{"taxonomy":"category","embeddable":true,"href":"https:\/\/redept.com.br\/blogosfera\/wp-json\/wp\/v2\/categories?post=36727"},{"taxonomy":"post_tag","embeddable":true,"href":"https:\/\/redept.com.br\/blogosfera\/wp-json\/wp\/v2\/tags?post=36727"}],"curies":[{"name":"wp","href":"https:\/\/api.w.org\/{rel}","templated":true}]}}