{"id":36930,"date":"2025-07-07T12:15:15","date_gmt":"2025-07-07T15:15:15","guid":{"rendered":"https:\/\/redept.org\/blogosfera\/reino-unido-intensifica-repressao-contra-grupo-anti-genocidio\/"},"modified":"2025-07-07T12:15:15","modified_gmt":"2025-07-07T15:15:15","slug":"reino-unido-intensifica-repressao-contra-grupo-anti-genocidio","status":"publish","type":"post","link":"https:\/\/redept.com.br\/blogosfera\/reino-unido-intensifica-repressao-contra-grupo-anti-genocidio\/","title":{"rendered":"Reino Unido intensifica repress\u00e3o contra grupo anti-genoc\u00eddio"},"content":{"rendered":"<p><img fetchpriority=\"high\" width=\"640\" height=\"432\"src=\"https:\/\/redept.org\/blogosfera\/wp-content\/uploads\/2025\/07\/1fcb6d41-d202-494a-ae60-cc8ffb6e39f9.jpeg\" alt=\"\" decoding=\"async\" srcset=\"https:\/\/redept.org\/blogosfera\/wp-content\/uploads\/2025\/07\/1fcb6d41-d202-494a-ae60-cc8ffb6e39f9.jpeg 640w, https:\/\/vermelho.org.br\/wp-content\/uploads\/2025\/07\/1fcb6d41-d202-494a-ae60-cc8ffb6e39f9-300x203.jpeg 300w\" sizes=\"(max-width: 640px) 100vw, 640px\"><\/p>\n<p>A pol\u00edcia do Reino Unido prendeu neste s\u00e1bado (5) 29 pessoas em Londres por apoiarem o grupo <em>Palestine Action<\/em>, em um sinal claro da nova pol\u00edtica de repress\u00e3o adotada pelo governo brit\u00e2nico contra movimentos de solidariedade \u00e0 Palestina.\u00a0<\/p>\n<p>As deten\u00e7\u00f5es ocorreram poucas horas ap\u00f3s o grupo ser oficialmente classificado como organiza\u00e7\u00e3o terrorista sob a <em>Terrorism Act 2000<\/em>.\u00a0<\/p>\n<p>A legisla\u00e7\u00e3o, aprovada no Parlamento na \u00faltima quarta (2), e confirmada pela Justi\u00e7a, prev\u00ea at\u00e9 14 anos de pris\u00e3o para quem demonstrar apoio p\u00fablico \u00e0 organiza\u00e7\u00e3o. Cartazes com frases como \u201cEu me oponho ao genoc\u00eddio. Apoio o Palestine Action\u201d bastaram para que a pol\u00edcia metropolitana conduzisse manifestantes \u00e0 cust\u00f3dia.<\/p>\n<p>As pris\u00f5es foram registradas durante um protesto pac\u00edfico em Parliament Square, no centro de Londres.\u00a0<\/p>\n<p>Entre os detidos, segundo o grupo <em>Defend Our Juries<\/em>, estavam um padre e v\u00e1rios profissionais de sa\u00fade. A a\u00e7\u00e3o gerou rea\u00e7\u00e3o imediata de transeuntes, que denunciaram a repress\u00e3o policial.<\/p>\n<p>\u201cQuem voc\u00eas protegem? Quem voc\u00eas servem?\u201d e \u201cPol\u00edcia brit\u00e2nica, fora das nossas ruas\u201d. Desde a entrada em vigor da proscri\u00e7\u00e3o do grupo, at\u00e9 mesmo cantar palavras de ordem ou exibir cartazes com o nome do grupo passou a ser considerado crime.<\/p>\n<p><strong>Parlamento e Justi\u00e7a equiparam grupo pr\u00f3-Palestina a organiza\u00e7\u00f5es armadas<\/strong><\/p>\n<p>O <em>Palestine Action<\/em> foi oficialmente enquadrado como organiza\u00e7\u00e3o terrorista no Reino Unido ap\u00f3s uma vota\u00e7\u00e3o na C\u00e2mara dos Comuns que aprovou a medida por 385 votos a 26. A decis\u00e3o partiu da secret\u00e1ria do Interior, Yvette Cooper, sob a justificativa de que o grupo teria causado \u201cdanos inaceit\u00e1veis\u201d a instala\u00e7\u00f5es militares.\u00a0<\/p>\n<p>A principal a\u00e7\u00e3o usada como justificativa foi a invas\u00e3o da base a\u00e9rea RAF Brize Norton, em junho, quando ativistas borrifaram tinta vermelha em dois avi\u00f5es da For\u00e7a A\u00e9rea brit\u00e2nica.<\/p>\n<p>Na \u00faltima sexta-feira (4), a Alta Corte rejeitou o pedido da cofundadora do grupo, Huda Ammori, para suspender temporariamente a medida. Horas depois, a Corte de Apela\u00e7\u00f5es confirmou a decis\u00e3o em audi\u00eancia emergencial.<\/p>\n<p>A partir da meia-noite, tornou-se crime demonstrar qualquer forma de apoio ao grupo, mesmo por meio de manifesta\u00e7\u00f5es p\u00fablicas ou declara\u00e7\u00f5es simb\u00f3licas.\u00a0<\/p>\n<p>A medida equipara juridicamente o <em>Palestine Action<\/em> a grupos como Estado Isl\u00e2mico e al-Qaeda, embora n\u00e3o haja registro de uso de armas ou viol\u00eancia contra civis por parte da organiza\u00e7\u00e3o.<\/p>\n<p><strong>A\u00e7\u00f5es diretas contra a ind\u00fastria de armas e v\u00ednculos com Israel motivaram persegui\u00e7\u00e3o<\/strong><\/p>\n<p>Criado em julho de 2020, o <em>Palestine Action<\/em> afirma ter como miss\u00e3o interromper a cadeia de produ\u00e7\u00e3o militar do Reino Unido que alimenta o ex\u00e9rcito israelense.\u00a0<\/p>\n<p>Ao longo dos \u00faltimos quatro anos, o grupo realizou centenas de a\u00e7\u00f5es diretas, com foco principal nas instala\u00e7\u00f5es da empresa israelense Elbit Systems e de suas parceiras, como a francesa Thales e a norte-americana Lockheed Martin.<\/p>\n<p>Em 2022, ap\u00f3s sucessivas ocupa\u00e7\u00f5es e bloqueios, o grupo comemorou o fechamento da unidade da Elbit em Oldham, no norte da Inglaterra.\u00a0<\/p>\n<p>Em 2024, invadiu a sede da Elbit em Bristol, pichou de vermelho o Minist\u00e9rio da Defesa e vandalizou, com ketchup, a est\u00e1tua de Arthur Balfour dentro do Parlamento brit\u00e2nico.\u00a0<\/p>\n<p>J\u00e1 em junho de 2025, ativistas usaram patinetes el\u00e9tricos para romper a seguran\u00e7a da base a\u00e9rea RAF Brize Norton, causando o epis\u00f3dio usado como justificativa para a proscri\u00e7\u00e3o. Nenhuma das a\u00e7\u00f5es resultou em feridos.<\/p>\n<p><strong>Parlamentares e juristas denunciam criminaliza\u00e7\u00e3o da solidariedade<\/strong><\/p>\n<p>A decis\u00e3o do governo brit\u00e2nico foi amplamente criticada por parlamentares independentes e por membros da pr\u00f3pria C\u00e2mara dos Lordes. O ex-ministro e veterano da campanha anti-apartheid Peter Hain afirmou estar \u201cprofundamente envergonhado\u201d do Partido Trabalhista por apoiar a proscri\u00e7\u00e3o.\u00a0<\/p>\n<p>Ele comparou a repress\u00e3o ao <em>Palestine Action<\/em> \u00e0 persegui\u00e7\u00e3o sofrida por Nelson Mandela e pelas sufragistas, que tamb\u00e9m recorreram \u00e0 a\u00e7\u00e3o direta contra a propriedade como forma de protesto pol\u00edtico.<\/p>\n<p>\u201cA l\u00f3gica usada para banir o <em>Palestine Action<\/em> poderia ter classificado as sufragistas como terroristas. Elas usaram bombas caseiras, incendiaram caixas de correio e atacaram propriedades do governo para exigir o voto feminino\u201d, disse Hain.\u00a0<\/p>\n<p>\u201cComparar tinta vermelha em avi\u00f5es militares com terrorismo \u00e9 intelectualmente falido, politicamente sem princ\u00edpios e moralmente errado.\u201d<\/p>\n<p>A deputada independente Zarah Sultana tamb\u00e9m criticou a decis\u00e3o: \u201cEquiparar uma lata de spray a um atentado suicida n\u00e3o \u00e9 apenas absurdo \u2014 \u00e9 grotesco. Uma distor\u00e7\u00e3o deliberada da lei para criminalizar a solidariedade e suprimir a verdade.\u201d<\/p>\n<p><strong>Roger Waters desafia governo e denuncia \u2018poder estrangeiro genocida\u2019<\/strong><\/p>\n<p>Horas ap\u00f3s a entrada em vigor da proibi\u00e7\u00e3o, o m\u00fasico Roger Waters, ex-Pink Floyd, publicou um v\u00eddeo em que desafia abertamente o governo de Keir Starmer.\u00a0<\/p>\n<p>\u201cHoje \u00e9 o Dia da Independ\u00eancia, 5 de julho de 2025. Declaro minha independ\u00eancia do governo do Reino Unido. O <em>Palestine Action<\/em> \u00e9 n\u00e3o violento. N\u00e3o \u00e9 terrorista de forma alguma\u201d, afirmou.<\/p>\n<p>Waters tamb\u00e9m acusou o premi\u00ea trabalhista de estar \u201ccorrompido por agentes de um poder estrangeiro genocida\u201d, em refer\u00eancia \u00e0 alian\u00e7a com Israel.\u00a0<\/p>\n<p>Em resposta, a organiza\u00e7\u00e3o pr\u00f3-Israel <em>Campaign Against Antisemitism<\/em> amea\u00e7ou abrir uma a\u00e7\u00e3o penal privada contra o artista caso o Minist\u00e9rio P\u00fablico n\u00e3o o processe.<\/p>\n<p><strong>Organiza\u00e7\u00f5es de direitos humanos denunciam uso abusivo da legisla\u00e7\u00e3o antiterrorismo<\/strong><\/p>\n<p>A Anistia Internacional classificou a proscri\u00e7\u00e3o do grupo como \u201cum abuso legal sem precedentes\u201d, alertando para o risco de que a legisla\u00e7\u00e3o seja usada para suprimir a liberdade de express\u00e3o e o direito de protesto.\u00a0<\/p>\n<p>Segundo Sacha Deshmukh, diretor-executivo da entidade no Reino Unido, a medida \u201cd\u00e1 ao Estado poderes massivos para prender, vigiar, censurar e deter qualquer opositor pol\u00edtico\u201d.<\/p>\n<p>Especialistas em direitos humanos da ONU j\u00e1 haviam solicitado ao governo brit\u00e2nico que reconsiderasse a proposta de proibi\u00e7\u00e3o, argumentando que danos \u00e0 propriedade sem inten\u00e7\u00e3o de ferir ou matar n\u00e3o configuram terrorismo.\u00a0<\/p>\n<p>Mesmo assim, a secret\u00e1ria do Interior manteve a linha dura, afirmando que n\u00e3o h\u00e1 espa\u00e7o para \u201cviol\u00eancia e danos criminosos\u201d em protestos leg\u00edtimos.<\/p>\n<p><strong>Criminaliza\u00e7\u00e3o da solidariedade \u00e0 Palestina avan\u00e7a na Europa<\/strong><\/p>\n<p>A ofensiva contra o <em>Palestine Action<\/em> se insere em um cen\u00e1rio mais amplo de repress\u00e3o ao movimento de solidariedade \u00e0 Palestina em v\u00e1rias democracias liberais.\u00a0<\/p>\n<p>Na Fran\u00e7a e na Alemanha, manifesta\u00e7\u00f5es e slogans pr\u00f3-palestinos j\u00e1 foram proibidos em contextos espec\u00edficos, e ativistas v\u00eam sendo alvos de vigil\u00e2ncia e persegui\u00e7\u00e3o.<\/p>\n<p>No Reino Unido, o caso escancara a tentativa do governo de restringir o campo da dissid\u00eancia pol\u00edtica por meio da equipara\u00e7\u00e3o entre protesto civil e terrorismo.\u00a0<\/p>\n<p>A guerra de Israel contra Gaza, iniciada em 7 de outubro de 2023, j\u00e1 deixou mais de <strong>57 mil mortos palestinos<\/strong>, segundo autoridades sanit\u00e1rias locais. Diante desse cen\u00e1rio, criminalizar quem se op\u00f5e ao genoc\u00eddio parece, para muitos, a tentativa de silenciar a consci\u00eancia pol\u00edtica da sociedade.<\/p>\n<p>O post <a href=\"https:\/\/vermelho.org.br\/2025\/07\/07\/reino-unido-intensifica-repressao-contra-grupo-anti-genocidio\/\">Reino Unido intensifica repress\u00e3o contra grupo anti-genoc\u00eddio<\/a> apareceu primeiro em <a href=\"https:\/\/vermelho.org.br\/\">Vermelho<\/a>.<\/p>\n<!-- Begin Yuzo --><div class='yuzo_related_post style-1'  data-version='5.12.89'><!-- without result --><div class='yuzo_clearfixed yuzo__title yuzo__title'><h3>Related Post<\/h3><\/div>\n\t\t\t\t\t\t  <div class=\"relatedthumb \" style=\"width:125px;float:left;overflow:hidden;\">  \n\t\t\t\t\t\t\t  \n\t\t\t\t\t\t\t  <a  href=\"https:\/\/redept.com.br\/blogosfera\/abaixo-assinado-pede-aprovacao-urgente-de-projeto-que-proibe-uso-do-correntao\/\"  >\n\t\t\t\t\t\t\t\t\t  <div class=\"yuzo-img-wrap \" style=\"width: 125px;height:90px;\">\n\t\t\t\t\t\t\t\t\t\t\n\t\t\t\t\t\t\t\t\t\t<div class=\"yuzo-img\" style=\"background:url('https:\/\/redept.org\/blogosfera\/wp-content\/plugins\/yuzo-related-post\/assets\/images\/default.png') 50% 50% no-repeat;width: 125px;height:90px;margin-bottom: 5px;background-size: cover; \"><\/div>\n\t\t\t\t\t\t\t\t\t  <\/div>\n\t\t\t\t\t\t\t\t\t  \n\t\t\t\t\t\t\t\t   <span class=\"yuzo__text--title\" style=\"font-size:13px;\">Abaixo-assinado pede aprova\u00e7\u00e3o urgente de projeto ...<\/span>\n\t\t\t\t\t\t\t  \n\t\t\t\t\t\t\t  \n\t\t\t\t\t\t\t  <\/a>\n\n\t\t\t\t\t\t  <\/div>\n\t\t\t\t\t\t  <div class=\"relatedthumb \" style=\"width:125px;float:left;overflow:hidden;\">  \n\t\t\t\t\t\t\t  \n\t\t\t\t\t\t\t  <a  href=\"https:\/\/redept.com.br\/blogosfera\/por-uma-nova-defesa-nacional\/\"  >\n\t\t\t\t\t\t\t\t\t  <div class=\"yuzo-img-wrap \" style=\"width: 125px;height:90px;\">\n\t\t\t\t\t\t\t\t\t\t\n\t\t\t\t\t\t\t\t\t\t<div class=\"yuzo-img\" style=\"background:url('https:\/\/redept.org\/blogosfera\/wp-content\/plugins\/yuzo-related-post\/assets\/images\/default.png') 50% 50% no-repeat;width: 125px;height:90px;margin-bottom: 5px;background-size: cover; \"><\/div>\n\t\t\t\t\t\t\t\t\t  <\/div>\n\t\t\t\t\t\t\t\t\t  \n\t\t\t\t\t\t\t\t   <span class=\"yuzo__text--title\" style=\"font-size:13px;\">Por uma nova defesa nacional<\/span>\n\t\t\t\t\t\t\t  \n\t\t\t\t\t\t\t  \n\t\t\t\t\t\t\t  <\/a>\n\n\t\t\t\t\t\t  <\/div>\n\t\t\t\t\t\t  <div class=\"relatedthumb \" style=\"width:125px;float:left;overflow:hidden;\">  \n\t\t\t\t\t\t\t  \n\t\t\t\t\t\t\t  <a  href=\"https:\/\/redept.com.br\/blogosfera\/biblioteca-em-paraisopolis-lanca-primeiro-livro-infantil-de-itamar-vieira-junior\/\"  >\n\t\t\t\t\t\t\t\t\t  <div class=\"yuzo-img-wrap \" style=\"width: 125px;height:90px;\">\n\t\t\t\t\t\t\t\t\t\t\n\t\t\t\t\t\t\t\t\t\t<div class=\"yuzo-img\" style=\"background:url('https:\/\/redept.com.br\/blogosfera\/wp-content\/uploads\/2025\/02\/Relancamento-dos-livros-infantis-de-Antonio-Prata-na-Biblioteca-do-Pro-Saber-SP-150x150.jpg') 50% 50% no-repeat;width: 125px;height:90px;margin-bottom: 5px;background-size: cover; \"><\/div>\n\t\t\t\t\t\t\t\t\t  <\/div>\n\t\t\t\t\t\t\t\t\t  \n\t\t\t\t\t\t\t\t   <span class=\"yuzo__text--title\" style=\"font-size:13px;\">Biblioteca em Parais\u00f3polis lan\u00e7a primeiro livro in...<\/span>\n\t\t\t\t\t\t\t  \n\t\t\t\t\t\t\t  \n\t\t\t\t\t\t\t  <\/a>\n\n\t\t\t\t\t\t  <\/div>\n\t\t\t\t\t\t  <div class=\"relatedthumb \" style=\"width:125px;float:left;overflow:hidden;\">  \n\t\t\t\t\t\t\t  \n\t\t\t\t\t\t\t  <a  href=\"https:\/\/redept.com.br\/blogosfera\/nos-cozinhavamos-vivas-la-dentro\/\"  >\n\t\t\t\t\t\t\t\t\t  <div class=\"yuzo-img-wrap \" style=\"width: 125px;height:90px;\">\n\t\t\t\t\t\t\t\t\t\t\n\t\t\t\t\t\t\t\t\t\t<div class=\"yuzo-img\" style=\"background:url('https:\/\/redept.com.br\/blogosfera\/wp-content\/uploads\/2026\/03\/WhatsApp-Image-2026-03-16-at-45049-PM-1-150x150.jpeg') 50% 50% no-repeat;width: 125px;height:90px;margin-bottom: 5px;background-size: cover; \"><\/div>\n\t\t\t\t\t\t\t\t\t  <\/div>\n\t\t\t\t\t\t\t\t\t  \n\t\t\t\t\t\t\t\t   <span class=\"yuzo__text--title\" style=\"font-size:13px;\">\u201cN\u00f3s cozinh\u00e1vamos vivas l\u00e1 dentro\u201d<\/span>\n\t\t\t\t\t\t\t  \n\t\t\t\t\t\t\t  \n\t\t\t\t\t\t\t  <\/a>\n\n\t\t\t\t\t\t  <\/div>\n<\/div> <script>\n\t\t\t\t\t\t  jQuery(document).ready(function( $ ){\n\t\t\t\t\t\t\t\/\/jQuery('.yuzo_related_post').equalizer({ overflow : 'relatedthumb' });\n\t\t\t\t\t\t\tjQuery('.yuzo_related_post .yuzo_wraps').equalizer({ columns : '> div' });\n\t\t\t\t\t\t   })\n\t\t\t\t\t\t  <\/script> <!-- End Yuzo :) -->","protected":false},"excerpt":{"rendered":"<p>A pol\u00edcia do Reino Unido prendeu neste s\u00e1bado (5) 29 pessoas em Londres por apoiarem o grupo Palestine Action, em um sinal claro da nova pol\u00edtica de repress\u00e3o adotada pelo governo brit\u00e2nico contra movimentos de solidariedade \u00e0 Palestina.\u00a0 As deten\u00e7\u00f5es ocorreram poucas horas ap\u00f3s o grupo ser oficialmente classificado como organiza\u00e7\u00e3o terrorista sob a Terrorism [&hellip;]<\/p>\n","protected":false},"author":2,"featured_media":0,"comment_status":"open","ping_status":"closed","sticky":false,"template":"","format":"standard","meta":{"fifu_image_url":"","fifu_image_alt":"","footnotes":""},"categories":[9520,9521,307,2103,50,5991,54,9522,9523,752,4236,9524,2928],"tags":[],"class_list":["post-36930","post","type-post","status-publish","format-standard","hentry","category-apartheid-israelense","category-criminalizacao-do-protesto","category-direitos-humanos","category-guerra-em-gaza","category-internacional","category-keir-starmer","category-palestina","category-palestine-action","category-peter-hain","category-reino-unido","category-repressao-politica","category-roger-waters","category-solidariedade-internacional"],"_links":{"self":[{"href":"https:\/\/redept.com.br\/blogosfera\/wp-json\/wp\/v2\/posts\/36930","targetHints":{"allow":["GET"]}}],"collection":[{"href":"https:\/\/redept.com.br\/blogosfera\/wp-json\/wp\/v2\/posts"}],"about":[{"href":"https:\/\/redept.com.br\/blogosfera\/wp-json\/wp\/v2\/types\/post"}],"author":[{"embeddable":true,"href":"https:\/\/redept.com.br\/blogosfera\/wp-json\/wp\/v2\/users\/2"}],"replies":[{"embeddable":true,"href":"https:\/\/redept.com.br\/blogosfera\/wp-json\/wp\/v2\/comments?post=36930"}],"version-history":[{"count":0,"href":"https:\/\/redept.com.br\/blogosfera\/wp-json\/wp\/v2\/posts\/36930\/revisions"}],"wp:attachment":[{"href":"https:\/\/redept.com.br\/blogosfera\/wp-json\/wp\/v2\/media?parent=36930"}],"wp:term":[{"taxonomy":"category","embeddable":true,"href":"https:\/\/redept.com.br\/blogosfera\/wp-json\/wp\/v2\/categories?post=36930"},{"taxonomy":"post_tag","embeddable":true,"href":"https:\/\/redept.com.br\/blogosfera\/wp-json\/wp\/v2\/tags?post=36930"}],"curies":[{"name":"wp","href":"https:\/\/api.w.org\/{rel}","templated":true}]}}