{"id":37206,"date":"2025-07-08T15:10:33","date_gmt":"2025-07-08T18:10:33","guid":{"rendered":"https:\/\/redept.org\/blogosfera\/ccml-recebe-ex-presas-politicas-para-debate-em-recife\/"},"modified":"2025-07-08T15:10:33","modified_gmt":"2025-07-08T18:10:33","slug":"ccml-recebe-ex-presas-politicas-para-debate-em-recife","status":"publish","type":"post","link":"https:\/\/redept.com.br\/blogosfera\/ccml-recebe-ex-presas-politicas-para-debate-em-recife\/","title":{"rendered":"CCML recebe ex-presas pol\u00edticas para debate em Recife"},"content":{"rendered":"<p><img fetchpriority=\"high\" width=\"1204\" height=\"1104\"src=\"https:\/\/redept.org\/blogosfera\/wp-content\/uploads\/2025\/07\/WhatsApp-Image-2025-07-08-at-105809-e1751998192820.jpeg\" alt=\"\" link_thumbnail=\"\" decoding=\"async\" srcset=\"https:\/\/redept.org\/blogosfera\/wp-content\/uploads\/2025\/07\/WhatsApp-Image-2025-07-08-at-105809-e1751998192820.jpeg 1204w, https:\/\/averdade.org.br\/wp-content\/uploads\/2025\/07\/WhatsApp-Image-2025-07-08-at-10.58.09-e1751998192820-350x321.jpeg 350w, https:\/\/averdade.org.br\/wp-content\/uploads\/2025\/07\/WhatsApp-Image-2025-07-08-at-10.58.09-e1751998192820-1024x939.jpeg 1024w, https:\/\/averdade.org.br\/wp-content\/uploads\/2025\/07\/WhatsApp-Image-2025-07-08-at-10.58.09-e1751998192820-250x229.jpeg 250w, https:\/\/averdade.org.br\/wp-content\/uploads\/2025\/07\/WhatsApp-Image-2025-07-08-at-10.58.09-e1751998192820-768x704.jpeg 768w, https:\/\/averdade.org.br\/wp-content\/uploads\/2025\/07\/WhatsApp-Image-2025-07-08-at-10.58.09-e1751998192820-150x138.jpeg 150w, https:\/\/averdade.org.br\/wp-content\/uploads\/2025\/07\/WhatsApp-Image-2025-07-08-at-10.58.09-e1751998192820-300x275.jpeg 300w, https:\/\/averdade.org.br\/wp-content\/uploads\/2025\/07\/WhatsApp-Image-2025-07-08-at-10.58.09-e1751998192820-696x638.jpeg 696w, https:\/\/averdade.org.br\/wp-content\/uploads\/2025\/07\/WhatsApp-Image-2025-07-08-at-10.58.09-e1751998192820-1068x979.jpeg 1068w\" sizes=\"(max-width: 1204px) 100vw, 1204px\"><\/p>\n<p><strong>CCML recebeu ex-presas pol\u00edticas das ditaduras militares da Am\u00e9rica Latina para evento de forma\u00e7\u00e3o e mem\u00f3ria em Recife.<\/strong><\/p>\n<p><strong>Reda\u00e7\u00e3o<\/strong><\/p>\n<hr>\n<p>A Sala Ernesto Che Guevara do Centro Cultural Manoel Lisboa de Pernambuco ficou cheia na noite do \u00faltimo dia 2 de julho para ouvir os relatos de ex-presas pol\u00edticas do Uruguai, Argentina e Brasil sobre a experi\u00eancia de resist\u00eancia, no c\u00e1rcere, \u00e0s ditaduras fascistas em nossos pa\u00edses sul-americanos e a constru\u00e7\u00e3o da mem\u00f3ria hist\u00f3rica das mulheres que participaram da luta armada contra os regimes militares impostos \u00e0s nossas p\u00e1trias pelo imperialismo norte-americano.<\/p>\n<p>Participaram do encontro as uruguaias Maria Lux, Alice Fay e Ana Elena, a argentina L\u00eddia Escalante, que esteve acompanhada de Francisco Pancho, e as brasileiras Lilia Gondim, Teresa Vila\u00e7a, Helena Serra Azul, Vera Rocha, Eridan Magalh\u00e3es, do Coletivo Filhos e Netos, Jana S\u00e1, presidenta do Comit\u00ea Mem\u00f3ria, Verdade e Justi\u00e7a do Rio Grande do Norte, e Rose Michelle Rodrigues, tamb\u00e9m integrante do CMVJRD-PE, Lourdes Luna, do Grupo Mulher Maravilha, e Eliane Velozo, autora da exposi\u00e7\u00e3o sobre a obra de Eduardo Galeano, em exposi\u00e7\u00e3o na Galeria Massagana da Funda\u00e7\u00e3o Joaquim Nabuco, no Recife.<\/p>\n<p>O evento foi organizado pelo CMVJRD-PE e pelo CCML, sob a coordena\u00e7\u00e3o de Lilia Gondim, Amparo Ara\u00fajo, Camila Falc\u00e3o e Edival Nunes Caj\u00e1.<\/p>\n<!-- Begin Yuzo --><div class='yuzo_related_post style-1'  data-version='5.12.89'><!-- without result --><div class='yuzo_clearfixed yuzo__title yuzo__title'><h3>Related Post<\/h3><\/div>\n\t\t\t\t\t\t  <div class=\"relatedthumb \" style=\"width:125px;float:left;overflow:hidden;\">  \n\t\t\t\t\t\t\t  \n\t\t\t\t\t\t\t  <a  href=\"https:\/\/redept.com.br\/blogosfera\/brazilian-protesters-burn-u-s-flag-outside-consulate-over-maduros-kidnapping\/\"  >\n\t\t\t\t\t\t\t\t\t  <div class=\"yuzo-img-wrap \" style=\"width: 125px;height:90px;\">\n\t\t\t\t\t\t\t\t\t\t\n\t\t\t\t\t\t\t\t\t\t<div class=\"yuzo-img\" style=\"background:url('https:\/\/redept.org\/blogosfera\/wp-content\/plugins\/yuzo-related-post\/assets\/images\/default.png') 50% 50% no-repeat;width: 125px;height:90px;margin-bottom: 5px;background-size: cover; \"><\/div>\n\t\t\t\t\t\t\t\t\t  <\/div>\n\t\t\t\t\t\t\t\t\t  \n\t\t\t\t\t\t\t\t   <span class=\"yuzo__text--title\" style=\"font-size:13px;\">Brazilian protesters burn U.S. flag outside consul...<\/span>\n\t\t\t\t\t\t\t  \n\t\t\t\t\t\t\t  \n\t\t\t\t\t\t\t  <\/a>\n\n\t\t\t\t\t\t  <\/div>\n\t\t\t\t\t\t  <div class=\"relatedthumb \" style=\"width:125px;float:left;overflow:hidden;\">  \n\t\t\t\t\t\t\t  \n\t\t\t\t\t\t\t  <a  href=\"https:\/\/redept.com.br\/blogosfera\/fintech-de-andre-valadao-da-igreja-lagoinha-sai-do-ar-e-entra-na-mira-da-cpi-do-inss\/\"  >\n\t\t\t\t\t\t\t\t\t  <div class=\"yuzo-img-wrap \" style=\"width: 125px;height:90px;\">\n\t\t\t\t\t\t\t\t\t\t\n\t\t\t\t\t\t\t\t\t\t<div class=\"yuzo-img\" style=\"background:url('https:\/\/redept.org\/blogosfera\/wp-content\/plugins\/yuzo-related-post\/assets\/images\/default.png') 50% 50% no-repeat;width: 125px;height:90px;margin-bottom: 5px;background-size: cover; \"><\/div>\n\t\t\t\t\t\t\t\t\t  <\/div>\n\t\t\t\t\t\t\t\t\t  \n\t\t\t\t\t\t\t\t   <span class=\"yuzo__text--title\" style=\"font-size:13px;\">Fintech de Andr\u00e9 Valad\u00e3o da igreja Lagoinha \u201csai d...<\/span>\n\t\t\t\t\t\t\t  \n\t\t\t\t\t\t\t  \n\t\t\t\t\t\t\t  <\/a>\n\n\t\t\t\t\t\t  <\/div>\n\t\t\t\t\t\t  <div class=\"relatedthumb \" style=\"width:125px;float:left;overflow:hidden;\">  \n\t\t\t\t\t\t\t  \n\t\t\t\t\t\t\t  <a  href=\"https:\/\/redept.com.br\/blogosfera\/noticias-do-dia-com-o-jornal-tvt-news-segunda-edicao-10-03-2026\/\"  >\n\t\t\t\t\t\t\t\t\t  <div class=\"yuzo-img-wrap \" style=\"width: 125px;height:90px;\">\n\t\t\t\t\t\t\t\t\t\t\n\t\t\t\t\t\t\t\t\t\t<div class=\"yuzo-img\" style=\"background:url('https:\/\/redept.com.br\/blogosfera\/wp-content\/uploads\/2026\/03\/jornal_tvt_news-10-150x150.jpeg') 50% 50% no-repeat;width: 125px;height:90px;margin-bottom: 5px;background-size: cover; \"><\/div>\n\t\t\t\t\t\t\t\t\t  <\/div>\n\t\t\t\t\t\t\t\t\t  \n\t\t\t\t\t\t\t\t   <span class=\"yuzo__text--title\" style=\"font-size:13px;\">Not\u00edcias do dia com o Jornal TVT News Segunda Edi\u00e7...<\/span>\n\t\t\t\t\t\t\t  \n\t\t\t\t\t\t\t  \n\t\t\t\t\t\t\t  <\/a>\n\n\t\t\t\t\t\t  <\/div>\n\t\t\t\t\t\t  <div class=\"relatedthumb \" style=\"width:125px;float:left;overflow:hidden;\">  \n\t\t\t\t\t\t\t  \n\t\t\t\t\t\t\t  <a  href=\"https:\/\/redept.com.br\/blogosfera\/cantora-e-compositora-cristina-buarque-morre-aos-74-anos\/\"  >\n\t\t\t\t\t\t\t\t\t  <div class=\"yuzo-img-wrap \" style=\"width: 125px;height:90px;\">\n\t\t\t\t\t\t\t\t\t\t\n\t\t\t\t\t\t\t\t\t\t<div class=\"yuzo-img\" style=\"background:url('https:\/\/redept.org\/blogosfera\/wp-content\/plugins\/yuzo-related-post\/assets\/images\/default.png') 50% 50% no-repeat;width: 125px;height:90px;margin-bottom: 5px;background-size: cover; \"><\/div>\n\t\t\t\t\t\t\t\t\t  <\/div>\n\t\t\t\t\t\t\t\t\t  \n\t\t\t\t\t\t\t\t   <span class=\"yuzo__text--title\" style=\"font-size:13px;\">Cantora e compositora Cristina Buarque morre aos 7...<\/span>\n\t\t\t\t\t\t\t  \n\t\t\t\t\t\t\t  \n\t\t\t\t\t\t\t  <\/a>\n\n\t\t\t\t\t\t  <\/div>\n<\/div> <script>\n\t\t\t\t\t\t  jQuery(document).ready(function( $ ){\n\t\t\t\t\t\t\t\/\/jQuery('.yuzo_related_post').equalizer({ overflow : 'relatedthumb' });\n\t\t\t\t\t\t\tjQuery('.yuzo_related_post .yuzo_wraps').equalizer({ columns : '> div' });\n\t\t\t\t\t\t   })\n\t\t\t\t\t\t  <\/script> <!-- End Yuzo :) -->","protected":false},"excerpt":{"rendered":"<p>CCML recebeu ex-presas pol\u00edticas das ditaduras militares da Am\u00e9rica Latina para evento de forma\u00e7\u00e3o e mem\u00f3ria em Recife. Reda\u00e7\u00e3o A Sala Ernesto Che Guevara do Centro Cultural Manoel Lisboa de Pernambuco ficou cheia na noite do \u00faltimo dia 2 de julho para ouvir os relatos de ex-presas pol\u00edticas do Uruguai, Argentina e Brasil sobre a [&hellip;]<\/p>\n","protected":false},"author":2,"featured_media":0,"comment_status":"open","ping_status":"closed","sticky":false,"template":"","format":"standard","meta":{"fifu_image_url":"","fifu_image_alt":"","footnotes":""},"categories":[45,5022,6868,461,9605,185],"tags":[],"class_list":["post-37206","post","type-post","status-publish","format-standard","hentry","category-brasil","category-ccml","category-evento","category-historia","category-presas-politicas","category-recife"],"_links":{"self":[{"href":"https:\/\/redept.com.br\/blogosfera\/wp-json\/wp\/v2\/posts\/37206","targetHints":{"allow":["GET"]}}],"collection":[{"href":"https:\/\/redept.com.br\/blogosfera\/wp-json\/wp\/v2\/posts"}],"about":[{"href":"https:\/\/redept.com.br\/blogosfera\/wp-json\/wp\/v2\/types\/post"}],"author":[{"embeddable":true,"href":"https:\/\/redept.com.br\/blogosfera\/wp-json\/wp\/v2\/users\/2"}],"replies":[{"embeddable":true,"href":"https:\/\/redept.com.br\/blogosfera\/wp-json\/wp\/v2\/comments?post=37206"}],"version-history":[{"count":0,"href":"https:\/\/redept.com.br\/blogosfera\/wp-json\/wp\/v2\/posts\/37206\/revisions"}],"wp:attachment":[{"href":"https:\/\/redept.com.br\/blogosfera\/wp-json\/wp\/v2\/media?parent=37206"}],"wp:term":[{"taxonomy":"category","embeddable":true,"href":"https:\/\/redept.com.br\/blogosfera\/wp-json\/wp\/v2\/categories?post=37206"},{"taxonomy":"post_tag","embeddable":true,"href":"https:\/\/redept.com.br\/blogosfera\/wp-json\/wp\/v2\/tags?post=37206"}],"curies":[{"name":"wp","href":"https:\/\/api.w.org\/{rel}","templated":true}]}}