{"id":37363,"date":"2025-07-09T10:40:10","date_gmt":"2025-07-09T13:40:10","guid":{"rendered":"https:\/\/redept.org\/blogosfera\/pl-do-licenciamento-ambiental-ameaca-direitos-e-mobiliza-350-entidades\/"},"modified":"2025-07-09T10:40:10","modified_gmt":"2025-07-09T13:40:10","slug":"pl-do-licenciamento-ambiental-ameaca-direitos-e-mobiliza-350-entidades","status":"publish","type":"post","link":"https:\/\/redept.com.br\/blogosfera\/pl-do-licenciamento-ambiental-ameaca-direitos-e-mobiliza-350-entidades\/","title":{"rendered":"PL do licenciamento ambiental amea\u00e7a direitos e mobiliza 350 entidades"},"content":{"rendered":"<p><img fetchpriority=\"high\" width=\"1024\" height=\"683\"src=\"https:\/\/redept.org\/blogosfera\/wp-content\/uploads\/2025\/07\/Sao-Paulo-06-07-2025-Ato-do-Greenpeace-no-MASP-contra-o-PL-2159-Foto-Paulo-Pinto-Agencia-Brasil-2048x1365-1.jpg\" alt=\"\" decoding=\"async\" srcset=\"https:\/\/vermelho.org.br\/wp-content\/uploads\/2025\/07\/Sao-Paulo-06-07-2025.-Ato-do-Greenpeace-no-MASP-contra-o-PL-2159.-Foto-Paulo-Pinto-Agencia-Brasil-1024x683.jpg 1024w, https:\/\/vermelho.org.br\/wp-content\/uploads\/2025\/07\/Sao-Paulo-06-07-2025.-Ato-do-Greenpeace-no-MASP-contra-o-PL-2159.-Foto-Paulo-Pinto-Agencia-Brasil-300x200.jpg 300w, https:\/\/vermelho.org.br\/wp-content\/uploads\/2025\/07\/Sao-Paulo-06-07-2025.-Ato-do-Greenpeace-no-MASP-contra-o-PL-2159.-Foto-Paulo-Pinto-Agencia-Brasil-768x512.jpg 768w, https:\/\/vermelho.org.br\/wp-content\/uploads\/2025\/07\/Sao-Paulo-06-07-2025.-Ato-do-Greenpeace-no-MASP-contra-o-PL-2159.-Foto-Paulo-Pinto-Agencia-Brasil-1536x1024.jpg 1536w, https:\/\/redept.org\/blogosfera\/wp-content\/uploads\/2025\/07\/Sao-Paulo-06-07-2025-Ato-do-Greenpeace-no-MASP-contra-o-PL-2159-Foto-Paulo-Pinto-Agencia-Brasil-2048x1365-1.jpg 2048w, https:\/\/vermelho.org.br\/wp-content\/uploads\/2025\/07\/Sao-Paulo-06-07-2025.-Ato-do-Greenpeace-no-MASP-contra-o-PL-2159.-Foto-Paulo-Pinto-Agencia-Brasil-272x182.jpg 272w\" sizes=\"(max-width: 1024px) 100vw, 1024px\"><\/p>\n<p>Um manifesto assinado por mais de 350 organiza\u00e7\u00f5es da sociedade civil foi entregue nesta ter\u00e7a-feira (8) a lideran\u00e7as da C\u00e2mara dos Deputados, incluindo o presidente da Casa, Hugo Motta (Republicanos-PB), o relator do projeto, Z\u00e9 Vitor (PL-MG), e o l\u00edder do governo, Jos\u00e9 Guimar\u00e3es (PT-CE). As entidades pedem que o Projeto de Lei 2159\/2021, que altera as regras do licenciamento ambiental no pa\u00eds, n\u00e3o seja colocado em vota\u00e7\u00e3o.<\/p>\n<p>De acordo com o documento, o PL \u201crepresenta um enorme retrocesso institucional para o Brasil\u201d e amea\u00e7a desmontar \u201cmais de 40 anos de constru\u00e7\u00e3o da legisla\u00e7\u00e3o ambiental nacional\u201d. Entre os signat\u00e1rios est\u00e3o organiza\u00e7\u00f5es como o Observat\u00f3rio do Clima, Articula\u00e7\u00e3o dos Povos Ind\u00edgenas do Brasil (Apib), Instituto Ethos, MST, CUT, SBPC e Frente Parlamentar Ambientalista.<\/p>\n<p><strong>Leia tamb\u00e9m:<\/strong> <a href=\"https:\/\/vermelho.org.br\/2025\/06\/06\/em-rede-nacional-marina-silva-denuncia-desmonte-da-legislacao-ambiental\/\">Em rede nacional, Marina Silva denuncia desmonte da legisla\u00e7\u00e3o ambiental<\/a><\/p>\n<p>Segundo o texto, o projeto viola fundamentos constitucionais e direitos essenciais, como o acesso \u00e0 sa\u00fade e a um meio ambiente ecologicamente equilibrado. Tamb\u00e9m aponta que, na forma atual, o PL \u201cinstitucionaliza a inseguran\u00e7a jur\u00eddica\u201d ao permitir a autodeclara\u00e7\u00e3o de empreendedores como substituto da an\u00e1lise t\u00e9cnica \u2014 mecanismo conhecido como Licen\u00e7a por Ades\u00e3o e Compromisso (LAC). \u201cA barragem de Brumadinho, \u00e0 luz da proposta, poderia ter sido aprovada apenas com formul\u00e1rios preenchidos pelo pr\u00f3prio empreendedor\u201d, alerta o manifesto.<\/p>\n<blockquote data-instgrm-permalink=\"https:\/\/www.instagram.com\/p\/DL3JLkjxIzS\/?utm_source=ig_embed&amp;utm_campaign=loading\" data-instgrm-version=\"14\">\n<div> <a href=\"https:\/\/www.instagram.com\/p\/DL3JLkjxIzS\/?utm_source=ig_embed&amp;utm_campaign=loading\" target=\"_blank\" rel=\"noopener\"> <\/p>\n<div>\n<div><\/div>\n<div>\n<div><\/div>\n<div><\/div>\n<\/div>\n<\/div>\n<div><\/div>\n<div><svg width=\"50px\" height=\"50px\" viewbox=\"0 0 60 60\" version=\"1.1\" xmlns=\"https:\/\/www.w3.org\/2000\/svg\" xmlns:xlink=\"https:\/\/www.w3.org\/1999\/xlink\"><g stroke=\"none\" stroke-width=\"1\" fill=\"none\" fill-rule=\"evenodd\"><g transform=\"translate(-511.000000, -20.000000)\" fill=\"#000000\"><g><path d=\"M556.869,30.41 C554.814,30.41 553.148,32.076 553.148,34.131 C553.148,36.186 554.814,37.852 556.869,37.852 C558.924,37.852 560.59,36.186 560.59,34.131 C560.59,32.076 558.924,30.41 556.869,30.41 M541,60.657 C535.114,60.657 530.342,55.887 530.342,50 C530.342,44.114 535.114,39.342 541,39.342 C546.887,39.342 551.658,44.114 551.658,50 C551.658,55.887 546.887,60.657 541,60.657 M541,33.886 C532.1,33.886 524.886,41.1 524.886,50 C524.886,58.899 532.1,66.113 541,66.113 C549.9,66.113 557.115,58.899 557.115,50 C557.115,41.1 549.9,33.886 541,33.886 M565.378,62.101 C565.244,65.022 564.756,66.606 564.346,67.663 C563.803,69.06 563.154,70.057 562.106,71.106 C561.058,72.155 560.06,72.803 558.662,73.347 C557.607,73.757 556.021,74.244 553.102,74.378 C549.944,74.521 548.997,74.552 541,74.552 C533.003,74.552 532.056,74.521 528.898,74.378 C525.979,74.244 524.393,73.757 523.338,73.347 C521.94,72.803 520.942,72.155 519.894,71.106 C518.846,70.057 518.197,69.06 517.654,67.663 C517.244,66.606 516.755,65.022 516.623,62.101 C516.479,58.943 516.448,57.996 516.448,50 C516.448,42.003 516.479,41.056 516.623,37.899 C516.755,34.978 517.244,33.391 517.654,32.338 C518.197,30.938 518.846,29.942 519.894,28.894 C520.942,27.846 521.94,27.196 523.338,26.654 C524.393,26.244 525.979,25.756 528.898,25.623 C532.057,25.479 533.004,25.448 541,25.448 C548.997,25.448 549.943,25.479 553.102,25.623 C556.021,25.756 557.607,26.244 558.662,26.654 C560.06,27.196 561.058,27.846 562.106,28.894 C563.154,29.942 563.803,30.938 564.346,32.338 C564.756,33.391 565.244,34.978 565.378,37.899 C565.522,41.056 565.552,42.003 565.552,50 C565.552,57.996 565.522,58.943 565.378,62.101 M570.82,37.631 C570.674,34.438 570.167,32.258 569.425,30.349 C568.659,28.377 567.633,26.702 565.965,25.035 C564.297,23.368 562.623,22.342 560.652,21.575 C558.743,20.834 556.562,20.326 553.369,20.18 C550.169,20.033 549.148,20 541,20 C532.853,20 531.831,20.033 528.631,20.18 C525.438,20.326 523.257,20.834 521.349,21.575 C519.376,22.342 517.703,23.368 516.035,25.035 C514.368,26.702 513.342,28.377 512.574,30.349 C511.834,32.258 511.326,34.438 511.181,37.631 C511.035,40.831 511,41.851 511,50 C511,58.147 511.035,59.17 511.181,62.369 C511.326,65.562 511.834,67.743 512.574,69.651 C513.342,71.625 514.368,73.296 516.035,74.965 C517.703,76.634 519.376,77.658 521.349,78.425 C523.257,79.167 525.438,79.673 528.631,79.82 C531.831,79.965 532.853,80.001 541,80.001 C549.148,80.001 550.169,79.965 553.369,79.82 C556.562,79.673 558.743,79.167 560.652,78.425 C562.623,77.658 564.297,76.634 565.965,74.965 C567.633,73.296 568.659,71.625 569.425,69.651 C570.167,67.743 570.674,65.562 570.82,62.369 C570.966,59.17 571,58.147 571,50 C571,41.851 570.966,40.831 570.82,37.631\"><\/path><\/g><\/g><\/g><\/svg><\/div>\n<div>\n<div>Ver essa foto no Instagram<\/div>\n<\/div>\n<div><\/div>\n<div>\n<div>\n<div><\/div>\n<div><\/div>\n<div><\/div>\n<\/div>\n<div>\n<div><\/div>\n<div><\/div>\n<\/div>\n<div>\n<div><\/div>\n<div><\/div>\n<div><\/div>\n<\/div>\n<\/div>\n<div>\n<div><\/div>\n<div><\/div>\n<\/div>\n<p><\/a><\/p>\n<p><a href=\"https:\/\/www.instagram.com\/p\/DL3JLkjxIzS\/?utm_source=ig_embed&amp;utm_campaign=loading\" target=\"_blank\" rel=\"noopener\">Uma publica\u00e7\u00e3o compartilhada por SOS Mata Atla\u0302ntica (@sosmataatlantica)<\/a><\/p>\n<\/div>\n<\/blockquote>\n<\/p>\n<p>Outro ponto cr\u00edtico \u00e9 o enfraquecimento de \u00f3rg\u00e3os essenciais como Funai, ICMBio, Iphan e secretarias de sa\u00fade e cultura, que passariam a ter papel apenas protocolar no processo de licenciamento. \u201cMesmo na aus\u00eancia de manifesta\u00e7\u00e3o dessas institui\u00e7\u00f5es, a licen\u00e7a poder\u00e1 ser emitida\u201d, denuncia o documento.<\/p>\n<p>O manifesto tamb\u00e9m critica emendas do Senado que agravam o texto original, como a que cria a Licen\u00e7a Ambiental Especial (LAE), permitindo que um \u00f3rg\u00e3o vinculado \u00e0 Presid\u00eancia da Rep\u00fablica defina, sem crit\u00e9rios t\u00e9cnicos, quais projetos s\u00e3o \u201cestrat\u00e9gicos\u201d, dispensando avalia\u00e7\u00f5es por etapas. \u201cIsso abre brechas para favorecimentos indevidos, clientelismo e corrup\u00e7\u00e3o\u201d, afirmam.<\/p>\n<p><strong>Leia tamb\u00e9m:<\/strong> <a href=\"https:\/\/vermelho.org.br\/2025\/05\/07\/conferencia-nacional-do-meio-ambiente-prepara-o-brasil-para-a-cop-30\/\">Confer\u00eancia do Meio Ambiente prepara Brasil para a COP 30<\/a><\/p>\n<p>O manifesto destaca ainda que \u201ca proposta, da forma como est\u00e1, favorece quem empreende de forma predat\u00f3ria e enfraquece drasticamente o papel do Estado\u201d. Para os signat\u00e1rios, uma verdadeira reforma exige compromisso com a ci\u00eancia, o meio ambiente e a participa\u00e7\u00e3o p\u00fablica, especialmente \u00e0s v\u00e9speras da COP30, em que o Brasil tem o dever de demonstrar lideran\u00e7a na agenda clim\u00e1tica.<\/p>\n<p>Leia a \u00edntegra do manifesto\u00a0<strong><a href=\"https:\/\/www.oc.eco.br\/wp-content\/uploads\/2025\/07\/ManifestocontraPL2159Assinado.pdf\" target=\"_blank\" rel=\"noreferrer noopener\">aqui<\/a>.<\/strong><\/p>\n<p>O post <a href=\"https:\/\/vermelho.org.br\/2025\/07\/09\/pl-do-licenciamento-ambiental-ameaca-direitos-e-mobiliza-350-entidades\/\">PL do licenciamento ambiental amea\u00e7a direitos e mobiliza 350 entidades<\/a> apareceu primeiro em <a href=\"https:\/\/vermelho.org.br\/\">Vermelho<\/a>.<\/p>\n<!-- Begin Yuzo --><div class='yuzo_related_post style-1'  data-version='5.12.89'><!-- without result --><div class='yuzo_clearfixed yuzo__title yuzo__title'><h3>Related Post<\/h3><\/div>\n\t\t\t\t\t\t  <div class=\"relatedthumb \" style=\"width:125px;float:left;overflow:hidden;\">  \n\t\t\t\t\t\t\t  \n\t\t\t\t\t\t\t  <a  href=\"https:\/\/redept.com.br\/blogosfera\/sem-citar-provas-gilmar-mendes-critica-ongs-na-retomada-das-audiencias-de-conciliacao-sobre-marco-temporal\/\"  >\n\t\t\t\t\t\t\t\t\t  <div class=\"yuzo-img-wrap \" style=\"width: 125px;height:90px;\">\n\t\t\t\t\t\t\t\t\t\t\n\t\t\t\t\t\t\t\t\t\t<div class=\"yuzo-img\" style=\"background:url('https:\/\/redept.org\/blogosfera\/wp-content\/plugins\/yuzo-related-post\/assets\/images\/default.png') 50% 50% no-repeat;width: 125px;height:90px;margin-bottom: 5px;background-size: cover; \"><\/div>\n\t\t\t\t\t\t\t\t\t  <\/div>\n\t\t\t\t\t\t\t\t\t  \n\t\t\t\t\t\t\t\t   <span class=\"yuzo__text--title\" style=\"font-size:13px;\">Sem citar provas, Gilmar Mendes critica ONGs na re...<\/span>\n\t\t\t\t\t\t\t  \n\t\t\t\t\t\t\t  \n\t\t\t\t\t\t\t  <\/a>\n\n\t\t\t\t\t\t  <\/div>\n\t\t\t\t\t\t  <div class=\"relatedthumb \" style=\"width:125px;float:left;overflow:hidden;\">  \n\t\t\t\t\t\t\t  \n\t\t\t\t\t\t\t  <a  href=\"https:\/\/redept.com.br\/blogosfera\/lula-acerta-estadao-erra\/\"  >\n\t\t\t\t\t\t\t\t\t  <div class=\"yuzo-img-wrap \" style=\"width: 125px;height:90px;\">\n\t\t\t\t\t\t\t\t\t\t\n\t\t\t\t\t\t\t\t\t\t<div class=\"yuzo-img\" style=\"background:url('https:\/\/redept.org\/blogosfera\/wp-content\/plugins\/yuzo-related-post\/assets\/images\/default.png') 50% 50% no-repeat;width: 125px;height:90px;margin-bottom: 5px;background-size: cover; \"><\/div>\n\t\t\t\t\t\t\t\t\t  <\/div>\n\t\t\t\t\t\t\t\t\t  \n\t\t\t\t\t\t\t\t   <span class=\"yuzo__text--title\" style=\"font-size:13px;\">Lula acerta, Estad\u00e3o erra<\/span>\n\t\t\t\t\t\t\t  \n\t\t\t\t\t\t\t  \n\t\t\t\t\t\t\t  <\/a>\n\n\t\t\t\t\t\t  <\/div>\n\t\t\t\t\t\t  <div class=\"relatedthumb \" style=\"width:125px;float:left;overflow:hidden;\">  \n\t\t\t\t\t\t\t  \n\t\t\t\t\t\t\t  <a  href=\"https:\/\/redept.com.br\/blogosfera\/estamos-preservando-o-que-eles-nao-preservaram-diz-lula-na-amazonia\/\"  >\n\t\t\t\t\t\t\t\t\t  <div class=\"yuzo-img-wrap \" style=\"width: 125px;height:90px;\">\n\t\t\t\t\t\t\t\t\t\t\n\t\t\t\t\t\t\t\t\t\t<div class=\"yuzo-img\" style=\"background:url('https:\/\/redept.org\/blogosfera\/wp-content\/plugins\/yuzo-related-post\/assets\/images\/default.png') 50% 50% no-repeat;width: 125px;height:90px;margin-bottom: 5px;background-size: cover; \"><\/div>\n\t\t\t\t\t\t\t\t\t  <\/div>\n\t\t\t\t\t\t\t\t\t  \n\t\t\t\t\t\t\t\t   <span class=\"yuzo__text--title\" style=\"font-size:13px;\">\u201cEstamos preservando o que eles n\u00e3o preservaram\u201d, ...<\/span>\n\t\t\t\t\t\t\t  \n\t\t\t\t\t\t\t  \n\t\t\t\t\t\t\t  <\/a>\n\n\t\t\t\t\t\t  <\/div>\n\t\t\t\t\t\t  <div class=\"relatedthumb \" style=\"width:125px;float:left;overflow:hidden;\">  \n\t\t\t\t\t\t\t  \n\t\t\t\t\t\t\t  <a  href=\"https:\/\/redept.com.br\/blogosfera\/o-fantasma-de-epstein-e-o-racha-na-alta-tecnologia-assombram-trump\/\"  >\n\t\t\t\t\t\t\t\t\t  <div class=\"yuzo-img-wrap \" style=\"width: 125px;height:90px;\">\n\t\t\t\t\t\t\t\t\t\t\n\t\t\t\t\t\t\t\t\t\t<div class=\"yuzo-img\" style=\"background:url('https:\/\/redept.com.br\/blogosfera\/wp-content\/uploads\/2025\/11\/trump-150x150.webp') 50% 50% no-repeat;width: 125px;height:90px;margin-bottom: 5px;background-size: cover; \"><\/div>\n\t\t\t\t\t\t\t\t\t  <\/div>\n\t\t\t\t\t\t\t\t\t  \n\t\t\t\t\t\t\t\t   <span class=\"yuzo__text--title\" style=\"font-size:13px;\">O fantasma de Epstein e o racha na alta tecnologia...<\/span>\n\t\t\t\t\t\t\t  \n\t\t\t\t\t\t\t  \n\t\t\t\t\t\t\t  <\/a>\n\n\t\t\t\t\t\t  <\/div>\n<\/div> <script>\n\t\t\t\t\t\t  jQuery(document).ready(function( $ ){\n\t\t\t\t\t\t\t\/\/jQuery('.yuzo_related_post').equalizer({ overflow : 'relatedthumb' });\n\t\t\t\t\t\t\tjQuery('.yuzo_related_post .yuzo_wraps').equalizer({ columns : '> div' });\n\t\t\t\t\t\t   })\n\t\t\t\t\t\t  <\/script> <!-- End Yuzo :) -->","protected":false},"excerpt":{"rendered":"<p>Um manifesto assinado por mais de 350 organiza\u00e7\u00f5es da sociedade civil foi entregue nesta ter\u00e7a-feira (8) a lideran\u00e7as da C\u00e2mara dos Deputados, incluindo o presidente da Casa, Hugo Motta (Republicanos-PB), o relator do projeto, Z\u00e9 Vitor (PL-MG), e o l\u00edder do governo, Jos\u00e9 Guimar\u00e3es (PT-CE). As entidades pedem que o Projeto de Lei 2159\/2021, que [&hellip;]<\/p>\n","protected":false},"author":2,"featured_media":0,"comment_status":"open","ping_status":"closed","sticky":false,"template":"","format":"standard","meta":{"fifu_image_url":"","fifu_image_alt":"","footnotes":""},"categories":[7974,9664,1675,9665,18,9666,9667],"tags":[],"class_list":["post-37363","post","type-post","status-publish","format-standard","hentry","category-cop30-brasil","category-licenca-por-adesao","category-licenciamento-ambiental","category-manifesto-ambientalistas","category-meio-ambiente","category-pl-2159-2021","category-retrocesso-ambiental"],"_links":{"self":[{"href":"https:\/\/redept.com.br\/blogosfera\/wp-json\/wp\/v2\/posts\/37363","targetHints":{"allow":["GET"]}}],"collection":[{"href":"https:\/\/redept.com.br\/blogosfera\/wp-json\/wp\/v2\/posts"}],"about":[{"href":"https:\/\/redept.com.br\/blogosfera\/wp-json\/wp\/v2\/types\/post"}],"author":[{"embeddable":true,"href":"https:\/\/redept.com.br\/blogosfera\/wp-json\/wp\/v2\/users\/2"}],"replies":[{"embeddable":true,"href":"https:\/\/redept.com.br\/blogosfera\/wp-json\/wp\/v2\/comments?post=37363"}],"version-history":[{"count":0,"href":"https:\/\/redept.com.br\/blogosfera\/wp-json\/wp\/v2\/posts\/37363\/revisions"}],"wp:attachment":[{"href":"https:\/\/redept.com.br\/blogosfera\/wp-json\/wp\/v2\/media?parent=37363"}],"wp:term":[{"taxonomy":"category","embeddable":true,"href":"https:\/\/redept.com.br\/blogosfera\/wp-json\/wp\/v2\/categories?post=37363"},{"taxonomy":"post_tag","embeddable":true,"href":"https:\/\/redept.com.br\/blogosfera\/wp-json\/wp\/v2\/tags?post=37363"}],"curies":[{"name":"wp","href":"https:\/\/api.w.org\/{rel}","templated":true}]}}