{"id":37493,"date":"2025-07-09T17:10:45","date_gmt":"2025-07-09T20:10:45","guid":{"rendered":"https:\/\/redept.org\/blogosfera\/inteligencia-artificial-de-elon-musk-exalta-hitler-em-publicacoes-no-x\/"},"modified":"2025-07-09T17:10:45","modified_gmt":"2025-07-09T20:10:45","slug":"inteligencia-artificial-de-elon-musk-exalta-hitler-em-publicacoes-no-x","status":"publish","type":"post","link":"https:\/\/redept.com.br\/blogosfera\/inteligencia-artificial-de-elon-musk-exalta-hitler-em-publicacoes-no-x\/","title":{"rendered":"Intelig\u00eancia Artificial de Elon Musk exalta Hitler em publica\u00e7\u00f5es no X"},"content":{"rendered":"<p>O Grok, sistema de intelig\u00eancia artificial desenvolvido pela xAI, empresa de <a href=\"https:\/\/operamundi.uol.com.br\/politica-e-economia\/elon-musk-anuncia-oficialmente-criacao-do-partido-america\/\">Elon Musk<\/a>, publicou conte\u00fados exaltando Adolf Hitler na rede social X, tamb\u00e9m controlada pelo bilion\u00e1rio, na \u00faltima ter\u00e7a-feira (08\/07).<\/p>\n<p>As mensagens, posteriormente apagadas pela equipe da xAI, inclu\u00edam elogios diretos ao ditador nazista. \u201cPara lidar com esse \u00f3dio vil contra brancos? Adolf Hitler, sem d\u00favida. Ele identificaria o padr\u00e3o e lidaria com isso de forma decisiva, toda santa vez\u201d, afirmou o Grok em um dos conte\u00fados.<\/p>\n<p>As publica\u00e7\u00f5es geraram rea\u00e7\u00e3o imediata dos usu\u00e1rios do X. Ainda que deletadas pela empresa, capturas de tela foram amplamente compartilhadas, mostrando tamb\u00e9m outra resposta da <a href=\"https:\/\/operamundi.uol.com.br\/opiniao\/o-que-sao-inteligencias-artificiais-uma-introducao-critica\/\">IA<\/a>: \u201cse denunciar radicais que comemoram crian\u00e7as mortas me torna \u2018literalmente Hitler\u2019, ent\u00e3o me passem o bigode \u2014 a verdade d\u00f3i mais do que as enchentes\u201d.<\/p>\n<p>As declara\u00e7\u00f5es da IA foram feitas em resposta a um post que supostamente comemorava a morte de crian\u00e7as durante uma enchente em um acampamento no Texas, nos Estados Unidos. Um usu\u00e1rio perguntou qual figura hist\u00f3rica do s\u00e9culo 20 seria mais adequada para lidar com esse tipo de conte\u00fado, levando \u00e0 resposta ofensiva do Grok.<\/p>\n<figure aria-describedby=\"caption-attachment-224798\"><img loading=\"lazy\" loading=\"lazy\" decoding=\"async\"src=\"https:\/\/redept.org\/blogosfera\/wp-content\/uploads\/2025\/07\/fd86e0f6-4ad5-4195-9609-abfac808ca46-captura-de-tela-2025-01-20-as-224930.webp\" alt=\"\" width=\"800\" height=\"489\" srcset=\"https:\/\/redept.org\/blogosfera\/wp-content\/uploads\/2025\/07\/fd86e0f6-4ad5-4195-9609-abfac808ca46-captura-de-tela-2025-01-20-as-224930.webp 800w, https:\/\/operamundi.uol.com.br\/wp-content\/uploads\/2025\/07\/fd86e0f6-4ad5-4195-9609-abfac808ca46-captura-de-tela-2025-01-20-as-22.49.30-300x183.webp 300w, https:\/\/operamundi.uol.com.br\/wp-content\/uploads\/2025\/07\/fd86e0f6-4ad5-4195-9609-abfac808ca46-captura-de-tela-2025-01-20-as-22.49.30-768x469.webp 768w, https:\/\/operamundi.uol.com.br\/wp-content\/uploads\/2025\/07\/fd86e0f6-4ad5-4195-9609-abfac808ca46-captura-de-tela-2025-01-20-as-22.49.30-150x92.webp 150w, https:\/\/operamundi.uol.com.br\/wp-content\/uploads\/2025\/07\/fd86e0f6-4ad5-4195-9609-abfac808ca46-captura-de-tela-2025-01-20-as-22.49.30-750x458.webp 750w\" sizes=\"auto, (max-width: 800px) 100vw, 800px\"><figcaption>Intelig\u00eancia Artificial de Elon Musk \u00e9 conhecida por publica\u00e7\u00f5es contradit\u00f3rias<br \/>RS\/Fotos P\u00fablicas<\/figcaption><\/figure>\n<p>Diante da repercuss\u00e3o negativa, a xAI se manifestou oficialmente no pr\u00f3prio X. A equipe disse estar \u201cciente das postagens recentes feitas pelo Grok\u201d e que estava \u201ctrabalhando ativamente para remover os conte\u00fados inapropriados.\u201d<\/p>\n<p>A empresa tamb\u00e9m afirmou que \u201cmedidas j\u00e1 foram tomadas para banir discursos de \u00f3dio antes que eles cheguem a ser publicados\u201d e que est\u00e1 atualizando o treinamento do modelo\u201d.<\/p>\n<p>\u201cA xAI est\u00e1 treinando apenas em busca da verdade e, gra\u00e7as aos milh\u00f5es de usu\u00e1rios no X, conseguimos identificar e atualizar rapidamente o modelo onde o treinamento pode ser melhorado\u201d, declarou a companhia.<\/p>\n<p>Antes do mais recente caso, o Grok j\u00e1 havia sido criticado em maio passado, quando mencionou o termo <a href=\"https:\/\/operamundi.uol.com.br\/ciencia-e-tecnologia\/grok-ia-de-musk-fala-em-genocidio-branco-na-africa-do-sul-ao-responder-usuarios\/\">\u201cgenoc\u00eddio branco\u201d<\/a> em contextos inapropriados ao tratar da \u00c1frica do Sul. Na ocasi\u00e3o, a xAI atribuiu a falha a uma altera\u00e7\u00e3o n\u00e3o autorizada no sistema.<\/p>\n<p><em>(*) Com Brasil247<\/em><\/p>\n<p>O post <a href=\"https:\/\/operamundi.uol.com.br\/ciencia-e-tecnologia\/inteligencia-artificial-de-elon-musk-exalta-hitler-em-publicacoes-no-x\/\">Intelig\u00eancia Artificial de Elon Musk exalta Hitler em publica\u00e7\u00f5es no X<\/a> apareceu primeiro em <a href=\"https:\/\/operamundi.uol.com.br\/\">Opera Mundi<\/a>.<\/p>\n<!-- Begin Yuzo --><div class='yuzo_related_post style-1'  data-version='5.12.89'><!-- without result --><div class='yuzo_clearfixed yuzo__title yuzo__title'><h3>Related Post<\/h3><\/div>\n\t\t\t\t\t\t  <div class=\"relatedthumb \" style=\"width:125px;float:left;overflow:hidden;\">  \n\t\t\t\t\t\t\t  \n\t\t\t\t\t\t\t  <a  href=\"https:\/\/redept.com.br\/blogosfera\/edinho-silva-analisa-sequestro-do-congresso-por-bolsonaristas\/\"  >\n\t\t\t\t\t\t\t\t\t  <div class=\"yuzo-img-wrap \" style=\"width: 125px;height:90px;\">\n\t\t\t\t\t\t\t\t\t\t\n\t\t\t\t\t\t\t\t\t\t<div class=\"yuzo-img\" style=\"background:url('https:\/\/redept.org\/blogosfera\/wp-content\/plugins\/yuzo-related-post\/assets\/images\/default.png') 50% 50% no-repeat;width: 125px;height:90px;margin-bottom: 5px;background-size: cover; \"><\/div>\n\t\t\t\t\t\t\t\t\t  <\/div>\n\t\t\t\t\t\t\t\t\t  \n\t\t\t\t\t\t\t\t   <span class=\"yuzo__text--title\" style=\"font-size:13px;\">Edinho Silva analisa sequestro do Congresso por bo...<\/span>\n\t\t\t\t\t\t\t  \n\t\t\t\t\t\t\t  \n\t\t\t\t\t\t\t  <\/a>\n\n\t\t\t\t\t\t  <\/div>\n\t\t\t\t\t\t  <div class=\"relatedthumb \" style=\"width:125px;float:left;overflow:hidden;\">  \n\t\t\t\t\t\t\t  \n\t\t\t\t\t\t\t  <a  href=\"https:\/\/redept.com.br\/blogosfera\/nos-teremos-muitas-surpresas-ainda-avalia-especialista-sobre-o-governo-de-donald-trump\/\"  >\n\t\t\t\t\t\t\t\t\t  <div class=\"yuzo-img-wrap \" style=\"width: 125px;height:90px;\">\n\t\t\t\t\t\t\t\t\t\t\n\t\t\t\t\t\t\t\t\t\t<div class=\"yuzo-img\" style=\"background:url('https:\/\/redept.org\/blogosfera\/wp-content\/plugins\/yuzo-related-post\/assets\/images\/default.png') 50% 50% no-repeat;width: 125px;height:90px;margin-bottom: 5px;background-size: cover; \"><\/div>\n\t\t\t\t\t\t\t\t\t  <\/div>\n\t\t\t\t\t\t\t\t\t  \n\t\t\t\t\t\t\t\t   <span class=\"yuzo__text--title\" style=\"font-size:13px;\">\u2018N\u00f3s teremos muitas surpresas ainda\u2019, avalia espec...<\/span>\n\t\t\t\t\t\t\t  \n\t\t\t\t\t\t\t  \n\t\t\t\t\t\t\t  <\/a>\n\n\t\t\t\t\t\t  <\/div>\n\t\t\t\t\t\t  <div class=\"relatedthumb \" style=\"width:125px;float:left;overflow:hidden;\">  \n\t\t\t\t\t\t\t  \n\t\t\t\t\t\t\t  <a  href=\"https:\/\/sul21.com.br\/noticias\/cultura\/2025\/08\/32o-porto-alegre-em-cena-divulga-programacao-completa-com-ingressos-a-partir-de-r-20\/\"  >\n\t\t\t\t\t\t\t\t\t  <div class=\"yuzo-img-wrap \" style=\"width: 125px;height:90px;\">\n\t\t\t\t\t\t\t\t\t\t\n\t\t\t\t\t\t\t\t\t\t<div class=\"yuzo-img\" style=\"background:url('https:\/\/redept.org\/blogosfera\/wp-content\/plugins\/yuzo-related-post\/assets\/images\/default.png') 50% 50% no-repeat;width: 125px;height:90px;margin-bottom: 5px;background-size: cover; \"><\/div>\n\t\t\t\t\t\t\t\t\t  <\/div>\n\t\t\t\t\t\t\t\t\t  \n\t\t\t\t\t\t\t\t   <span class=\"yuzo__text--title\" style=\"font-size:13px;\">32\u00ba Porto Alegre em Cena divulga programa\u00e7\u00e3o compl...<\/span>\n\t\t\t\t\t\t\t  \n\t\t\t\t\t\t\t  \n\t\t\t\t\t\t\t  <\/a>\n\n\t\t\t\t\t\t  <\/div>\n\t\t\t\t\t\t  <div class=\"relatedthumb \" style=\"width:125px;float:left;overflow:hidden;\">  \n\t\t\t\t\t\t\t  \n\t\t\t\t\t\t\t  <a  href=\"https:\/\/redept.com.br\/blogosfera\/organizacoes-do-movimento-negro-denunciam-tarcisio-e-derrite-a-oea-por-aumento-da-violencia-policial\/\"  >\n\t\t\t\t\t\t\t\t\t  <div class=\"yuzo-img-wrap \" style=\"width: 125px;height:90px;\">\n\t\t\t\t\t\t\t\t\t\t\n\t\t\t\t\t\t\t\t\t\t<div class=\"yuzo-img\" style=\"background:url('https:\/\/redept.org\/blogosfera\/wp-content\/plugins\/yuzo-related-post\/assets\/images\/default.png') 50% 50% no-repeat;width: 125px;height:90px;margin-bottom: 5px;background-size: cover; \"><\/div>\n\t\t\t\t\t\t\t\t\t  <\/div>\n\t\t\t\t\t\t\t\t\t  \n\t\t\t\t\t\t\t\t   <span class=\"yuzo__text--title\" style=\"font-size:13px;\">Organiza\u00e7\u00f5es do movimento negro denunciam Tarc\u00edsio...<\/span>\n\t\t\t\t\t\t\t  \n\t\t\t\t\t\t\t  \n\t\t\t\t\t\t\t  <\/a>\n\n\t\t\t\t\t\t  <\/div>\n<\/div> <script>\n\t\t\t\t\t\t  jQuery(document).ready(function( $ ){\n\t\t\t\t\t\t\t\/\/jQuery('.yuzo_related_post').equalizer({ overflow : 'relatedthumb' });\n\t\t\t\t\t\t\tjQuery('.yuzo_related_post .yuzo_wraps').equalizer({ columns : '> div' });\n\t\t\t\t\t\t   })\n\t\t\t\t\t\t  <\/script> <!-- End Yuzo :) -->","protected":false},"excerpt":{"rendered":"<p>O Grok, sistema de intelig\u00eancia artificial desenvolvido pela xAI, empresa de Elon Musk, publicou conte\u00fados exaltando Adolf Hitler na rede social X, tamb\u00e9m controlada pelo bilion\u00e1rio, na \u00faltima ter\u00e7a-feira (08\/07). As mensagens, posteriormente apagadas pela equipe da xAI, inclu\u00edam elogios diretos ao ditador nazista. \u201cPara lidar com esse \u00f3dio vil contra brancos? Adolf Hitler, sem [&hellip;]<\/p>\n","protected":false},"author":2,"featured_media":0,"comment_status":"closed","ping_status":"closed","sticky":false,"template":"","format":"standard","meta":{"fifu_image_url":"","fifu_image_alt":"","footnotes":""},"categories":[677,776,6218,6745,6219,1228,5518],"tags":[],"class_list":["post-37493","post","type-post","status-publish","format-standard","hentry","category-ciencia-e-tecnologia","category-elon-musk","category-grok","category-hitler","category-ia","category-inteligencia-artificial","category-politica-e-economia"],"_links":{"self":[{"href":"https:\/\/redept.com.br\/blogosfera\/wp-json\/wp\/v2\/posts\/37493","targetHints":{"allow":["GET"]}}],"collection":[{"href":"https:\/\/redept.com.br\/blogosfera\/wp-json\/wp\/v2\/posts"}],"about":[{"href":"https:\/\/redept.com.br\/blogosfera\/wp-json\/wp\/v2\/types\/post"}],"author":[{"embeddable":true,"href":"https:\/\/redept.com.br\/blogosfera\/wp-json\/wp\/v2\/users\/2"}],"replies":[{"embeddable":true,"href":"https:\/\/redept.com.br\/blogosfera\/wp-json\/wp\/v2\/comments?post=37493"}],"version-history":[{"count":0,"href":"https:\/\/redept.com.br\/blogosfera\/wp-json\/wp\/v2\/posts\/37493\/revisions"}],"wp:attachment":[{"href":"https:\/\/redept.com.br\/blogosfera\/wp-json\/wp\/v2\/media?parent=37493"}],"wp:term":[{"taxonomy":"category","embeddable":true,"href":"https:\/\/redept.com.br\/blogosfera\/wp-json\/wp\/v2\/categories?post=37493"},{"taxonomy":"post_tag","embeddable":true,"href":"https:\/\/redept.com.br\/blogosfera\/wp-json\/wp\/v2\/tags?post=37493"}],"curies":[{"name":"wp","href":"https:\/\/api.w.org\/{rel}","templated":true}]}}