{"id":37507,"date":"2025-07-09T13:52:52","date_gmt":"2025-07-09T16:52:52","guid":{"rendered":"https:\/\/redept.org\/blogosfera\/vai-cair\/"},"modified":"2025-07-09T13:52:52","modified_gmt":"2025-07-09T16:52:52","slug":"vai-cair","status":"publish","type":"post","link":"https:\/\/redept.com.br\/blogosfera\/vai-cair\/","title":{"rendered":"Vai cair"},"content":{"rendered":"<p>Qualquer close de Nikolas, o bacorinho sai mal na foto.<\/p>\n<p>Nikolas est\u00e1 espinoteando contra o MP Eleitoral de Minas que exige sua cassa\u00e7\u00e3o.<\/p>\n<p>O problema \u00e9 que o vigaristazinho tamb\u00e9m est\u00e1 com a bucha queimada no cl\u00e3 Bolsonaro.<\/p>\n<p>Nikolas \u00e9 aquele que se acha mais esperto que ele pr\u00f3prio.<\/p>\n<p>N\u00e3o tremelicou contra o cl\u00e3 s\u00f3 contra o MPE de Minas. Coisa claramente t\u00edpica de bandidinho que afronta a justi\u00e7a, mas afina para gente de seu bando com patente mais alta na gang.<\/p>\n<p>O fato \u00e9 que ele vai cair.<\/p>\n<p>N\u00e3o se sabe se ele j\u00e1 se deu conta de que seu mandato virou gemada e seu ch\u00e3o na direita ficou mole.<\/p>\n<p>Fato \u00e9 que ele est\u00e1 perdido em qualquer sentido do termo.<\/p>\n<p>Qualquer latitude est\u00e1 \u00e1spera. Ficou espa\u00e7oso no mundo da criminalidade e azedou. Talhou!<\/p>\n<p>O MPE de Minas est\u00e1 na cola do esperto e ele n\u00e3o tem v\u00edrgula de argumento para tentar reverter a mamona que est\u00e1 levando.<\/p>\n<p>O que estamos assistindo ao vivo \u00e9 \u00e0 queda de mais um parvo que se acha g\u00eanio.<\/p>\n<hr>\n<h5>Apoie o Antropofagista com qualquer valor<br \/>\nPIX: 45013993768<br \/>\nAgradecemos imensamente<\/h5>\n<hr>\n<p><strong>Siga-nos no Whatsapp:<\/strong> <a href=\"https:\/\/chat.whatsapp.com\/HlpAeWDAUrD8Qq1AjWiCK5\">https:\/\/chat.whatsapp.com\/HlpAeWDAUrD8Qq1AjWiCK5<\/a><\/p>\n<p><strong>Siga-nos no Facebook:<\/strong><a href=\"https:\/\/www.facebook.com\/profile.php?id=100070790366110\"> https:\/\/www.facebook.com\/profile.php?id=100070790366110<\/a><\/p>\n<p><strong>Siga-nos no X<\/strong>:<a href=\"https:\/\/x.com\/Antropofagista1\"> https:\/\/x.com\/Antropofagista1<\/a><\/p>\n<p><strong>Siga-nos no Instagram:<\/strong> <a href=\"https:\/\/www.instagram.com\/blogantropofagista?igsh=YzljYTk1ODg3Zg\">https:\/\/www.instagram.com\/blogantropofagista?igsh=YzljYTk1ODg3Zg<\/a><\/p>\n<p>The post <a href=\"https:\/\/antropofagista.com.br\/2025\/07\/09\/vai-cair\/\">Vai cair<\/a> first appeared on <a href=\"https:\/\/antropofagista.com.br\/\">Antropofagista<\/a>.<\/p>\n<!-- Begin Yuzo --><div class='yuzo_related_post style-1'  data-version='5.12.89'><!-- without result --><div class='yuzo_clearfixed yuzo__title yuzo__title'><h3>Related Post<\/h3><\/div>\n\t\t\t\t\t\t  <div class=\"relatedthumb \" style=\"width:125px;float:left;overflow:hidden;\">  \n\t\t\t\t\t\t\t  \n\t\t\t\t\t\t\t  <a  href=\"https:\/\/redept.com.br\/blogosfera\/militares-acusados-de-coordenar-desinformacao-representam-ponto-central-da-tentativa-de-golpe-diz-cientista-politica\/\"  >\n\t\t\t\t\t\t\t\t\t  <div class=\"yuzo-img-wrap \" style=\"width: 125px;height:90px;\">\n\t\t\t\t\t\t\t\t\t\t\n\t\t\t\t\t\t\t\t\t\t<div class=\"yuzo-img\" style=\"background:url('https:\/\/redept.org\/blogosfera\/wp-content\/plugins\/yuzo-related-post\/assets\/images\/default.png') 50% 50% no-repeat;width: 125px;height:90px;margin-bottom: 5px;background-size: cover; \"><\/div>\n\t\t\t\t\t\t\t\t\t  <\/div>\n\t\t\t\t\t\t\t\t\t  \n\t\t\t\t\t\t\t\t   <span class=\"yuzo__text--title\" style=\"font-size:13px;\">Militares acusados de coordenar desinforma\u00e7\u00e3o repr...<\/span>\n\t\t\t\t\t\t\t  \n\t\t\t\t\t\t\t  \n\t\t\t\t\t\t\t  <\/a>\n\n\t\t\t\t\t\t  <\/div>\n\t\t\t\t\t\t  <div class=\"relatedthumb \" style=\"width:125px;float:left;overflow:hidden;\">  \n\t\t\t\t\t\t\t  \n\t\t\t\t\t\t\t  <a  href=\"https:\/\/sul21.com.br\/noticias\/educacao\/2025\/10\/escolas-se-mobilizam-contra-municipalizacao-iniciada-pela-seduc-debate-ficou-de-lado\/\"  >\n\t\t\t\t\t\t\t\t\t  <div class=\"yuzo-img-wrap \" style=\"width: 125px;height:90px;\">\n\t\t\t\t\t\t\t\t\t\t\n\t\t\t\t\t\t\t\t\t\t<div class=\"yuzo-img\" style=\"background:url('https:\/\/redept.org\/blogosfera\/wp-content\/plugins\/yuzo-related-post\/assets\/images\/default.png') 50% 50% no-repeat;width: 125px;height:90px;margin-bottom: 5px;background-size: cover; \"><\/div>\n\t\t\t\t\t\t\t\t\t  <\/div>\n\t\t\t\t\t\t\t\t\t  \n\t\t\t\t\t\t\t\t   <span class=\"yuzo__text--title\" style=\"font-size:13px;\">Escolas se mobilizam contra municipaliza\u00e7\u00e3o inicia...<\/span>\n\t\t\t\t\t\t\t  \n\t\t\t\t\t\t\t  \n\t\t\t\t\t\t\t  <\/a>\n\n\t\t\t\t\t\t  <\/div>\n\t\t\t\t\t\t  <div class=\"relatedthumb \" style=\"width:125px;float:left;overflow:hidden;\">  \n\t\t\t\t\t\t\t  \n\t\t\t\t\t\t\t  <a  href=\"https:\/\/redept.com.br\/blogosfera\/porto-alegre-tem-mais-de-38-mil-casos-confirmados-de-dengue-em-2025\/\"  >\n\t\t\t\t\t\t\t\t\t  <div class=\"yuzo-img-wrap \" style=\"width: 125px;height:90px;\">\n\t\t\t\t\t\t\t\t\t\t\n\t\t\t\t\t\t\t\t\t\t<div class=\"yuzo-img\" style=\"background:url('https:\/\/redept.org\/blogosfera\/wp-content\/plugins\/yuzo-related-post\/assets\/images\/default.png') 50% 50% no-repeat;width: 125px;height:90px;margin-bottom: 5px;background-size: cover; \"><\/div>\n\t\t\t\t\t\t\t\t\t  <\/div>\n\t\t\t\t\t\t\t\t\t  \n\t\t\t\t\t\t\t\t   <span class=\"yuzo__text--title\" style=\"font-size:13px;\">Porto Alegre tem mais de 3,8 mil casos confirmados...<\/span>\n\t\t\t\t\t\t\t  \n\t\t\t\t\t\t\t  \n\t\t\t\t\t\t\t  <\/a>\n\n\t\t\t\t\t\t  <\/div>\n\t\t\t\t\t\t  <div class=\"relatedthumb \" style=\"width:125px;float:left;overflow:hidden;\">  \n\t\t\t\t\t\t\t  \n\t\t\t\t\t\t\t  <a  href=\"https:\/\/redept.com.br\/blogosfera\/el-salvador-propoe-troca-de-prisioneiros-com-venezuela-e-caracas-responde-expoente-do-neofascismo\/\"  >\n\t\t\t\t\t\t\t\t\t  <div class=\"yuzo-img-wrap \" style=\"width: 125px;height:90px;\">\n\t\t\t\t\t\t\t\t\t\t\n\t\t\t\t\t\t\t\t\t\t<div class=\"yuzo-img\" style=\"background:url('https:\/\/redept.org\/blogosfera\/wp-content\/plugins\/yuzo-related-post\/assets\/images\/default.png') 50% 50% no-repeat;width: 125px;height:90px;margin-bottom: 5px;background-size: cover; \"><\/div>\n\t\t\t\t\t\t\t\t\t  <\/div>\n\t\t\t\t\t\t\t\t\t  \n\t\t\t\t\t\t\t\t   <span class=\"yuzo__text--title\" style=\"font-size:13px;\">El Salvador prop\u00f5e troca de prisioneiros com Venez...<\/span>\n\t\t\t\t\t\t\t  \n\t\t\t\t\t\t\t  \n\t\t\t\t\t\t\t  <\/a>\n\n\t\t\t\t\t\t  <\/div>\n<\/div> <script>\n\t\t\t\t\t\t  jQuery(document).ready(function( $ ){\n\t\t\t\t\t\t\t\/\/jQuery('.yuzo_related_post').equalizer({ overflow : 'relatedthumb' });\n\t\t\t\t\t\t\tjQuery('.yuzo_related_post .yuzo_wraps').equalizer({ columns : '> div' });\n\t\t\t\t\t\t   })\n\t\t\t\t\t\t  <\/script> <!-- End Yuzo :) -->","protected":false},"excerpt":{"rendered":"<p>Qualquer close de Nikolas, o bacorinho sai mal na foto. Nikolas est\u00e1 espinoteando contra o MP Eleitoral de Minas que exige sua cassa\u00e7\u00e3o. O problema \u00e9 que o vigaristazinho tamb\u00e9m est\u00e1 com a bucha queimada no cl\u00e3 Bolsonaro. Nikolas \u00e9 aquele que se acha mais esperto que ele pr\u00f3prio. N\u00e3o tremelicou contra o cl\u00e3 s\u00f3 [&hellip;]<\/p>\n","protected":false},"author":2,"featured_media":0,"comment_status":"open","ping_status":"closed","sticky":false,"template":"","format":"standard","meta":{"fifu_image_url":"","fifu_image_alt":"","footnotes":""},"categories":[268,7600,9701,6750,132],"tags":[],"class_list":["post-37507","post","type-post","status-publish","format-standard","hentry","category-cassacao","category-cla-bolsonaro","category-mp-eleitoral","category-nikolas","category-politica"],"_links":{"self":[{"href":"https:\/\/redept.com.br\/blogosfera\/wp-json\/wp\/v2\/posts\/37507","targetHints":{"allow":["GET"]}}],"collection":[{"href":"https:\/\/redept.com.br\/blogosfera\/wp-json\/wp\/v2\/posts"}],"about":[{"href":"https:\/\/redept.com.br\/blogosfera\/wp-json\/wp\/v2\/types\/post"}],"author":[{"embeddable":true,"href":"https:\/\/redept.com.br\/blogosfera\/wp-json\/wp\/v2\/users\/2"}],"replies":[{"embeddable":true,"href":"https:\/\/redept.com.br\/blogosfera\/wp-json\/wp\/v2\/comments?post=37507"}],"version-history":[{"count":0,"href":"https:\/\/redept.com.br\/blogosfera\/wp-json\/wp\/v2\/posts\/37507\/revisions"}],"wp:attachment":[{"href":"https:\/\/redept.com.br\/blogosfera\/wp-json\/wp\/v2\/media?parent=37507"}],"wp:term":[{"taxonomy":"category","embeddable":true,"href":"https:\/\/redept.com.br\/blogosfera\/wp-json\/wp\/v2\/categories?post=37507"},{"taxonomy":"post_tag","embeddable":true,"href":"https:\/\/redept.com.br\/blogosfera\/wp-json\/wp\/v2\/tags?post=37507"}],"curies":[{"name":"wp","href":"https:\/\/api.w.org\/{rel}","templated":true}]}}