{"id":37569,"date":"2025-07-10T12:11:15","date_gmt":"2025-07-10T15:11:15","guid":{"rendered":"https:\/\/redept.org\/blogosfera\/tarifa-dos-eua-pressiona-brasil-mas-cria-chance-de-vender-commodities-para-outros-mercados\/"},"modified":"2025-07-10T12:11:15","modified_gmt":"2025-07-10T15:11:15","slug":"tarifa-dos-eua-pressiona-brasil-mas-cria-chance-de-vender-commodities-para-outros-mercados","status":"publish","type":"post","link":"https:\/\/redept.com.br\/blogosfera\/tarifa-dos-eua-pressiona-brasil-mas-cria-chance-de-vender-commodities-para-outros-mercados\/","title":{"rendered":"Tarifa dos EUA pressiona Brasil, mas cria chance de vender commodities para outros mercados"},"content":{"rendered":"<p>A <a href=\"https:\/\/www.brasildefato.com.br\/2025\/07\/09\/trump-anuncia-tarifa-de-50-sobre-produtos-brasileiros-em-carta-com-ataque-ao-stf-e-defesa-de-bolsonaro\/\">tarifa de 50% imposta pelo presidente dos Estados Unidos<\/a>, Donald Trump, sobre produtos brasileiros deve afetar diretamente os setores exportadores ao tornar os itens mais caros para consumidores e empresas nos EUA. Apesar disso, h\u00e1 oportunidades no mercado interno e externo para a realoca\u00e7\u00e3o desses produtos que s\u00e3o, em sua maioria, commodities. <\/p>\n<p>Daniel Negreiros Concei\u00e7\u00e3o, economista e professor do Instituto de Pesquisa e Planejamento Urbano e Regional (IPPUR) da Universidade Federal do Rio de Janeiro (UFRJ), explica que commodities s\u00e3o bens prim\u00e1rios, geralmente em estado bruto ou com pouca industrializa\u00e7\u00e3o, produzidos em grande escala e amplamente comercializados no mercado internacional. S\u00e3o esses os produtos brasileiros comprados em maior volume pelos EUA.<\/p>\n<p>Ele explica, ainda, que a realoca\u00e7\u00e3o desse tipo de produto para outros compradores \u00e9 mais f\u00e1cil do que itens manufaturados e de alto valor agregado. \u201c\u00c9 a primeira vez em que ser exportador de commodities nos coloca numa situa\u00e7\u00e3o at\u00e9 mais confort\u00e1vel. Normalmente \u00e9 muito ruim ser vendedor de itens muito b\u00e1sicos, sem complexidade. Mas nesse caso s\u00e3o realoc\u00e1veis\u201d, afirma Concei\u00e7\u00e3o.\u00a0<\/p>\n<p>\u201cSe voc\u00ea perde um comprador, o produto continua dispon\u00edvel para outros. O efeito econ\u00f4mico talvez n\u00e3o seja t\u00e3o ruim para os brasileiros, porque o exportador de commodity consegue exportar mais facilmente\u201d, diz o professor.\u00a0<\/p>\n<p>Concei\u00e7\u00e3o afirma, inclusive, que <a href=\"https:\/\/www.brasildefato.com.br\/2025\/05\/19\/alta-do-pib-e-positiva-mas-populacao-ainda-sente-impacto-dos-juros-e-do-preco-dos-alimentos-diz-economista\/\">o pr\u00f3prio mercado consumidor interno<\/a> pode ser um destino alternativo para as empresas exportadoras. \u201cEsse caf\u00e9 pode acabar vindo para c\u00e1. O Brasil \u00e9 um comprador para substituir os Estados Unidos.\u201d<\/p>\n<p>Um ponto importante das rela\u00e7\u00f5es comerciais que tamb\u00e9m pode ser afetado \u00e9 o acesso ao d\u00f3lar, utilizado n\u00e3o s\u00f3 na balan\u00e7a com os EUA, mas com todo o mundo. \u201cAs exporta\u00e7\u00f5es, em termos materiais, s\u00e3o o envio de coisas para o exterior, mas tamb\u00e9m o acesso \u00e0 moeda dos outros. O dano que a gente mais sentiria, al\u00e9m da queda de atividade desses exportadores que empregam muitos trabalhadores, \u00e9 um choque cambial se a gente n\u00e3o conseguir outras fontes de obten\u00e7\u00e3o de moeda estrangeira, j\u00e1 que a gente usa muito o d\u00f3lar para comprar as coisas no mundo\u201d, diz.\u00a0<\/p>\n<p>Entre os principais produtos que os americanos importam do Brasil est\u00e3o o petr\u00f3leo, ferro e caf\u00e9. Atualmente, segundo a Associa\u00e7\u00e3o Brasileira das Ind\u00fastrias Exportadoras de Carnes (Abiec), os Estados Unidos s\u00e3o o segundo maior comprador de carne bovina do Brasil, respondendo por 12,33% das exporta\u00e7\u00f5es no primeiro semestre. O percentual equivale a 181,3 mil toneladas, mais que o dobro do registrado no mesmo per\u00edodo de 2024.\u00a0<\/p>\n<p>Em nota, a entidade declarou que \u201cqualquer aumento de tarifa sobre produtos brasileiros representa um entrave ao com\u00e9rcio internacional e impacta negativamente o setor produtivo da carne bovina\u201d.<\/p>\n<p>A Frente Parlamentar da Agropecu\u00e1ria (FPA) tamb\u00e9m disse que a nova al\u00edquota pode ter reflexos diretos sobre o agroneg\u00f3cio brasileiro, afetando o c\u00e2mbio, elevando o custo de insumos importados e reduzindo a competitividade das exporta\u00e7\u00f5es.<\/p>\n<p>A Associa\u00e7\u00e3o de Com\u00e9rcio Exterior do Brasil (AEB) afirmou que, \u201cal\u00e9m das dificuldades de com\u00e9rcio com os Estados Unidos, o an\u00fancio da Casa Branca pode criar uma imagem negativa do Brasil e gerar medo em importadores de outros pa\u00edses de fechar neg\u00f3cios com as nossas empresas\u201d.\u00a0<\/p>\n<p>De acordo com a Confedera\u00e7\u00e3o Nacional da Ind\u00fastria (CNI), as exporta\u00e7\u00f5es brasileiras para os Estados Unidos t\u00eam peso relevante na economia nacional. Em 2024, cada R$ 1 bilh\u00e3o exportado ao mercado americano resultou na cria\u00e7\u00e3o de 24,3 mil empregos, R$ 531,8 milh\u00f5es em massa salarial e R$ 3,2 bilh\u00f5es em produ\u00e7\u00e3o no Brasil. Por isso, o aumento da tarifa de importa\u00e7\u00e3o para 50% afeta diretamente a economia brasileira e compromete a coopera\u00e7\u00e3o bilateral.<\/p>\n<p>Al\u00e9m de evidenciar os impactos econ\u00f4micos para o Brasil, as entidades repudiaram o posicionamento de Donald Trump. Ricardo Alban, presidente da CNI, afirmou em nota que \u201cn\u00e3o existe qualquer fato econ\u00f4mico que justifique uma medida desse tamanho, elevando as tarifas sobre o Brasil do piso ao teto\u201d.\u00a0<\/p>\n<p>\u201cOs impactos dessas tarifas podem ser graves para a nossa ind\u00fastria, que \u00e9 muito interligada ao sistema produtivo americano. Uma quebra nessa rela\u00e7\u00e3o traria muitos preju\u00edzos \u00e0 nossa economia. Por isso, para o setor produtivo, o mais importante agora \u00e9 intensificar as negocia\u00e7\u00f5es e o di\u00e1logo para reverter essa decis\u00e3o\u201d, disse.\u00a0<\/p>\n<h4>D\u00e9ficit para o Brasil<\/h4>\n<p>Apesar de Donald Trump afirmar que a rela\u00e7\u00e3o comercial entre os dois pa\u00edses prejudica os Estados Unidos, os dados mostram o contr\u00e1rio, segundo os n\u00fameros da s\u00e9rie hist\u00f3rica do Minist\u00e9rio do Desenvolvimento, Ind\u00fastria e Com\u00e9rcio Exterior (MDIC). A balan\u00e7a comercial \u00e9 desfavor\u00e1vel para o Brasil, que importa mais do que exporta para o mercado americano. Esse desequil\u00edbrio gera um d\u00e9ficit comercial, situa\u00e7\u00e3o em que o valor das importa\u00e7\u00f5es \u00e9 maior que o das exporta\u00e7\u00f5es.<\/p>\n<p>Desde 2009, o Brasil registra d\u00e9ficits comerciais consecutivos com os Estados Unidos, acumulando um saldo negativo de US$ 90,28 bilh\u00f5es em vendas americanas ao pa\u00eds at\u00e9 junho de 2025. A an\u00e1lise dos dados, que abrange o per\u00edodo de 1997 at\u00e9 o primeiro semestre de 2025, tamb\u00e9m aponta um saldo superavit\u00e1rio total de US$ 49,88 bilh\u00f5es para os EUA ao longo desses 28 anos.<\/p>\n<p>No ano passado, a rela\u00e7\u00e3o comercial entre os dois pa\u00edses esteve praticamente equilibrada, com exporta\u00e7\u00f5es brasileiras de US$ 40,33 bilh\u00f5es e importa\u00e7\u00f5es de US$ 40,58 bilh\u00f5es, resultando em um d\u00e9ficit de US$ 253 milh\u00f5es para o Brasil. No entanto, no primeiro semestre de 2025, o desequil\u00edbrio voltou a se acentuar, com o Brasil importando US$ 1,67 bilh\u00e3o a mais do que exportou para os Estados Unidos.<\/p>\n<h4>Super\u00e1vit com o total dos pa\u00edses<\/h4>\n<p>Apesar do d\u00e9ficit na rela\u00e7\u00e3o comercial com os Estados Unidos, a balan\u00e7a brasileira no geral registrou super\u00e1vit de US$ 74,5 bilh\u00f5es no ano passado: as exporta\u00e7\u00f5es totalizaram US$ 337 bilh\u00f5es, enquanto as importa\u00e7\u00f5es chegaram a US$ 262,5 bilh\u00f5es, segundo dados da Secretaria de Com\u00e9rcio Exterior (Secex) do Minist\u00e9rio do Desenvolvimento, Ind\u00fastria, Com\u00e9rcio e Servi\u00e7os.<\/p>\n<p>O resultado foi o segundo melhor da hist\u00f3ria para o Brasil, ficando atr\u00e1s apenas de 2023, quando o super\u00e1vit comercial alcan\u00e7ou a marca recorde de US$ 98,9 bilh\u00f5es.<\/p>\n<p>Em 2024, os principais destinos das <a href=\"https:\/\/www.brasildefato.com.br\/2025\/07\/10\/retaliacao-de-trump-e-erro-politico-e-pode-prejudicar-base-bolsonarista-diz-cientista-politica\/\">exporta\u00e7\u00f5es brasileiras foram liderados pela China<\/a>, que comprou US$ 94,4 bilh\u00f5es em produtos do Brasil. Os Estados Unidos aparecem em segundo lugar, com produtos que somaram US$ 40,3 bilh\u00f5es no per\u00edodo. Na sequ\u00eancia, destacam-se Argentina (US$ 13,7 bilh\u00f5es), Holanda (US$ 11,7 bilh\u00f5es) e Espanha (US$ 9,9 bilh\u00f5es).\u00a0<\/p>\n<p>No sentido contr\u00e1rio, a China e os Estados Unidos tamb\u00e9m aparecem em primeiro e em segundo lugar entre os pa\u00edses que mais compram produtos brasileiros. Em 2024, a China foi o principal fornecedor do Brasil, com importa\u00e7\u00f5es que totalizaram US$ 63,57 bilh\u00f5es. Os Estados Unidos ocupam a segunda posi\u00e7\u00e3o, com US$ 40,58 bilh\u00f5es em produtos vendidos ao mercado brasileiro. Outros pa\u00edses que lideram as importa\u00e7\u00f5es brasileiras incluem Alemanha (US$ 13,73 bilh\u00f5es), Argentina (US$ 13,57 bilh\u00f5es) e R\u00fassia (US$ 10,96 bilh\u00f5es).\u00a0<\/p>\n<h4>Principais produtos brasileiros comprados pelos EUA<\/h4>\n<ul>\n<li>\u00d3leos brutos de petr\u00f3leo: US$ 5,83 bilh\u00f5es<\/li>\n<li>Semimanufaturados de ferro ou a\u00e7o: US$ 2,77 bilh\u00f5es <\/li>\n<li>Caf\u00e9 n\u00e3o torrado: US$ 1,89 bilh\u00e3o <\/li>\n<li>Pastas qu\u00edmicas de madeira: US$ 1,55 bilh\u00e3o <\/li>\n<li>Ferro fundido bruto n\u00e3o ligado: US$ 1,42 bilh\u00e3o <\/li>\n<\/ul>\n<h4>Principais produtos dos EUA comprados pelos brasileiros<\/h4>\n<ul>\n<li>Partes de turborreatores ou de turbopropulsores: US$ 3,20 bilh\u00f5es<\/li>\n<li>Turborreatores: US$ 2,89 bilh\u00f5es<\/li>\n<li>G\u00e1s natural liquefeito: US$ 1,66 bilh\u00e3o<\/li>\n<li>\u00d3leos brutos de petr\u00f3leo: US$ 1,45 bilh\u00e3o<\/li>\n<li>\u00d3leo diesel: US$ 1,43 bilh\u00e3o<\/li>\n<\/ul>\n<h4>Tarifas Previstas para Entrar em Vigor em 1\u00ba de Agosto<\/h4>\n<ul>\n<li>Brasil: 50%<\/li>\n<li>Jap\u00e3o: 25%<\/li>\n<li>Coreia do Sul: 25%<\/li>\n<li>Tail\u00e2ndia: 36%<\/li>\n<li>Mal\u00e1sia: 25%<\/li>\n<li>Indon\u00e9sia: 32%<\/li>\n<li>\u00c1frica do Sul: 30%<\/li>\n<li>Filipinas: 20%<\/li>\n<li>Camboja: 36%<\/li>\n<li>Bangladesh: 35%<\/li>\n<li>Iraque: 30%<\/li>\n<li>Sri Lanka: 30%<\/li>\n<li>Arg\u00e9lia: 30%<\/li>\n<li>Cazaquist\u00e3o: 25%<\/li>\n<li>L\u00edbia: 30%<\/li>\n<li>Tun\u00edsia: 25%<\/li>\n<li>S\u00e9rvia: 35%<\/li>\n<li>Laos: 40%<\/li>\n<li>Mianmar: 40%<\/li>\n<li>Brunei: 25%<\/li>\n<li>B\u00f3snia-Herzegovina: 30%<\/li>\n<li>Mold\u00e1via: 25%<\/li>\n<\/ul>\n<p>O post <a href=\"https:\/\/www.brasildefato.com.br\/2025\/07\/10\/tarifa-dos-eua-pressiona-brasil-mas-cria-chance-de-vender-commodities-para-outros-mercados\/\">Tarifa dos EUA pressiona Brasil, mas cria chance de vender commodities para outros mercados<\/a> apareceu primeiro em <a href=\"https:\/\/www.brasildefato.com.br\/\">Brasil de Fato<\/a>.<\/p>\n<!-- Begin Yuzo --><div class='yuzo_related_post style-1'  data-version='5.12.89'><!-- without result --><div class='yuzo_clearfixed yuzo__title yuzo__title'><h3>Related Post<\/h3><\/div>\n\t\t\t\t\t\t  <div class=\"relatedthumb \" style=\"width:125px;float:left;overflow:hidden;\">  \n\t\t\t\t\t\t\t  \n\t\t\t\t\t\t\t  <a  href=\"https:\/\/redept.com.br\/blogosfera\/a-africa-segundo-o-mapa-mundi-de-trump\/\"  >\n\t\t\t\t\t\t\t\t\t  <div class=\"yuzo-img-wrap \" style=\"width: 125px;height:90px;\">\n\t\t\t\t\t\t\t\t\t\t\n\t\t\t\t\t\t\t\t\t\t<div class=\"yuzo-img\" style=\"background:url('https:\/\/redept.com.br\/blogosfera\/wp-content\/uploads\/2025\/03\/5109351490153196933-1024x576-1-150x150.jpg') 50% 50% no-repeat;width: 125px;height:90px;margin-bottom: 5px;background-size: cover; \"><\/div>\n\t\t\t\t\t\t\t\t\t  <\/div>\n\t\t\t\t\t\t\t\t\t  \n\t\t\t\t\t\t\t\t   <span class=\"yuzo__text--title\" style=\"font-size:13px;\">A \u00c1frica segundo o mapa-m\u00fandi de Trump<\/span>\n\t\t\t\t\t\t\t  \n\t\t\t\t\t\t\t  \n\t\t\t\t\t\t\t  <\/a>\n\n\t\t\t\t\t\t  <\/div>\n\t\t\t\t\t\t  <div class=\"relatedthumb \" style=\"width:125px;float:left;overflow:hidden;\">  \n\t\t\t\t\t\t\t  \n\t\t\t\t\t\t\t  <a  href=\"https:\/\/redept.com.br\/blogosfera\/estreia-de-ancelotti-na-selecao-mostra-melhora-na-defesa-mas-ainda-carece-de-futebol-competitivo-avalia-jornalista\/\"  >\n\t\t\t\t\t\t\t\t\t  <div class=\"yuzo-img-wrap \" style=\"width: 125px;height:90px;\">\n\t\t\t\t\t\t\t\t\t\t\n\t\t\t\t\t\t\t\t\t\t<div class=\"yuzo-img\" style=\"background:url('https:\/\/redept.org\/blogosfera\/wp-content\/plugins\/yuzo-related-post\/assets\/images\/default.png') 50% 50% no-repeat;width: 125px;height:90px;margin-bottom: 5px;background-size: cover; \"><\/div>\n\t\t\t\t\t\t\t\t\t  <\/div>\n\t\t\t\t\t\t\t\t\t  \n\t\t\t\t\t\t\t\t   <span class=\"yuzo__text--title\" style=\"font-size:13px;\">Estreia de Ancelotti na sele\u00e7\u00e3o mostra melhora na ...<\/span>\n\t\t\t\t\t\t\t  \n\t\t\t\t\t\t\t  \n\t\t\t\t\t\t\t  <\/a>\n\n\t\t\t\t\t\t  <\/div>\n\t\t\t\t\t\t  <div class=\"relatedthumb \" style=\"width:125px;float:left;overflow:hidden;\">  \n\t\t\t\t\t\t\t  \n\t\t\t\t\t\t\t  <a  href=\"https:\/\/redept.com.br\/blogosfera\/jose-dirceu-responde-a-flavio-bolsonaro-voces-querem-tentar-outro-golpe\/\"  >\n\t\t\t\t\t\t\t\t\t  <div class=\"yuzo-img-wrap \" style=\"width: 125px;height:90px;\">\n\t\t\t\t\t\t\t\t\t\t\n\t\t\t\t\t\t\t\t\t\t<div class=\"yuzo-img\" style=\"background:url('https:\/\/redept.org\/blogosfera\/wp-content\/plugins\/yuzo-related-post\/assets\/images\/default.png') 50% 50% no-repeat;width: 125px;height:90px;margin-bottom: 5px;background-size: cover; \"><\/div>\n\t\t\t\t\t\t\t\t\t  <\/div>\n\t\t\t\t\t\t\t\t\t  \n\t\t\t\t\t\t\t\t   <span class=\"yuzo__text--title\" style=\"font-size:13px;\">Jos\u00e9 Dirceu responde a Flavio Bolsonaro: \u2018voc\u00eas qu...<\/span>\n\t\t\t\t\t\t\t  \n\t\t\t\t\t\t\t  \n\t\t\t\t\t\t\t  <\/a>\n\n\t\t\t\t\t\t  <\/div>\n\t\t\t\t\t\t  <div class=\"relatedthumb \" style=\"width:125px;float:left;overflow:hidden;\">  \n\t\t\t\t\t\t\t  \n\t\t\t\t\t\t\t  <a  href=\"https:\/\/redept.com.br\/blogosfera\/camara-aprova-mp-do-governo-lula-que-vai-garantir-energia-de-graca-para-60-milhoes-de-brasileiros\/\"  >\n\t\t\t\t\t\t\t\t\t  <div class=\"yuzo-img-wrap \" style=\"width: 125px;height:90px;\">\n\t\t\t\t\t\t\t\t\t\t\n\t\t\t\t\t\t\t\t\t\t<div class=\"yuzo-img\" style=\"background:url('https:\/\/redept.org\/blogosfera\/wp-content\/plugins\/yuzo-related-post\/assets\/images\/default.png') 50% 50% no-repeat;width: 125px;height:90px;margin-bottom: 5px;background-size: cover; \"><\/div>\n\t\t\t\t\t\t\t\t\t  <\/div>\n\t\t\t\t\t\t\t\t\t  \n\t\t\t\t\t\t\t\t   <span class=\"yuzo__text--title\" style=\"font-size:13px;\">C\u00e2mara aprova MP do Governo Lula que vai garantir ...<\/span>\n\t\t\t\t\t\t\t  \n\t\t\t\t\t\t\t  \n\t\t\t\t\t\t\t  <\/a>\n\n\t\t\t\t\t\t  <\/div>\n<\/div> <script>\n\t\t\t\t\t\t  jQuery(document).ready(function( $ ){\n\t\t\t\t\t\t\t\/\/jQuery('.yuzo_related_post').equalizer({ overflow : 'relatedthumb' });\n\t\t\t\t\t\t\tjQuery('.yuzo_related_post .yuzo_wraps').equalizer({ columns : '> div' });\n\t\t\t\t\t\t   })\n\t\t\t\t\t\t  <\/script> <!-- End Yuzo :) -->","protected":false},"excerpt":{"rendered":"<p>A tarifa de 50% imposta pelo presidente dos Estados Unidos, Donald Trump, sobre produtos brasileiros deve afetar diretamente os setores exportadores ao tornar os itens mais caros para consumidores e empresas nos EUA. Apesar disso, h\u00e1 oportunidades no mercado interno e externo para a realoca\u00e7\u00e3o desses produtos que s\u00e3o, em sua maioria, commodities. Daniel Negreiros [&hellip;]<\/p>\n","protected":false},"author":2,"featured_media":0,"comment_status":"closed","ping_status":"closed","sticky":false,"template":"","format":"standard","meta":{"fifu_image_url":"","fifu_image_alt":"","footnotes":""},"categories":[45,1023,221,394,50,132,4790],"tags":[],"class_list":["post-37569","post","type-post","status-publish","format-standard","hentry","category-brasil","category-donald-trump","category-economia","category-estados-unidos","category-internacional","category-politica","category-tarifa"],"_links":{"self":[{"href":"https:\/\/redept.com.br\/blogosfera\/wp-json\/wp\/v2\/posts\/37569","targetHints":{"allow":["GET"]}}],"collection":[{"href":"https:\/\/redept.com.br\/blogosfera\/wp-json\/wp\/v2\/posts"}],"about":[{"href":"https:\/\/redept.com.br\/blogosfera\/wp-json\/wp\/v2\/types\/post"}],"author":[{"embeddable":true,"href":"https:\/\/redept.com.br\/blogosfera\/wp-json\/wp\/v2\/users\/2"}],"replies":[{"embeddable":true,"href":"https:\/\/redept.com.br\/blogosfera\/wp-json\/wp\/v2\/comments?post=37569"}],"version-history":[{"count":0,"href":"https:\/\/redept.com.br\/blogosfera\/wp-json\/wp\/v2\/posts\/37569\/revisions"}],"wp:attachment":[{"href":"https:\/\/redept.com.br\/blogosfera\/wp-json\/wp\/v2\/media?parent=37569"}],"wp:term":[{"taxonomy":"category","embeddable":true,"href":"https:\/\/redept.com.br\/blogosfera\/wp-json\/wp\/v2\/categories?post=37569"},{"taxonomy":"post_tag","embeddable":true,"href":"https:\/\/redept.com.br\/blogosfera\/wp-json\/wp\/v2\/tags?post=37569"}],"curies":[{"name":"wp","href":"https:\/\/api.w.org\/{rel}","templated":true}]}}