{"id":37696,"date":"2025-07-10T22:31:23","date_gmt":"2025-07-11T01:31:23","guid":{"rendered":"https:\/\/redept.org\/blogosfera\/lula-acusa-bolsonaro-de-trair-brasil-e-chama-trump-de-desaforado-por-taxacao\/"},"modified":"2025-07-10T22:31:23","modified_gmt":"2025-07-11T01:31:23","slug":"lula-acusa-bolsonaro-de-trair-brasil-e-chama-trump-de-desaforado-por-taxacao","status":"publish","type":"post","link":"https:\/\/redept.com.br\/blogosfera\/lula-acusa-bolsonaro-de-trair-brasil-e-chama-trump-de-desaforado-por-taxacao\/","title":{"rendered":"Lula acusa Bolsonaro de trair Brasil e chama Trump de \u2018desaforado\u2019 por taxa\u00e7\u00e3o"},"content":{"rendered":"<p>O presidente Luiz In\u00e1cio Lula da Silva (PT) responsabilizou o ex-presidente Jair Bolsonaro (PL) pela <a href=\"https:\/\/www.brasildefato.com.br\/2025\/07\/10\/nobel-de-economia-paul-krugman-ve-taxacao-do-brasil-como-motivo-de-impeachment-de-trump\/\">nova taxa\u00e7\u00e3o de 50% nas exporta\u00e7\u00f5es imposta ao Brasil pelo presidente Donald Trump<\/a>. Ele chamou de \u201cinadmiss\u00edvel\u201d e \u201cdesaforada\u201d a atitude de republicano.<\/p>\n<p>As declara\u00e7\u00f5es do petista aconteceram ao longo desta quinta-feira (10), em entrevistas concedidas \u00e0 TVs <em>Globo <\/em>e <em>Record<\/em>.<\/p>\n<p>Na carta em que informou o governo brasileiro sobre a medida, o l\u00edder estadunidense chamou de \u201cca\u00e7a \u00e0s bruxas\u201d o <a href=\"https:\/\/www.brasildefato.com.br\/2025\/06\/29\/reu-no-stf-por-golpe-de-estado-bolsonaro-desafia-justica-e-encena-campanha-para-2026-em-ato-na-paulista\/\">julgamento de Bolsonaro<\/a> no Supremo Tribunal Federal (STF) por participa\u00e7\u00e3o na tentativa de golpe de Estado em 2023. \u201cN\u00e3o podemos admitir a inger\u00eancia de um pa\u00eds na soberania de outro. Outra coisa que n\u00e3o d\u00e1 \u00e9 para um presidente dar palpite na justi\u00e7a de outro pa\u00eds\u201d, disparou. <\/p>\n<p>Lula afirmou que, como \u00e9 tradi\u00e7\u00e3o na pol\u00edtica brasileira e na sua forma de governar, est\u00e1 disposto a esgotar todas as tentativas de negocia\u00e7\u00e3o. Contudo, elevou o tom ao falar sobre uma eventual impossibilidade de acordo. \u201c<a href=\"https:\/\/www.brasildefato.com.br\/2025\/07\/10\/o-que-diz-a-lei-da-reciprocidade-economica-citada-por-lula-em-resposta-a-tarifa-de-trump\/\">Vamos aplicar a Lei da Reciprocidade<\/a> e vai ser infinita a taxa\u00e7\u00e3o [caso os EUA n\u00e3o recuem at\u00e9 o dia 1\u00ba de agosto]. N\u00e3o aceitaremos intromiss\u00e3o nas coisas do Brasil\u201d, afirmou.<\/p>\n<p>O presidente brasileiro tamb\u00e9m acusou o deputado federal licenciado Eduardo Bolsonaro de interferir na decis\u00e3o. \u201cO ex-presidente da Rep\u00fablica deveria assumir a responsabilidade, porque ele est\u00e1 concordando com a taxa\u00e7\u00e3o de Trump\u201d, disse Lula. <\/p>\n<p>\u201cFoi o filho dele que foi l\u00e1 fazer a cabe\u00e7a de Trump\u201d, completou. Eduardo Bolsonaro vive atualmente nos Estados Unidos e admitiu ter ajudado a articular a taxa\u00e7\u00e3o, que, segundo ele, seria positiva para os interesses do presidente estadunidense.<\/p>\n<figure><img fetchpriority=\"high\" fetchpriority=\"high\" decoding=\"async\" width=\"1024\" height=\"576\"src=\"https:\/\/redept.org\/blogosfera\/wp-content\/uploads\/2025\/07\/1D-2-EDUARDO-BOLSONARO-e-DONALD-TRUMP-e-JAIR-BOLSONARO-2019.webp\" alt=\"Donald Trump, Eduardo Bolsonaro e Jair Bolsonaro em 2019, durante o G20 no Jap\u00e3o\" srcset=\"https:\/\/assets.brasildefato.com.br\/2025\/07\/1D-2-EDUARDO-BOLSONARO-e-DONALD-TRUMP-e-JAIR-BOLSONARO-2019-300x169.webp 300w, https:\/\/assets.brasildefato.com.br\/2025\/07\/1D-2-EDUARDO-BOLSONARO-e-DONALD-TRUMP-e-JAIR-BOLSONARO-2019-1024x576.webp 1024w, https:\/\/assets.brasildefato.com.br\/2025\/07\/1D-2-EDUARDO-BOLSONARO-e-DONALD-TRUMP-e-JAIR-BOLSONARO-2019-768x432.webp 768w, https:\/\/assets.brasildefato.com.br\/2025\/07\/1D-2-EDUARDO-BOLSONARO-e-DONALD-TRUMP-e-JAIR-BOLSONARO-2019-750x536.webp 750w, https:\/\/assets.brasildefato.com.br\/2025\/07\/1D-2-EDUARDO-BOLSONARO-e-DONALD-TRUMP-e-JAIR-BOLSONARO-2019-1140x720.webp 1140w, https:\/\/redept.org\/blogosfera\/wp-content\/uploads\/2025\/07\/1D-2-EDUARDO-BOLSONARO-e-DONALD-TRUMP-e-JAIR-BOLSONARO-2019.webp 1280w\" sizes=\"(max-width: 1024px) 100vw, 1024px\"><figcaption>Donald Trump, Eduardo Bolsonaro e Jair Bolsonaro em 2019, durante o G20 no Jap\u00e3o | Reprodu\u00e7\u00e3o\/Instagram\/Jair Bolsonaro<\/figcaption><\/figure>\n<p>Lula destacou que a justificativa econ\u00f4mica para a taxa\u00e7\u00e3o \u00e9 mentirosa. \u201cA rela\u00e7\u00e3o comercial dos EUA com o Brasil \u00e9 superavit\u00e1ria. Trump est\u00e1 muito desinformado\u201d, alfinetou.\u00a0O l\u00edder brasileiro reafirmou o compromisso de buscar novos mercados para os produtos brasileiros e falou no fortalecimento das rela\u00e7\u00f5es econ\u00f4micas com os pa\u00edses do Sul Global, aproveitando os recentes encontros do Brics e do Mercosul. <\/p>\n<p>\u201cSe Trump conhecesse um pouquinho o Brasil, teria mais respeito\u201d, retrucou. Questionado se j\u00e1 teve algum tipo de di\u00e1logo com o estadunidense no atual mandato, Lula explicou que n\u00e3o teve motivo, at\u00e9 agora, para telefonar para a Casa Branca. \u201cUm presidente n\u00e3o fica ligando para o outro para contar piada\u201d, ironizou. <\/p>\n<p>A\u00a0taxa\u00e7\u00e3o tornou-se <a href=\"https:\/\/www.brasildefato.com.br\/2025\/07\/10\/esquerda-ve-tarifa-de-trump-como-trunfo-para-resgate-da-soberania-como-bandeira-progressista\/\">um dos principais assuntos nas redes sociais<\/a>. Termos como \u201csoberania\u201d, \u201ctraidores da p\u00e1tria\u201d e \u201crespeitem o Brasil\u201d se mantiveram entre os mais usados na rede social X desde o an\u00fancio feito na quarta-feira (9).\u00a0 <\/p>\n<p>No final da tarde desta quinta-feira (10), depois de mais de 24 horas do an\u00fancio da taxa\u00e7\u00e3o, Bolsonaro usou o X para se pronunciar.<\/p>\n<figure>\n<div>\n<blockquote data-width=\"500\" data-dnt=\"true\">\n<p lang=\"pt\" dir=\"ltr\">. Nota do Ex-Presidente Jair Bolsonaro<\/p>\n<p>. Recebi com senso de responsabilidade a not\u00edcia da carta enviada pelo presidente Donald J. Trump ao governo brasileiro, comunicando e justificando o aumento tarif\u00e1rio de produtos brasileiros. Deixo claro meu respeito e admira\u00e7\u00e3o pelo\u2026<\/p>\n<p>\u2014 Jair M. Bolsonaro (@jairbolsonaro) <a href=\"https:\/\/twitter.com\/jairbolsonaro\/status\/1943441376131322234?ref_src=twsrc%5Etfw\">July 10, 2025<\/a><\/p><\/blockquote>\n<\/div>\n<\/figure>\n<p>O post <a href=\"https:\/\/www.brasildefato.com.br\/2025\/07\/10\/lula-acusa-bolsonaro-de-trair-brasil-e-chama-trump-de-desaforado-por-taxacao\/\">Lula acusa Bolsonaro de trair Brasil e chama Trump de \u2018desaforado\u2019 por taxa\u00e7\u00e3o<\/a> apareceu primeiro em <a href=\"https:\/\/www.brasildefato.com.br\/\">Brasil de Fato<\/a>.<\/p>\n<!-- Begin Yuzo --><div class='yuzo_related_post style-1'  data-version='5.12.89'><!-- without result --><div class='yuzo_clearfixed yuzo__title yuzo__title'><h3>Related Post<\/h3><\/div>\n\t\t\t\t\t\t  <div class=\"relatedthumb \" style=\"width:125px;float:left;overflow:hidden;\">  \n\t\t\t\t\t\t\t  \n\t\t\t\t\t\t\t  <a  href=\"https:\/\/redept.com.br\/blogosfera\/humberto-costa-e-o-novo-presidente-do-parlamento-do-mercosul\/\"  >\n\t\t\t\t\t\t\t\t\t  <div class=\"yuzo-img-wrap \" style=\"width: 125px;height:90px;\">\n\t\t\t\t\t\t\t\t\t\t\n\t\t\t\t\t\t\t\t\t\t<div class=\"yuzo-img\" style=\"background:url('https:\/\/redept.org\/blogosfera\/wp-content\/plugins\/yuzo-related-post\/assets\/images\/default.png') 50% 50% no-repeat;width: 125px;height:90px;margin-bottom: 5px;background-size: cover; \"><\/div>\n\t\t\t\t\t\t\t\t\t  <\/div>\n\t\t\t\t\t\t\t\t\t  \n\t\t\t\t\t\t\t\t   <span class=\"yuzo__text--title\" style=\"font-size:13px;\">Humberto Costa \u00e9 o novo presidente do Parlamento d...<\/span>\n\t\t\t\t\t\t\t  \n\t\t\t\t\t\t\t  \n\t\t\t\t\t\t\t  <\/a>\n\n\t\t\t\t\t\t  <\/div>\n\t\t\t\t\t\t  <div class=\"relatedthumb \" style=\"width:125px;float:left;overflow:hidden;\">  \n\t\t\t\t\t\t\t  \n\t\t\t\t\t\t\t  <a  href=\"https:\/\/redept.com.br\/blogosfera\/lula-esta-neurologicamente-perfeito-e-deve-ter-alta-na-proxima-semana\/\"  >\n\t\t\t\t\t\t\t\t\t  <div class=\"yuzo-img-wrap \" style=\"width: 125px;height:90px;\">\n\t\t\t\t\t\t\t\t\t\t\n\t\t\t\t\t\t\t\t\t\t<div class=\"yuzo-img\" style=\"background:url('https:\/\/redept.com.br\/blogosfera\/wp-content\/uploads\/2024\/12\/Kalil-150x150.jpg') 50% 50% no-repeat;width: 125px;height:90px;margin-bottom: 5px;background-size: cover; \"><\/div>\n\t\t\t\t\t\t\t\t\t  <\/div>\n\t\t\t\t\t\t\t\t\t  \n\t\t\t\t\t\t\t\t   <span class=\"yuzo__text--title\" style=\"font-size:13px;\">Lula est\u00e1 \u201cneurologicamente perfeito\u201d e deve ter a...<\/span>\n\t\t\t\t\t\t\t  \n\t\t\t\t\t\t\t  \n\t\t\t\t\t\t\t  <\/a>\n\n\t\t\t\t\t\t  <\/div>\n\t\t\t\t\t\t  <div class=\"relatedthumb \" style=\"width:125px;float:left;overflow:hidden;\">  \n\t\t\t\t\t\t\t  \n\t\t\t\t\t\t\t  <a  href=\"https:\/\/redept.com.br\/blogosfera\/eua-morre-homem-baleado-por-agentes-do-ice-durante-protestos-em-minneapolis-governador-exige-fim-da-operacao\/\"  >\n\t\t\t\t\t\t\t\t\t  <div class=\"yuzo-img-wrap \" style=\"width: 125px;height:90px;\">\n\t\t\t\t\t\t\t\t\t\t\n\t\t\t\t\t\t\t\t\t\t<div class=\"yuzo-img\" style=\"background:url('https:\/\/redept.org\/blogosfera\/wp-content\/plugins\/yuzo-related-post\/assets\/images\/default.png') 50% 50% no-repeat;width: 125px;height:90px;margin-bottom: 5px;background-size: cover; \"><\/div>\n\t\t\t\t\t\t\t\t\t  <\/div>\n\t\t\t\t\t\t\t\t\t  \n\t\t\t\t\t\t\t\t   <span class=\"yuzo__text--title\" style=\"font-size:13px;\">EUA: Morre homem baleado por agentes do ICE durant...<\/span>\n\t\t\t\t\t\t\t  \n\t\t\t\t\t\t\t  \n\t\t\t\t\t\t\t  <\/a>\n\n\t\t\t\t\t\t  <\/div>\n\t\t\t\t\t\t  <div class=\"relatedthumb \" style=\"width:125px;float:left;overflow:hidden;\">  \n\t\t\t\t\t\t\t  \n\t\t\t\t\t\t\t  <a  href=\"https:\/\/redept.com.br\/blogosfera\/alcolumbre-diz-que-dialogo-com-lula-foi-restabelecido-o-que-eles-decidiram-no-alvorada\/\"  >\n\t\t\t\t\t\t\t\t\t  <div class=\"yuzo-img-wrap \" style=\"width: 125px;height:90px;\">\n\t\t\t\t\t\t\t\t\t\t\n\t\t\t\t\t\t\t\t\t\t<div class=\"yuzo-img\" style=\"background:url('https:\/\/redept.org\/blogosfera\/wp-content\/plugins\/yuzo-related-post\/assets\/images\/default.png') 50% 50% no-repeat;width: 125px;height:90px;margin-bottom: 5px;background-size: cover; \"><\/div>\n\t\t\t\t\t\t\t\t\t  <\/div>\n\t\t\t\t\t\t\t\t\t  \n\t\t\t\t\t\t\t\t   <span class=\"yuzo__text--title\" style=\"font-size:13px;\">Alcolumbre diz que di\u00e1logo com Lula foi restabelec...<\/span>\n\t\t\t\t\t\t\t  \n\t\t\t\t\t\t\t  \n\t\t\t\t\t\t\t  <\/a>\n\n\t\t\t\t\t\t  <\/div>\n<\/div> <script>\n\t\t\t\t\t\t  jQuery(document).ready(function( $ ){\n\t\t\t\t\t\t\t\/\/jQuery('.yuzo_related_post').equalizer({ overflow : 'relatedthumb' });\n\t\t\t\t\t\t\tjQuery('.yuzo_related_post .yuzo_wraps').equalizer({ columns : '> div' });\n\t\t\t\t\t\t   })\n\t\t\t\t\t\t  <\/script> <!-- End Yuzo :) -->","protected":false},"excerpt":{"rendered":"<p>O presidente Luiz In\u00e1cio Lula da Silva (PT) responsabilizou o ex-presidente Jair Bolsonaro (PL) pela nova taxa\u00e7\u00e3o de 50% nas exporta\u00e7\u00f5es imposta ao Brasil pelo presidente Donald Trump. Ele chamou de \u201cinadmiss\u00edvel\u201d e \u201cdesaforada\u201d a atitude de republicano. As declara\u00e7\u00f5es do petista aconteceram ao longo desta quinta-feira (10), em entrevistas concedidas \u00e0 TVs Globo e [&hellip;]<\/p>\n","protected":false},"author":2,"featured_media":0,"comment_status":"closed","ping_status":"closed","sticky":false,"template":"","format":"standard","meta":{"fifu_image_url":"","fifu_image_alt":"","footnotes":""},"categories":[1390,1023,221,50,112],"tags":[],"class_list":["post-37696","post","type-post","status-publish","format-standard","hentry","category-bolsonaro","category-donald-trump","category-economia","category-internacional","category-lula"],"_links":{"self":[{"href":"https:\/\/redept.com.br\/blogosfera\/wp-json\/wp\/v2\/posts\/37696","targetHints":{"allow":["GET"]}}],"collection":[{"href":"https:\/\/redept.com.br\/blogosfera\/wp-json\/wp\/v2\/posts"}],"about":[{"href":"https:\/\/redept.com.br\/blogosfera\/wp-json\/wp\/v2\/types\/post"}],"author":[{"embeddable":true,"href":"https:\/\/redept.com.br\/blogosfera\/wp-json\/wp\/v2\/users\/2"}],"replies":[{"embeddable":true,"href":"https:\/\/redept.com.br\/blogosfera\/wp-json\/wp\/v2\/comments?post=37696"}],"version-history":[{"count":0,"href":"https:\/\/redept.com.br\/blogosfera\/wp-json\/wp\/v2\/posts\/37696\/revisions"}],"wp:attachment":[{"href":"https:\/\/redept.com.br\/blogosfera\/wp-json\/wp\/v2\/media?parent=37696"}],"wp:term":[{"taxonomy":"category","embeddable":true,"href":"https:\/\/redept.com.br\/blogosfera\/wp-json\/wp\/v2\/categories?post=37696"},{"taxonomy":"post_tag","embeddable":true,"href":"https:\/\/redept.com.br\/blogosfera\/wp-json\/wp\/v2\/tags?post=37696"}],"curies":[{"name":"wp","href":"https:\/\/api.w.org\/{rel}","templated":true}]}}