{"id":38159,"date":"2025-07-14T15:07:08","date_gmt":"2025-07-14T18:07:08","guid":{"rendered":"https:\/\/redept.org\/blogosfera\/embraer-fecha-venda-de-45-jatos-para-a-dinamarca-por-r-218-bi\/"},"modified":"2025-07-14T15:07:08","modified_gmt":"2025-07-14T18:07:08","slug":"embraer-fecha-venda-de-45-jatos-para-a-dinamarca-por-r-218-bi","status":"publish","type":"post","link":"https:\/\/redept.com.br\/blogosfera\/embraer-fecha-venda-de-45-jatos-para-a-dinamarca-por-r-218-bi\/","title":{"rendered":"Embraer fecha venda de 45 jatos para a Dinamarca por R$ 21,8 bi"},"content":{"rendered":"<p>A <a href=\"https:\/\/tvtnews.com.br\/brasil-fecha-acordo-para-venda-de-avioes-da-embraer\/\">Embraer<\/a> anunciou a venda de 45 jatos modelo E195-E2 para a Scandinavian Airlines (SAS), com op\u00e7\u00e3o de compra de mais 10 aeronaves. O contrato, avaliado em R$ 21,8 bilh\u00f5es, representa uma das maiores negocia\u00e7\u00f5es da hist\u00f3ria da fabricante brasileira.<\/p>\n<p>O acordo hist\u00f3rico apoia a estrat\u00e9gia de longo prazo para a renova\u00e7\u00e3o de frota da Scandinavian Airlines, aumentando a efici\u00eancia, reduzindo as emiss\u00f5es e gerando futuras oportunidades de crescimento a partir de seu hub global em Copenhague, na Dinamarca.<\/p>\n<p>\u201c\u00c9 a maior encomenda a um \u00fanico fabricante desde 1996. Mesmo diante dos desafios para o com\u00e9rcio internacional, a Embraer segue abrindo mercados, gerando emprego e renda\u201d, escreveu o vice-presidente e ministro do Desenvolvimento, Ind\u00fastria, Com\u00e9rcio e Servi\u00e7os (MDIC), Geraldo Alckmin, nas redes sociais.<\/p>\n<p><strong>PRIMEIRAS ENTREGAS \u2014<\/strong>\u00a0As primeiras entregas est\u00e3o previstas para o fim de 2027, com remessas adicionais ao longo de quatro anos. O modelo de aeronave da fam\u00edlia E2 opera com 100% de combust\u00edvel sustent\u00e1vel de avia\u00e7\u00e3o (SAF), e \u00e9 certificada para voar com blends de at\u00e9 50% deste mesmo tipo de combust\u00edvel.<\/p>\n<p>\u201cO E195-E2 \u00e9 uma aeronave inovadora em termos de efici\u00eancia, desempenho e conforto do passageiro. Estamos confiantes de que essas aeronaves v\u00e3o desempenhar um papel crucial na estrat\u00e9gia de renova\u00e7\u00e3o e expans\u00e3o da frota da SAS, apoiando seus planos de crescimento e aprimorando suas capacidades operacionais\u201d, afirmou Arjan Meijer, Presidente e CEO da Embraer Avia\u00e7\u00e3o Comercial.<\/p>\n<p><strong>A EMBRAER \u2014<\/strong>\u00a0Criada em 1969 com apoio do Governo Federal, a Embraer \u00e9 hoje a terceira maior fabricante de jatos comerciais do mundo e l\u00edder no segmento de at\u00e9 130 assentos. A Embraer contabiliza mais de oito mil aeronaves entregues, 18 mil colaboradores e, para atender demandas globais, estabelece unidades industriais, escrit\u00f3rios e centros de distribui\u00e7\u00e3o de pe\u00e7as e servi\u00e7os nas Am\u00e9ricas, \u00c1frica, \u00c1sia e Europa.<\/p>\n<p><em>Via <a href=\"https:\/\/www.gov.br\/secom\/pt-br\/assuntos\/noticias\/2025\/07\/embraer-fecha-venda-de-45-jatos-para-a-dinamarca-por-r-21-8-bilhoes\" target=\"_blank\" rel=\"noopener noreferrer nofollow\">Secom<\/a><\/em><\/p>\n<p>The post <a rel=\"nofollow\" href=\"https:\/\/tvtnews.com.br\/embraer-fecha-venda-de-45-jatos-para-a-dinamarca-por-r-218-bi\/\">Embraer fecha venda de 45 jatos para a Dinamarca por R$ 21,8 bi<\/a> appeared first on <a rel=\"nofollow\" href=\"https:\/\/tvtnews.com.br\/\">TVT News<\/a>.<\/p>\n<!-- Begin Yuzo --><div class='yuzo_related_post style-1'  data-version='5.12.89'><!-- without result --><div class='yuzo_clearfixed yuzo__title yuzo__title'><h3>Related Post<\/h3><\/div>\n\t\t\t\t\t\t  <div class=\"relatedthumb \" style=\"width:125px;float:left;overflow:hidden;\">  \n\t\t\t\t\t\t\t  \n\t\t\t\t\t\t\t  <a  href=\"https:\/\/redept.com.br\/blogosfera\/data-centers-avancam-no-rs-sob-alerta-de-especialistas-para-desigualdade-e-violacao-de-direitos\/\"  >\n\t\t\t\t\t\t\t\t\t  <div class=\"yuzo-img-wrap \" style=\"width: 125px;height:90px;\">\n\t\t\t\t\t\t\t\t\t\t\n\t\t\t\t\t\t\t\t\t\t<div class=\"yuzo-img\" style=\"background:url('https:\/\/redept.org\/blogosfera\/wp-content\/plugins\/yuzo-related-post\/assets\/images\/default.png') 50% 50% no-repeat;width: 125px;height:90px;margin-bottom: 5px;background-size: cover; \"><\/div>\n\t\t\t\t\t\t\t\t\t  <\/div>\n\t\t\t\t\t\t\t\t\t  \n\t\t\t\t\t\t\t\t   <span class=\"yuzo__text--title\" style=\"font-size:13px;\">Data centers avan\u00e7am no RS sob alerta de especiali...<\/span>\n\t\t\t\t\t\t\t  \n\t\t\t\t\t\t\t  \n\t\t\t\t\t\t\t  <\/a>\n\n\t\t\t\t\t\t  <\/div>\n\t\t\t\t\t\t  <div class=\"relatedthumb \" style=\"width:125px;float:left;overflow:hidden;\">  \n\t\t\t\t\t\t\t  \n\t\t\t\t\t\t\t  <a  href=\"https:\/\/redept.com.br\/blogosfera\/novo-marco-do-saneamento-analise-de-um-fiasco\/\"  >\n\t\t\t\t\t\t\t\t\t  <div class=\"yuzo-img-wrap \" style=\"width: 125px;height:90px;\">\n\t\t\t\t\t\t\t\t\t\t\n\t\t\t\t\t\t\t\t\t\t<div class=\"yuzo-img\" style=\"background:url('https:\/\/redept.com.br\/blogosfera\/wp-content\/uploads\/2026\/01\/Sem-titulo-2-150x150.jpg') 50% 50% no-repeat;width: 125px;height:90px;margin-bottom: 5px;background-size: cover; \"><\/div>\n\t\t\t\t\t\t\t\t\t  <\/div>\n\t\t\t\t\t\t\t\t\t  \n\t\t\t\t\t\t\t\t   <span class=\"yuzo__text--title\" style=\"font-size:13px;\">Novo Marco do Saneamento: an\u00e1lise de um fiasco<\/span>\n\t\t\t\t\t\t\t  \n\t\t\t\t\t\t\t  \n\t\t\t\t\t\t\t  <\/a>\n\n\t\t\t\t\t\t  <\/div>\n\t\t\t\t\t\t  <div class=\"relatedthumb \" style=\"width:125px;float:left;overflow:hidden;\">  \n\t\t\t\t\t\t\t  \n\t\t\t\t\t\t\t  <a  href=\"https:\/\/redept.com.br\/blogosfera\/camara-municipal-de-bh-aprova-projeto-de-lei-para-combate-a-violencia-politica-de-genero\/\"  >\n\t\t\t\t\t\t\t\t\t  <div class=\"yuzo-img-wrap \" style=\"width: 125px;height:90px;\">\n\t\t\t\t\t\t\t\t\t\t\n\t\t\t\t\t\t\t\t\t\t<div class=\"yuzo-img\" style=\"background:url('https:\/\/redept.org\/blogosfera\/wp-content\/plugins\/yuzo-related-post\/assets\/images\/default.png') 50% 50% no-repeat;width: 125px;height:90px;margin-bottom: 5px;background-size: cover; \"><\/div>\n\t\t\t\t\t\t\t\t\t  <\/div>\n\t\t\t\t\t\t\t\t\t  \n\t\t\t\t\t\t\t\t   <span class=\"yuzo__text--title\" style=\"font-size:13px;\">C\u00e2mara Municipal de BH aprova projeto de lei para ...<\/span>\n\t\t\t\t\t\t\t  \n\t\t\t\t\t\t\t  \n\t\t\t\t\t\t\t  <\/a>\n\n\t\t\t\t\t\t  <\/div>\n\t\t\t\t\t\t  <div class=\"relatedthumb \" style=\"width:125px;float:left;overflow:hidden;\">  \n\t\t\t\t\t\t\t  \n\t\t\t\t\t\t\t  <a  href=\"https:\/\/redept.com.br\/blogosfera\/aulao-para-o-enem-com-o-lula\/\"  >\n\t\t\t\t\t\t\t\t\t  <div class=\"yuzo-img-wrap \" style=\"width: 125px;height:90px;\">\n\t\t\t\t\t\t\t\t\t\t\n\t\t\t\t\t\t\t\t\t\t<div class=\"yuzo-img\" style=\"background:url('https:\/\/redept.com.br\/blogosfera\/wp-content\/uploads\/2025\/10\/Enem-2025-inscricoes-para-a-prova-terminam-amanha-2-150x150.jpg') 50% 50% no-repeat;width: 125px;height:90px;margin-bottom: 5px;background-size: cover; \"><\/div>\n\t\t\t\t\t\t\t\t\t  <\/div>\n\t\t\t\t\t\t\t\t\t  \n\t\t\t\t\t\t\t\t   <span class=\"yuzo__text--title\" style=\"font-size:13px;\">Aul\u00e3o para o Enem com o Lula<\/span>\n\t\t\t\t\t\t\t  \n\t\t\t\t\t\t\t  \n\t\t\t\t\t\t\t  <\/a>\n\n\t\t\t\t\t\t  <\/div>\n<\/div> <script>\n\t\t\t\t\t\t  jQuery(document).ready(function( $ ){\n\t\t\t\t\t\t\t\/\/jQuery('.yuzo_related_post').equalizer({ overflow : 'relatedthumb' });\n\t\t\t\t\t\t\tjQuery('.yuzo_related_post .yuzo_wraps').equalizer({ columns : '> div' });\n\t\t\t\t\t\t   })\n\t\t\t\t\t\t  <\/script> <!-- End Yuzo :) -->","protected":false},"excerpt":{"rendered":"<p>A Embraer anunciou a venda de 45 jatos modelo E195-E2 para a Scandinavian Airlines (SAS), com op\u00e7\u00e3o de compra de mais 10 aeronaves. O contrato, avaliado em R$ 21,8 bilh\u00f5es, representa uma das maiores negocia\u00e7\u00f5es da hist\u00f3ria da fabricante brasileira. O acordo hist\u00f3rico apoia a estrat\u00e9gia de longo prazo para a renova\u00e7\u00e3o de frota da [&hellip;]<\/p>\n","protected":false},"author":2,"featured_media":0,"comment_status":"open","ping_status":"closed","sticky":false,"template":"","format":"standard","meta":{"fifu_image_url":"","fifu_image_alt":"","footnotes":""},"categories":[489,221,4550],"tags":[],"class_list":["post-38159","post","type-post","status-publish","format-standard","hentry","category-destaque-pequeno","category-economia","category-embraer"],"_links":{"self":[{"href":"https:\/\/redept.com.br\/blogosfera\/wp-json\/wp\/v2\/posts\/38159","targetHints":{"allow":["GET"]}}],"collection":[{"href":"https:\/\/redept.com.br\/blogosfera\/wp-json\/wp\/v2\/posts"}],"about":[{"href":"https:\/\/redept.com.br\/blogosfera\/wp-json\/wp\/v2\/types\/post"}],"author":[{"embeddable":true,"href":"https:\/\/redept.com.br\/blogosfera\/wp-json\/wp\/v2\/users\/2"}],"replies":[{"embeddable":true,"href":"https:\/\/redept.com.br\/blogosfera\/wp-json\/wp\/v2\/comments?post=38159"}],"version-history":[{"count":0,"href":"https:\/\/redept.com.br\/blogosfera\/wp-json\/wp\/v2\/posts\/38159\/revisions"}],"wp:attachment":[{"href":"https:\/\/redept.com.br\/blogosfera\/wp-json\/wp\/v2\/media?parent=38159"}],"wp:term":[{"taxonomy":"category","embeddable":true,"href":"https:\/\/redept.com.br\/blogosfera\/wp-json\/wp\/v2\/categories?post=38159"},{"taxonomy":"post_tag","embeddable":true,"href":"https:\/\/redept.com.br\/blogosfera\/wp-json\/wp\/v2\/tags?post=38159"}],"curies":[{"name":"wp","href":"https:\/\/api.w.org\/{rel}","templated":true}]}}