{"id":38350,"date":"2025-07-15T11:41:10","date_gmt":"2025-07-15T14:41:10","guid":{"rendered":"https:\/\/redept.org\/blogosfera\/general-braga-netto-atuou-para-garantir-o-exito-do-golpe-diz-pgr\/"},"modified":"2025-07-15T11:41:10","modified_gmt":"2025-07-15T14:41:10","slug":"general-braga-netto-atuou-para-garantir-o-exito-do-golpe-diz-pgr","status":"publish","type":"post","link":"https:\/\/redept.com.br\/blogosfera\/general-braga-netto-atuou-para-garantir-o-exito-do-golpe-diz-pgr\/","title":{"rendered":"General Braga Netto atuou para garantir o \u00eaxito do golpe, diz PGR"},"content":{"rendered":"<p><img fetchpriority=\"high\" width=\"1024\" height=\"652\"src=\"https:\/\/redept.org\/blogosfera\/wp-content\/uploads\/2025\/07\/braga-netto_bolsonaro_Foto-Marcelo-Camargo_-Agencia-Brasil.jpg\" alt=\"\" decoding=\"async\" srcset=\"https:\/\/vermelho.org.br\/wp-content\/uploads\/2025\/07\/braga-netto_bolsonaro_Foto-Marcelo-Camargo_-Agencia-Brasil-1024x652.jpg 1024w, https:\/\/vermelho.org.br\/wp-content\/uploads\/2025\/07\/braga-netto_bolsonaro_Foto-Marcelo-Camargo_-Agencia-Brasil-300x191.jpg 300w, https:\/\/vermelho.org.br\/wp-content\/uploads\/2025\/07\/braga-netto_bolsonaro_Foto-Marcelo-Camargo_-Agencia-Brasil-768x489.jpg 768w, https:\/\/redept.org\/blogosfera\/wp-content\/uploads\/2025\/07\/braga-netto_bolsonaro_Foto-Marcelo-Camargo_-Agencia-Brasil.jpg 1299w\" sizes=\"(max-width: 1024px) 100vw, 1024px\"><\/p>\n<p>A coordena\u00e7\u00e3o das a\u00e7\u00f5es mais violentas do n\u00facleo crucial da trama golpista dos bolsonaristas coube ao general da reserva Walter Braga Netto. \u00c9 o que afirma a Procuradoria-Geral da Rep\u00fablica (PGR) nas alega\u00e7\u00f5es finais do processo, apresentadas ao Supremo Tribunal Federal (STF) nesta segunda-feira (14).<\/p>\n<p>\u201cAs provas n\u00e3o deixam d\u00favidas de que Braga Netto, aliado de Jair Bolsonaro, era quem coordenava os ataques\u201d, aponta a PGR.<\/p>\n<p>Com base nas investiga\u00e7\u00f5es, a Procuradoria pede a condena\u00e7\u00e3o do militar por organiza\u00e7\u00e3o criminosa armada; tentativa de aboli\u00e7\u00e3o violenta do Estado Democr\u00e1tico de Direito; golpe de Estado; dano qualificado contra o patrim\u00f4nio da Uni\u00e3o e deteriora\u00e7\u00e3o de patrim\u00f4nio tombado. A soma das penas por esses crimes pode ultrapassar 30 anos de pris\u00e3o.<\/p>\n<p>Ainda de acordo com o documento, a atua\u00e7\u00e3o do general \u2014 ex-ministro e candidato a vice de Bolsonaro em 2022 \u2014 foi fundamental tanto no est\u00edmulo aos manifestantes que apoiavam um golpe de Estado via interven\u00e7\u00e3o militar, quanto no acompanhamento daqueles que eram considerados inimigos do bolsonarismo no campo pol\u00edtico.<\/p>\n<p><strong>Leia tamb\u00e9m:<a href=\"https:\/\/vermelho.org.br\/2025\/07\/15\/pgr-pede-condenacao-de-bolsonaro-pela-tentativa-de-golpe-de-estado\/\"> <\/a><\/strong><a href=\"https:\/\/vermelho.org.br\/2025\/07\/15\/pgr-pede-condenacao-de-bolsonaro-pela-tentativa-de-golpe-de-estado\/\">PGR pede condena\u00e7\u00e3o de Bolsonaro pela tentativa de golpe de Estado<\/a><\/p>\n<p>A PGR destaca que o general teve papel crucial \u201cpara garantir a continuidade da mobiliza\u00e7\u00e3o e para manter os manifestantes motivados, dizendo a eles que \u2018ainda n\u00e3o havia terminado\u2019, enquanto internamente se aguardava uma a\u00e7\u00e3o militar\u201d.<\/p>\n<p>Tamb\u00e9m salienta que \u201cvalendo-se do seu elevado poder de influ\u00eancia no n\u00facleo decis\u00f3rio da Presid\u00eancia da Rep\u00fablica, o r\u00e9u atuou de forma incisiva para garantir o \u00eaxito da empreitada golpista, coordenando as a\u00e7\u00f5es mais violentas da organiza\u00e7\u00e3o criminosa e capitaneando iniciativas para pressionar o Alto Comando do Ex\u00e9rcito\u201d.<\/p>\n<p>Ainda, argumenta que \u201csob o comando de Braga Netto, a organiza\u00e7\u00e3o criminosa empenhou-se deliberadamente em instaurar o caos social: fabrica\u00e7\u00e3o de den\u00fancias infundadas de fraude eleitoral; dissemina\u00e7\u00e3o de not\u00edcias falsas contra o Judici\u00e1rio; campanhas difamat\u00f3rias; financiamento de manifesta\u00e7\u00f5es antidemocr\u00e1ticas\u201d.<\/p>\n<p>A PGR tamb\u00e9m ressalta que Braga Netto \u201ccontribuiu decisivamente para a escalada de tens\u00e3o institucional que culminaria nos violentos protestos registrados em 8 de janeiro\u201d. E frisa que o \u201cresultado tr\u00e1gico dos atos antidemocr\u00e1ticos deflagrados em Bras\u00edlia\u201d tem \u201cliga\u00e7\u00e3o direta com a conduta adotada pelo r\u00e9u\u201d.<\/p>\n<p>O <a href=\"https:\/\/vermelho.org.br\/2025\/07\/15\/pgr-pede-condenacao-de-bolsonaro-pela-tentativa-de-golpe-de-estado\/\">pedido da PGR<\/a> engloba o n\u00facleo crucial da trama golpista, encabe\u00e7ado por Jair Messias Bolsonaro e formado por outros sete aliados pr\u00f3ximos do ex-presidente. S\u00e3o eles: Anderson Torres (ex-ministro da Justi\u00e7a); Alexandre Ramagem, (ex-diretor da Abin); Augusto Heleno, (ex-ministro do GSI); Paulo S\u00e9rgio Nogueira (ex-ministro da Defesa); Walter Braga Netto (ex-chefe da Casa Civil); Mauro Cid (ex-ajudante de ordens) e Almir Garnier (ex-comandante da Marinha).<\/p>\n<p>Com a apresenta\u00e7\u00e3o das alega\u00e7\u00f5es finais, \u00e9 aberto o prazo de 15 dias para que os oito r\u00e9us apresentem suas alega\u00e7\u00f5es finais antes do julgamento pela Primeira Turma do STF, que vai definir se eles ser\u00e3o culpados ou se ser\u00e3o absolvidos.<\/p>\n<p>O post <a href=\"https:\/\/vermelho.org.br\/2025\/07\/15\/general-braga-netto-atuou-para-garantir-o-exito-do-golpe-diz-pgr\/\">General Braga Netto atuou para garantir o \u00eaxito do golpe, diz PGR<\/a> apareceu primeiro em <a href=\"https:\/\/vermelho.org.br\/\">Vermelho<\/a>.<\/p>\n<!-- Begin Yuzo --><div class='yuzo_related_post style-1'  data-version='5.12.89'><!-- without result --><div class='yuzo_clearfixed yuzo__title yuzo__title'><h3>Related Post<\/h3><\/div>\n\t\t\t\t\t\t  <div class=\"relatedthumb \" style=\"width:125px;float:left;overflow:hidden;\">  \n\t\t\t\t\t\t\t  \n\t\t\t\t\t\t\t  <a  href=\"https:\/\/redept.com.br\/blogosfera\/roda-de-dialogo-democracia-justica-e-soberania-acontece-as-18h-desta-quarta-em-joao-pessoa\/\"  >\n\t\t\t\t\t\t\t\t\t  <div class=\"yuzo-img-wrap \" style=\"width: 125px;height:90px;\">\n\t\t\t\t\t\t\t\t\t\t\n\t\t\t\t\t\t\t\t\t\t<div class=\"yuzo-img\" style=\"background:url('https:\/\/redept.org\/blogosfera\/wp-content\/plugins\/yuzo-related-post\/assets\/images\/default.png') 50% 50% no-repeat;width: 125px;height:90px;margin-bottom: 5px;background-size: cover; \"><\/div>\n\t\t\t\t\t\t\t\t\t  <\/div>\n\t\t\t\t\t\t\t\t\t  \n\t\t\t\t\t\t\t\t   <span class=\"yuzo__text--title\" style=\"font-size:13px;\">Roda de di\u00e1logo \u2018Democracia, Justi\u00e7a e Sober...<\/span>\n\t\t\t\t\t\t\t  \n\t\t\t\t\t\t\t  \n\t\t\t\t\t\t\t  <\/a>\n\n\t\t\t\t\t\t  <\/div>\n\t\t\t\t\t\t  <div class=\"relatedthumb \" style=\"width:125px;float:left;overflow:hidden;\">  \n\t\t\t\t\t\t\t  \n\t\t\t\t\t\t\t  <a  href=\"https:\/\/redept.com.br\/blogosfera\/um-terco-dos-medicos-deixou-atencao-primaria-a-saude-entre-2022-e-2024\/\"  >\n\t\t\t\t\t\t\t\t\t  <div class=\"yuzo-img-wrap \" style=\"width: 125px;height:90px;\">\n\t\t\t\t\t\t\t\t\t\t\n\t\t\t\t\t\t\t\t\t\t<div class=\"yuzo-img\" style=\"background:url('https:\/\/redept.org\/blogosfera\/wp-content\/plugins\/yuzo-related-post\/assets\/images\/default.png') 50% 50% no-repeat;width: 125px;height:90px;margin-bottom: 5px;background-size: cover; \"><\/div>\n\t\t\t\t\t\t\t\t\t  <\/div>\n\t\t\t\t\t\t\t\t\t  \n\t\t\t\t\t\t\t\t   <span class=\"yuzo__text--title\" style=\"font-size:13px;\">Um ter\u00e7o dos m\u00e9dicos deixou Aten\u00e7\u00e3o Prim\u00e1ria \u00e0 Sa\u00fa...<\/span>\n\t\t\t\t\t\t\t  \n\t\t\t\t\t\t\t  \n\t\t\t\t\t\t\t  <\/a>\n\n\t\t\t\t\t\t  <\/div>\n\t\t\t\t\t\t  <div class=\"relatedthumb \" style=\"width:125px;float:left;overflow:hidden;\">  \n\t\t\t\t\t\t\t  \n\t\t\t\t\t\t\t  <a  href=\"https:\/\/redept.com.br\/blogosfera\/lula-critica-apoio-ao-tarifaco-estao-agarrados-nas-botas-do-trump\/\"  >\n\t\t\t\t\t\t\t\t\t  <div class=\"yuzo-img-wrap \" style=\"width: 125px;height:90px;\">\n\t\t\t\t\t\t\t\t\t\t\n\t\t\t\t\t\t\t\t\t\t<div class=\"yuzo-img\" style=\"background:url('https:\/\/redept.com.br\/blogosfera\/wp-content\/uploads\/2025\/07\/54678803595_c4fcddaa3c_c-150x150.jpg') 50% 50% no-repeat;width: 125px;height:90px;margin-bottom: 5px;background-size: cover; \"><\/div>\n\t\t\t\t\t\t\t\t\t  <\/div>\n\t\t\t\t\t\t\t\t\t  \n\t\t\t\t\t\t\t\t   <span class=\"yuzo__text--title\" style=\"font-size:13px;\">Lula critica apoio ao \u2018tarifa\u00e7o\u2019: \u201cEst\u00e3o agarrados...<\/span>\n\t\t\t\t\t\t\t  \n\t\t\t\t\t\t\t  \n\t\t\t\t\t\t\t  <\/a>\n\n\t\t\t\t\t\t  <\/div>\n\t\t\t\t\t\t  <div class=\"relatedthumb \" style=\"width:125px;float:left;overflow:hidden;\">  \n\t\t\t\t\t\t\t  \n\t\t\t\t\t\t\t  <a  href=\"https:\/\/redept.com.br\/blogosfera\/noticias-do-dia-com-o-jornal-tvt-news-segunda-edicao-24-04-2026\/\"  >\n\t\t\t\t\t\t\t\t\t  <div class=\"yuzo-img-wrap \" style=\"width: 125px;height:90px;\">\n\t\t\t\t\t\t\t\t\t\t\n\t\t\t\t\t\t\t\t\t\t<div class=\"yuzo-img\" style=\"background:url('https:\/\/redept.com.br\/blogosfera\/wp-content\/uploads\/2026\/04\/jornal_tvt_news-17-150x150.jpeg') 50% 50% no-repeat;width: 125px;height:90px;margin-bottom: 5px;background-size: cover; \"><\/div>\n\t\t\t\t\t\t\t\t\t  <\/div>\n\t\t\t\t\t\t\t\t\t  \n\t\t\t\t\t\t\t\t   <span class=\"yuzo__text--title\" style=\"font-size:13px;\">Not\u00edcias do dia com o Jornal TVT News Segunda Edi\u00e7...<\/span>\n\t\t\t\t\t\t\t  \n\t\t\t\t\t\t\t  \n\t\t\t\t\t\t\t  <\/a>\n\n\t\t\t\t\t\t  <\/div>\n<\/div> <script>\n\t\t\t\t\t\t  jQuery(document).ready(function( $ ){\n\t\t\t\t\t\t\t\/\/jQuery('.yuzo_related_post').equalizer({ overflow : 'relatedthumb' });\n\t\t\t\t\t\t\tjQuery('.yuzo_related_post .yuzo_wraps').equalizer({ columns : '> div' });\n\t\t\t\t\t\t   })\n\t\t\t\t\t\t  <\/script> <!-- End Yuzo :) -->","protected":false},"excerpt":{"rendered":"<p>A coordena\u00e7\u00e3o das a\u00e7\u00f5es mais violentas do n\u00facleo crucial da trama golpista dos bolsonaristas coube ao general da reserva Walter Braga Netto. \u00c9 o que afirma a Procuradoria-Geral da Rep\u00fablica (PGR) nas alega\u00e7\u00f5es finais do processo, apresentadas ao Supremo Tribunal Federal (STF) nesta segunda-feira (14). \u201cAs provas n\u00e3o deixam d\u00favidas de que Braga Netto, aliado [&hellip;]<\/p>\n","protected":false},"author":2,"featured_media":0,"comment_status":"open","ping_status":"closed","sticky":false,"template":"","format":"standard","meta":{"fifu_image_url":"","fifu_image_alt":"","footnotes":""},"categories":[114,1390,2339,288,2460,260,7236,511,2232],"tags":[],"class_list":["post-38350","post","type-post","status-publish","format-standard","hentry","category-bolsonarismo","category-bolsonaro","category-braga-netto","category-justica","category-procuradoria-geral-da-republica-pgr","category-stf","category-supremo-tribunal-federal","category-tentativa-de-golpe","category-trama-golpista"],"_links":{"self":[{"href":"https:\/\/redept.com.br\/blogosfera\/wp-json\/wp\/v2\/posts\/38350","targetHints":{"allow":["GET"]}}],"collection":[{"href":"https:\/\/redept.com.br\/blogosfera\/wp-json\/wp\/v2\/posts"}],"about":[{"href":"https:\/\/redept.com.br\/blogosfera\/wp-json\/wp\/v2\/types\/post"}],"author":[{"embeddable":true,"href":"https:\/\/redept.com.br\/blogosfera\/wp-json\/wp\/v2\/users\/2"}],"replies":[{"embeddable":true,"href":"https:\/\/redept.com.br\/blogosfera\/wp-json\/wp\/v2\/comments?post=38350"}],"version-history":[{"count":0,"href":"https:\/\/redept.com.br\/blogosfera\/wp-json\/wp\/v2\/posts\/38350\/revisions"}],"wp:attachment":[{"href":"https:\/\/redept.com.br\/blogosfera\/wp-json\/wp\/v2\/media?parent=38350"}],"wp:term":[{"taxonomy":"category","embeddable":true,"href":"https:\/\/redept.com.br\/blogosfera\/wp-json\/wp\/v2\/categories?post=38350"},{"taxonomy":"post_tag","embeddable":true,"href":"https:\/\/redept.com.br\/blogosfera\/wp-json\/wp\/v2\/tags?post=38350"}],"curies":[{"name":"wp","href":"https:\/\/api.w.org\/{rel}","templated":true}]}}