{"id":38418,"date":"2025-07-15T17:35:28","date_gmt":"2025-07-15T20:35:28","guid":{"rendered":"https:\/\/redept.org\/blogosfera\/anderson-torres-usou-passagem-falsa-para-justificar-ausencia-no-8-de-janeiro-diz-pgr\/"},"modified":"2025-07-15T17:35:28","modified_gmt":"2025-07-15T20:35:28","slug":"anderson-torres-usou-passagem-falsa-para-justificar-ausencia-no-8-de-janeiro-diz-pgr","status":"publish","type":"post","link":"https:\/\/redept.com.br\/blogosfera\/anderson-torres-usou-passagem-falsa-para-justificar-ausencia-no-8-de-janeiro-diz-pgr\/","title":{"rendered":"Anderson Torres usou passagem falsa para justificar aus\u00eancia no 8 de Janeiro, diz PGR"},"content":{"rendered":"<p><img loading=\"lazy\" width=\"1024\" height=\"652\"src=\"https:\/\/redept.org\/blogosfera\/wp-content\/uploads\/2025\/07\/anderson-torres_Foto-Marcelo-Camargo_Agencia-Brasil-.jpg\" alt=\"\" decoding=\"async\" loading=\"lazy\" srcset=\"https:\/\/vermelho.org.br\/wp-content\/uploads\/2025\/07\/anderson-torres_Foto-Marcelo-Camargo_Agencia-Brasil--1024x652.jpg 1024w, https:\/\/vermelho.org.br\/wp-content\/uploads\/2025\/07\/anderson-torres_Foto-Marcelo-Camargo_Agencia-Brasil--300x191.jpg 300w, https:\/\/vermelho.org.br\/wp-content\/uploads\/2025\/07\/anderson-torres_Foto-Marcelo-Camargo_Agencia-Brasil--768x489.jpg 768w, https:\/\/redept.org\/blogosfera\/wp-content\/uploads\/2025\/07\/anderson-torres_Foto-Marcelo-Camargo_Agencia-Brasil-.jpg 1299w\" sizes=\"auto, (max-width: 1024px) 100vw, 1024px\"><\/p>\n<p>Ex-ministro da Justi\u00e7a de Jair Bolsonaro (PL), Anderson Torres foi acusado, pela Procuradoria-Geral da Rep\u00fablica (PGR), de usar um bilhete a\u00e9reo falso para justificar sua suposta aus\u00eancia de Bras\u00edlia no dia 8 de janeiro de 2023, quando milhares de bolsonaristas destru\u00edram as sedes dos Tr\u00eas Poderes, pedindo golpe de Estado. Na \u00e9poca, ele era secret\u00e1rio de Seguran\u00e7a P\u00fablica do Distrito Federal.<\/p>\n<p>De acordo com as alega\u00e7\u00f5es finais da PGR \u2014 apresentadas nesta segunda-feira (14) ao Supremo Tribunal Federal (STF), a passagem Bras\u00edlia\/Orlando, apresentada por ele, n\u00e3o corresponde aos registros da companhia Gol, segundo informa\u00e7\u00f5es prestadas pela pr\u00f3pria empresa.<\/p>\n<p>A hip\u00f3tese sustentada \u00e9 que, desta forma, Torres tentava se eximir de responsabilidade sobre os atos golpistas. No epis\u00f3dio, tamb\u00e9m ficou clara a in\u00e9rcia da Pol\u00edcia Militar do DF, subordinada \u00e0 SSP, frente aos ataques.<\/p>\n<p>A defesa de Torres argumenta que a viagem aos EUA vinha sendo planejada desde julho de 2022 e que a passagem foi comprada em novembro do mesmo ano.<\/p>\n<p>No entanto, segundo as alega\u00e7\u00f5es, a PGR identificou \u201ca poss\u00edvel falsidade do documento apresentado pela defesa, o que n\u00e3o apenas refor\u00e7a a gravidade da conduta do r\u00e9u Anderson Torres \u00e0 \u00e9poca dos crimes, mas dever\u00e1 justificar a ado\u00e7\u00e3o de provid\u00eancias adicionais em rela\u00e7\u00e3o ao novo fato aparentemente il\u00edcito\u201d.<\/p>\n<p><strong>Leia tamb\u00e9m: <\/strong><a href=\"https:\/\/vermelho.org.br\/2025\/07\/15\/pgr-pede-condenacao-de-bolsonaro-pela-tentativa-de-golpe-de-estado\/\">PGR pede condena\u00e7\u00e3o de Bolsonaro pela tentativa de golpe de Estado<\/a><\/p>\n<p>Al\u00e9m disso, a PGR aponta que \u201ca escandalosa constata\u00e7\u00e3o coloca em xeque a vers\u00e3o do r\u00e9u de que sua viagem j\u00e1 se encontrava agendada muito antes e confirma a sua estrat\u00e9gia deliberada de afastamento e coniv\u00eancia com as a\u00e7\u00f5es violentas que se aproximavam\u201d.<\/p>\n<p>Outro dado levantado \u00e9 que, em depoimento, o governador do Distrito Federal, Ibaneis Rocha, disse que foi \u201csurpreendido com a viagem de Anderson ao exterior e que somente tomou conhecimento na data dos fatos\u201d. Al\u00e9m disso, afirmou que \u201chouve uma quebra de confian\u00e7a em rela\u00e7\u00e3o ao trabalho do ent\u00e3o secret\u00e1rio de Seguran\u00e7a P\u00fablica do DF, o que ensejou a sua exonera\u00e7\u00e3o\u201d.<\/p>\n<p>No decorrer do documento com as alega\u00e7\u00f5es finais, a PGR tamb\u00e9m sustenta que Torres n\u00e3o tomou as medidas necess\u00e1rias para que a PMDF fizesse frente aos ataques dos golpistas, mesmo com avisos dias antes alertando sobre a possibilidade de atos violentos. No dia 6 de janeiro, por exemplo, a Secretaria de Seguran\u00e7a P\u00fablica recebeu relat\u00f3rio da For\u00e7a Nacional que tratava desse risco, al\u00e9m de outros avisos que mencionavam termos como \u201ctomada de poder\u201d e indicavam o aumento no n\u00famero de \u00f4nibus com manifestantes que se aproximavam da capital federal.<\/p>\n<p><strong>Leia tamb\u00e9m:<\/strong> <a href=\"https:\/\/vermelho.org.br\/2025\/07\/15\/general-braga-netto-atuou-para-garantir-o-exito-do-golpe-diz-pgr\/\">General Braga Netto atuou para garantir o \u00eaxito do golpe, diz PGR<\/a><\/p>\n<p>A PGR conclui que \u201co longo hist\u00f3rico de contribui\u00e7\u00f5es de Anderson Torres para os intentos da organiza\u00e7\u00e3o criminosa (\u2026) inviabiliza a m\u00e1xima de que o r\u00e9u apenas se encontrava, em todos esses eventos, \u2018no lugar errado na hora errada\u2019. A tese de mero acaso, ventilada a todo momento pela defesa (\u2026) n\u00e3o se sustenta diante da constata\u00e7\u00e3o de tantas a\u00e7\u00f5es e omiss\u00f5es convergentes para o mesmo prop\u00f3sito\u201d.<\/p>\n<p>Diz, ainda, que \u201ca comprovada atua\u00e7\u00e3o do r\u00e9u nos mais diferentes cap\u00edtulos do plano de ruptura institucional executado pela organiza\u00e7\u00e3o criminosa imp\u00f5e a sua responsabiliza\u00e7\u00e3o por todos os crimes que lhe foram imputados na den\u00fancia\u201d.<\/p>\n<p>O post <a href=\"https:\/\/vermelho.org.br\/2025\/07\/15\/anderson-torres-usou-passagem-falsa-para-justificar-ausencia-no-8-de-janeiro-diz-pgr\/\">Anderson Torres usou passagem falsa para justificar aus\u00eancia no 8 de Janeiro, diz PGR<\/a> apareceu primeiro em <a href=\"https:\/\/vermelho.org.br\/\">Vermelho<\/a>.<\/p>\n<!-- Begin Yuzo --><div class='yuzo_related_post style-1'  data-version='5.12.89'><!-- without result --><div class='yuzo_clearfixed yuzo__title yuzo__title'><h3>Related Post<\/h3><\/div>\n\t\t\t\t\t\t  <div class=\"relatedthumb \" style=\"width:125px;float:left;overflow:hidden;\">  \n\t\t\t\t\t\t\t  \n\t\t\t\t\t\t\t  <a  href=\"https:\/\/redept.com.br\/blogosfera\/senadores-comemoram-recursos-do-novo-pac-para-mais-de-700-municipios-em-crise-hidrica\/\"  >\n\t\t\t\t\t\t\t\t\t  <div class=\"yuzo-img-wrap \" style=\"width: 125px;height:90px;\">\n\t\t\t\t\t\t\t\t\t\t\n\t\t\t\t\t\t\t\t\t\t<div class=\"yuzo-img\" style=\"background:url('https:\/\/redept.org\/blogosfera\/wp-content\/plugins\/yuzo-related-post\/assets\/images\/default.png') 50% 50% no-repeat;width: 125px;height:90px;margin-bottom: 5px;background-size: cover; \"><\/div>\n\t\t\t\t\t\t\t\t\t  <\/div>\n\t\t\t\t\t\t\t\t\t  \n\t\t\t\t\t\t\t\t   <span class=\"yuzo__text--title\" style=\"font-size:13px;\">Senadores comemoram recursos do Novo PAC para mais...<\/span>\n\t\t\t\t\t\t\t  \n\t\t\t\t\t\t\t  \n\t\t\t\t\t\t\t  <\/a>\n\n\t\t\t\t\t\t  <\/div>\n\t\t\t\t\t\t  <div class=\"relatedthumb \" style=\"width:125px;float:left;overflow:hidden;\">  \n\t\t\t\t\t\t\t  \n\t\t\t\t\t\t\t  <a  href=\"https:\/\/redept.com.br\/blogosfera\/a-imagem-apagada-que-apavora-eduardo-bolsonaro-torce-pra-inteligencia-dos-eua-nao-levar-ao-trump\/\"  >\n\t\t\t\t\t\t\t\t\t  <div class=\"yuzo-img-wrap \" style=\"width: 125px;height:90px;\">\n\t\t\t\t\t\t\t\t\t\t\n\t\t\t\t\t\t\t\t\t\t<div class=\"yuzo-img\" style=\"background:url('https:\/\/redept.org\/blogosfera\/wp-content\/plugins\/yuzo-related-post\/assets\/images\/default.png') 50% 50% no-repeat;width: 125px;height:90px;margin-bottom: 5px;background-size: cover; \"><\/div>\n\t\t\t\t\t\t\t\t\t  <\/div>\n\t\t\t\t\t\t\t\t\t  \n\t\t\t\t\t\t\t\t   <span class=\"yuzo__text--title\" style=\"font-size:13px;\">A imagem apagada que apavora Eduardo Bolsonaro: \u201cT...<\/span>\n\t\t\t\t\t\t\t  \n\t\t\t\t\t\t\t  \n\t\t\t\t\t\t\t  <\/a>\n\n\t\t\t\t\t\t  <\/div>\n\t\t\t\t\t\t  <div class=\"relatedthumb \" style=\"width:125px;float:left;overflow:hidden;\">  \n\t\t\t\t\t\t\t  \n\t\t\t\t\t\t\t  <a  href=\"https:\/\/redept.com.br\/blogosfera\/luta-das-mulheres-garante-agente-de-saude-para-o-conjunto-habitacional-ruy-frazao\/\"  >\n\t\t\t\t\t\t\t\t\t  <div class=\"yuzo-img-wrap \" style=\"width: 125px;height:90px;\">\n\t\t\t\t\t\t\t\t\t\t\n\t\t\t\t\t\t\t\t\t\t<div class=\"yuzo-img\" style=\"background:url('https:\/\/redept.org\/blogosfera\/wp-content\/plugins\/yuzo-related-post\/assets\/images\/default.png') 50% 50% no-repeat;width: 125px;height:90px;margin-bottom: 5px;background-size: cover; \"><\/div>\n\t\t\t\t\t\t\t\t\t  <\/div>\n\t\t\t\t\t\t\t\t\t  \n\t\t\t\t\t\t\t\t   <span class=\"yuzo__text--title\" style=\"font-size:13px;\">Luta das mulheres garante agente de sa\u00fade para o C...<\/span>\n\t\t\t\t\t\t\t  \n\t\t\t\t\t\t\t  \n\t\t\t\t\t\t\t  <\/a>\n\n\t\t\t\t\t\t  <\/div>\n\t\t\t\t\t\t  <div class=\"relatedthumb \" style=\"width:125px;float:left;overflow:hidden;\">  \n\t\t\t\t\t\t\t  \n\t\t\t\t\t\t\t  <a  href=\"https:\/\/redept.com.br\/blogosfera\/esposa-de-moraes-da-detalhes-de-servicos-de-advocacia-prestados-ao-banco-master-e-nega-atuacao-junto-ao-stf-veja-nota-na-integra\/\"  >\n\t\t\t\t\t\t\t\t\t  <div class=\"yuzo-img-wrap \" style=\"width: 125px;height:90px;\">\n\t\t\t\t\t\t\t\t\t\t\n\t\t\t\t\t\t\t\t\t\t<div class=\"yuzo-img\" style=\"background:url('https:\/\/redept.org\/blogosfera\/wp-content\/plugins\/yuzo-related-post\/assets\/images\/default.png') 50% 50% no-repeat;width: 125px;height:90px;margin-bottom: 5px;background-size: cover; \"><\/div>\n\t\t\t\t\t\t\t\t\t  <\/div>\n\t\t\t\t\t\t\t\t\t  \n\t\t\t\t\t\t\t\t   <span class=\"yuzo__text--title\" style=\"font-size:13px;\">Esposa de Moraes d\u00e1 detalhes de servi\u00e7os de advoca...<\/span>\n\t\t\t\t\t\t\t  \n\t\t\t\t\t\t\t  \n\t\t\t\t\t\t\t  <\/a>\n\n\t\t\t\t\t\t  <\/div>\n<\/div> <script>\n\t\t\t\t\t\t  jQuery(document).ready(function( $ ){\n\t\t\t\t\t\t\t\/\/jQuery('.yuzo_related_post').equalizer({ overflow : 'relatedthumb' });\n\t\t\t\t\t\t\tjQuery('.yuzo_related_post .yuzo_wraps').equalizer({ columns : '> div' });\n\t\t\t\t\t\t   })\n\t\t\t\t\t\t  <\/script> <!-- End Yuzo :) -->","protected":false},"excerpt":{"rendered":"<p>Ex-ministro da Justi\u00e7a de Jair Bolsonaro (PL), Anderson Torres foi acusado, pela Procuradoria-Geral da Rep\u00fablica (PGR), de usar um bilhete a\u00e9reo falso para justificar sua suposta aus\u00eancia de Bras\u00edlia no dia 8 de janeiro de 2023, quando milhares de bolsonaristas destru\u00edram as sedes dos Tr\u00eas Poderes, pedindo golpe de Estado. Na \u00e9poca, ele era secret\u00e1rio [&hellip;]<\/p>\n","protected":false},"author":2,"featured_media":0,"comment_status":"open","ping_status":"closed","sticky":false,"template":"","format":"standard","meta":{"fifu_image_url":"","fifu_image_alt":"","footnotes":""},"categories":[114,1390,2339,288,2460,260,7236,511,2232],"tags":[],"class_list":["post-38418","post","type-post","status-publish","format-standard","hentry","category-bolsonarismo","category-bolsonaro","category-braga-netto","category-justica","category-procuradoria-geral-da-republica-pgr","category-stf","category-supremo-tribunal-federal","category-tentativa-de-golpe","category-trama-golpista"],"_links":{"self":[{"href":"https:\/\/redept.com.br\/blogosfera\/wp-json\/wp\/v2\/posts\/38418","targetHints":{"allow":["GET"]}}],"collection":[{"href":"https:\/\/redept.com.br\/blogosfera\/wp-json\/wp\/v2\/posts"}],"about":[{"href":"https:\/\/redept.com.br\/blogosfera\/wp-json\/wp\/v2\/types\/post"}],"author":[{"embeddable":true,"href":"https:\/\/redept.com.br\/blogosfera\/wp-json\/wp\/v2\/users\/2"}],"replies":[{"embeddable":true,"href":"https:\/\/redept.com.br\/blogosfera\/wp-json\/wp\/v2\/comments?post=38418"}],"version-history":[{"count":0,"href":"https:\/\/redept.com.br\/blogosfera\/wp-json\/wp\/v2\/posts\/38418\/revisions"}],"wp:attachment":[{"href":"https:\/\/redept.com.br\/blogosfera\/wp-json\/wp\/v2\/media?parent=38418"}],"wp:term":[{"taxonomy":"category","embeddable":true,"href":"https:\/\/redept.com.br\/blogosfera\/wp-json\/wp\/v2\/categories?post=38418"},{"taxonomy":"post_tag","embeddable":true,"href":"https:\/\/redept.com.br\/blogosfera\/wp-json\/wp\/v2\/tags?post=38418"}],"curies":[{"name":"wp","href":"https:\/\/api.w.org\/{rel}","templated":true}]}}