{"id":38585,"date":"2025-07-16T12:45:27","date_gmt":"2025-07-16T15:45:27","guid":{"rendered":"https:\/\/redept.org\/blogosfera\/a-gente-vai-sangrar-as-700-familias-sob-ameaca-de-despejo-pela-suzano-no-ma\/"},"modified":"2025-07-16T12:45:27","modified_gmt":"2025-07-16T15:45:27","slug":"a-gente-vai-sangrar-as-700-familias-sob-ameaca-de-despejo-pela-suzano-no-ma","status":"publish","type":"post","link":"https:\/\/redept.com.br\/blogosfera\/a-gente-vai-sangrar-as-700-familias-sob-ameaca-de-despejo-pela-suzano-no-ma\/","title":{"rendered":"\u2018A gente vai sangrar\u2019: as 700 fam\u00edlias sob amea\u00e7a de despejo pela Suzano no MA"},"content":{"rendered":"<p><strong>\u201cMINHA FAM\u00cdLIA EST\u00c1 NESTA TERRA<\/strong> h\u00e1 quase cinco d\u00e9cadas, desde o tempo do meu av\u00f4. Isso \u00e9 tudo que temos. Nossa casa e nossa rocinha, onde a gente planta arroz, macaxeira, feij\u00e3o\u201d, diz Magdiel Pereira Silva, 46, que vive com a mulher e tr\u00eas filhos na comunidade Sapucaia, localizada entre os munic\u00edpios de Vila Nova dos Mart\u00edrios e S\u00e3o Pedro da \u00c1gua Branca, no <a href=\"https:\/\/reporterbrasil.org.br\/?s=Maranh%C3%A3o\" target=\"_blank\" rel=\"noreferrer noopener\">Maranh\u00e3o<\/a>.\u00a0<\/p>\n<p>Sua fam\u00edlia \u00e9 uma das mais de 700 que vivem sob a amea\u00e7a de uma reintegra\u00e7\u00e3o de posse determinada pela Justi\u00e7a maranhense em favor da <a href=\"https:\/\/reporterbrasil.org.br\/?s=Suzano\" target=\"_blank\" rel=\"noreferrer noopener\">Suzano S.A.<\/a>, multinacional brasileira de papel e celulose. A a\u00e7\u00e3o, que estava prevista para esta ter\u00e7a-feira, 15 de julho, foi suspensa por 60 dias na quinta-feira anterior (10). Se concretizada, mais de 2 mil pessoas podem ser despejadas.<\/p>\n<figure><img fetchpriority=\"high\" fetchpriority=\"high\" decoding=\"async\" width=\"1024\" height=\"683\" src=\"https:\/\/redept.org\/blogosfera\/wp-content\/uploads\/2025\/07\/casa-fazenda-jurema-eucaliptos-foto-arquivo-coecv-ma-1024x683.jpg\" alt=\"Casa de posseiros na Fazenda Jurema cercada por eucaliptos da Suzano (Foto: Arquivo COECV\/MA)\" srcset=\"https:\/\/redept.org\/blogosfera\/wp-content\/uploads\/2025\/07\/casa-fazenda-jurema-eucaliptos-foto-arquivo-coecv-ma-1024x683.jpg 1024w, https:\/\/reporterbrasil.org.br\/wp-content\/uploads\/2025\/07\/casa-fazenda-jurema-eucaliptos-foto-arquivo-coecv-ma-300x200.jpg 300w, https:\/\/reporterbrasil.org.br\/wp-content\/uploads\/2025\/07\/casa-fazenda-jurema-eucaliptos-foto-arquivo-coecv-ma-768x512.jpg 768w, https:\/\/reporterbrasil.org.br\/wp-content\/uploads\/2025\/07\/casa-fazenda-jurema-eucaliptos-foto-arquivo-coecv-ma.jpg 1200w\" sizes=\"(max-width: 1024px) 100vw, 1024px\"><figcaption>Casa de posseiros na Fazenda Jurema cercada por eucaliptos da Suzano (Foto: Arquivo COECV\/MA)<\/figcaption><\/figure>\n<p>\u201cEsse povo todo que querem tirar dali, a gente vai sangrar, n\u00e3o tem como n\u00e3o sangrar. A gente s\u00f3 sabe cultivar a terra para comer. Imagina como vai ficar a mente de uma pessoa nessa situa\u00e7\u00e3o? O nosso sentimento n\u00e3o d\u00e1 para colocar em palavras\u201d, lamenta Silva, que tamb\u00e9m desempenha a fun\u00e7\u00e3o de presidente da Associa\u00e7\u00e3o de Moradores da Comunidade do Sapucaia.<\/p>\n<p>A empresa alega que desde 2009 \u00e9 propriet\u00e1ria da fazenda Jurema, onde fica a comunidade, e pretende usar a terra como \u00e1rea de compensa\u00e7\u00e3o ambiental. A companhia possui planta\u00e7\u00f5es de eucalipto em uma fazenda vizinha.\u00a0<\/p>\n<p>Ao suspender a reintegra\u00e7\u00e3o, o desembargador Marcelo Carvalho Silva acatou um pedido da Defensoria P\u00fablica do Estado do Maranh\u00e3o, que afirmou faltar estrutura e coordena\u00e7\u00e3o dos \u00f3rg\u00e3os municipais e estaduais para proteger as fam\u00edlias que seriam removidas da \u00e1rea. \u201cDiante da magnitude da medida, que envolve a remo\u00e7\u00e3o de mais de duas mil pessoas, constato que o prazo fixado se mostra demasiadamente reduzido, inviabilizando o exerc\u00edcio adequado da atua\u00e7\u00e3o estatal e o cumprimento das obriga\u00e7\u00f5es constitucionais m\u00ednimas de prote\u00e7\u00e3o \u00e0s popula\u00e7\u00f5es vulner\u00e1veis\u201d, escreveu o magistrado na decis\u00e3o.<\/p>\n<div data-elementor-type=\"section\" data-elementor-id=\"77670\" data-elementor-post-type=\"elementor_library\">\n<div data-id=\"17a659f\" data-element_type=\"container\" data-settings='{\"background_background\":\"classic\"}'>\n<div>\n<div data-id=\"386385d\" data-element_type=\"widget\" data-widget_type=\"heading.default\">\n<div>\n<h2>ASSINE NOSSA NEWSLETTER<\/h2>\n<\/p><\/div>\n<\/p><\/div>\n<div data-id=\"6546917\" data-element_type=\"widget\" data-widget_type=\"html.default\">\n<div>\n\t\t\t\t\t\t\t\t\t<\/div>\n<\/p><\/div>\n<div data-id=\"8c2e333\" data-element_type=\"widget\" data-settings='{\"button_width\":\"20\",\"step_next_label\":\"Next\",\"step_previous_label\":\"Previous\",\"button_width_mobile\":\"20\",\"step_type\":\"number_text\",\"step_icon_shape\":\"circle\"}' data-widget_type=\"form.default\">\n<div>\n<div>\n<div>\n\t\t\t\t\t\t\t\t\t\t\t\t<label for=\"form-field-email\"><br \/>\n\t\t\t\t\t\t\t\tEmail\t\t\t\t\t\t\t<\/label><\/p><\/div>\n<div>\n\t\t\t\t\t<button type=\"submit\"><br \/>\n\t\t\t\t\t\t<span><br \/>\n\t\t\t\t\t\t\t\t\t\t\t\t\t\t\t<span><br \/>\n\t\t\t\t\t\t\t\t\t<i aria-hidden=\"true\"><\/i>\t\t\t\t\t\t\t\t\t\t\t\t\t\t\t\t\t\t\t<span>Submit<\/span><br \/>\n\t\t\t\t\t\t\t\t\t\t\t\t\t\t\t\t\t<\/span><br \/>\n\t\t\t\t\t\t\t\t\t\t\t\t\t\t\t\t\t\t\t\t<\/span><br \/>\n\t\t\t\t\t<\/button>\n\t\t\t\t<\/div>\n<\/p><\/div>\n<\/p><\/div>\n<\/p><\/div>\n<\/p><\/div>\n<\/p><\/div>\n<\/p><\/div>\n<h2>Defensoria P\u00fablica e Incra defendem manuten\u00e7\u00e3o das fam\u00edlias<\/h2>\n<p>Al\u00e9m de questionar a capacidade dos munic\u00edpios de lidar com a enorme demanda provocada pela poss\u00edvel retirada das fam\u00edlias, a Defensoria emitiu, em 8 de julho deste ano, parecer contr\u00e1rio \u00e0 reintegra\u00e7\u00e3o. No documento, o \u00f3rg\u00e3o pede \u201cque sejam adotadas as provid\u00eancias cab\u00edveis para garantir a perman\u00eancia das fam\u00edlias vulner\u00e1veis residentes nos povoados Sapucaia, Riacho das Tra\u00edras, Palmeira e Cana\u00e3 [comunidades estabelecidas dentro da \u00e1rea reivindicada pela Suzano], por meio da regulariza\u00e7\u00e3o fundi\u00e1ria das \u00e1reas por elas ocupadas\u201d.\u00a0<\/p>\n<p>Um estudo realizado pela Defensoria chegou a confirmar que a comunidade Sapucaia est\u00e1 no local h\u00e1 pelo menos cinco d\u00e9cadas. A regulariza\u00e7\u00e3o fundi\u00e1ria teria como objetivo \u201cassegurar n\u00e3o apenas o direito humano \u00e0 moradia e \u00e0 propriedade rural, mas tamb\u00e9m a concretiza\u00e7\u00e3o do princ\u00edpio constitucional da <a href=\"https:\/\/reporterbrasil.org.br\/?s=%22fun%C3%A7%C3%A3o+social+da+terra%22\" target=\"_blank\" rel=\"noreferrer noopener\">fun\u00e7\u00e3o social da terra<\/a>, conforme previsto na legisla\u00e7\u00e3o vigente\u201d.<\/p>\n<p>Introduzido pelo <a href=\"https:\/\/www.gov.br\/incra\/pt-br\/assuntos\/noticias\/estatuto-da-terra-completa-60-anos#:~:text=Por%20meio%20dela%2C%20se%20firmou,e%20oferecer%20justas%20rela%C3%A7%C3%B5es%20de\" target=\"_blank\" rel=\"noreferrer noopener\">Estatuto da Terra<\/a>, de 1964, esse princ\u00edpio foi incorporado pela <a href=\"https:\/\/www.planalto.gov.br\/ccivil_03\/constituicao\/constituicao.htm\" target=\"_blank\" rel=\"noreferrer noopener\">Constitui\u00e7\u00e3o Federal em 1988.<\/a> Segundo o artigo 186 da Carta Magna, a fun\u00e7\u00e3o social \u00e9 cumprida quando a propriedade atende, simultaneamente, a crit\u00e9rios de produtividade e de respeito a trabalhadores e ao meio ambiente.<\/p>\n<p>A suspens\u00e3o da reintegra\u00e7\u00e3o de posse, no entanto, \u00e9 apenas um al\u00edvio tempor\u00e1rio para as mais de 700 fam\u00edlias amea\u00e7adas de despejo, tendo em vista que n\u00e3o cabem mais recursos \u00e0 decis\u00e3o sobre a medida. \u201cA meu ver, houve falha do Estado ao n\u00e3o garantir a essas fam\u00edlias de posseiros o acesso formal \u00e0 terra, e essa falha tem sido recorrente na Amaz\u00f4nia por falta de pol\u00edtica de reforma agr\u00e1ria\u201d, afirma o advogado Diogo Cabral, integrante do Conselho Estadual dos Direitos Humanos do Maranh\u00e3o.\u00a0<\/p>\n<figure><img decoding=\"async\" width=\"1024\" height=\"683\" src=\"https:\/\/redept.org\/blogosfera\/wp-content\/uploads\/2025\/07\/reuniao-sapucaia-foto-arquivo-pessoal-virgilina-silva-1024x683.jpg\" alt=\"Moradores da comunidade Sapucaia se re\u00fanem para debater poss\u00edvel reintegra\u00e7\u00e3o (Foto: Virgilina Silva\/Arquivo pessoal)\" srcset=\"https:\/\/redept.org\/blogosfera\/wp-content\/uploads\/2025\/07\/reuniao-sapucaia-foto-arquivo-pessoal-virgilina-silva-1024x683.jpg 1024w, https:\/\/reporterbrasil.org.br\/wp-content\/uploads\/2025\/07\/reuniao-sapucaia-foto-arquivo-pessoal-virgilina-silva-300x200.jpg 300w, https:\/\/reporterbrasil.org.br\/wp-content\/uploads\/2025\/07\/reuniao-sapucaia-foto-arquivo-pessoal-virgilina-silva-768x512.jpg 768w, https:\/\/reporterbrasil.org.br\/wp-content\/uploads\/2025\/07\/reuniao-sapucaia-foto-arquivo-pessoal-virgilina-silva.jpg 1200w\" sizes=\"(max-width: 1024px) 100vw, 1024px\"><figcaption>Moradores da comunidade Sapucaia se re\u00fanem para debater poss\u00edvel reintegra\u00e7\u00e3o (Foto: Virgilina Silva\/Arquivo pessoal)<\/figcaption><\/figure>\n<p>Ele questiona tamb\u00e9m a aus\u00eancia de um plano adequado de reassentamento das fam\u00edlias ap\u00f3s a poss\u00edvel reintegra\u00e7\u00e3o. \u201cPara onde as fam\u00edlias ir\u00e3o? E h\u00e1 a quest\u00e3o do trabalho e renda. Em v\u00e1rias comunidades j\u00e1 foi feito o plantio, ent\u00e3o v\u00e3o perder a colheita do ano\u201d, diz.<\/p>\n<p>Os moradores da comunidade Sapucaia tamb\u00e9m se apoiam em um parecer do Incra (Instituto Nacional de Coloniza\u00e7\u00e3o e Reforma Agr\u00e1ria) para contestar a remo\u00e7\u00e3o. No documento, de maio deste ano, o \u00f3rg\u00e3o se posiciona favoravelmente \u00e0 destina\u00e7\u00e3o de partes da fazenda para fins de reforma agr\u00e1ria, mostrando, inclusive, inten\u00e7\u00e3o de comprar a \u00e1rea.\u00a0<\/p>\n<p>\u201cMarcou-se a inten\u00e7\u00e3o do Incra em adquirir a \u00e1rea ou parte dela, por compra e venda, para destina\u00e7\u00e3o ao Programa Nacional de Reforma Agr\u00e1ria\u201d, diz o parecer, que prossegue: \u201cConcluiu-se que o im\u00f3vel possui viabilidade t\u00e9cnica, econ\u00f4mica e ambiental para cria\u00e7\u00e3o de um projeto de assentamento capaz de beneficiar 805 fam\u00edlias de trabalhadores rurais sem terra\u201d. Ou seja, de acordo com o \u00f3rg\u00e3o, a medida incluiria tanto os moradores de Sapucaia quanto das outras tr\u00eas comunidades situadas na \u00e1rea reivindicada pela Suzano.<\/p>\n<p>Ainda segundo o Incra, h\u00e1 \u201ca expectativa de abertura de um canal que possibilite um acordo para que n\u00e3o seja necess\u00e1ria a execu\u00e7\u00e3o da reintegra\u00e7\u00e3o de posse, que invariavelmente conduziria centenas de fam\u00edlias para uma situa\u00e7\u00e3o de inseguran\u00e7a e aus\u00eancia perspectivas, por falta de abrigo, trabalho e renda\u201d.<\/p>\n<h2>Suzano diz ter apresentado \u2018plano de reintegra\u00e7\u00e3o humanizada\u2019<\/h2>\n<p>Em nota enviada \u00e0 <strong>Rep\u00f3rter Brasil<\/strong>, a Suzano afirma \u201cser a leg\u00edtima propriet\u00e1ria da Fazenda Jurema e salienta que \u00e9 inver\u00eddica a informa\u00e7\u00e3o de que existiriam mais de 700 fam\u00edlias na \u00e1rea h\u00e1 d\u00e9cadas\u201d. A companhia diz ainda que \u201cforam adotadas todas as medidas mitigat\u00f3rias previstas na legisla\u00e7\u00e3o estadual\u201d, com apresenta\u00e7\u00e3o, em mar\u00e7o de 2025, de um \u201cplano de reintegra\u00e7\u00e3o humanizada\u201d.\u00a0<\/p>\n<p>Por fim, a empresa acusa algumas comunidades que vivem na \u00e1rea de terem praticado \u201cdesmatamento, queimadas e furto de madeira nativa, causando danos significativos ao meio ambiente e \u00e0s comunidades do entorno\u201d. <a href=\"https:\/\/reporterbrasil.org.br\/2025\/07\/posicionamento-suzano-reintegracao-sapucaia\/\" target=\"_blank\" rel=\"noreferrer noopener\">Leia a \u00edntegra da nota da Suzano aqui<\/a>.<\/p>\n<p>No pedido de suspens\u00e3o da reintegra\u00e7\u00e3o, no entanto, a Defensoria P\u00fablica do Maranh\u00e3o critica o plano de reintegra\u00e7\u00e3o humanizada citado pela companhia. \u201cA Suzano elaborou um plano e chamou de \u2018plano de remo\u00e7\u00e3o [reintegra\u00e7\u00e3o] humanizada\u2019. Mas s\u00f3 porque colocaram \u2018humanizado\u2019 no nome n\u00e3o quer dizer que de fato seja\u201d, diz o defensor p\u00fablico maranhense Lucas Uch\u00f4a.\u00a0\u00a0<\/p>\n<figure><img decoding=\"async\" width=\"1024\" height=\"683\" src=\"https:\/\/redept.org\/blogosfera\/wp-content\/uploads\/2025\/07\/associacao-trabalhadores-rurais-sapucaia-foto-arquivo-coecv-ma-1024x683.jpg\" alt=\"Sede da Associa\u00e7\u00e3o dos Trabalhadores Rurais de Sapucaia, amea\u00e7ados pela reintegra\u00e7\u00e3o de posse (Fotos: Arquivo COECV\/MA)\" srcset=\"https:\/\/redept.org\/blogosfera\/wp-content\/uploads\/2025\/07\/associacao-trabalhadores-rurais-sapucaia-foto-arquivo-coecv-ma-1024x683.jpg 1024w, https:\/\/reporterbrasil.org.br\/wp-content\/uploads\/2025\/07\/associacao-trabalhadores-rurais-sapucaia-foto-arquivo-coecv-ma-300x200.jpg 300w, https:\/\/reporterbrasil.org.br\/wp-content\/uploads\/2025\/07\/associacao-trabalhadores-rurais-sapucaia-foto-arquivo-coecv-ma-768x512.jpg 768w, https:\/\/reporterbrasil.org.br\/wp-content\/uploads\/2025\/07\/associacao-trabalhadores-rurais-sapucaia-foto-arquivo-coecv-ma.jpg 1200w\" sizes=\"(max-width: 1024px) 100vw, 1024px\"><figcaption>Sede da Associa\u00e7\u00e3o dos Trabalhadores Rurais de Sapucaia, amea\u00e7ados pela reintegra\u00e7\u00e3o de posse (Fotos: Arquivo COECV\/MA)<\/figcaption><\/figure>\n<p>De acordo com ele, o documento apresentado \u201cfoi unilateral, elaborado pela empresa e sem a participa\u00e7\u00e3o das prefeituras envolvidas, que s\u00e3o as respons\u00e1veis pela recep\u00e7\u00e3o e acolhimento das fam\u00edlias\u201d. \u201cTemos normativas que dizem como uma remo\u00e7\u00e3o coletiva deve ser feita, e, na nossa vis\u00e3o e na do desembargador [respons\u00e1vel pela decis\u00e3o que suspendeu a a\u00e7\u00e3o], esses quesitos n\u00e3o foram cumpridos\u201d, completa Uch\u00f4a.<\/p>\n<p>Em rela\u00e7\u00e3o \u00e0s acusa\u00e7\u00f5es feitas pela Suzano de supostos crimes ambientais cometidos pelas fam\u00edlias que ocupam \u00e1rea, o defensor p\u00fablico afirma que \u00e9 preciso que haja \u201ca individualiza\u00e7\u00e3o\u201d de eventuais condutas criminosas. \u201cVoc\u00ea n\u00e3o pode simplesmente culpabilizar toda uma comunidade por um crime de desmatamento ou queimadas\u201d, argumenta.<\/p>\n<h2>Morte, resist\u00eancia e desamparo<\/h2>\n<p>Para Uch\u00f4a, uma reintegra\u00e7\u00e3o feita de forma inadequada pode resultar em viol\u00eancia. \u201cSe n\u00e3o houver um plano adequado de remo\u00e7\u00e3o, corremos o risco de ter um novo massacre do Eldorado dos Caraj\u00e1s ou um novo Pinheirinho\u201d, alerta, referindo-se, respectivamente, ao assassinato de 21 trabalhadores sem-terra por policiais no Par\u00e1, em 1996, e \u00e0 violenta reintegra\u00e7\u00e3o de posse ocorrida em S\u00e3o Jos\u00e9 dos Campos (SP) em 2012, que resultou na morte de duas pessoas.<\/p>\n<p>De acordo com Magdiel Pereira Silva, lideran\u00e7a de Sapucaia, a amea\u00e7a de despejo j\u00e1 provocou ao menos uma v\u00edtima fatal na comunidade. \u201cJ\u00e1 tivemos um caso de \u00f3bito, do seu Raimundo, em 25 de abril deste ano. Ele j\u00e1 tinha um quadro de cora\u00e7\u00e3o e press\u00e3o alta. E ficou muito nervoso com essa press\u00e3o para sair de l\u00e1 e o risco de perder tudo\u201d, conta.\u00a0<\/p>\n<figure><img loading=\"lazy\" loading=\"lazy\" decoding=\"async\" width=\"1024\" height=\"683\" src=\"https:\/\/redept.org\/blogosfera\/wp-content\/uploads\/2025\/07\/casa-sapucaia-foto-arquivo-COECV-MA-1-1024x683.jpg\" alt=\"Habitantes de Sapucaia temem perder a fonte de renda que vem do que cultivam na terra (Foto: Arquivo COECV\/MA)\" srcset=\"https:\/\/redept.org\/blogosfera\/wp-content\/uploads\/2025\/07\/casa-sapucaia-foto-arquivo-COECV-MA-1-1024x683.jpg 1024w, https:\/\/reporterbrasil.org.br\/wp-content\/uploads\/2025\/07\/casa-sapucaia-foto-arquivo-COECV-MA-1-300x200.jpg 300w, https:\/\/reporterbrasil.org.br\/wp-content\/uploads\/2025\/07\/casa-sapucaia-foto-arquivo-COECV-MA-1-768x512.jpg 768w, https:\/\/reporterbrasil.org.br\/wp-content\/uploads\/2025\/07\/casa-sapucaia-foto-arquivo-COECV-MA-1.jpg 1200w\" sizes=\"auto, (max-width: 1024px) 100vw, 1024px\"><figcaption>Habitantes de Sapucaia temem perder a fonte de renda que vem do que cultivam na terra (Foto: Arquivo COECV\/MA)<\/figcaption><\/figure>\n<p>A Pol\u00edcia Militar do Maranh\u00e3o j\u00e1 est\u00e1 com um plano montado para a retirada das fam\u00edlias. Segundo um documento da corpora\u00e7\u00e3o acessado pela reportagem, a a\u00e7\u00e3o de desocupa\u00e7\u00e3o da \u00e1rea contaria com o apoio de 196 policiais militares, dez conjuntos de cavalaria e um helic\u00f3ptero, em fun\u00e7\u00e3o do alto risco de resist\u00eancia por parte dos agricultores e da possibilidade de conflitos violentos.\u00a0<\/p>\n<p>Silva acredita que pode haver enfrentamento com a tropa em fun\u00e7\u00e3o do desespero e falta de perspectivas na comunidade. \u201cO clima \u00e9 tenso. Tem um senhor de 80 anos, vizinho meu, que falou assim: \u2018Olha, eu n\u00e3o vou sair. Estou preparado para matar e morrer, eu n\u00e3o tenho pra onde ir, vou sair pra qu\u00ea? Melhor fazer uma trag\u00e9dia e depois eu me mato&#8217;\u201d, conta o agricultor.<\/p>\n<p>O pr\u00f3prio presidente da Associa\u00e7\u00e3o de Moradores da Comunidade do Sapucaia diz ter sido perseguido por motoqueiros quando estava atravessando a planta\u00e7\u00e3o de eucaliptos da Suzano em dire\u00e7\u00e3o \u00e0 sua comunidade, em junho deste ano. \u201cQuando eu passei por eles, um deles falou: \u2018\u00c9 ele, d\u00e1 a volta!\u2019. A\u00ed, vieram atr\u00e1s de mim, e eu tive que largar minha moto na estrada e correr para dentro do mato. Consegui escutar eles dizendo: \u2018vamos embora que ele tamb\u00e9m pode estar armado&#8217;\u201d, relata.\u00a0<\/p>\n<h2>Prefeito diz n\u00e3o ter como acolher fam\u00edlias<\/h2>\n<p>A remo\u00e7\u00e3o das fam\u00edlias tamb\u00e9m \u00e9 criticada pelo prefeito de S\u00e3o Pedro da \u00c1gua Branca, Samuel Kesley Ribeiro de Souza (PL). Ele chegou a enviar um of\u00edcio \u00e0 Justi\u00e7a em junho deste ano alegando que o munic\u00edpio n\u00e3o est\u00e1 preparado para lidar com os efeitos da reintegra\u00e7\u00e3o de posse: \u201cDiante da dimens\u00e3o social do impacto e da aus\u00eancia de aporte estadual ou federal espec\u00edfico para essa demanda, a Prefeitura n\u00e3o disp\u00f5e de estrutura log\u00edstica, t\u00e9cnica e or\u00e7ament\u00e1ria suficiente para absorver, de forma aut\u00f4noma, os efeitos sociais da reintegra\u00e7\u00e3o\u201d, diz o documento.<\/p>\n<p>Um m\u00eas antes, o CNDH (Conselho Nacional de Direitos Humanos), ligado ao Minist\u00e9rio dos Direitos Humanos e da Cidadania, divulgou uma nota na qual manifesta \u201cenorme preocupa\u00e7\u00e3o com os fatos relatados\u201d e critica a \u201caus\u00eancia de cadastro atualizado das fam\u00edlias ocupantes e a aus\u00eancia de previs\u00e3o de local adequado para reassentamento\u201d. No texto, o CNDH afirma que \u201cas fam\u00edlias [que moram na fazenda Jurema] est\u00e3o em situa\u00e7\u00e3o de vulnerabilidade social e sobrevivem do trabalho no campo, e, portanto, n\u00e3o possuem alternativas de moradia ou trabalho\u201d.<\/p>\n<p>Tamb\u00e9m em maio, o ministro do STF (Supremo Tribunal Federal) Edson Fachin chegou a suspender a reintegra\u00e7\u00e3o de posse da \u00e1rea, sob o argumento de que\u00a0 o plano para remo\u00e7\u00e3o apresentado pela Suzano n\u00e3o levou em conta algumas regras j\u00e1 determinadas pela corte para esse tipo de conflito, como a realiza\u00e7\u00e3o de tentativas de concilia\u00e7\u00e3o e inspe\u00e7\u00f5es judiciais para evitar a separa\u00e7\u00e3o de integrantes de uma fam\u00edlia. Por\u00e9m, no mesmo m\u00eas, a decis\u00e3o de Fachin foi derrubada pela Segunda Turma do STF, e o processo foi retomado.<\/p>\n<div data-elementor-type=\"container\" data-elementor-id=\"75228\" data-elementor-post-type=\"elementor_library\">\n<div data-id=\"5e8db1e6\" data-element_type=\"container\">\n<div>\n<div data-id=\"36eb6c91\" data-element_type=\"container\">\n<div>\n<div data-id=\"6f52f515\" data-element_type=\"container\">\n<div data-id=\"65d9f401\" data-element_type=\"widget\" data-widget_type=\"divider.default\">\n<div>\n<div>\n\t\t\t<span><br \/>\n\t\t\t\t\t\t<\/span>\n\t\t<\/div>\n<\/p><\/div>\n<\/p><\/div>\n<\/p><\/div>\n<div data-id=\"134a1245\" data-element_type=\"container\">\n<div>\n<div data-id=\"10fe55fe\" data-element_type=\"widget\" data-widget_type=\"text-editor.default\">\n<div>\n<p>Leia tamb\u00e9m<\/p>\n<\/p><\/div>\n<\/p><\/div>\n<\/p><\/div>\n<\/p><\/div>\n<\/p><\/div>\n<\/p><\/div>\n<div data-id=\"3c9495ae\" data-element_type=\"widget\" data-settings='{\"template_id\":\"75221\",\"columns\":1,\"row_gap\":{\"unit\":\"px\",\"size\":10,\"sizes\":[]},\"_skin\":\"post\",\"columns_tablet\":\"2\",\"columns_mobile\":\"1\",\"edit_handle_selector\":\"[data-elementor-type=\"loop-item\"]\",\"row_gap_tablet\":{\"unit\":\"px\",\"size\":\"\",\"sizes\":[]},\"row_gap_mobile\":{\"unit\":\"px\",\"size\":\"\",\"sizes\":[]}}' data-widget_type=\"loop-grid.post\">\n<div>\n<div>\n\t\t<\/div>\n<\/p><\/div>\n<\/p><\/div>\n<\/p><\/div>\n<\/p><\/div>\n<\/p><\/div>\n<\/p>\n<p>The post <a href=\"https:\/\/reporterbrasil.org.br\/2025\/07\/700-familias-ameaca-despejo-suzano\/\">\u2018A gente vai sangrar\u2019: as 700 fam\u00edlias sob amea\u00e7a de despejo pela Suzano no MA<\/a> appeared first on <a href=\"https:\/\/reporterbrasil.org.br\/\">Rep\u00f3rter Brasil<\/a>.<\/p>\n<!-- Begin Yuzo --><div class='yuzo_related_post style-1'  data-version='5.12.89'><!-- without result --><div class='yuzo_clearfixed yuzo__title yuzo__title'><h3>Related Post<\/h3><\/div>\n\t\t\t\t\t\t  <div class=\"relatedthumb \" style=\"width:125px;float:left;overflow:hidden;\">  \n\t\t\t\t\t\t\t  \n\t\t\t\t\t\t\t  <a  href=\"https:\/\/redept.com.br\/blogosfera\/olivio-dutra-deixa-hospital-apos-cirurgia-cardiaca\/\"  >\n\t\t\t\t\t\t\t\t\t  <div class=\"yuzo-img-wrap \" style=\"width: 125px;height:90px;\">\n\t\t\t\t\t\t\t\t\t\t\n\t\t\t\t\t\t\t\t\t\t<div class=\"yuzo-img\" style=\"background:url('https:\/\/redept.org\/blogosfera\/wp-content\/plugins\/yuzo-related-post\/assets\/images\/default.png') 50% 50% no-repeat;width: 125px;height:90px;margin-bottom: 5px;background-size: cover; \"><\/div>\n\t\t\t\t\t\t\t\t\t  <\/div>\n\t\t\t\t\t\t\t\t\t  \n\t\t\t\t\t\t\t\t   <span class=\"yuzo__text--title\" style=\"font-size:13px;\">Ol\u00edvio Dutra deixa hospital ap\u00f3s cirurgia card\u00edaca...<\/span>\n\t\t\t\t\t\t\t  \n\t\t\t\t\t\t\t  \n\t\t\t\t\t\t\t  <\/a>\n\n\t\t\t\t\t\t  <\/div>\n\t\t\t\t\t\t  <div class=\"relatedthumb \" style=\"width:125px;float:left;overflow:hidden;\">  \n\t\t\t\t\t\t\t  \n\t\t\t\t\t\t\t  <a  href=\"https:\/\/redept.com.br\/blogosfera\/guerra-no-ira-amplia-risco-ambiental-e-climatico-diz-relatorio\/\"  >\n\t\t\t\t\t\t\t\t\t  <div class=\"yuzo-img-wrap \" style=\"width: 125px;height:90px;\">\n\t\t\t\t\t\t\t\t\t\t\n\t\t\t\t\t\t\t\t\t\t<div class=\"yuzo-img\" style=\"background:url('https:\/\/redept.org\/blogosfera\/wp-content\/plugins\/yuzo-related-post\/assets\/images\/default.png') 50% 50% no-repeat;width: 125px;height:90px;margin-bottom: 5px;background-size: cover; \"><\/div>\n\t\t\t\t\t\t\t\t\t  <\/div>\n\t\t\t\t\t\t\t\t\t  \n\t\t\t\t\t\t\t\t   <span class=\"yuzo__text--title\" style=\"font-size:13px;\">Guerra no Ir\u00e3 amplia risco ambiental e clim\u00e1tico, ...<\/span>\n\t\t\t\t\t\t\t  \n\t\t\t\t\t\t\t  \n\t\t\t\t\t\t\t  <\/a>\n\n\t\t\t\t\t\t  <\/div>\n\t\t\t\t\t\t  <div class=\"relatedthumb \" style=\"width:125px;float:left;overflow:hidden;\">  \n\t\t\t\t\t\t\t  \n\t\t\t\t\t\t\t  <a  href=\"https:\/\/redept.com.br\/blogosfera\/25-anos-da-morte-de-galdino-assassinos-recebem-mais-de-r-15-mil-como-servidores-publicos\/\"  >\n\t\t\t\t\t\t\t\t\t  <div class=\"yuzo-img-wrap \" style=\"width: 125px;height:90px;\">\n\t\t\t\t\t\t\t\t\t\t\n\t\t\t\t\t\t\t\t\t\t<div class=\"yuzo-img\" style=\"background:url('https:\/\/redept.org\/blogosfera\/wp-content\/plugins\/yuzo-related-post\/assets\/images\/default.png') 50% 50% no-repeat;width: 125px;height:90px;margin-bottom: 5px;background-size: cover; \"><\/div>\n\t\t\t\t\t\t\t\t\t  <\/div>\n\t\t\t\t\t\t\t\t\t  \n\t\t\t\t\t\t\t\t   <span class=\"yuzo__text--title\" style=\"font-size:13px;\">25 anos da morte de Galdino: assassinos recebem ma...<\/span>\n\t\t\t\t\t\t\t  \n\t\t\t\t\t\t\t  \n\t\t\t\t\t\t\t  <\/a>\n\n\t\t\t\t\t\t  <\/div>\n\t\t\t\t\t\t  <div class=\"relatedthumb \" style=\"width:125px;float:left;overflow:hidden;\">  \n\t\t\t\t\t\t\t  \n\t\t\t\t\t\t\t  <a  href=\"https:\/\/redept.com.br\/blogosfera\/tenham-coragem-de-colocar-freio-nas-empresas-europeias-que-envenenam-a-america-latina-cobra-stedile-a-parlamentares-da-europa\/\"  >\n\t\t\t\t\t\t\t\t\t  <div class=\"yuzo-img-wrap \" style=\"width: 125px;height:90px;\">\n\t\t\t\t\t\t\t\t\t\t\n\t\t\t\t\t\t\t\t\t\t<div class=\"yuzo-img\" style=\"background:url('https:\/\/redept.org\/blogosfera\/wp-content\/plugins\/yuzo-related-post\/assets\/images\/default.png') 50% 50% no-repeat;width: 125px;height:90px;margin-bottom: 5px;background-size: cover; \"><\/div>\n\t\t\t\t\t\t\t\t\t  <\/div>\n\t\t\t\t\t\t\t\t\t  \n\t\t\t\t\t\t\t\t   <span class=\"yuzo__text--title\" style=\"font-size:13px;\">\u2018Tenham coragem de colocar freio nas empresa...<\/span>\n\t\t\t\t\t\t\t  \n\t\t\t\t\t\t\t  \n\t\t\t\t\t\t\t  <\/a>\n\n\t\t\t\t\t\t  <\/div>\n<\/div> <script>\n\t\t\t\t\t\t  jQuery(document).ready(function( $ ){\n\t\t\t\t\t\t\t\/\/jQuery('.yuzo_related_post').equalizer({ overflow : 'relatedthumb' });\n\t\t\t\t\t\t\tjQuery('.yuzo_related_post .yuzo_wraps').equalizer({ columns : '> div' });\n\t\t\t\t\t\t   })\n\t\t\t\t\t\t  <\/script> <!-- End Yuzo :) -->","protected":false},"excerpt":{"rendered":"<p>\u201cMINHA FAM\u00cdLIA EST\u00c1 NESTA TERRA h\u00e1 quase cinco d\u00e9cadas, desde o tempo do meu av\u00f4. Isso \u00e9 tudo que temos. Nossa casa e nossa rocinha, onde a gente planta arroz, macaxeira, feij\u00e3o\u201d, diz Magdiel Pereira Silva, 46, que vive com a mulher e tr\u00eas filhos na comunidade Sapucaia, localizada entre os munic\u00edpios de Vila Nova [&hellip;]<\/p>\n","protected":false},"author":2,"featured_media":0,"comment_status":"open","ping_status":"closed","sticky":false,"template":"","format":"standard","meta":{"fifu_image_url":"","fifu_image_alt":"","footnotes":""},"categories":[1541,5879,5471,10007,5080,5799,2257],"tags":[],"class_list":["post-38585","post","type-post","status-publish","format-standard","hentry","category-conflitos-no-campo","category-conteudo-original-em-portugues","category-politica-nacional","category-posseiros","category-reintegracao-de-posse","category-reportagens","category-suzano"],"_links":{"self":[{"href":"https:\/\/redept.com.br\/blogosfera\/wp-json\/wp\/v2\/posts\/38585","targetHints":{"allow":["GET"]}}],"collection":[{"href":"https:\/\/redept.com.br\/blogosfera\/wp-json\/wp\/v2\/posts"}],"about":[{"href":"https:\/\/redept.com.br\/blogosfera\/wp-json\/wp\/v2\/types\/post"}],"author":[{"embeddable":true,"href":"https:\/\/redept.com.br\/blogosfera\/wp-json\/wp\/v2\/users\/2"}],"replies":[{"embeddable":true,"href":"https:\/\/redept.com.br\/blogosfera\/wp-json\/wp\/v2\/comments?post=38585"}],"version-history":[{"count":0,"href":"https:\/\/redept.com.br\/blogosfera\/wp-json\/wp\/v2\/posts\/38585\/revisions"}],"wp:attachment":[{"href":"https:\/\/redept.com.br\/blogosfera\/wp-json\/wp\/v2\/media?parent=38585"}],"wp:term":[{"taxonomy":"category","embeddable":true,"href":"https:\/\/redept.com.br\/blogosfera\/wp-json\/wp\/v2\/categories?post=38585"},{"taxonomy":"post_tag","embeddable":true,"href":"https:\/\/redept.com.br\/blogosfera\/wp-json\/wp\/v2\/tags?post=38585"}],"curies":[{"name":"wp","href":"https:\/\/api.w.org\/{rel}","templated":true}]}}