{"id":39064,"date":"2025-07-18T16:40:23","date_gmt":"2025-07-18T19:40:23","guid":{"rendered":"https:\/\/redept.org\/blogosfera\/cuba-lanca-pacote-de-reformas-para-garantir-crescimento-com-desenvolvimento-social\/"},"modified":"2025-07-18T16:40:23","modified_gmt":"2025-07-18T19:40:23","slug":"cuba-lanca-pacote-de-reformas-para-garantir-crescimento-com-desenvolvimento-social","status":"publish","type":"post","link":"https:\/\/redept.com.br\/blogosfera\/cuba-lanca-pacote-de-reformas-para-garantir-crescimento-com-desenvolvimento-social\/","title":{"rendered":"Cuba lan\u00e7a pacote de reformas para garantir crescimento com desenvolvimento social"},"content":{"rendered":"<p><img fetchpriority=\"high\" width=\"1024\" height=\"627\"src=\"https:\/\/redept.org\/blogosfera\/wp-content\/uploads\/2025\/07\/Captura-de-Tela-2025-07-18-as-163759-2048x1254-1.png\" alt=\"\" decoding=\"async\" srcset=\"https:\/\/vermelho.org.br\/wp-content\/uploads\/2025\/07\/Captura-de-Tela-2025-07-18-as-16.37.59-1024x627.png 1024w, https:\/\/vermelho.org.br\/wp-content\/uploads\/2025\/07\/Captura-de-Tela-2025-07-18-as-16.37.59-300x184.png 300w, https:\/\/vermelho.org.br\/wp-content\/uploads\/2025\/07\/Captura-de-Tela-2025-07-18-as-16.37.59-768x470.png 768w, https:\/\/vermelho.org.br\/wp-content\/uploads\/2025\/07\/Captura-de-Tela-2025-07-18-as-16.37.59-1536x940.png 1536w, https:\/\/redept.org\/blogosfera\/wp-content\/uploads\/2025\/07\/Captura-de-Tela-2025-07-18-as-163759-2048x1254-1.png 2048w\" sizes=\"(max-width: 1024px) 100vw, 1024px\"><\/p>\n<p>Cuba enfrenta uma das fases mais desafiadoras de sua economia nas \u00faltimas d\u00e9cadas. A retra\u00e7\u00e3o acumulada de 11% do PIB desde 2020 exp\u00f4s vulnerabilidades estruturais que se somam \u00e0s j\u00e1 cr\u00f4nicas dificuldades impostas pelo bloqueio econ\u00f4mico dos Estados Unidos. O ministro da Economia, Joaqu\u00edn Alonso V\u00e1zquez, tem reiterado que o desafio cubano n\u00e3o \u00e9 apenas resistir \u00e0 crise, mas tamb\u00e9m inovar \u2014 com criatividade, disciplina fiscal e justi\u00e7a social.<\/p>\n<p>Essa estrat\u00e9gia de \u201cresili\u00eancia socialista\u201d orienta o novo\u00a0<em>Programa de Governo<\/em>, apresentado pelo primeiro-ministro Manuel Marrero Cruz na Assembleia Nacional. O plano consolida diretrizes para corrigir distor\u00e7\u00f5es macroecon\u00f4micas, atrair investimentos e recuperar o crescimento, sem desmontar o pacto social que sustenta o regime desde a Revolu\u00e7\u00e3o.<\/p>\n<p>O Programa avan\u00e7a numa linha pragm\u00e1tica e coerente: equilibra d\u00edvida e infla\u00e7\u00e3o com abertura controlada, combate privil\u00e9gios, reativa a economia camponesa e busca parcerias estrangeiras \u2014 enquanto preserva um forte papel do Estado. O pr\u00f3ximo teste ser\u00e1 sua execu\u00e7\u00e3o firme e a capacidade de manter coes\u00e3o pol\u00edtica em meio a ajustes estruturais.<\/p>\n<p><strong>Reformas estruturais: Crescimento com justi\u00e7a social<\/strong><\/p>\n<p>Apesar da recess\u00e3o, Cuba reafirma sua aposta em um modelo de desenvolvimento com equidade. A pol\u00edtica de estabiliza\u00e7\u00e3o econ\u00f4mica iniciada em 2023 surtiu efeitos vis\u00edveis: o pa\u00eds reverteu o d\u00e9ficit fiscal projetado e registrou super\u00e1vit de 27,9 bilh\u00f5es de pesos no primeiro quadrimestre de 2025. A arrecada\u00e7\u00e3o cresceu 6%, fruto da maior formaliza\u00e7\u00e3o e do combate \u00e0 inadimpl\u00eancia.<\/p>\n<p>Contudo, a infla\u00e7\u00e3o ainda pressiona os lares cubanos. A taxa estimada de 14,8% permanece elevada, embora abaixo das proje\u00e7\u00f5es mais alarmantes. Para proteger os grupos vulner\u00e1veis dos impactos dos ajustes, o governo preserva subs\u00eddios essenciais e amplia o alcance da prote\u00e7\u00e3o social, com reajuste de pens\u00f5es e pol\u00edticas de transfer\u00eancia de renda.<\/p>\n<p><strong>Dolariza\u00e7\u00e3o parcial e c\u00e2mbio dual: O n\u00f3 da produtividade<\/strong><\/p>\n<p>Um dos pontos mais sens\u00edveis \u00e9 a coexist\u00eancia de m\u00faltiplas taxas de c\u00e2mbio \u2014 um mercado oficial r\u00edgido e um paralelo altamente especulativo. A dolariza\u00e7\u00e3o parcial, implementada para atrair divisas e evitar fuga de capitais, gerou distor\u00e7\u00f5es e desigualdade entre os setores estatal e n\u00e3o estatal. Para reverter esse quadro, foi anunciada a cria\u00e7\u00e3o de um mercado cambial regulado acess\u00edvel a empresas produtivas.<\/p>\n<p>Embora inevit\u00e1vel, essa transi\u00e7\u00e3o exige cuidado. Especialistas alertam que uma liberaliza\u00e7\u00e3o cambial sem salvaguardas pode desestruturar os pre\u00e7os relativos e comprometer a seguran\u00e7a alimentar \u2014 em um pa\u00eds onde 60 mil agricultores familiares respondem por boa parte da produ\u00e7\u00e3o de alimentos.<\/p>\n<p><strong>Energia renov\u00e1vel: Aposta estrat\u00e9gica contra a escassez<\/strong><\/p>\n<p>A matriz energ\u00e9tica tamb\u00e9m passa por reformas estruturais. Diante da escassez de combust\u00edveis f\u00f3sseis e da obsolesc\u00eancia de usinas t\u00e9rmicas, Cuba acelera o investimento em energia solar. At\u00e9 2025, a meta \u00e9 atingir 2.000 MW de capacidade instalada \u2014 com 590 MW j\u00e1 operacionais.<\/p>\n<p>Al\u00e9m de aliviar a press\u00e3o sobre importa\u00e7\u00f5es, o investimento em renov\u00e1veis abre espa\u00e7o fiscal, reduz o d\u00e9ficit externo e contribui para a sustentabilidade ambiental. Por\u00e9m, o bloqueio americano dificulta a aquisi\u00e7\u00e3o de tecnologias e insumos b\u00e1sicos, atrasando cronogramas e elevando custos.<\/p>\n<p><strong>Investimento estrangeiro sob nova l\u00f3gica: Diversificar com soberania<\/strong><\/p>\n<p>A reorienta\u00e7\u00e3o econ\u00f4mica cubana tamb\u00e9m inclui uma nova abordagem para o investimento externo. Em vez de priorizar o turismo \u2014 setor afetado por san\u00e7\u00f5es e pelo decl\u00ednio na emiss\u00e3o de vistos a europeus \u2014 o foco agora recai sobre \u00e1reas estrat\u00e9gicas como infraestrutura, telecomunica\u00e7\u00f5es e agroneg\u00f3cio.<\/p>\n<p>Com incentivos diferenciados, o governo busca capital para diversificar a matriz produtiva e ampliar as exporta\u00e7\u00f5es. A cria\u00e7\u00e3o de empresas mistas, a formaliza\u00e7\u00e3o de parcerias entre estatais e n\u00e3o estatais e o fortalecimento da conectividade digital refletem essa nova fase.<\/p>\n<p><strong>Desenvolvimento territorial: Produzir no local, crescer no coletivo<\/strong><\/p>\n<p>A retomada do crescimento tamb\u00e9m passa pelos territ\u00f3rios. Mais de 2.200 projetos locais foram aprovados com apoio da Contribui\u00e7\u00e3o Territorial para o Desenvolvimento Local (CTDL), fortalecendo a capacidade de resposta dos munic\u00edpios. O objetivo \u00e9 ampliar a autonomia regional e evitar que solu\u00e7\u00f5es para problemas locais dependam exclusivamente da burocracia central.<\/p>\n<p>A articula\u00e7\u00e3o entre governos locais, empresas estatais, cooperativas e MPMEs (micro, pequenas e m\u00e9dias empresas) \u00e9 vista como chave para destravar cadeias produtivas e gerar emprego com impacto comunit\u00e1rio.<\/p>\n<p><strong>Desigualdade e efici\u00eancia: O dilema da reforma com redistribui\u00e7\u00e3o<\/strong><\/p>\n<p>Ao mesmo tempo em que promove ajustes fiscais e monet\u00e1rios, o governo mant\u00e9m firme o compromisso com o bem-estar coletivo. Os dados oficiais apontam que quase 1,3 milh\u00e3o de cubanos foram beneficiados por revis\u00f5es previdenci\u00e1rias, e novas pol\u00edticas antidiscriminat\u00f3rias buscam garantir equidade social e respeito \u00e0 diversidade.<\/p>\n<p>A revis\u00e3o salarial no setor p\u00fablico e a avalia\u00e7\u00e3o por desempenho s\u00e3o tentativas de modernizar a m\u00e1quina estatal, sem recorrer \u00e0 precariza\u00e7\u00e3o dos v\u00ednculos laborais. Ainda assim, o risco de desalento e migra\u00e7\u00e3o qualificada continua alto.<\/p>\n<p><strong>O desafio de modernizar sem ceder aos paradigmas do mercado<\/strong><\/p>\n<p>O novo ciclo de reformas em Cuba representa uma tentativa complexa de recuperar o crescimento com soberania, em um ambiente internacional adverso e sob o peso hist\u00f3rico do bloqueio econ\u00f4mico. A combina\u00e7\u00e3o entre ajuste fiscal, inova\u00e7\u00e3o produtiva e prote\u00e7\u00e3o social aponta para um caminho de renova\u00e7\u00e3o do socialismo \u2014 mais pragm\u00e1tico, mas n\u00e3o menos comprometido com a equidade.<\/p>\n<p>A efetividade dessas medidas depender\u00e1 de tr\u00eas fatores centrais:<\/p>\n<ol>\n<li>A capacidade de manter coes\u00e3o pol\u00edtica frente \u00e0s dificuldades.<\/li>\n<li>A rapidez na implementa\u00e7\u00e3o e no destravamento regulat\u00f3rio.<\/li>\n<li>O sucesso em conectar metas macroecon\u00f4micas com transforma\u00e7\u00f5es concretas na vida cotidiana.<\/li>\n<\/ol>\n<p>Como sintetizou o primeiro-ministro Marrero:\u00a0<em>\u201co desafio n\u00e3o \u00e9 apenas resistir, mas resistir criando\u201d<\/em>. Nesse sentido, Cuba mais uma vez testa os limites da adversidade com a resili\u00eancia que moldou sua hist\u00f3ria \u2014 apostando que desenvolvimento e justi\u00e7a social podem andar juntos, mesmo em tempos de escassez.<\/p>\n<p>As medidas anunciadas t\u00eam cronograma e metas claras: de c\u00e2mbio flex\u00edvel e teleprocessos ao fortalecimento das empresas estatais e n\u00e3o estatais, passando por transforma\u00e7\u00f5es sociais e consolida\u00e7\u00e3o energ\u00e9tica. Se implementadas consistentemente, podem garantir crescimento econ\u00f4mico, reformas estruturais e avan\u00e7os sociais \u2014 mesmo sob o peso de restri\u00e7\u00f5es or\u00e7ament\u00e1rias e bloqueios externos. A efetividade depender\u00e1 do\u00a0grau de comprometimento pol\u00edtico\u00a0e de sua\u00a0tra\u00e7\u00e3o local, al\u00e9m da capacidade de combinar moderniza\u00e7\u00e3o e justi\u00e7a social em um modelo h\u00edbrido de desenvolvimento.<\/p>\n<p>O post <a href=\"https:\/\/vermelho.org.br\/2025\/07\/18\/cuba-lanca-pacote-de-reformas-para-garantir-crescimento-com-desenvolvimento-social\/\">Cuba lan\u00e7a pacote de reformas para garantir crescimento com desenvolvimento social<\/a> apareceu primeiro em <a href=\"https:\/\/vermelho.org.br\/\">Vermelho<\/a>.<\/p>\n<!-- Begin Yuzo --><div class='yuzo_related_post style-1'  data-version='5.12.89'><!-- without result --><div class='yuzo_clearfixed yuzo__title yuzo__title'><h3>Related Post<\/h3><\/div>\n\t\t\t\t\t\t  <div class=\"relatedthumb \" style=\"width:125px;float:left;overflow:hidden;\">  \n\t\t\t\t\t\t\t  \n\t\t\t\t\t\t\t  <a  href=\"https:\/\/redept.com.br\/blogosfera\/apos-cessar-fogo-israel-diz-que-campanha-contra-ira-continua-e-foco-retorna-a-gaza\/\"  >\n\t\t\t\t\t\t\t\t\t  <div class=\"yuzo-img-wrap \" style=\"width: 125px;height:90px;\">\n\t\t\t\t\t\t\t\t\t\t\n\t\t\t\t\t\t\t\t\t\t<div class=\"yuzo-img\" style=\"background:url('https:\/\/redept.com.br\/blogosfera\/wp-content\/uploads\/2025\/06\/whatsapp_image_2025-06-24_at_19-150x150.webp') 50% 50% no-repeat;width: 125px;height:90px;margin-bottom: 5px;background-size: cover; \"><\/div>\n\t\t\t\t\t\t\t\t\t  <\/div>\n\t\t\t\t\t\t\t\t\t  \n\t\t\t\t\t\t\t\t   <span class=\"yuzo__text--title\" style=\"font-size:13px;\">Ap\u00f3s cessar-fogo, Israel diz que campanha contra I...<\/span>\n\t\t\t\t\t\t\t  \n\t\t\t\t\t\t\t  \n\t\t\t\t\t\t\t  <\/a>\n\n\t\t\t\t\t\t  <\/div>\n\t\t\t\t\t\t  <div class=\"relatedthumb \" style=\"width:125px;float:left;overflow:hidden;\">  \n\t\t\t\t\t\t\t  \n\t\t\t\t\t\t\t  <a  href=\"https:\/\/redept.com.br\/blogosfera\/renda-do-trabalhador-cresce-43-em-um-ano\/\"  >\n\t\t\t\t\t\t\t\t\t  <div class=\"yuzo-img-wrap \" style=\"width: 125px;height:90px;\">\n\t\t\t\t\t\t\t\t\t\t\n\t\t\t\t\t\t\t\t\t\t<div class=\"yuzo-img\" style=\"background:url('https:\/\/redept.org\/blogosfera\/wp-content\/plugins\/yuzo-related-post\/assets\/images\/default.png') 50% 50% no-repeat;width: 125px;height:90px;margin-bottom: 5px;background-size: cover; \"><\/div>\n\t\t\t\t\t\t\t\t\t  <\/div>\n\t\t\t\t\t\t\t\t\t  \n\t\t\t\t\t\t\t\t   <span class=\"yuzo__text--title\" style=\"font-size:13px;\">Renda do trabalhador cresce 4,3% em um ano<\/span>\n\t\t\t\t\t\t\t  \n\t\t\t\t\t\t\t  \n\t\t\t\t\t\t\t  <\/a>\n\n\t\t\t\t\t\t  <\/div>\n\t\t\t\t\t\t  <div class=\"relatedthumb \" style=\"width:125px;float:left;overflow:hidden;\">  \n\t\t\t\t\t\t\t  \n\t\t\t\t\t\t\t  <a  href=\"https:\/\/redept.com.br\/blogosfera\/pcdob-apresenta-emendas-para-proteger-bpc-e-salario-minimo-no-ajuste-fiscal\/\"  >\n\t\t\t\t\t\t\t\t\t  <div class=\"yuzo-img-wrap \" style=\"width: 125px;height:90px;\">\n\t\t\t\t\t\t\t\t\t\t\n\t\t\t\t\t\t\t\t\t\t<div class=\"yuzo-img\" style=\"background:url('https:\/\/redept.com.br\/blogosfera\/wp-content\/uploads\/2024\/12\/marcio-Jerry-150x150.webp') 50% 50% no-repeat;width: 125px;height:90px;margin-bottom: 5px;background-size: cover; \"><\/div>\n\t\t\t\t\t\t\t\t\t  <\/div>\n\t\t\t\t\t\t\t\t\t  \n\t\t\t\t\t\t\t\t   <span class=\"yuzo__text--title\" style=\"font-size:13px;\">PCdoB apresenta emendas para proteger BPC e sal\u00e1ri...<\/span>\n\t\t\t\t\t\t\t  \n\t\t\t\t\t\t\t  \n\t\t\t\t\t\t\t  <\/a>\n\n\t\t\t\t\t\t  <\/div>\n\t\t\t\t\t\t  <div class=\"relatedthumb \" style=\"width:125px;float:left;overflow:hidden;\">  \n\t\t\t\t\t\t\t  \n\t\t\t\t\t\t\t  <a  href=\"https:\/\/redept.com.br\/blogosfera\/brasil-de-fato-e-agencia-russa-sputnik-firmam-parceria-jornalistica\/\"  >\n\t\t\t\t\t\t\t\t\t  <div class=\"yuzo-img-wrap \" style=\"width: 125px;height:90px;\">\n\t\t\t\t\t\t\t\t\t\t\n\t\t\t\t\t\t\t\t\t\t<div class=\"yuzo-img\" style=\"background:url('https:\/\/redept.org\/blogosfera\/wp-content\/plugins\/yuzo-related-post\/assets\/images\/default.png') 50% 50% no-repeat;width: 125px;height:90px;margin-bottom: 5px;background-size: cover; \"><\/div>\n\t\t\t\t\t\t\t\t\t  <\/div>\n\t\t\t\t\t\t\t\t\t  \n\t\t\t\t\t\t\t\t   <span class=\"yuzo__text--title\" style=\"font-size:13px;\">Brasil de Fato e ag\u00eancia russa Sputnik firmam parc...<\/span>\n\t\t\t\t\t\t\t  \n\t\t\t\t\t\t\t  \n\t\t\t\t\t\t\t  <\/a>\n\n\t\t\t\t\t\t  <\/div>\n<\/div> <script>\n\t\t\t\t\t\t  jQuery(document).ready(function( $ ){\n\t\t\t\t\t\t\t\/\/jQuery('.yuzo_related_post').equalizer({ overflow : 'relatedthumb' });\n\t\t\t\t\t\t\tjQuery('.yuzo_related_post .yuzo_wraps').equalizer({ columns : '> div' });\n\t\t\t\t\t\t   })\n\t\t\t\t\t\t  <\/script> <!-- End Yuzo :) -->","protected":false},"excerpt":{"rendered":"<p>Cuba enfrenta uma das fases mais desafiadoras de sua economia nas \u00faltimas d\u00e9cadas. A retra\u00e7\u00e3o acumulada de 11% do PIB desde 2020 exp\u00f4s vulnerabilidades estruturais que se somam \u00e0s j\u00e1 cr\u00f4nicas dificuldades impostas pelo bloqueio econ\u00f4mico dos Estados Unidos. O ministro da Economia, Joaqu\u00edn Alonso V\u00e1zquez, tem reiterado que o desafio cubano n\u00e3o \u00e9 apenas [&hellip;]<\/p>\n","protected":false},"author":2,"featured_media":0,"comment_status":"open","ping_status":"closed","sticky":false,"template":"","format":"standard","meta":{"fifu_image_url":"","fifu_image_alt":"","footnotes":""},"categories":[284,1185,10121,221,3254,50,10122,627,553,1232],"tags":[],"class_list":["post-39064","post","type-post","status-publish","format-standard","hentry","category-agricultura","category-cuba","category-dolarizacao","category-economia","category-empresas-estatais","category-internacional","category-reformas-estruturais","category-socialismo","category-transicao-energetica","category-turismo"],"_links":{"self":[{"href":"https:\/\/redept.com.br\/blogosfera\/wp-json\/wp\/v2\/posts\/39064","targetHints":{"allow":["GET"]}}],"collection":[{"href":"https:\/\/redept.com.br\/blogosfera\/wp-json\/wp\/v2\/posts"}],"about":[{"href":"https:\/\/redept.com.br\/blogosfera\/wp-json\/wp\/v2\/types\/post"}],"author":[{"embeddable":true,"href":"https:\/\/redept.com.br\/blogosfera\/wp-json\/wp\/v2\/users\/2"}],"replies":[{"embeddable":true,"href":"https:\/\/redept.com.br\/blogosfera\/wp-json\/wp\/v2\/comments?post=39064"}],"version-history":[{"count":0,"href":"https:\/\/redept.com.br\/blogosfera\/wp-json\/wp\/v2\/posts\/39064\/revisions"}],"wp:attachment":[{"href":"https:\/\/redept.com.br\/blogosfera\/wp-json\/wp\/v2\/media?parent=39064"}],"wp:term":[{"taxonomy":"category","embeddable":true,"href":"https:\/\/redept.com.br\/blogosfera\/wp-json\/wp\/v2\/categories?post=39064"},{"taxonomy":"post_tag","embeddable":true,"href":"https:\/\/redept.com.br\/blogosfera\/wp-json\/wp\/v2\/tags?post=39064"}],"curies":[{"name":"wp","href":"https:\/\/api.w.org\/{rel}","templated":true}]}}