{"id":39294,"date":"2025-07-20T19:16:05","date_gmt":"2025-07-20T22:16:05","guid":{"rendered":"https:\/\/redept.org\/blogosfera\/movimento-correnteza-se-consolida-como-a-forca-que-mais-cresce-na-une\/"},"modified":"2025-07-20T19:16:05","modified_gmt":"2025-07-20T22:16:05","slug":"movimento-correnteza-se-consolida-como-a-forca-que-mais-cresce-na-une","status":"publish","type":"post","link":"https:\/\/redept.com.br\/blogosfera\/movimento-correnteza-se-consolida-como-a-forca-que-mais-cresce-na-une\/","title":{"rendered":"Movimento Correnteza se consolida como a for\u00e7a que mais cresce na UNE"},"content":{"rendered":"<p><img fetchpriority=\"high\" width=\"1920\" height=\"1280\"src=\"https:\/\/redept.org\/blogosfera\/wp-content\/uploads\/2025\/07\/WhatsApp-Image-2025-07-20-at-153219.jpeg\" alt=\"\" link_thumbnail=\"\" decoding=\"async\" srcset=\"https:\/\/redept.org\/blogosfera\/wp-content\/uploads\/2025\/07\/WhatsApp-Image-2025-07-20-at-153219.jpeg 1920w, https:\/\/averdade.org.br\/wp-content\/uploads\/2025\/07\/WhatsApp-Image-2025-07-20-at-15.32.19-350x233.jpeg 350w, https:\/\/averdade.org.br\/wp-content\/uploads\/2025\/07\/WhatsApp-Image-2025-07-20-at-15.32.19-1024x683.jpeg 1024w, https:\/\/averdade.org.br\/wp-content\/uploads\/2025\/07\/WhatsApp-Image-2025-07-20-at-15.32.19-250x167.jpeg 250w, https:\/\/averdade.org.br\/wp-content\/uploads\/2025\/07\/WhatsApp-Image-2025-07-20-at-15.32.19-768x512.jpeg 768w, https:\/\/averdade.org.br\/wp-content\/uploads\/2025\/07\/WhatsApp-Image-2025-07-20-at-15.32.19-1536x1024.jpeg 1536w, https:\/\/averdade.org.br\/wp-content\/uploads\/2025\/07\/WhatsApp-Image-2025-07-20-at-15.32.19-150x100.jpeg 150w, https:\/\/averdade.org.br\/wp-content\/uploads\/2025\/07\/WhatsApp-Image-2025-07-20-at-15.32.19-300x200.jpeg 300w, https:\/\/averdade.org.br\/wp-content\/uploads\/2025\/07\/WhatsApp-Image-2025-07-20-at-15.32.19-696x464.jpeg 696w, https:\/\/averdade.org.br\/wp-content\/uploads\/2025\/07\/WhatsApp-Image-2025-07-20-at-15.32.19-1068x712.jpeg 1068w\" sizes=\"(max-width: 1920px) 100vw, 1920px\"><\/p>\n<p><strong>Maior for\u00e7a de oposi\u00e7\u00e3o ao imobilismo na Uni\u00e3o Nacional dos Estudantes (UNE), o Movimento Correnteza expressou a sua for\u00e7a com as interven\u00e7\u00f5es durante todo o congresso e teve um crescimento de 40% no n\u00famero de delegados.<\/strong><\/p>\n<p><strong>Alexandre Ferreira e Guilherme Goya | Goi\u00e2nia (GO)<\/strong><\/p>\n<hr>\n<p>Neste domingo (20), \u00faltimo dia de congresso, foi realizada a plen\u00e1ria final, onde\u00a0 as chapas candidatas \u00e0 dire\u00e7\u00e3o da entidade defenderam seus programas. A chapa de oposi\u00e7\u00e3o, liderada pelo Movimento Correnteza, lan\u00e7ou Thais Rachel \u00e0 presid\u00eancia. Ela \u00e9 estudante de Ci\u00eancias Cont\u00e1beis na UFRJ e, na \u00faltima gest\u00e3o da UNE, foi primeira vice-presidente da entidade.<\/p>\n<p>O Movimento Correnteza foi a for\u00e7a que mais cresceu desde o \u00faltimo congresso. De 2023 para este ano, cresceu mais de 40% o n\u00famero de delegados no congresso. Tendo uma grande representatividade de mais de 1200 estudantes de todas as regi\u00f5es do pa\u00eds, de 23 estados e do Distrito Federal, a delega\u00e7\u00e3o contou com diretores dos principais Diret\u00f3rios Centrais dos Estudantes do Pa\u00eds e diversos estudantes de entidades de base.<\/p>\n<p>Na defesa das teses, a oposi\u00e7\u00e3o apresentou as propostas para a pr\u00f3xima gest\u00e3o e apontou a necessidade da entidade sair do atual imobilismo que se encontra. Propondo que a UNE convoque uma jornada de lutas pelo fim de pol\u00edticas como o arcabou\u00e7o fiscal e o pagamento da d\u00edvida p\u00fablica, que vem sufocando o or\u00e7amento das universidades p\u00fablicas. O Movimento Correnteza defendeu mais perman\u00eancia estudantil nas universidades, bandej\u00f5es gratuitos, passe livre no transporte p\u00fablico para os estudantes, amplia\u00e7\u00e3o da lei de cotas e aumento geral das bolsas para um sal\u00e1rio m\u00ednimo.<\/p>\n<p>Segundo Thais Rachel, as \u00faltimas gest\u00f5es da Uni\u00e3o Nacional dos Estudantes n\u00e3o t\u00eam honrado o hist\u00f3rico de luta da entidade, que enfrentou bravamente a ditadura militar. Prova disso \u00e9 o distanciamento da UNE do dia a dia dos estudantes e a baixa mobiliza\u00e7\u00e3o para as lutas em defesa dos universit\u00e1rios. A partir da atua\u00e7\u00e3o de sua dire\u00e7\u00e3o imobilista (PCdoB\/PT), a entidade abaixa a cabe\u00e7a para pol\u00edticas econ\u00f4micas do governo federal, como o arcabou\u00e7o fiscal.<\/p>\n<p>Thais tamb\u00e9m denuncia que a democracia interna da entidade tem se fragilizado. Esse setor tem adotado pr\u00e1ticas antidemocr\u00e1ticas para garantir uma maioria artificial nos congressos e f\u00f3runs da UNE. Em v\u00e1rias universidades, os estudantes foram proibidos de inscrever chapas, e os grupos do imobilismo censuram a oposi\u00e7\u00e3o, al\u00e9m de cometerem fraudes nas elei\u00e7\u00f5es EaD e impedirem o debate de ideias que sempre marcou o movimento estudantil.<\/p>\n<figure aria-describedby=\"caption-attachment-58019\"><a href=\"https:\/\/redept.org\/blogosfera\/wp-content\/uploads\/2025\/07\/IMG_0364.jpg\"><img decoding=\"async\"src=\"https:\/\/redept.org\/blogosfera\/wp-content\/uploads\/2025\/07\/IMG_0364.jpg\" alt=\"\" width=\"1920\" height=\"1280\" srcset=\"https:\/\/redept.org\/blogosfera\/wp-content\/uploads\/2025\/07\/IMG_0364.jpg 1920w, https:\/\/averdade.org.br\/wp-content\/uploads\/2025\/07\/IMG_0364-350x233.jpg 350w, https:\/\/averdade.org.br\/wp-content\/uploads\/2025\/07\/IMG_0364-1024x683.jpg 1024w, https:\/\/averdade.org.br\/wp-content\/uploads\/2025\/07\/IMG_0364-250x167.jpg 250w, https:\/\/averdade.org.br\/wp-content\/uploads\/2025\/07\/IMG_0364-768x512.jpg 768w, https:\/\/averdade.org.br\/wp-content\/uploads\/2025\/07\/IMG_0364-1536x1024.jpg 1536w, https:\/\/averdade.org.br\/wp-content\/uploads\/2025\/07\/IMG_0364-150x100.jpg 150w, https:\/\/averdade.org.br\/wp-content\/uploads\/2025\/07\/IMG_0364-300x200.jpg 300w, https:\/\/averdade.org.br\/wp-content\/uploads\/2025\/07\/IMG_0364-696x464.jpg 696w, https:\/\/averdade.org.br\/wp-content\/uploads\/2025\/07\/IMG_0364-1068x712.jpg 1068w\" sizes=\"(max-width: 1920px) 100vw, 1920px\"><\/a><figcaption>Movimento Correnteza \u00e9 a maior for\u00e7a de oposi\u00e7\u00e3o ao imobilismo na UNE (Foto: Estefani Maciel\/JAV)<\/figcaption><\/figure>\n<p>Ao fim do congresso, a candidata da oposi\u00e7\u00e3o fez um balan\u00e7o de que o Movimento Correnteza cumpriu um papel importante, honrando a vida e a luta de Welfesom, Leandro e Ana Let\u00edcia, militantes da organiza\u00e7\u00e3o que morreram a caminho de Goi\u00e2nia (GO), em um tr\u00e1gico acidente.<\/p>\n<p>\u201cA gente consolidou metas muito importantes do nosso trabalho. Hoje, estamos encerrando aqui com a sensa\u00e7\u00e3o de dever cumprido. Com certeza, fomos a bancada mais combativa e mais animada, apesar de toda a dor que vivemos com a perda dos nossos companheiros Welfesom, Leandro e Ana, que foram mortos a caminho daqui em um tr\u00e1gico acidente. Mesmo assim, a gente manteve a energia e a disposi\u00e7\u00e3o, sabendo que seria o desejo dos companheiros que a gente honrasse o que eles viriam fazer aqui, que era lutar em defesa da educa\u00e7\u00e3o, em defesa de uma UNE que se livrasse do imobilismo e que a gente pudesse usar a UNE como uma ferramenta da luta dos estudantes\u201d, declarou.<\/p>\n<p>Na avalia\u00e7\u00e3o de Thais Rachel, a tarefa do movimento ap\u00f3s o congresso \u00e9 voltar para as suas entidades e n\u00facleos nas universidades, com o objetivo de aprofundar o ac\u00famulo vivido em Goi\u00e2nia.<\/p>\n<p>\u201cAgora, o nosso compromisso \u00e9 voltar para as nossas bases, levar muito do que a gente debateu na nossa bancada de volta para os nossos Centros Acad\u00eamicos e nossos DCEs, para a gente continuar tocando muita luta em todo o Brasil\u201d, afirmou Thais.<\/p>\n<p>O Congresso tamb\u00e9m foi um espa\u00e7o importante de propaganda do marxismo-leninismo para o conjunto dos estudantes. Foi realizado uma grande brigada do <strong>Jornal A Verdade<\/strong>, na qual foram vendidos cerca de 2000 jornais e mais de 500 livros marxistas das Edi\u00e7\u00f5es Manoel Lisboa, demonstrando o interesse da juventude em aprofundar seu conhecimento por uma teoria revolucion\u00e1ria.<\/p>\n<p>Os estudantes, ap\u00f3s a defesa das chapas, se deslocaram para a vota\u00e7\u00e3o nas urnas\u00a0 durante a tarde e a apura\u00e7\u00e3o dos votos come\u00e7ou e deve durar ao longo de toda a noite.<\/p>\n<!-- Begin Yuzo --><div class='yuzo_related_post style-1'  data-version='5.12.89'><!-- without result --><div class='yuzo_clearfixed yuzo__title yuzo__title'><h3>Related Post<\/h3><\/div>\n\t\t\t\t\t\t  <div class=\"relatedthumb \" style=\"width:125px;float:left;overflow:hidden;\">  \n\t\t\t\t\t\t\t  \n\t\t\t\t\t\t\t  <a  href=\"https:\/\/redept.com.br\/blogosfera\/bolsonaro-devera-ser-preso-em-regime-fechado-ate-dezembro\/\"  >\n\t\t\t\t\t\t\t\t\t  <div class=\"yuzo-img-wrap \" style=\"width: 125px;height:90px;\">\n\t\t\t\t\t\t\t\t\t\t\n\t\t\t\t\t\t\t\t\t\t<div class=\"yuzo-img\" style=\"background:url('https:\/\/redept.com.br\/blogosfera\/wp-content\/uploads\/2025\/09\/bolsonaro_Foto-Valter-Campanato_Agencia-Brasil-150x150.jpg') 50% 50% no-repeat;width: 125px;height:90px;margin-bottom: 5px;background-size: cover; \"><\/div>\n\t\t\t\t\t\t\t\t\t  <\/div>\n\t\t\t\t\t\t\t\t\t  \n\t\t\t\t\t\t\t\t   <span class=\"yuzo__text--title\" style=\"font-size:13px;\">Bolsonaro dever\u00e1 ser preso em regime fechado at\u00e9 d...<\/span>\n\t\t\t\t\t\t\t  \n\t\t\t\t\t\t\t  \n\t\t\t\t\t\t\t  <\/a>\n\n\t\t\t\t\t\t  <\/div>\n\t\t\t\t\t\t  <div class=\"relatedthumb \" style=\"width:125px;float:left;overflow:hidden;\">  \n\t\t\t\t\t\t\t  \n\t\t\t\t\t\t\t  <a  href=\"https:\/\/redept.com.br\/blogosfera\/previa-do-pib-indica-avanco-de-09-na-economia-em-janeiro-o-maior-desde-2003\/\"  >\n\t\t\t\t\t\t\t\t\t  <div class=\"yuzo-img-wrap \" style=\"width: 125px;height:90px;\">\n\t\t\t\t\t\t\t\t\t\t\n\t\t\t\t\t\t\t\t\t\t<div class=\"yuzo-img\" style=\"background:url('https:\/\/redept.com.br\/blogosfera\/wp-content\/uploads\/2025\/03\/industria_agenciagove-arquivo-150x150.jpg') 50% 50% no-repeat;width: 125px;height:90px;margin-bottom: 5px;background-size: cover; \"><\/div>\n\t\t\t\t\t\t\t\t\t  <\/div>\n\t\t\t\t\t\t\t\t\t  \n\t\t\t\t\t\t\t\t   <span class=\"yuzo__text--title\" style=\"font-size:13px;\">Pr\u00e9via do PIB indica avan\u00e7o de 0,9% na economia em...<\/span>\n\t\t\t\t\t\t\t  \n\t\t\t\t\t\t\t  \n\t\t\t\t\t\t\t  <\/a>\n\n\t\t\t\t\t\t  <\/div>\n\t\t\t\t\t\t  <div class=\"relatedthumb \" style=\"width:125px;float:left;overflow:hidden;\">  \n\t\t\t\t\t\t\t  \n\t\t\t\t\t\t\t  <a  href=\"https:\/\/redept.com.br\/blogosfera\/assentamento-de-reforma-agraria-em-area-de-perimetro-irrigado-por-que-nao\/\"  >\n\t\t\t\t\t\t\t\t\t  <div class=\"yuzo-img-wrap \" style=\"width: 125px;height:90px;\">\n\t\t\t\t\t\t\t\t\t\t\n\t\t\t\t\t\t\t\t\t\t<div class=\"yuzo-img\" style=\"background:url('https:\/\/redept.com.br\/blogosfera\/wp-content\/uploads\/2025\/07\/Aiton-150x150.jpeg') 50% 50% no-repeat;width: 125px;height:90px;margin-bottom: 5px;background-size: cover; \"><\/div>\n\t\t\t\t\t\t\t\t\t  <\/div>\n\t\t\t\t\t\t\t\t\t  \n\t\t\t\t\t\t\t\t   <span class=\"yuzo__text--title\" style=\"font-size:13px;\">Assentamento de Reforma Agr\u00e1ria em \u00c1rea de Per\u00edmet...<\/span>\n\t\t\t\t\t\t\t  \n\t\t\t\t\t\t\t  \n\t\t\t\t\t\t\t  <\/a>\n\n\t\t\t\t\t\t  <\/div>\n\t\t\t\t\t\t  <div class=\"relatedthumb \" style=\"width:125px;float:left;overflow:hidden;\">  \n\t\t\t\t\t\t\t  \n\t\t\t\t\t\t\t  <a  href=\"https:\/\/redept.com.br\/blogosfera\/helicoide-de-centro-de-detencao-a-centro-de-recreacao-cultural-na-venezuela\/\"  >\n\t\t\t\t\t\t\t\t\t  <div class=\"yuzo-img-wrap \" style=\"width: 125px;height:90px;\">\n\t\t\t\t\t\t\t\t\t\t\n\t\t\t\t\t\t\t\t\t\t<div class=\"yuzo-img\" style=\"background:url('https:\/\/redept.org\/blogosfera\/wp-content\/plugins\/yuzo-related-post\/assets\/images\/default.png') 50% 50% no-repeat;width: 125px;height:90px;margin-bottom: 5px;background-size: cover; \"><\/div>\n\t\t\t\t\t\t\t\t\t  <\/div>\n\t\t\t\t\t\t\t\t\t  \n\t\t\t\t\t\t\t\t   <span class=\"yuzo__text--title\" style=\"font-size:13px;\">Helicoide: de centro de deten\u00e7\u00e3o a centro de recre...<\/span>\n\t\t\t\t\t\t\t  \n\t\t\t\t\t\t\t  \n\t\t\t\t\t\t\t  <\/a>\n\n\t\t\t\t\t\t  <\/div>\n<\/div> <script>\n\t\t\t\t\t\t  jQuery(document).ready(function( $ ){\n\t\t\t\t\t\t\t\/\/jQuery('.yuzo_related_post').equalizer({ overflow : 'relatedthumb' });\n\t\t\t\t\t\t\tjQuery('.yuzo_related_post .yuzo_wraps').equalizer({ columns : '> div' });\n\t\t\t\t\t\t   })\n\t\t\t\t\t\t  <\/script> <!-- End Yuzo :) -->","protected":false},"excerpt":{"rendered":"<p>Maior for\u00e7a de oposi\u00e7\u00e3o ao imobilismo na Uni\u00e3o Nacional dos Estudantes (UNE), o Movimento Correnteza expressou a sua for\u00e7a com as interven\u00e7\u00f5es durante todo o congresso e teve um crescimento de 40% no n\u00famero de delegados. Alexandre Ferreira e Guilherme Goya | Goi\u00e2nia (GO) Neste domingo (20), \u00faltimo dia de congresso, foi realizada a plen\u00e1ria [&hellip;]<\/p>\n","protected":false},"author":2,"featured_media":0,"comment_status":"open","ping_status":"closed","sticky":false,"template":"","format":"standard","meta":{"fifu_image_url":"","fifu_image_alt":"","footnotes":""},"categories":[8616,67,1203,180,51,1957],"tags":[],"class_list":["post-39294","post","type-post","status-publish","format-standard","hentry","category-conune","category-juventude","category-movimento-correnteza","category-ujr","category-ultimas-noticias","category-une"],"_links":{"self":[{"href":"https:\/\/redept.com.br\/blogosfera\/wp-json\/wp\/v2\/posts\/39294","targetHints":{"allow":["GET"]}}],"collection":[{"href":"https:\/\/redept.com.br\/blogosfera\/wp-json\/wp\/v2\/posts"}],"about":[{"href":"https:\/\/redept.com.br\/blogosfera\/wp-json\/wp\/v2\/types\/post"}],"author":[{"embeddable":true,"href":"https:\/\/redept.com.br\/blogosfera\/wp-json\/wp\/v2\/users\/2"}],"replies":[{"embeddable":true,"href":"https:\/\/redept.com.br\/blogosfera\/wp-json\/wp\/v2\/comments?post=39294"}],"version-history":[{"count":0,"href":"https:\/\/redept.com.br\/blogosfera\/wp-json\/wp\/v2\/posts\/39294\/revisions"}],"wp:attachment":[{"href":"https:\/\/redept.com.br\/blogosfera\/wp-json\/wp\/v2\/media?parent=39294"}],"wp:term":[{"taxonomy":"category","embeddable":true,"href":"https:\/\/redept.com.br\/blogosfera\/wp-json\/wp\/v2\/categories?post=39294"},{"taxonomy":"post_tag","embeddable":true,"href":"https:\/\/redept.com.br\/blogosfera\/wp-json\/wp\/v2\/tags?post=39294"}],"curies":[{"name":"wp","href":"https:\/\/api.w.org\/{rel}","templated":true}]}}