{"id":39435,"date":"2025-07-21T17:00:00","date_gmt":"2025-07-21T20:00:00","guid":{"rendered":"https:\/\/redept.org\/blogosfera\/eduardo-e-suspeito-de-vazar-informacoes-sobre-tarifa-de-trump-ao-mercado-financeiro\/"},"modified":"2025-07-21T17:00:00","modified_gmt":"2025-07-21T20:00:00","slug":"eduardo-e-suspeito-de-vazar-informacoes-sobre-tarifa-de-trump-ao-mercado-financeiro","status":"publish","type":"post","link":"https:\/\/redept.com.br\/blogosfera\/eduardo-e-suspeito-de-vazar-informacoes-sobre-tarifa-de-trump-ao-mercado-financeiro\/","title":{"rendered":"Eduardo \u00e9 suspeito de vazar informa\u00e7\u00f5es sobre tarifa de Trump ao mercado financeiro"},"content":{"rendered":"<blockquote>\n<p><em>Quer receber os textos desta coluna em primeira m\u00e3o no seu e-mail? Assine a newsletter Xeque na Democracia, enviada toda segunda-feira, 12h. Para receber as pr\u00f3ximas edi\u00e7\u00f5es, <\/em><a href=\"https:\/\/mailchi.mp\/apublica\/democracia-em-xeque\" target=\"_blank\" rel=\"noreferrer noopener\"><em>inscreva-se aqui.<\/em><\/a><\/p>\n<\/blockquote>\n<p>\u201cSe eu atuasse no mercado financeiro, eu estaria simplesmente apavorado com a possibilidade de san\u00e7\u00f5es econ\u00f4micas dos Estados Unidos subsequentes a essas dobradas de aposta\u201d, disse Paulo Figueiredo em uma live no dia 17 de julho de 2025, depois de celebrar as tarifas anunciadas pelo governo de Donald Trump ao Brasil \u2013 maiores que qualquer pa\u00eds at\u00e9 agora \u2013, de 50% sobre todos os produtos. Figueiredo prometeu que a coisa pode ir mais longe: \u201cH\u00e1 possibilidade sim de san\u00e7\u00f5es ao mercado financeiro brasileiro, como h\u00e1 em outros pa\u00edses\u201d, disse. E repetiu duas vezes: \u201cEu t\u00f4 avisando\u201d. Na mesma live, Paulo Figueiredo afirmou que \u201cest\u00e1 havendo um movimento de in\u00fameros empres\u00e1rios grandes virem conversar comigo e com Eduardo Bolsonaro\u201d.<em>\u00a0<\/em><\/p>\n<p>Pode ser tudo um grande blefe, claro, <strong>mas esse relacionamento entre Figueiredo e Eduardo Bolsonaro com empres\u00e1rios e agentes do mercado financeiro deve agora entrar no radar do Supremo Tribunal Federal (STF)<\/strong>, que j\u00e1 investiga a atua\u00e7\u00e3o de Eduardo nos EUA pelos crimes de coa\u00e7\u00e3o durante processo judicial, obstru\u00e7\u00e3o da Justi\u00e7a e atentado contra o Estado democr\u00e1tico de Direito.\u00a0<\/p>\n<p>As a\u00e7\u00f5es do filho 03 no pa\u00eds, onde est\u00e1 radicado desde mar\u00e7o e onde repetidamente d\u00e1 declara\u00e7\u00f5es sobre estar articulando san\u00e7\u00f5es ao Brasil e a integrantes do STF, constituem, para Paulo Gonet, uma tentativa de subverter as investiga\u00e7\u00f5es em curso contra seu pai por tramar um golpe de Estado. Gonet, ali\u00e1s, teve seu visto para os EUA suspenso, assim como os da sua fam\u00edlia imediata, por conta das recentes retalia\u00e7\u00f5es de Trump sobre as quais Eduardo e Paulo clamam autoria.\u00a0\u00a0\u00a0<\/p>\n<p>A atua\u00e7\u00e3o de Eduardo Bolsonaro para libertar o pai, ali\u00e1s, foi anunciada como um dos principais pontos levados em conta pelo STF para ordenar o uso de tornozeleira eletr\u00f4nica por Jair Bolsonaro na semana passada. Para Alexandre de Moraes, Bolsonaro \u201cconfessou sua consciente e volunt\u00e1ria atua\u00e7\u00e3o criminosa na extors\u00e3o que se pretende contra a Justi\u00e7a brasileira, CONDICIONANDO O FIM DA \u201cTAXA\u00c7\u00c3O\/SAN\u00c7\u00c3O\u201d \u00c0 SUA PR\u00d3PRIA ANISTIA\u201d (letras garrafais do pr\u00f3prio).\u00a0<\/p>\n<p>Agora, a Advocacia Geral da Uni\u00e3o (AGU) quer entender se houve vazamento de informa\u00e7\u00e3o privilegiada para certos grupos apostarem contra o real na bolsa de valores, pouco antes da divulga\u00e7\u00e3o da taxa\u00e7\u00e3o por Trump.<strong> Se Eduardo Bolsonaro e Figueiredo tiveram acesso a essa informa\u00e7\u00e3o e contaram para algu\u00e9m, o entendimento da Justi\u00e7a brasileira pode ser que esse movimento financeiro faz parte de uma campanha internacional para pressionar o STF<\/strong>.\u00a0<\/p>\n<p>\u201cA implementa\u00e7\u00e3o do aumento de tarifas tem como finalidade a cria\u00e7\u00e3o de uma grave crise econ\u00f4mica no Brasil, para gerar uma press\u00e3o pol\u00edtica e social no Poder Judici\u00e1rio e impactar as rela\u00e7\u00f5es diplom\u00e1ticas entre o Brasil os Estados Unidos da Am\u00e9rica\u201d, escreveu o advogado-geral da Uni\u00e3o substituto, Fl\u00e1vio Jos\u00e9 Roman, no pedido de investiga\u00e7\u00e3o.\u00a0<\/p>\n<p>Eis o que aconteceu. \u00c0s 16:17 do dia 9 de julho (hor\u00e1rio de Nova York), Trump publicou uma carta na sua rede social Truth Social, anunciando a tarifa volumosa ao Brasil. Como esperado, houve forte desvaloriza\u00e7\u00e3o do real em rela\u00e7\u00e3o ao d\u00f3lar.<\/p>\n<p>Entretanto, \u00e0s 13:30 j\u00e1 havia especula\u00e7\u00e3o em rela\u00e7\u00e3o ao c\u00e2mbio: algu\u00e9m comprou uma quantidade grande de d\u00f3lares, apostando contra o real. Segundo <a href=\"https:\/\/g1.globo.com\/politica\/noticia\/2025\/07\/19\/agu-pede-a-moraes-que-investimentos-suspeitos-feitos-antes-de-tarifaco-de-trump-sejam-investigados-em-inquerito-contra-eduardo-bolsonaro.ghtml\" target=\"_blank\" rel=\"noreferrer noopener\">reportagem<\/a> da TV Globo, que ouviu o fundador da Tolou Capital Management, o investidor Spencer Hakimian, o valor da compra foi de 3 a 4 bilh\u00f5es de d\u00f3lares. Depois do an\u00fancio, com a desvaloriza\u00e7\u00e3o do real, o criminoso vendeu o mesmo valor em d\u00f3lares que comprara tr\u00eas horas antes, lucrando, segundo Spencer, de 40 a 50% do valor investido.<\/p>\n<p><strong>Uso de informa\u00e7\u00f5es privilegiadas, ou <\/strong><strong><em>insider trading<\/em><\/strong><strong>, \u00e9 crime, e pode ser punido com penas de 1 a 5 anos de cadeia, alerta a AGU.<\/strong> \u201cPor fim, registra-se que, al\u00e9m da esfera criminal, o uso il\u00edcito de informa\u00e7\u00e3o privilegiada enseja responsabilidade civil e administrativa, inclusive por preju\u00edzos ao mercado e a investidores\u201d, prossegue o pedido. \u201cEm raz\u00e3o disso, internamente, a Advocacia-Geral da Uni\u00e3o j\u00e1 instou de forma urgente a Procuradoria-Geral Federal para que acione a Comiss\u00e3o de Valores Mobili\u00e1rios (CVM)\u201d.\u00a0<\/p>\n<p>\u00c9 poss\u00edvel que Eduardo Bolsonaro e Paulo Figueiredo, que estiveram na Casa Branca no dia 16\/9 e t\u00eam mantido conversas frequentes com pessoas pr\u00f3ximas a Trump \u2013 entre eles Jason Miller, que foi estrategista da campanha eleitoral de 2024, e Steve Bannon \u2013 soubessem que as tarifas viriam naquele dia, e tenham vazado a informa\u00e7\u00e3o. <strong>\u00c9 o que o STF e a CVM devem investigar.<\/strong><\/p>\n<p>Entretanto, h\u00e1 outra possibilidade, talvez ainda mais sinistra. E que pode explicar a f\u00faria tarif\u00e1ria de Trump, incluindo em casos, como no Brasil, em que elas fazem pouco sentido por haver um super\u00e1vit na balan\u00e7a comercial e por se tratarem de \u201cpura interfer\u00eancia pol\u00edtica\u201d na independ\u00eancia dos poderes da Rep\u00fablica, como bem escreveu Marina Amaral <a href=\"https:\/\/apublica.org\/2025\/07\/tarifaco-de-trump-contra-brasil-e-pura-interferencia-politica\/\" target=\"_blank\" rel=\"noreferrer noopener\">na sua coluna<\/a>.\u00a0\u00a0\u00a0\u00a0\u00a0\u00a0<\/p>\n<p>Olhando para casos anteriores, <strong>\u00e9 prov\u00e1vel que a informa\u00e7\u00e3o tenha vazado da pr\u00f3pria Casa Branca<\/strong> \u2013 e que anunciar tarifas de maneira repentina tenha se tornado apenas mais uma maneira de Trump e seus amigos ganharem muito dinheiro com especula\u00e7\u00e3o na bolsa.\u00a0<\/p>\n<p>O pr\u00f3prio Spencer Hakimian tem colecionado casos parecidos e denunciado o novo padr\u00e3o criminoso em sua conta no X.<\/p>\n<figure data-wp-context='{\"imageId\":\"687e9c7cb5c0c\"}' data-wp-interactive=\"core\/image\"><button type=\"button\" aria-haspopup=\"dialog\" aria-label=\"Ampliar\" data-wp-init=\"callbacks.initTriggerButton\" data-wp-on-async--click=\"actions.showLightbox\" data-wp-style--right=\"state.imageButtonRight\" data-wp-style--top=\"state.imageButtonTop\"><br \/>\n\t\t\t<svg xmlns=\"http:\/\/www.w3.org\/2000\/svg\" width=\"12\" height=\"12\" fill=\"none\" viewbox=\"0 0 12 12\">\n\t\t\t\t<path fill=\"#fff\" d=\"M2 0a2 2 0 0 0-2 2v2h1.5V2a.5.5 0 0 1 .5-.5h2V0H2Zm2 10.5H2a.5.5 0 0 1-.5-.5V8H0v2a2 2 0 0 0 2 2h2v-1.5ZM8 12v-1.5h2a.5.5 0 0 0 .5-.5V8H12v2a2 2 0 0 1-2 2H8Zm2-12a2 2 0 0 1 2 2v2h-1.5V2a.5.5 0 0 0-.5-.5H8V0h2Z\"><\/path>\n\t\t\t<\/svg><br \/>\n\t\t<\/button><figcaption>Gr\u00e1fico compartilhado por Spencer Hakimian mostra ataque especulativo contra a moeda da \u00c1frica do Sul<\/figcaption><\/figure>\n<p>Foi o que aconteceu, por exemplo, minutos antes dos an\u00fancios de tarifas contra a \u00c1frica do Sul. No dia 7 de julho, o Rand, moeda sul-africana, estava no seu padr\u00e3o normal das cinco da manh\u00e3 ao meio-dia. \u00c0s 12:19, algu\u00e9m fez uma convers\u00e3o r\u00e1pida de Rand para d\u00f3lares. \u201cFoi executado instantaneamente, rapidamente e moveu materialmente v\u00e1rios bilh\u00f5es de d\u00f3lares \u2013 em quest\u00e3o de segundos, como meu gr\u00e1fico mostra\u201d, explica Hakimian.<\/p>\n<p>E, ent\u00e3o, \u00e0s 13:30 Trump anunciou tarifa de 30% para produtos da \u00c1frica do Sul. Mas, a seguir, o Rand se valoriza rapidamente \u2013 \u00e9 o mesmo comprador vendendo todos os seus d\u00f3lares, segundo Hakimian.\u00a0\u00a0\u00a0<\/p>\n<p>Ou seja: <strong>algu\u00e9m foi avisado pela Casa Branca que haveria o an\u00fancio, apostou contra o Rand, e depois lucrou com a alta do d\u00f3lar<\/strong>.\u00a0\u00a0\u00a0<\/p>\n<p>O mesmo ocorreu com os an\u00fancios de tarifas contra Canad\u00e1, Europa e o resto do mundo em 10 de julho. Hakimian escreveu no seu perfil: \u201cComo um rel\u00f3gio, parece que algu\u00e9m \u2018magicamente\u2019 sincronizou <em>perfeitamente<\/em> o an\u00fancio de tarifas de Trump sobre a Europa agora mesmo. Vendas pesadas do Euro come\u00e7ando \u00e0s 19h59. As vendas param imediatamente e se transformam em alta \u00e0s 20h06, no <strong><em>exato <\/em><\/strong><em>momento<\/em> em que o an\u00fancio das tarifas foi feito. A SEC simplesmente n\u00e3o existe mais? Vou ter que apontar essas negocia\u00e7\u00f5es altamente suspeitas todos os dias pelos pr\u00f3ximos 4 anos?\u201d.\u00a0<\/p>\n<figure data-wp-context='{\"imageId\":\"687e9c7cb5e72\"}' data-wp-interactive=\"core\/image\"><button type=\"button\" aria-haspopup=\"dialog\" aria-label=\"Ampliar\" data-wp-init=\"callbacks.initTriggerButton\" data-wp-on-async--click=\"actions.showLightbox\" data-wp-style--right=\"state.imageButtonRight\" data-wp-style--top=\"state.imageButtonTop\"><br \/>\n\t\t\t<svg xmlns=\"http:\/\/www.w3.org\/2000\/svg\" width=\"12\" height=\"12\" fill=\"none\" viewbox=\"0 0 12 12\">\n\t\t\t\t<path fill=\"#fff\" d=\"M2 0a2 2 0 0 0-2 2v2h1.5V2a.5.5 0 0 1 .5-.5h2V0H2Zm2 10.5H2a.5.5 0 0 1-.5-.5V8H0v2a2 2 0 0 0 2 2h2v-1.5ZM8 12v-1.5h2a.5.5 0 0 0 .5-.5V8H12v2a2 2 0 0 1-2 2H8Zm2-12a2 2 0 0 1 2 2v2h-1.5V2a.5.5 0 0 0-.5-.5H8V0h2Z\"><\/path>\n\t\t\t<\/svg><br \/>\n\t\t<\/button><figcaption>Gr\u00e1fico compartilhado por Spencer Hakimian aponta negocia\u00e7\u00f5es financeiras suspeitas ap\u00f3s os an\u00fancios de tarifas contra Canad\u00e1, Europa e o resto do mundo<\/figcaption><\/figure>\n<p>SEC, para quem n\u00e3o sabe, \u00e9 a Comiss\u00e3o de Valores Mobili\u00e1rios dos EUA, que investiga fraudes contra o sistema financeiro. O que tem toda cara de estar sendo feito pro Trump.\u00a0<\/p>\n<p>Vamos a um \u00faltimo exemplo, esse mais \u00e0s claras e na fu\u00e7a de todo mundo. No dia 9 de abril, quando as supostas tarifas entrariam em vigor \u2013 porque agora nem podemos mais ter certeza que elas s\u00e3o reais \u2013 Trump postou uma mensagem \u00e0s 9:37 na sua rede social: \u201cTHIS IS A GREAT TIME TO BUY!!! DJT,\u201d, ou: \u201choje \u00e9 um bom dia para comprar\u201d, em letras garrafais.\u00a0\u00a0<\/p>\n<p>Menos de quatro horas depois, ele anunciou uma pausa de 90 dias na efetiva\u00e7\u00e3o das tarifas. As a\u00e7\u00f5es da bolsa americana subiram mais de 9.5% naquele dia, e o mercado financeiro lucrou nada menos de US$ 4 trilh\u00f5es. Mais de 22 trilh\u00f5es de reais. Duas vezes o PIB brasileiro.\u00a0<\/p>\n<p><strong>Quem ganhou mais, em especial, foi Trump<\/strong>. As a\u00e7\u00f5es da Trump Media subiram 22.67% naquele dia, o que significa que apenas as a\u00e7\u00f5es controladas por ele se valorizaram em US$ 415 milh\u00f5es, ou mais de 2,3 bilh\u00f5es de reais.\u00a0<\/p>\n<p>Em um dia.\u00a0<\/p>\n<p>Questionado pelo rep\u00f3rter da Globo se poderia haver uma investiga\u00e7\u00e3o, Spencer Hakimian disse que \u201cduvida\u201d que isso aconte\u00e7a, porque Trump demitiria o respons\u00e1vel.\u00a0<\/p>\n<p><strong>Eis o estado das coisas na \u201cmaior e melhor\u201d democracia do mundo.\u00a0\u00a0<\/strong><\/p>\n<!-- Begin Yuzo --><div class='yuzo_related_post style-1'  data-version='5.12.89'><!-- without result --><div class='yuzo_clearfixed yuzo__title yuzo__title'><h3>Related Post<\/h3><\/div>\n\t\t\t\t\t\t  <div class=\"relatedthumb \" style=\"width:125px;float:left;overflow:hidden;\">  \n\t\t\t\t\t\t\t  \n\t\t\t\t\t\t\t  <a  href=\"https:\/\/redept.com.br\/blogosfera\/ninguem-sabe-onde-esta-o-corpo-do-meu-irmao-familias-sofrem-com-desamparo-apos-chacina\/\"  >\n\t\t\t\t\t\t\t\t\t  <div class=\"yuzo-img-wrap \" style=\"width: 125px;height:90px;\">\n\t\t\t\t\t\t\t\t\t\t\n\t\t\t\t\t\t\t\t\t\t<div class=\"yuzo-img\" style=\"background:url('https:\/\/redept.com.br\/blogosfera\/wp-content\/uploads\/2025\/11\/Imagem-do-WhatsApp-de-2025-10-31-as-181525_cb7e738c-150x150.webp') 50% 50% no-repeat;width: 125px;height:90px;margin-bottom: 5px;background-size: cover; \"><\/div>\n\t\t\t\t\t\t\t\t\t  <\/div>\n\t\t\t\t\t\t\t\t\t  \n\t\t\t\t\t\t\t\t   <span class=\"yuzo__text--title\" style=\"font-size:13px;\">\u2018Ningu\u00e9m sabe onde est\u00e1 o corpo do meu irm\u00e3o\u2019: fam...<\/span>\n\t\t\t\t\t\t\t  \n\t\t\t\t\t\t\t  \n\t\t\t\t\t\t\t  <\/a>\n\n\t\t\t\t\t\t  <\/div>\n\t\t\t\t\t\t  <div class=\"relatedthumb \" style=\"width:125px;float:left;overflow:hidden;\">  \n\t\t\t\t\t\t\t  \n\t\t\t\t\t\t\t  <a  href=\"https:\/\/redept.com.br\/blogosfera\/apos-ameacar-intervir-em-posse-extrema-direita-recua-e-diz-que-ex-candidato-nao-voltara-a-venezuela\/\"  >\n\t\t\t\t\t\t\t\t\t  <div class=\"yuzo-img-wrap \" style=\"width: 125px;height:90px;\">\n\t\t\t\t\t\t\t\t\t\t\n\t\t\t\t\t\t\t\t\t\t<div class=\"yuzo-img\" style=\"background:url('https:\/\/redept.org\/blogosfera\/wp-content\/plugins\/yuzo-related-post\/assets\/images\/default.png') 50% 50% no-repeat;width: 125px;height:90px;margin-bottom: 5px;background-size: cover; \"><\/div>\n\t\t\t\t\t\t\t\t\t  <\/div>\n\t\t\t\t\t\t\t\t\t  \n\t\t\t\t\t\t\t\t   <span class=\"yuzo__text--title\" style=\"font-size:13px;\">Ap\u00f3s amea\u00e7ar intervir em posse, extrema direita re...<\/span>\n\t\t\t\t\t\t\t  \n\t\t\t\t\t\t\t  \n\t\t\t\t\t\t\t  <\/a>\n\n\t\t\t\t\t\t  <\/div>\n\t\t\t\t\t\t  <div class=\"relatedthumb \" style=\"width:125px;float:left;overflow:hidden;\">  \n\t\t\t\t\t\t\t  \n\t\t\t\t\t\t\t  <a  href=\"https:\/\/redept.com.br\/blogosfera\/colombia-assina-pacto-pela-terra-e-pela-vida-para-acelerar-reforma-agraria\/\"  >\n\t\t\t\t\t\t\t\t\t  <div class=\"yuzo-img-wrap \" style=\"width: 125px;height:90px;\">\n\t\t\t\t\t\t\t\t\t\t\n\t\t\t\t\t\t\t\t\t\t<div class=\"yuzo-img\" style=\"background:url('https:\/\/redept.com.br\/blogosfera\/wp-content\/uploads\/2025\/02\/Petro-discursa-na-plenaria-antes-de-assinar-o-Pacto-pela-Terra-e-pela-Vida-Minagricultura-150x150.png') 50% 50% no-repeat;width: 125px;height:90px;margin-bottom: 5px;background-size: cover; \"><\/div>\n\t\t\t\t\t\t\t\t\t  <\/div>\n\t\t\t\t\t\t\t\t\t  \n\t\t\t\t\t\t\t\t   <span class=\"yuzo__text--title\" style=\"font-size:13px;\">Col\u00f4mbia assina \u201cPacto pela Terra e pela Vida para...<\/span>\n\t\t\t\t\t\t\t  \n\t\t\t\t\t\t\t  \n\t\t\t\t\t\t\t  <\/a>\n\n\t\t\t\t\t\t  <\/div>\n\t\t\t\t\t\t  <div class=\"relatedthumb \" style=\"width:125px;float:left;overflow:hidden;\">  \n\t\t\t\t\t\t\t  \n\t\t\t\t\t\t\t  <a  href=\"https:\/\/redept.com.br\/blogosfera\/milhares-de-ativistas-marcham-a-gaza-para-romper-bloqueio-de-israel\/\"  >\n\t\t\t\t\t\t\t\t\t  <div class=\"yuzo-img-wrap \" style=\"width: 125px;height:90px;\">\n\t\t\t\t\t\t\t\t\t\t\n\t\t\t\t\t\t\t\t\t\t<div class=\"yuzo-img\" style=\"background:url('https:\/\/redept.org\/blogosfera\/wp-content\/plugins\/yuzo-related-post\/assets\/images\/default.png') 50% 50% no-repeat;width: 125px;height:90px;margin-bottom: 5px;background-size: cover; \"><\/div>\n\t\t\t\t\t\t\t\t\t  <\/div>\n\t\t\t\t\t\t\t\t\t  \n\t\t\t\t\t\t\t\t   <span class=\"yuzo__text--title\" style=\"font-size:13px;\">Milhares de ativistas marcham a Gaza para romper b...<\/span>\n\t\t\t\t\t\t\t  \n\t\t\t\t\t\t\t  \n\t\t\t\t\t\t\t  <\/a>\n\n\t\t\t\t\t\t  <\/div>\n<\/div> <script>\n\t\t\t\t\t\t  jQuery(document).ready(function( $ ){\n\t\t\t\t\t\t\t\/\/jQuery('.yuzo_related_post').equalizer({ overflow : 'relatedthumb' });\n\t\t\t\t\t\t\tjQuery('.yuzo_related_post .yuzo_wraps').equalizer({ columns : '> div' });\n\t\t\t\t\t\t   })\n\t\t\t\t\t\t  <\/script> <!-- End Yuzo :) -->","protected":false},"excerpt":{"rendered":"<p>Quer receber os textos desta coluna em primeira m\u00e3o no seu e-mail? Assine a newsletter Xeque na Democracia, enviada toda segunda-feira, 12h. Para receber as pr\u00f3ximas edi\u00e7\u00f5es, inscreva-se aqui. \u201cSe eu atuasse no mercado financeiro, eu estaria simplesmente apavorado com a possibilidade de san\u00e7\u00f5es econ\u00f4micas dos Estados Unidos subsequentes a essas dobradas de aposta\u201d, disse [&hellip;]<\/p>\n","protected":false},"author":2,"featured_media":0,"comment_status":"open","ping_status":"closed","sticky":false,"template":"","format":"standard","meta":{"fifu_image_url":"","fifu_image_alt":"","footnotes":""},"categories":[1023,221,3375,824,288,5557],"tags":[],"class_list":["post-39435","post","type-post","status-publish","format-standard","hentry","category-donald-trump","category-economia","category-eduardo-bolsonaro","category-jair-bolsonaro","category-justica","category-portugues"],"_links":{"self":[{"href":"https:\/\/redept.com.br\/blogosfera\/wp-json\/wp\/v2\/posts\/39435","targetHints":{"allow":["GET"]}}],"collection":[{"href":"https:\/\/redept.com.br\/blogosfera\/wp-json\/wp\/v2\/posts"}],"about":[{"href":"https:\/\/redept.com.br\/blogosfera\/wp-json\/wp\/v2\/types\/post"}],"author":[{"embeddable":true,"href":"https:\/\/redept.com.br\/blogosfera\/wp-json\/wp\/v2\/users\/2"}],"replies":[{"embeddable":true,"href":"https:\/\/redept.com.br\/blogosfera\/wp-json\/wp\/v2\/comments?post=39435"}],"version-history":[{"count":0,"href":"https:\/\/redept.com.br\/blogosfera\/wp-json\/wp\/v2\/posts\/39435\/revisions"}],"wp:attachment":[{"href":"https:\/\/redept.com.br\/blogosfera\/wp-json\/wp\/v2\/media?parent=39435"}],"wp:term":[{"taxonomy":"category","embeddable":true,"href":"https:\/\/redept.com.br\/blogosfera\/wp-json\/wp\/v2\/categories?post=39435"},{"taxonomy":"post_tag","embeddable":true,"href":"https:\/\/redept.com.br\/blogosfera\/wp-json\/wp\/v2\/tags?post=39435"}],"curies":[{"name":"wp","href":"https:\/\/api.w.org\/{rel}","templated":true}]}}