{"id":39810,"date":"2025-07-23T12:04:16","date_gmt":"2025-07-23T15:04:16","guid":{"rendered":"https:\/\/redept.org\/blogosfera\/governo-ja-reuniu-mais-de-120-empresarios-para-debater-tarifas-dos-eua\/"},"modified":"2025-07-23T12:04:16","modified_gmt":"2025-07-23T15:04:16","slug":"governo-ja-reuniu-mais-de-120-empresarios-para-debater-tarifas-dos-eua","status":"publish","type":"post","link":"https:\/\/redept.com.br\/blogosfera\/governo-ja-reuniu-mais-de-120-empresarios-para-debater-tarifas-dos-eua\/","title":{"rendered":"Governo j\u00e1 reuniu mais de 120 empres\u00e1rios para debater tarifas dos EUA"},"content":{"rendered":"<p><img loading=\"lazy\" width=\"1024\" height=\"683\"src=\"https:\/\/redept.org\/blogosfera\/wp-content\/uploads\/2025\/07\/54659537344_40d951a7af_k.jpg\" alt=\"\" decoding=\"async\" loading=\"lazy\" srcset=\"https:\/\/vermelho.org.br\/wp-content\/uploads\/2025\/07\/54659537344_40d951a7af_k-1024x683.jpg 1024w, https:\/\/vermelho.org.br\/wp-content\/uploads\/2025\/07\/54659537344_40d951a7af_k-300x200.jpg 300w, https:\/\/vermelho.org.br\/wp-content\/uploads\/2025\/07\/54659537344_40d951a7af_k-768x512.jpg 768w, https:\/\/vermelho.org.br\/wp-content\/uploads\/2025\/07\/54659537344_40d951a7af_k-1536x1024.jpg 1536w, https:\/\/vermelho.org.br\/wp-content\/uploads\/2025\/07\/54659537344_40d951a7af_k-272x182.jpg 272w, https:\/\/redept.org\/blogosfera\/wp-content\/uploads\/2025\/07\/54659537344_40d951a7af_k.jpg 2048w\" sizes=\"auto, (max-width: 1024px) 100vw, 1024px\"><\/p>\n<p>A atua\u00e7\u00e3o do governo federal diante do an\u00fancio da tarifa de 50% para produtos exportados pelo Brasil tem sido reconhecida pela popula\u00e7\u00e3o. Al\u00e9m de refor\u00e7ar a <a href=\"https:\/\/vermelho.org.br\/2025\/07\/23\/carta-em-defesa-da-soberania-nacional-prega-uniao-contra-coacao-externa\/\">defesa da soberania nacional<\/a>, o presidente Lula instituiu o Comit\u00ea Interministerial de Negocia\u00e7\u00e3o e Contramedidas Econ\u00f4micas e Comerciais como forma de reunir lideran\u00e7as empresariais, sindicais e de associa\u00e7\u00f5es para alinhar a rea\u00e7\u00e3o do pa\u00eds caso a medida unilateral adotada pelo presidente dos Estados Unidos, Donald Trump, seja mantida.<\/p>\n<p>Esse esfor\u00e7o brasileiro para debater o tarifa\u00e7o se evidencia no n\u00famero de encontros que o vice-presidente e ministro do Desenvolvimento, Ind\u00fastria, Com\u00e9rcio e Servi\u00e7os, Geraldo Alckmin, j\u00e1 teve. De acordo com o <em>Estad\u00e3o<\/em>, Alckmin, que est\u00e1 \u00e0 frente do Comit\u00ea de Negocia\u00e7\u00e3o, esteve com mais de 120 lideran\u00e7as em 12 reuni\u00f5es oficiais realizadas em quatro dias.<\/p>\n<p>\u00a0O primeiro desses encontros foi com <a href=\"https:\/\/vermelho.org.br\/2025\/07\/16\/brasil-tenta-acordo-com-os-eua-ate-o-prazo-final-para-tarifa\/\">lideran\u00e7as industriais e do agroneg\u00f3cio no \u00faltimo dia 16<\/a>. Desde ent\u00e3o, os encontros com grandes companhias para coordenar as a\u00e7\u00f5es e obter dados sobre o impacto do \u2018tarifa\u00e7o\u2019 aumentaram.<\/p>\n<p><strong>Leia tamb\u00e9m:<\/strong> <a href=\"https:\/\/vermelho.org.br\/2025\/07\/22\/alckmin-recebe-elogio-das-big-techs-pelo-sucesso-do-pix-para-todos\/\">Em reuni\u00e3o com Alckmin, big techs defendem Pix \u201cpara todos\u201d<\/a><\/p>\n<p>Empresas brasileiras como a Embraer (aeroespacial e defesa), Suzano (papel e celulose), JBS (processamento de carnes), Citrosuco (sucos e derivados) e WEG (eletroeletr\u00f4nicos e automa\u00e7\u00e3o industrial) s\u00e3o algumas, citadas pela reportagem que enviaram representantes para os encontros com o Comit\u00ea. Mas n\u00e3o apenas companhias nacionais estiveram nestas reuni\u00f5es. Empresas norte-americanas tamb\u00e9m foram recebidas: Visa, Apple, Google, Meta, Coca-Cola, Amazon e General Motors.<\/p>\n<p>Entre as institui\u00e7\u00f5es presentes estavam a CNI (Confedera\u00e7\u00e3o Nacional da Ind\u00fastria), a Fiesp (Federa\u00e7\u00e3o das Ind\u00fastrias do Estado de S\u00e3o Paulo), a ApexBrasil (Ag\u00eancia Brasileira de Promo\u00e7\u00e3o de Exporta\u00e7\u00f5es e Investimentos), entre outras.<\/p>\n<p>Alckmin ainda recebeu de sindicalistas o documento unit\u00e1rio <a href=\"https:\/\/vermelho.org.br\/2025\/07\/16\/empresarios-e-trabalhadores-apoiam-atuacao-do-governo-lula-contra-tarifaco\/\">\u201cPropostas das Centrais Sindicais diante da Guerra Comercial: Soberania, Emprego e Desenvolvimento<\/a>\u201d.<\/p>\n<p>Enquanto o governo colhe os apontamentos dos setores produtivos, a frente diplom\u00e1tica continua a trabalhar por uma negocia\u00e7\u00e3o e a <a href=\"https:\/\/vermelho.org.br\/2025\/07\/21\/governo-prepara-plano-de-contingencia-contra-tarifaco-de-trump-diz-haddad\/\">Fazenda prepara um plano de conting\u00eancia<\/a> aos setores prejudicados que poder\u00e1 ser viabilizado por meio de cr\u00e9dito especial.<\/p>\n<p>O post <a href=\"https:\/\/vermelho.org.br\/2025\/07\/23\/governo-ja-reuniu-mais-de-120-empresarios-para-debater-tarifas-dos-eua\/\">Governo j\u00e1 reuniu mais de 120 empres\u00e1rios para debater tarifas dos EUA<\/a> apareceu primeiro em <a href=\"https:\/\/vermelho.org.br\/\">Vermelho<\/a>.<\/p>\n<!-- Begin Yuzo --><div class='yuzo_related_post style-1'  data-version='5.12.89'><!-- without result --><div class='yuzo_clearfixed yuzo__title yuzo__title'><h3>Related Post<\/h3><\/div>\n\t\t\t\t\t\t  <div class=\"relatedthumb \" style=\"width:125px;float:left;overflow:hidden;\">  \n\t\t\t\t\t\t\t  \n\t\t\t\t\t\t\t  <a  href=\"https:\/\/redept.com.br\/blogosfera\/brasil-precisa-encarar-relacao-racial-que-a-violencia-de-genero-carrega-defendem-militantes-feministas\/\"  >\n\t\t\t\t\t\t\t\t\t  <div class=\"yuzo-img-wrap \" style=\"width: 125px;height:90px;\">\n\t\t\t\t\t\t\t\t\t\t\n\t\t\t\t\t\t\t\t\t\t<div class=\"yuzo-img\" style=\"background:url('https:\/\/redept.org\/blogosfera\/wp-content\/plugins\/yuzo-related-post\/assets\/images\/default.png') 50% 50% no-repeat;width: 125px;height:90px;margin-bottom: 5px;background-size: cover; \"><\/div>\n\t\t\t\t\t\t\t\t\t  <\/div>\n\t\t\t\t\t\t\t\t\t  \n\t\t\t\t\t\t\t\t   <span class=\"yuzo__text--title\" style=\"font-size:13px;\">Brasil precisa encarar rela\u00e7\u00e3o racial que a viol\u00ean...<\/span>\n\t\t\t\t\t\t\t  \n\t\t\t\t\t\t\t  \n\t\t\t\t\t\t\t  <\/a>\n\n\t\t\t\t\t\t  <\/div>\n\t\t\t\t\t\t  <div class=\"relatedthumb \" style=\"width:125px;float:left;overflow:hidden;\">  \n\t\t\t\t\t\t\t  \n\t\t\t\t\t\t\t  <a  href=\"https:\/\/redept.com.br\/blogosfera\/bolsa-sobe-mais-de-3-e-encosta-nos-172-mil-pontos-com-recuos-de-trump\/\"  >\n\t\t\t\t\t\t\t\t\t  <div class=\"yuzo-img-wrap \" style=\"width: 125px;height:90px;\">\n\t\t\t\t\t\t\t\t\t\t\n\t\t\t\t\t\t\t\t\t\t<div class=\"yuzo-img\" style=\"background:url('https:\/\/redept.org\/blogosfera\/wp-content\/plugins\/yuzo-related-post\/assets\/images\/default.png') 50% 50% no-repeat;width: 125px;height:90px;margin-bottom: 5px;background-size: cover; \"><\/div>\n\t\t\t\t\t\t\t\t\t  <\/div>\n\t\t\t\t\t\t\t\t\t  \n\t\t\t\t\t\t\t\t   <span class=\"yuzo__text--title\" style=\"font-size:13px;\">Bolsa sobe mais de 3% e encosta nos 172 mil pontos...<\/span>\n\t\t\t\t\t\t\t  \n\t\t\t\t\t\t\t  \n\t\t\t\t\t\t\t  <\/a>\n\n\t\t\t\t\t\t  <\/div>\n\t\t\t\t\t\t  <div class=\"relatedthumb \" style=\"width:125px;float:left;overflow:hidden;\">  \n\t\t\t\t\t\t\t  \n\t\t\t\t\t\t\t  <a  href=\"https:\/\/redept.com.br\/blogosfera\/mst-e-lula-retomam-dialogo-durante-semana-camponesa-5-mil-familias-aguardam-regularizacao-em-mg\/\"  >\n\t\t\t\t\t\t\t\t\t  <div class=\"yuzo-img-wrap \" style=\"width: 125px;height:90px;\">\n\t\t\t\t\t\t\t\t\t\t\n\t\t\t\t\t\t\t\t\t\t<div class=\"yuzo-img\" style=\"background:url('https:\/\/redept.org\/blogosfera\/wp-content\/plugins\/yuzo-related-post\/assets\/images\/default.png') 50% 50% no-repeat;width: 125px;height:90px;margin-bottom: 5px;background-size: cover; \"><\/div>\n\t\t\t\t\t\t\t\t\t  <\/div>\n\t\t\t\t\t\t\t\t\t  \n\t\t\t\t\t\t\t\t   <span class=\"yuzo__text--title\" style=\"font-size:13px;\">MST e Lula retomam di\u00e1logo durante Semana Campones...<\/span>\n\t\t\t\t\t\t\t  \n\t\t\t\t\t\t\t  \n\t\t\t\t\t\t\t  <\/a>\n\n\t\t\t\t\t\t  <\/div>\n\t\t\t\t\t\t  <div class=\"relatedthumb \" style=\"width:125px;float:left;overflow:hidden;\">  \n\t\t\t\t\t\t\t  \n\t\t\t\t\t\t\t  <a  href=\"https:\/\/redept.com.br\/blogosfera\/ministerio-da-justica-determina-que-policia-federal-investigue-ataque-a-assentamento-do-mst\/\"  >\n\t\t\t\t\t\t\t\t\t  <div class=\"yuzo-img-wrap \" style=\"width: 125px;height:90px;\">\n\t\t\t\t\t\t\t\t\t\t\n\t\t\t\t\t\t\t\t\t\t<div class=\"yuzo-img\" style=\"background:url('https:\/\/redept.com.br\/blogosfera\/wp-content\/uploads\/2025\/01\/Jose-Cruz_Agencia-Brasil-1024x680-1-150x150.jpg') 50% 50% no-repeat;width: 125px;height:90px;margin-bottom: 5px;background-size: cover; \"><\/div>\n\t\t\t\t\t\t\t\t\t  <\/div>\n\t\t\t\t\t\t\t\t\t  \n\t\t\t\t\t\t\t\t   <span class=\"yuzo__text--title\" style=\"font-size:13px;\">Minist\u00e9rio da Justi\u00e7a determina que Pol\u00edcia Federa...<\/span>\n\t\t\t\t\t\t\t  \n\t\t\t\t\t\t\t  \n\t\t\t\t\t\t\t  <\/a>\n\n\t\t\t\t\t\t  <\/div>\n<\/div> <script>\n\t\t\t\t\t\t  jQuery(document).ready(function( $ ){\n\t\t\t\t\t\t\t\/\/jQuery('.yuzo_related_post').equalizer({ overflow : 'relatedthumb' });\n\t\t\t\t\t\t\tjQuery('.yuzo_related_post .yuzo_wraps').equalizer({ columns : '> div' });\n\t\t\t\t\t\t   })\n\t\t\t\t\t\t  <\/script> <!-- End Yuzo :) -->","protected":false},"excerpt":{"rendered":"<p>A atua\u00e7\u00e3o do governo federal diante do an\u00fancio da tarifa de 50% para produtos exportados pelo Brasil tem sido reconhecida pela popula\u00e7\u00e3o. Al\u00e9m de refor\u00e7ar a defesa da soberania nacional, o presidente Lula instituiu o Comit\u00ea Interministerial de Negocia\u00e7\u00e3o e Contramedidas Econ\u00f4micas e Comerciais como forma de reunir lideran\u00e7as empresariais, sindicais e de associa\u00e7\u00f5es para [&hellip;]<\/p>\n","protected":false},"author":2,"featured_media":0,"comment_status":"open","ping_status":"closed","sticky":false,"template":"","format":"standard","meta":{"fifu_image_url":"","fifu_image_alt":"","footnotes":""},"categories":[2141,10357,1023,221,9,586,17,9728,1048,3641,4160],"tags":[],"class_list":["post-39810","post","type-post","status-publish","format-standard","hentry","category-alckmin","category-comite-interministerial-de-negociacao-e-contramedidas-economicas-e-comerciais","category-donald-trump","category-economia","category-eua","category-geraldo-alckmin","category-governo-lula","category-setor-produtivo","category-soberania","category-tarifaco","category-tarifas-comerciais"],"_links":{"self":[{"href":"https:\/\/redept.com.br\/blogosfera\/wp-json\/wp\/v2\/posts\/39810","targetHints":{"allow":["GET"]}}],"collection":[{"href":"https:\/\/redept.com.br\/blogosfera\/wp-json\/wp\/v2\/posts"}],"about":[{"href":"https:\/\/redept.com.br\/blogosfera\/wp-json\/wp\/v2\/types\/post"}],"author":[{"embeddable":true,"href":"https:\/\/redept.com.br\/blogosfera\/wp-json\/wp\/v2\/users\/2"}],"replies":[{"embeddable":true,"href":"https:\/\/redept.com.br\/blogosfera\/wp-json\/wp\/v2\/comments?post=39810"}],"version-history":[{"count":0,"href":"https:\/\/redept.com.br\/blogosfera\/wp-json\/wp\/v2\/posts\/39810\/revisions"}],"wp:attachment":[{"href":"https:\/\/redept.com.br\/blogosfera\/wp-json\/wp\/v2\/media?parent=39810"}],"wp:term":[{"taxonomy":"category","embeddable":true,"href":"https:\/\/redept.com.br\/blogosfera\/wp-json\/wp\/v2\/categories?post=39810"},{"taxonomy":"post_tag","embeddable":true,"href":"https:\/\/redept.com.br\/blogosfera\/wp-json\/wp\/v2\/tags?post=39810"}],"curies":[{"name":"wp","href":"https:\/\/api.w.org\/{rel}","templated":true}]}}